{"id":74946,"date":"2021-10-30T14:19:49","date_gmt":"2021-10-30T19:19:49","guid":{"rendered":"https:\/\/reporteroshoy.mx\/noticias\/?p=74946"},"modified":"2021-10-30T14:19:49","modified_gmt":"2021-10-30T19:19:49","slug":"ataque-de-abejas-en-el-cementerio-general-de-merida","status":"publish","type":"post","link":"https:\/\/reporteroshoy.mx\/noticias\/ataque-de-abejas-en-el-cementerio-general-de-merida\/","title":{"rendered":"Ataque de abejas en el cementerio general de M\u00e9rida"},"content":{"rendered":"<p style=\"text-align: justify;\">M\u00e9rida, Yucat\u00e1n, 30 de octubre de 2021 (ACOM). &#8211; Varias personas resultaron con picaduras, tras el ataque de un enjambre de abejas que se encontraba en el Cementerio General.<\/p>\n<p style=\"text-align: justify;\">Seg\u00fan, se averigu\u00f3 un agrupo de visitantes se encontraba cerca de un osario, ubicado en el sector sur del camposanto -detr\u00e1s del mausoleo de los socialistas- cuando los insectos iniciaron el ataque.<\/p>\n<p><img loading=\"lazy\" decoding=\"async\" class=\"alignnone size-full wp-image-74945\" src=\"https:\/\/reporteroshoy.mx\/noticias\/wp-content\/uploads\/2021\/10\/CEMENTERIO_ATAQUE_ABEJAS-2.jpg\" alt=\"\" width=\"768\" height=\"384\" \/><\/p>\n<p style=\"text-align: justify;\">Sin embargo, los afectados se\u00f1alaron que todo inici\u00f3 luego de que unas personas bajaran flores de un \u00e1rbol. Al sentir la presencia de las abejas, intentaron huir, pero fueron picados.<\/p>\n<p style=\"text-align: justify;\">Al sitio arribaron elementos de la Polic\u00eda Municipal, estatal y param\u00e9dicos quienes apoyaron a los lesionados, quienes estaban bastante alterados por las picaduras de las abejas.<\/p>\n<p><img loading=\"lazy\" decoding=\"async\" class=\"alignnone size-full wp-image-74943\" src=\"https:\/\/reporteroshoy.mx\/noticias\/wp-content\/uploads\/2021\/10\/CEMENTERIO_ATAQUE_ABEJAS-4.jpg\" alt=\"\" width=\"768\" height=\"472\" srcset=\"https:\/\/reporteroshoy.mx\/noticias\/wp-content\/uploads\/2021\/10\/CEMENTERIO_ATAQUE_ABEJAS-4.jpg 768w, https:\/\/reporteroshoy.mx\/noticias\/wp-content\/uploads\/2021\/10\/CEMENTERIO_ATAQUE_ABEJAS-4-356x220.jpg 356w\" sizes=\"auto, (max-width: 768px) 100vw, 768px\" \/><\/p>\n<p style=\"text-align: justify;\">Seg\u00fan se averigu\u00f3, unas 5 personas resultaron afectadas por las abejas, aunque ninguna requiri\u00f3 traslado a alg\u00fan hospital.<\/p>\n<p style=\"text-align: justify;\">Posterior al ataque, bomberos de la Secretar\u00eda de Seguridad P\u00fablica entraron al sitio para clausurar el panal de las abejas y as\u00ed evitar mayores ataques.<\/p>\n<p style=\"text-align: justify;\">Funcionarios municipales informaron que los \u00faltimos d\u00edas se efectu\u00f3 una revisi\u00f3n de las \u00e1reas del cementerio, justamente para ubicar panales, por lo que se presume que este en particular tendr\u00eda pocos d\u00edas de haberse conformado.<\/p>\n","protected":false},"excerpt":{"rendered":"<p>Detr\u00e1s del mausoleo de los socialistas picaron a, por lo menos, cinco personas que fueron atendidas por param\u00e9dicos. <\/p>\n","protected":false},"author":5,"featured_media":74945,"comment_status":"open","ping_status":"closed","sticky":false,"template":"","format":"standard","meta":{"footnotes":""},"categories":[17],"tags":[10908,7465],"class_list":["post-74946","post","type-post","status-publish","format-standard","has-post-thumbnail","hentry","category-yucatan","tag-ataque-de-abejas","tag-cementerio-general"],"yoast_head":"<!-- This site is optimized with the Yoast SEO plugin v28.3 - https:\/\/yoast.com\/product\/yoast-seo-wordpress\/ -->\n<title>Ataque de abejas en el cementerio general de M\u00e9rida<\/title>\n<meta name=\"description\" content=\"Detr\u00e1s del mausoleo de los socialistas picaron a, por lo menos, cinco personas que fueron atendidas por param\u00e9dicos.\" \/>\n<meta name=\"robots\" content=\"index, follow, max-snippet:-1, max-image-preview:large, max-video-preview:-1\" \/>\n<link rel=\"canonical\" href=\"https:\/\/reporteroshoy.mx\/noticias\/ataque-de-abejas-en-el-cementerio-general-de-merida\/\" \/>\n<meta property=\"og:locale\" content=\"es_ES\" \/>\n<meta property=\"og:type\" content=\"article\" \/>\n<meta property=\"og:title\" content=\"Ataque de abejas en el cementerio general de M\u00e9rida\" \/>\n<meta property=\"og:description\" content=\"Detr\u00e1s del mausoleo de los socialistas picaron a, por lo menos, cinco personas que fueron atendidas por param\u00e9dicos.\" \/>\n<meta property=\"og:url\" content=\"https:\/\/reporteroshoy.mx\/noticias\/ataque-de-abejas-en-el-cementerio-general-de-merida\/\" \/>\n<meta property=\"og:site_name\" content=\"Reporteros Hoy | Noticias de Yucat\u00e1n\" \/>\n<meta property=\"article:publisher\" content=\"http:\/\/www.facebook.com\/reporteroshoymx\" \/>\n<meta property=\"article:published_time\" content=\"2021-10-30T19:19:49+00:00\" \/>\n<meta property=\"og:image\" content=\"https:\/\/reporteroshoy.mx\/noticias\/wp-content\/uploads\/2021\/10\/CEMENTERIO_ATAQUE_ABEJAS-2.jpg\" \/>\n\t<meta property=\"og:image:width\" content=\"768\" \/>\n\t<meta property=\"og:image:height\" content=\"384\" \/>\n\t<meta property=\"og:image:type\" content=\"image\/jpeg\" \/>\n<meta name=\"author\" content=\"Reporteros Hoy IM\" \/>\n<meta name=\"twitter:card\" content=\"summary_large_image\" \/>\n<meta name=\"twitter:creator\" content=\"@reporteroshoy\" \/>\n<meta name=\"twitter:site\" content=\"@reporteroshoy\" \/>\n<meta name=\"twitter:label1\" content=\"Escrito por\" \/>\n\t<meta name=\"twitter:data1\" content=\"Reporteros Hoy IM\" \/>\n\t<meta name=\"twitter:label2\" content=\"Tiempo de lectura\" \/>\n\t<meta name=\"twitter:data2\" content=\"2 minutos\" \/>\n<script type=\"application\/ld+json\" class=\"yoast-schema-graph\">{\"@context\":\"https:\\\/\\\/schema.org\",\"@graph\":[{\"@type\":\"Article\",\"@id\":\"https:\\\/\\\/reporteroshoy.mx\\\/noticias\\\/ataque-de-abejas-en-el-cementerio-general-de-merida\\\/#article\",\"isPartOf\":{\"@id\":\"https:\\\/\\\/reporteroshoy.mx\\\/noticias\\\/ataque-de-abejas-en-el-cementerio-general-de-merida\\\/\"},\"author\":{\"name\":\"Reporteros Hoy IM\",\"@id\":\"https:\\\/\\\/reporteroshoy.mx\\\/noticias\\\/#\\\/schema\\\/person\\\/948520f0d88b01be2e5266bc4acbbc15\"},\"headline\":\"Ataque de abejas en el cementerio general de M\u00e9rida\",\"datePublished\":\"2021-10-30T19:19:49+00:00\",\"mainEntityOfPage\":{\"@id\":\"https:\\\/\\\/reporteroshoy.mx\\\/noticias\\\/ataque-de-abejas-en-el-cementerio-general-de-merida\\\/\"},\"wordCount\":217,\"commentCount\":0,\"image\":{\"@id\":\"https:\\\/\\\/reporteroshoy.mx\\\/noticias\\\/ataque-de-abejas-en-el-cementerio-general-de-merida\\\/#primaryimage\"},\"thumbnailUrl\":\"https:\\\/\\\/reporteroshoy.mx\\\/noticias\\\/wp-content\\\/uploads\\\/2021\\\/10\\\/CEMENTERIO_ATAQUE_ABEJAS-2.jpg\",\"keywords\":[\"ataque de abejas\",\"Cementerio General\"],\"articleSection\":[\"Yucat\u00e1n\"],\"inLanguage\":\"es\",\"potentialAction\":[{\"@type\":\"CommentAction\",\"name\":\"Comment\",\"target\":[\"https:\\\/\\\/reporteroshoy.mx\\\/noticias\\\/ataque-de-abejas-en-el-cementerio-general-de-merida\\\/#respond\"]}]},{\"@type\":\"WebPage\",\"@id\":\"https:\\\/\\\/reporteroshoy.mx\\\/noticias\\\/ataque-de-abejas-en-el-cementerio-general-de-merida\\\/\",\"url\":\"https:\\\/\\\/reporteroshoy.mx\\\/noticias\\\/ataque-de-abejas-en-el-cementerio-general-de-merida\\\/\",\"name\":\"Ataque de abejas en el cementerio general de M\u00e9rida\",\"isPartOf\":{\"@id\":\"https:\\\/\\\/reporteroshoy.mx\\\/noticias\\\/#website\"},\"primaryImageOfPage\":{\"@id\":\"https:\\\/\\\/reporteroshoy.mx\\\/noticias\\\/ataque-de-abejas-en-el-cementerio-general-de-merida\\\/#primaryimage\"},\"image\":{\"@id\":\"https:\\\/\\\/reporteroshoy.mx\\\/noticias\\\/ataque-de-abejas-en-el-cementerio-general-de-merida\\\/#primaryimage\"},\"thumbnailUrl\":\"https:\\\/\\\/reporteroshoy.mx\\\/noticias\\\/wp-content\\\/uploads\\\/2021\\\/10\\\/CEMENTERIO_ATAQUE_ABEJAS-2.jpg\",\"datePublished\":\"2021-10-30T19:19:49+00:00\",\"author\":{\"@id\":\"https:\\\/\\\/reporteroshoy.mx\\\/noticias\\\/#\\\/schema\\\/person\\\/948520f0d88b01be2e5266bc4acbbc15\"},\"description\":\"Detr\u00e1s del mausoleo de los socialistas picaron a, por lo menos, cinco personas que fueron atendidas por param\u00e9dicos.\",\"breadcrumb\":{\"@id\":\"https:\\\/\\\/reporteroshoy.mx\\\/noticias\\\/ataque-de-abejas-en-el-cementerio-general-de-merida\\\/#breadcrumb\"},\"inLanguage\":\"es\",\"potentialAction\":[{\"@type\":\"ReadAction\",\"target\":[\"https:\\\/\\\/reporteroshoy.mx\\\/noticias\\\/ataque-de-abejas-en-el-cementerio-general-de-merida\\\/\"]}]},{\"@type\":\"ImageObject\",\"inLanguage\":\"es\",\"@id\":\"https:\\\/\\\/reporteroshoy.mx\\\/noticias\\\/ataque-de-abejas-en-el-cementerio-general-de-merida\\\/#primaryimage\",\"url\":\"https:\\\/\\\/reporteroshoy.mx\\\/noticias\\\/wp-content\\\/uploads\\\/2021\\\/10\\\/CEMENTERIO_ATAQUE_ABEJAS-2.jpg\",\"contentUrl\":\"https:\\\/\\\/reporteroshoy.mx\\\/noticias\\\/wp-content\\\/uploads\\\/2021\\\/10\\\/CEMENTERIO_ATAQUE_ABEJAS-2.jpg\",\"width\":768,\"height\":384},{\"@type\":\"BreadcrumbList\",\"@id\":\"https:\\\/\\\/reporteroshoy.mx\\\/noticias\\\/ataque-de-abejas-en-el-cementerio-general-de-merida\\\/#breadcrumb\",\"itemListElement\":[{\"@type\":\"ListItem\",\"position\":1,\"name\":\"Portada\",\"item\":\"https:\\\/\\\/reporteroshoy.mx\\\/noticias\\\/\"},{\"@type\":\"ListItem\",\"position\":2,\"name\":\"Ataque de abejas en el cementerio general de M\u00e9rida\"}]},{\"@type\":\"WebSite\",\"@id\":\"https:\\\/\\\/reporteroshoy.mx\\\/noticias\\\/#website\",\"url\":\"https:\\\/\\\/reporteroshoy.mx\\\/noticias\\\/\",\"name\":\"Reporteros Hoy | Noticias de Yucat\u00e1n\",\"description\":\"Peri\u00f3dico digital con noticias diarias desde M\u00e9rida, Yucat\u00e1n para el mundo.\",\"potentialAction\":[{\"@type\":\"SearchAction\",\"target\":{\"@type\":\"EntryPoint\",\"urlTemplate\":\"https:\\\/\\\/reporteroshoy.mx\\\/noticias\\\/?s={search_term_string}\"},\"query-input\":{\"@type\":\"PropertyValueSpecification\",\"valueRequired\":true,\"valueName\":\"search_term_string\"}}],\"inLanguage\":\"es\"},{\"@type\":\"Person\",\"@id\":\"https:\\\/\\\/reporteroshoy.mx\\\/noticias\\\/#\\\/schema\\\/person\\\/948520f0d88b01be2e5266bc4acbbc15\",\"name\":\"Reporteros Hoy IM\",\"image\":{\"@type\":\"ImageObject\",\"inLanguage\":\"es\",\"@id\":\"https:\\\/\\\/secure.gravatar.com\\\/avatar\\\/d843030b96552826ac048bdfe26f2895604b800ed0c880ee55765a74d95dfc65?s=96&d=mm&r=g\",\"url\":\"https:\\\/\\\/secure.gravatar.com\\\/avatar\\\/d843030b96552826ac048bdfe26f2895604b800ed0c880ee55765a74d95dfc65?s=96&d=mm&r=g\",\"contentUrl\":\"https:\\\/\\\/secure.gravatar.com\\\/avatar\\\/d843030b96552826ac048bdfe26f2895604b800ed0c880ee55765a74d95dfc65?s=96&d=mm&r=g\",\"caption\":\"Reporteros Hoy IM\"},\"url\":\"https:\\\/\\\/reporteroshoy.mx\\\/noticias\\\/author\\\/israel\\\/\"}]}<\/script>\n<!-- \/ Yoast SEO plugin. -->","yoast_head_json":{"title":"Ataque de abejas en el cementerio general de M\u00e9rida","description":"Detr\u00e1s del mausoleo de los socialistas picaron a, por lo menos, cinco personas que fueron atendidas por param\u00e9dicos.","robots":{"index":"index","follow":"follow","max-snippet":"max-snippet:-1","max-image-preview":"max-image-preview:large","max-video-preview":"max-video-preview:-1"},"canonical":"https:\/\/reporteroshoy.mx\/noticias\/ataque-de-abejas-en-el-cementerio-general-de-merida\/","og_locale":"es_ES","og_type":"article","og_title":"Ataque de abejas en el cementerio general de M\u00e9rida","og_description":"Detr\u00e1s del mausoleo de los socialistas picaron a, por lo menos, cinco personas que fueron atendidas por param\u00e9dicos.","og_url":"https:\/\/reporteroshoy.mx\/noticias\/ataque-de-abejas-en-el-cementerio-general-de-merida\/","og_site_name":"Reporteros Hoy | Noticias de Yucat\u00e1n","article_publisher":"http:\/\/www.facebook.com\/reporteroshoymx","article_published_time":"2021-10-30T19:19:49+00:00","og_image":[{"width":768,"height":384,"url":"https:\/\/reporteroshoy.mx\/noticias\/wp-content\/uploads\/2021\/10\/CEMENTERIO_ATAQUE_ABEJAS-2.jpg","type":"image\/jpeg"}],"author":"Reporteros Hoy IM","twitter_card":"summary_large_image","twitter_creator":"@reporteroshoy","twitter_site":"@reporteroshoy","twitter_misc":{"Escrito por":"Reporteros Hoy IM","Tiempo de lectura":"2 minutos"},"schema":{"@context":"https:\/\/schema.org","@graph":[{"@type":"Article","@id":"https:\/\/reporteroshoy.mx\/noticias\/ataque-de-abejas-en-el-cementerio-general-de-merida\/#article","isPartOf":{"@id":"https:\/\/reporteroshoy.mx\/noticias\/ataque-de-abejas-en-el-cementerio-general-de-merida\/"},"author":{"name":"Reporteros Hoy IM","@id":"https:\/\/reporteroshoy.mx\/noticias\/#\/schema\/person\/948520f0d88b01be2e5266bc4acbbc15"},"headline":"Ataque de abejas en el cementerio general de M\u00e9rida","datePublished":"2021-10-30T19:19:49+00:00","mainEntityOfPage":{"@id":"https:\/\/reporteroshoy.mx\/noticias\/ataque-de-abejas-en-el-cementerio-general-de-merida\/"},"wordCount":217,"commentCount":0,"image":{"@id":"https:\/\/reporteroshoy.mx\/noticias\/ataque-de-abejas-en-el-cementerio-general-de-merida\/#primaryimage"},"thumbnailUrl":"https:\/\/reporteroshoy.mx\/noticias\/wp-content\/uploads\/2021\/10\/CEMENTERIO_ATAQUE_ABEJAS-2.jpg","keywords":["ataque de abejas","Cementerio General"],"articleSection":["Yucat\u00e1n"],"inLanguage":"es","potentialAction":[{"@type":"CommentAction","name":"Comment","target":["https:\/\/reporteroshoy.mx\/noticias\/ataque-de-abejas-en-el-cementerio-general-de-merida\/#respond"]}]},{"@type":"WebPage","@id":"https:\/\/reporteroshoy.mx\/noticias\/ataque-de-abejas-en-el-cementerio-general-de-merida\/","url":"https:\/\/reporteroshoy.mx\/noticias\/ataque-de-abejas-en-el-cementerio-general-de-merida\/","name":"Ataque de abejas en el cementerio general de M\u00e9rida","isPartOf":{"@id":"https:\/\/reporteroshoy.mx\/noticias\/#website"},"primaryImageOfPage":{"@id":"https:\/\/reporteroshoy.mx\/noticias\/ataque-de-abejas-en-el-cementerio-general-de-merida\/#primaryimage"},"image":{"@id":"https:\/\/reporteroshoy.mx\/noticias\/ataque-de-abejas-en-el-cementerio-general-de-merida\/#primaryimage"},"thumbnailUrl":"https:\/\/reporteroshoy.mx\/noticias\/wp-content\/uploads\/2021\/10\/CEMENTERIO_ATAQUE_ABEJAS-2.jpg","datePublished":"2021-10-30T19:19:49+00:00","author":{"@id":"https:\/\/reporteroshoy.mx\/noticias\/#\/schema\/person\/948520f0d88b01be2e5266bc4acbbc15"},"description":"Detr\u00e1s del mausoleo de los socialistas picaron a, por lo menos, cinco personas que fueron atendidas por param\u00e9dicos.","breadcrumb":{"@id":"https:\/\/reporteroshoy.mx\/noticias\/ataque-de-abejas-en-el-cementerio-general-de-merida\/#breadcrumb"},"inLanguage":"es","potentialAction":[{"@type":"ReadAction","target":["https:\/\/reporteroshoy.mx\/noticias\/ataque-de-abejas-en-el-cementerio-general-de-merida\/"]}]},{"@type":"ImageObject","inLanguage":"es","@id":"https:\/\/reporteroshoy.mx\/noticias\/ataque-de-abejas-en-el-cementerio-general-de-merida\/#primaryimage","url":"https:\/\/reporteroshoy.mx\/noticias\/wp-content\/uploads\/2021\/10\/CEMENTERIO_ATAQUE_ABEJAS-2.jpg","contentUrl":"https:\/\/reporteroshoy.mx\/noticias\/wp-content\/uploads\/2021\/10\/CEMENTERIO_ATAQUE_ABEJAS-2.jpg","width":768,"height":384},{"@type":"BreadcrumbList","@id":"https:\/\/reporteroshoy.mx\/noticias\/ataque-de-abejas-en-el-cementerio-general-de-merida\/#breadcrumb","itemListElement":[{"@type":"ListItem","position":1,"name":"Portada","item":"https:\/\/reporteroshoy.mx\/noticias\/"},{"@type":"ListItem","position":2,"name":"Ataque de abejas en el cementerio general de M\u00e9rida"}]},{"@type":"WebSite","@id":"https:\/\/reporteroshoy.mx\/noticias\/#website","url":"https:\/\/reporteroshoy.mx\/noticias\/","name":"Reporteros Hoy | Noticias de Yucat\u00e1n","description":"Peri\u00f3dico digital con noticias diarias desde M\u00e9rida, Yucat\u00e1n para el mundo.","potentialAction":[{"@type":"SearchAction","target":{"@type":"EntryPoint","urlTemplate":"https:\/\/reporteroshoy.mx\/noticias\/?s={search_term_string}"},"query-input":{"@type":"PropertyValueSpecification","valueRequired":true,"valueName":"search_term_string"}}],"inLanguage":"es"},{"@type":"Person","@id":"https:\/\/reporteroshoy.mx\/noticias\/#\/schema\/person\/948520f0d88b01be2e5266bc4acbbc15","name":"Reporteros Hoy IM","image":{"@type":"ImageObject","inLanguage":"es","@id":"https:\/\/secure.gravatar.com\/avatar\/d843030b96552826ac048bdfe26f2895604b800ed0c880ee55765a74d95dfc65?s=96&d=mm&r=g","url":"https:\/\/secure.gravatar.com\/avatar\/d843030b96552826ac048bdfe26f2895604b800ed0c880ee55765a74d95dfc65?s=96&d=mm&r=g","contentUrl":"https:\/\/secure.gravatar.com\/avatar\/d843030b96552826ac048bdfe26f2895604b800ed0c880ee55765a74d95dfc65?s=96&d=mm&r=g","caption":"Reporteros Hoy IM"},"url":"https:\/\/reporteroshoy.mx\/noticias\/author\/israel\/"}]}},"_links":{"self":[{"href":"https:\/\/reporteroshoy.mx\/noticias\/wp-json\/wp\/v2\/posts\/74946","targetHints":{"allow":["GET"]}}],"collection":[{"href":"https:\/\/reporteroshoy.mx\/noticias\/wp-json\/wp\/v2\/posts"}],"about":[{"href":"https:\/\/reporteroshoy.mx\/noticias\/wp-json\/wp\/v2\/types\/post"}],"author":[{"embeddable":true,"href":"https:\/\/reporteroshoy.mx\/noticias\/wp-json\/wp\/v2\/users\/5"}],"replies":[{"embeddable":true,"href":"https:\/\/reporteroshoy.mx\/noticias\/wp-json\/wp\/v2\/comments?post=74946"}],"version-history":[{"count":0,"href":"https:\/\/reporteroshoy.mx\/noticias\/wp-json\/wp\/v2\/posts\/74946\/revisions"}],"wp:featuredmedia":[{"embeddable":true,"href":"https:\/\/reporteroshoy.mx\/noticias\/wp-json\/wp\/v2\/media\/74945"}],"wp:attachment":[{"href":"https:\/\/reporteroshoy.mx\/noticias\/wp-json\/wp\/v2\/media?parent=74946"}],"wp:term":[{"taxonomy":"category","embeddable":true,"href":"https:\/\/reporteroshoy.mx\/noticias\/wp-json\/wp\/v2\/categories?post=74946"},{"taxonomy":"post_tag","embeddable":true,"href":"https:\/\/reporteroshoy.mx\/noticias\/wp-json\/wp\/v2\/tags?post=74946"}],"curies":[{"name":"wp","href":"https:\/\/api.w.org\/{rel}","templated":true}]}}