{"id":74962,"date":"2021-10-30T16:45:44","date_gmt":"2021-10-30T21:45:44","guid":{"rendered":"https:\/\/reporteroshoy.mx\/noticias\/?p=74962"},"modified":"2021-10-30T16:49:35","modified_gmt":"2021-10-30T21:49:35","slug":"renan-echa-ojo-a-los-ultimos-trabajos-en-el-paso-deprimido","status":"publish","type":"post","link":"https:\/\/reporteroshoy.mx\/noticias\/renan-echa-ojo-a-los-ultimos-trabajos-en-el-paso-deprimido\/","title":{"rendered":"Ren\u00e1n echa ojo a los \u00faltimos trabajos en el paso deprimido"},"content":{"rendered":"<p style=\"text-align: justify;\"><span style=\"color: #000000;\">M\u00e9rida, Yucat\u00e1n; 30 de octubre de 2021.- El alcalde de Ren\u00e1n Barrera Concha recorri\u00f3 esta ma\u00f1ana el Paso a Desnivel ubicado en Prolongaci\u00f3n Paseo de Montejo y Circuito Colonias, y constat\u00f3 los avances que tiene la rehabilitaci\u00f3n de la zona.<\/span><\/p>\n<p style=\"text-align: justify;\"><span style=\"color: #000000;\">En la visita estuvo acompa\u00f1ado por representantes del Colegio de Ingenieros y el director de Obras P\u00fablicas, David Lor\u00eda Magdub, quienes explicaron los detalles y avances del proyecto que se encuentra en su fase final.<\/span><\/p>\n<p style=\"text-align: justify;\"><span style=\"color: #000000;\">Ante la pr\u00f3xima apertura de este distribuidor vial, el primer edil supervis\u00f3 los \u00faltimos detalles, entre ellos la rehabilitaci\u00f3n de la rampa norte y sur, el t\u00fanel y los mecanismos de captaci\u00f3n de agua pluvial.<\/span><\/p>\n<p style=\"text-align: justify;\"><img loading=\"lazy\" decoding=\"async\" class=\"wp-image-74963 aligncenter\" src=\"https:\/\/reporteroshoy.mx\/noticias\/wp-content\/uploads\/2021\/10\/Paso-a-desnivel-1-1-scaled.jpeg\" alt=\"\" width=\"650\" height=\"454\" \/> <span style=\"color: #000000;\">Asimismo, se revisaron los detalles de la colocaci\u00f3n de la infraestructura urbana como rejillas de drenaje, la iluminaci\u00f3n y se\u00f1al\u00e9tica en esa zona. Adem\u00e1s de los trabajos de reforestaci\u00f3n con plantas de ornato.<\/span><\/p>\n<p><img loading=\"lazy\" decoding=\"async\" class=\"wp-image-74964 aligncenter\" src=\"https:\/\/reporteroshoy.mx\/noticias\/wp-content\/uploads\/2021\/10\/Paso-a-desnivel-2-1-scaled.jpeg\" alt=\"\" width=\"601\" height=\"371\" srcset=\"https:\/\/reporteroshoy.mx\/noticias\/wp-content\/uploads\/2021\/10\/Paso-a-desnivel-2-1-scaled.jpeg 768w, https:\/\/reporteroshoy.mx\/noticias\/wp-content\/uploads\/2021\/10\/Paso-a-desnivel-2-1-356x220.jpeg 356w\" sizes=\"auto, (max-width: 601px) 100vw, 601px\" \/><\/p>\n<p style=\"text-align: justify;\"><span style=\"color: #000000;\">En la parte superior los trabajadores de la empresa Sacb\u00e9 explicaron al alcalde el reforzamiento que se hizo en el carril interior de la glorieta para evitar filtraciones.<\/span><\/p>\n<p style=\"text-align: justify;\"><span style=\"color: #000000;\">Cabe recordar que el proyecto de rescate del Distribuidor Vial tiene como propuesta aprobada, elevar 1.50 metros el nivel de los carriles inferiores, con lo cual se reduce su altura pasando de 5.16 a 3.66 metros interior, lo que restringe la circulaci\u00f3n de autobuses urbanos.<\/span><\/p>\n<p><img loading=\"lazy\" decoding=\"async\" class=\"wp-image-74965 aligncenter\" src=\"https:\/\/reporteroshoy.mx\/noticias\/wp-content\/uploads\/2021\/10\/Paso-a-desnivel-3-scaled.jpeg\" alt=\"\" width=\"626\" height=\"409\" \/><\/p>\n<p style=\"text-align: justify;\"><span style=\"color: #000000;\">Esta propuesta elaborada por especialistas del Colegio de Ingenieros Civiles de Yucat\u00e1n, cont\u00f3 con el apoyo de la Facultad de Ingenier\u00eda de la Universidad Aut\u00f3noma de Yucat\u00e1n (Uady), por lo que se hizo un estudio integral para elegir la mejor propuesta antes de iniciar su rehabilitaci\u00f3n.<\/span><\/p>\n<p style=\"text-align: justify;\"><span style=\"color: #000000;\">Finalmente, recorrieron los alrededores para explicar la estrategia de apertura de la vialidad, as\u00ed como las sugerencias emitidas por la Secretar\u00eda de Seguridad P\u00fablica para la zona.<\/span><\/p>\n","protected":false},"excerpt":{"rendered":"<p>El primer edil supervis\u00f3 los detalles de la infraestructura urbana como rejillas, luminarias y se\u00f1al\u00e9tica. Eso s\u00ed, a\u00fan no revelan cu\u00e1ndo ser\u00e1 reabierto a la circulaci\u00f3n.<\/p>\n","protected":false},"author":2,"featured_media":74964,"comment_status":"open","ping_status":"closed","sticky":false,"template":"","format":"standard","meta":{"footnotes":""},"categories":[7],"tags":[24,12250,16124,26],"class_list":["post-74962","post","type-post","status-publish","format-standard","has-post-thumbnail","hentry","category-gobierno","tag-ayuntamiento-de-merida","tag-paso-deprimido","tag-paso-deprimido-en-merida","tag-renan-barrera"],"yoast_head":"<!-- This site is optimized with the Yoast SEO plugin v28.3 - https:\/\/yoast.com\/product\/yoast-seo-wordpress\/ -->\n<title>Ren\u00e1n echa ojo a los \u00faltimos trabajos en el paso deprimido<\/title>\n<meta name=\"description\" content=\"El primer edil supervis\u00f3 los detalles de la infraestructura urbana como rejillas, luminarias y se\u00f1al\u00e9tica. Eso s\u00ed, a\u00fan no revelan cu\u00e1ndo ser\u00e1 reabierto a la circulaci\u00f3n.\" \/>\n<meta name=\"robots\" content=\"index, follow, max-snippet:-1, max-image-preview:large, max-video-preview:-1\" \/>\n<link rel=\"canonical\" href=\"https:\/\/reporteroshoy.mx\/noticias\/renan-echa-ojo-a-los-ultimos-trabajos-en-el-paso-deprimido\/\" \/>\n<meta property=\"og:locale\" content=\"es_ES\" \/>\n<meta property=\"og:type\" content=\"article\" \/>\n<meta property=\"og:title\" content=\"Ren\u00e1n echa ojo a los \u00faltimos trabajos en el paso deprimido\" \/>\n<meta property=\"og:description\" content=\"El primer edil supervis\u00f3 los detalles de la infraestructura urbana como rejillas, luminarias y se\u00f1al\u00e9tica. Eso s\u00ed, a\u00fan no revelan cu\u00e1ndo ser\u00e1 reabierto a la circulaci\u00f3n.\" \/>\n<meta property=\"og:url\" content=\"https:\/\/reporteroshoy.mx\/noticias\/renan-echa-ojo-a-los-ultimos-trabajos-en-el-paso-deprimido\/\" \/>\n<meta property=\"og:site_name\" content=\"Reporteros Hoy | Noticias de Yucat\u00e1n\" \/>\n<meta property=\"article:publisher\" content=\"http:\/\/www.facebook.com\/reporteroshoymx\" \/>\n<meta property=\"article:published_time\" content=\"2021-10-30T21:45:44+00:00\" \/>\n<meta property=\"article:modified_time\" content=\"2021-10-30T21:49:35+00:00\" \/>\n<meta property=\"og:image\" content=\"https:\/\/reporteroshoy.mx\/noticias\/wp-content\/uploads\/2021\/10\/Paso-a-desnivel-2-1-scaled.jpeg\" \/>\n\t<meta property=\"og:image:width\" content=\"768\" \/>\n\t<meta property=\"og:image:height\" content=\"475\" \/>\n\t<meta property=\"og:image:type\" content=\"image\/jpeg\" \/>\n<meta name=\"author\" content=\"Reporteros Hoy HY\" \/>\n<meta name=\"twitter:card\" content=\"summary_large_image\" \/>\n<meta name=\"twitter:creator\" content=\"@reporteroshoy\" \/>\n<meta name=\"twitter:site\" content=\"@reporteroshoy\" \/>\n<meta name=\"twitter:label1\" content=\"Escrito por\" \/>\n\t<meta name=\"twitter:data1\" content=\"Reporteros Hoy HY\" \/>\n\t<meta name=\"twitter:label2\" content=\"Tiempo de lectura\" \/>\n\t<meta name=\"twitter:data2\" content=\"2 minutos\" \/>\n<script type=\"application\/ld+json\" class=\"yoast-schema-graph\">{\"@context\":\"https:\\\/\\\/schema.org\",\"@graph\":[{\"@type\":\"Article\",\"@id\":\"https:\\\/\\\/reporteroshoy.mx\\\/noticias\\\/renan-echa-ojo-a-los-ultimos-trabajos-en-el-paso-deprimido\\\/#article\",\"isPartOf\":{\"@id\":\"https:\\\/\\\/reporteroshoy.mx\\\/noticias\\\/renan-echa-ojo-a-los-ultimos-trabajos-en-el-paso-deprimido\\\/\"},\"author\":{\"name\":\"Reporteros Hoy HY\",\"@id\":\"https:\\\/\\\/reporteroshoy.mx\\\/noticias\\\/#\\\/schema\\\/person\\\/d32189074678a9d41498d4248e29aac3\"},\"headline\":\"Ren\u00e1n echa ojo a los \u00faltimos trabajos en el paso deprimido\",\"datePublished\":\"2021-10-30T21:45:44+00:00\",\"dateModified\":\"2021-10-30T21:49:35+00:00\",\"mainEntityOfPage\":{\"@id\":\"https:\\\/\\\/reporteroshoy.mx\\\/noticias\\\/renan-echa-ojo-a-los-ultimos-trabajos-en-el-paso-deprimido\\\/\"},\"wordCount\":324,\"commentCount\":0,\"image\":{\"@id\":\"https:\\\/\\\/reporteroshoy.mx\\\/noticias\\\/renan-echa-ojo-a-los-ultimos-trabajos-en-el-paso-deprimido\\\/#primaryimage\"},\"thumbnailUrl\":\"https:\\\/\\\/reporteroshoy.mx\\\/noticias\\\/wp-content\\\/uploads\\\/2021\\\/10\\\/Paso-a-desnivel-2-1-scaled.jpeg\",\"keywords\":[\"ayuntamiento de merida\",\"paso deprimido\",\"paso deprimido en M\u00e9rida\",\"Renan Barrera\"],\"articleSection\":[\"Gobierno\"],\"inLanguage\":\"es\",\"potentialAction\":[{\"@type\":\"CommentAction\",\"name\":\"Comment\",\"target\":[\"https:\\\/\\\/reporteroshoy.mx\\\/noticias\\\/renan-echa-ojo-a-los-ultimos-trabajos-en-el-paso-deprimido\\\/#respond\"]}]},{\"@type\":\"WebPage\",\"@id\":\"https:\\\/\\\/reporteroshoy.mx\\\/noticias\\\/renan-echa-ojo-a-los-ultimos-trabajos-en-el-paso-deprimido\\\/\",\"url\":\"https:\\\/\\\/reporteroshoy.mx\\\/noticias\\\/renan-echa-ojo-a-los-ultimos-trabajos-en-el-paso-deprimido\\\/\",\"name\":\"Ren\u00e1n echa ojo a los \u00faltimos trabajos en el paso deprimido\",\"isPartOf\":{\"@id\":\"https:\\\/\\\/reporteroshoy.mx\\\/noticias\\\/#website\"},\"primaryImageOfPage\":{\"@id\":\"https:\\\/\\\/reporteroshoy.mx\\\/noticias\\\/renan-echa-ojo-a-los-ultimos-trabajos-en-el-paso-deprimido\\\/#primaryimage\"},\"image\":{\"@id\":\"https:\\\/\\\/reporteroshoy.mx\\\/noticias\\\/renan-echa-ojo-a-los-ultimos-trabajos-en-el-paso-deprimido\\\/#primaryimage\"},\"thumbnailUrl\":\"https:\\\/\\\/reporteroshoy.mx\\\/noticias\\\/wp-content\\\/uploads\\\/2021\\\/10\\\/Paso-a-desnivel-2-1-scaled.jpeg\",\"datePublished\":\"2021-10-30T21:45:44+00:00\",\"dateModified\":\"2021-10-30T21:49:35+00:00\",\"author\":{\"@id\":\"https:\\\/\\\/reporteroshoy.mx\\\/noticias\\\/#\\\/schema\\\/person\\\/d32189074678a9d41498d4248e29aac3\"},\"description\":\"El primer edil supervis\u00f3 los detalles de la infraestructura urbana como rejillas, luminarias y se\u00f1al\u00e9tica. Eso s\u00ed, a\u00fan no revelan cu\u00e1ndo ser\u00e1 reabierto a la circulaci\u00f3n.\",\"breadcrumb\":{\"@id\":\"https:\\\/\\\/reporteroshoy.mx\\\/noticias\\\/renan-echa-ojo-a-los-ultimos-trabajos-en-el-paso-deprimido\\\/#breadcrumb\"},\"inLanguage\":\"es\",\"potentialAction\":[{\"@type\":\"ReadAction\",\"target\":[\"https:\\\/\\\/reporteroshoy.mx\\\/noticias\\\/renan-echa-ojo-a-los-ultimos-trabajos-en-el-paso-deprimido\\\/\"]}]},{\"@type\":\"ImageObject\",\"inLanguage\":\"es\",\"@id\":\"https:\\\/\\\/reporteroshoy.mx\\\/noticias\\\/renan-echa-ojo-a-los-ultimos-trabajos-en-el-paso-deprimido\\\/#primaryimage\",\"url\":\"https:\\\/\\\/reporteroshoy.mx\\\/noticias\\\/wp-content\\\/uploads\\\/2021\\\/10\\\/Paso-a-desnivel-2-1-scaled.jpeg\",\"contentUrl\":\"https:\\\/\\\/reporteroshoy.mx\\\/noticias\\\/wp-content\\\/uploads\\\/2021\\\/10\\\/Paso-a-desnivel-2-1-scaled.jpeg\",\"width\":768,\"height\":475},{\"@type\":\"BreadcrumbList\",\"@id\":\"https:\\\/\\\/reporteroshoy.mx\\\/noticias\\\/renan-echa-ojo-a-los-ultimos-trabajos-en-el-paso-deprimido\\\/#breadcrumb\",\"itemListElement\":[{\"@type\":\"ListItem\",\"position\":1,\"name\":\"Portada\",\"item\":\"https:\\\/\\\/reporteroshoy.mx\\\/noticias\\\/\"},{\"@type\":\"ListItem\",\"position\":2,\"name\":\"Ren\u00e1n echa ojo a los \u00faltimos trabajos en el paso deprimido\"}]},{\"@type\":\"WebSite\",\"@id\":\"https:\\\/\\\/reporteroshoy.mx\\\/noticias\\\/#website\",\"url\":\"https:\\\/\\\/reporteroshoy.mx\\\/noticias\\\/\",\"name\":\"Reporteros Hoy | Noticias de Yucat\u00e1n\",\"description\":\"Peri\u00f3dico digital con noticias diarias desde M\u00e9rida, Yucat\u00e1n para el mundo.\",\"potentialAction\":[{\"@type\":\"SearchAction\",\"target\":{\"@type\":\"EntryPoint\",\"urlTemplate\":\"https:\\\/\\\/reporteroshoy.mx\\\/noticias\\\/?s={search_term_string}\"},\"query-input\":{\"@type\":\"PropertyValueSpecification\",\"valueRequired\":true,\"valueName\":\"search_term_string\"}}],\"inLanguage\":\"es\"},{\"@type\":\"Person\",\"@id\":\"https:\\\/\\\/reporteroshoy.mx\\\/noticias\\\/#\\\/schema\\\/person\\\/d32189074678a9d41498d4248e29aac3\",\"name\":\"Reporteros Hoy HY\",\"image\":{\"@type\":\"ImageObject\",\"inLanguage\":\"es\",\"@id\":\"https:\\\/\\\/secure.gravatar.com\\\/avatar\\\/c539a82770f256437b35bda44650bb50f5fd4b7017f8b29672ed9f27a43cec47?s=96&d=mm&r=g\",\"url\":\"https:\\\/\\\/secure.gravatar.com\\\/avatar\\\/c539a82770f256437b35bda44650bb50f5fd4b7017f8b29672ed9f27a43cec47?s=96&d=mm&r=g\",\"contentUrl\":\"https:\\\/\\\/secure.gravatar.com\\\/avatar\\\/c539a82770f256437b35bda44650bb50f5fd4b7017f8b29672ed9f27a43cec47?s=96&d=mm&r=g\",\"caption\":\"Reporteros Hoy HY\"},\"url\":\"https:\\\/\\\/reporteroshoy.mx\\\/noticias\\\/author\\\/thelmo\\\/\"}]}<\/script>\n<!-- \/ Yoast SEO plugin. -->","yoast_head_json":{"title":"Ren\u00e1n echa ojo a los \u00faltimos trabajos en el paso deprimido","description":"El primer edil supervis\u00f3 los detalles de la infraestructura urbana como rejillas, luminarias y se\u00f1al\u00e9tica. Eso s\u00ed, a\u00fan no revelan cu\u00e1ndo ser\u00e1 reabierto a la circulaci\u00f3n.","robots":{"index":"index","follow":"follow","max-snippet":"max-snippet:-1","max-image-preview":"max-image-preview:large","max-video-preview":"max-video-preview:-1"},"canonical":"https:\/\/reporteroshoy.mx\/noticias\/renan-echa-ojo-a-los-ultimos-trabajos-en-el-paso-deprimido\/","og_locale":"es_ES","og_type":"article","og_title":"Ren\u00e1n echa ojo a los \u00faltimos trabajos en el paso deprimido","og_description":"El primer edil supervis\u00f3 los detalles de la infraestructura urbana como rejillas, luminarias y se\u00f1al\u00e9tica. Eso s\u00ed, a\u00fan no revelan cu\u00e1ndo ser\u00e1 reabierto a la circulaci\u00f3n.","og_url":"https:\/\/reporteroshoy.mx\/noticias\/renan-echa-ojo-a-los-ultimos-trabajos-en-el-paso-deprimido\/","og_site_name":"Reporteros Hoy | Noticias de Yucat\u00e1n","article_publisher":"http:\/\/www.facebook.com\/reporteroshoymx","article_published_time":"2021-10-30T21:45:44+00:00","article_modified_time":"2021-10-30T21:49:35+00:00","og_image":[{"width":768,"height":475,"url":"https:\/\/reporteroshoy.mx\/noticias\/wp-content\/uploads\/2021\/10\/Paso-a-desnivel-2-1-scaled.jpeg","type":"image\/jpeg"}],"author":"Reporteros Hoy HY","twitter_card":"summary_large_image","twitter_creator":"@reporteroshoy","twitter_site":"@reporteroshoy","twitter_misc":{"Escrito por":"Reporteros Hoy HY","Tiempo de lectura":"2 minutos"},"schema":{"@context":"https:\/\/schema.org","@graph":[{"@type":"Article","@id":"https:\/\/reporteroshoy.mx\/noticias\/renan-echa-ojo-a-los-ultimos-trabajos-en-el-paso-deprimido\/#article","isPartOf":{"@id":"https:\/\/reporteroshoy.mx\/noticias\/renan-echa-ojo-a-los-ultimos-trabajos-en-el-paso-deprimido\/"},"author":{"name":"Reporteros Hoy HY","@id":"https:\/\/reporteroshoy.mx\/noticias\/#\/schema\/person\/d32189074678a9d41498d4248e29aac3"},"headline":"Ren\u00e1n echa ojo a los \u00faltimos trabajos en el paso deprimido","datePublished":"2021-10-30T21:45:44+00:00","dateModified":"2021-10-30T21:49:35+00:00","mainEntityOfPage":{"@id":"https:\/\/reporteroshoy.mx\/noticias\/renan-echa-ojo-a-los-ultimos-trabajos-en-el-paso-deprimido\/"},"wordCount":324,"commentCount":0,"image":{"@id":"https:\/\/reporteroshoy.mx\/noticias\/renan-echa-ojo-a-los-ultimos-trabajos-en-el-paso-deprimido\/#primaryimage"},"thumbnailUrl":"https:\/\/reporteroshoy.mx\/noticias\/wp-content\/uploads\/2021\/10\/Paso-a-desnivel-2-1-scaled.jpeg","keywords":["ayuntamiento de merida","paso deprimido","paso deprimido en M\u00e9rida","Renan Barrera"],"articleSection":["Gobierno"],"inLanguage":"es","potentialAction":[{"@type":"CommentAction","name":"Comment","target":["https:\/\/reporteroshoy.mx\/noticias\/renan-echa-ojo-a-los-ultimos-trabajos-en-el-paso-deprimido\/#respond"]}]},{"@type":"WebPage","@id":"https:\/\/reporteroshoy.mx\/noticias\/renan-echa-ojo-a-los-ultimos-trabajos-en-el-paso-deprimido\/","url":"https:\/\/reporteroshoy.mx\/noticias\/renan-echa-ojo-a-los-ultimos-trabajos-en-el-paso-deprimido\/","name":"Ren\u00e1n echa ojo a los \u00faltimos trabajos en el paso deprimido","isPartOf":{"@id":"https:\/\/reporteroshoy.mx\/noticias\/#website"},"primaryImageOfPage":{"@id":"https:\/\/reporteroshoy.mx\/noticias\/renan-echa-ojo-a-los-ultimos-trabajos-en-el-paso-deprimido\/#primaryimage"},"image":{"@id":"https:\/\/reporteroshoy.mx\/noticias\/renan-echa-ojo-a-los-ultimos-trabajos-en-el-paso-deprimido\/#primaryimage"},"thumbnailUrl":"https:\/\/reporteroshoy.mx\/noticias\/wp-content\/uploads\/2021\/10\/Paso-a-desnivel-2-1-scaled.jpeg","datePublished":"2021-10-30T21:45:44+00:00","dateModified":"2021-10-30T21:49:35+00:00","author":{"@id":"https:\/\/reporteroshoy.mx\/noticias\/#\/schema\/person\/d32189074678a9d41498d4248e29aac3"},"description":"El primer edil supervis\u00f3 los detalles de la infraestructura urbana como rejillas, luminarias y se\u00f1al\u00e9tica. Eso s\u00ed, a\u00fan no revelan cu\u00e1ndo ser\u00e1 reabierto a la circulaci\u00f3n.","breadcrumb":{"@id":"https:\/\/reporteroshoy.mx\/noticias\/renan-echa-ojo-a-los-ultimos-trabajos-en-el-paso-deprimido\/#breadcrumb"},"inLanguage":"es","potentialAction":[{"@type":"ReadAction","target":["https:\/\/reporteroshoy.mx\/noticias\/renan-echa-ojo-a-los-ultimos-trabajos-en-el-paso-deprimido\/"]}]},{"@type":"ImageObject","inLanguage":"es","@id":"https:\/\/reporteroshoy.mx\/noticias\/renan-echa-ojo-a-los-ultimos-trabajos-en-el-paso-deprimido\/#primaryimage","url":"https:\/\/reporteroshoy.mx\/noticias\/wp-content\/uploads\/2021\/10\/Paso-a-desnivel-2-1-scaled.jpeg","contentUrl":"https:\/\/reporteroshoy.mx\/noticias\/wp-content\/uploads\/2021\/10\/Paso-a-desnivel-2-1-scaled.jpeg","width":768,"height":475},{"@type":"BreadcrumbList","@id":"https:\/\/reporteroshoy.mx\/noticias\/renan-echa-ojo-a-los-ultimos-trabajos-en-el-paso-deprimido\/#breadcrumb","itemListElement":[{"@type":"ListItem","position":1,"name":"Portada","item":"https:\/\/reporteroshoy.mx\/noticias\/"},{"@type":"ListItem","position":2,"name":"Ren\u00e1n echa ojo a los \u00faltimos trabajos en el paso deprimido"}]},{"@type":"WebSite","@id":"https:\/\/reporteroshoy.mx\/noticias\/#website","url":"https:\/\/reporteroshoy.mx\/noticias\/","name":"Reporteros Hoy | Noticias de Yucat\u00e1n","description":"Peri\u00f3dico digital con noticias diarias desde M\u00e9rida, Yucat\u00e1n para el mundo.","potentialAction":[{"@type":"SearchAction","target":{"@type":"EntryPoint","urlTemplate":"https:\/\/reporteroshoy.mx\/noticias\/?s={search_term_string}"},"query-input":{"@type":"PropertyValueSpecification","valueRequired":true,"valueName":"search_term_string"}}],"inLanguage":"es"},{"@type":"Person","@id":"https:\/\/reporteroshoy.mx\/noticias\/#\/schema\/person\/d32189074678a9d41498d4248e29aac3","name":"Reporteros Hoy HY","image":{"@type":"ImageObject","inLanguage":"es","@id":"https:\/\/secure.gravatar.com\/avatar\/c539a82770f256437b35bda44650bb50f5fd4b7017f8b29672ed9f27a43cec47?s=96&d=mm&r=g","url":"https:\/\/secure.gravatar.com\/avatar\/c539a82770f256437b35bda44650bb50f5fd4b7017f8b29672ed9f27a43cec47?s=96&d=mm&r=g","contentUrl":"https:\/\/secure.gravatar.com\/avatar\/c539a82770f256437b35bda44650bb50f5fd4b7017f8b29672ed9f27a43cec47?s=96&d=mm&r=g","caption":"Reporteros Hoy HY"},"url":"https:\/\/reporteroshoy.mx\/noticias\/author\/thelmo\/"}]}},"_links":{"self":[{"href":"https:\/\/reporteroshoy.mx\/noticias\/wp-json\/wp\/v2\/posts\/74962","targetHints":{"allow":["GET"]}}],"collection":[{"href":"https:\/\/reporteroshoy.mx\/noticias\/wp-json\/wp\/v2\/posts"}],"about":[{"href":"https:\/\/reporteroshoy.mx\/noticias\/wp-json\/wp\/v2\/types\/post"}],"author":[{"embeddable":true,"href":"https:\/\/reporteroshoy.mx\/noticias\/wp-json\/wp\/v2\/users\/2"}],"replies":[{"embeddable":true,"href":"https:\/\/reporteroshoy.mx\/noticias\/wp-json\/wp\/v2\/comments?post=74962"}],"version-history":[{"count":0,"href":"https:\/\/reporteroshoy.mx\/noticias\/wp-json\/wp\/v2\/posts\/74962\/revisions"}],"wp:featuredmedia":[{"embeddable":true,"href":"https:\/\/reporteroshoy.mx\/noticias\/wp-json\/wp\/v2\/media\/74964"}],"wp:attachment":[{"href":"https:\/\/reporteroshoy.mx\/noticias\/wp-json\/wp\/v2\/media?parent=74962"}],"wp:term":[{"taxonomy":"category","embeddable":true,"href":"https:\/\/reporteroshoy.mx\/noticias\/wp-json\/wp\/v2\/categories?post=74962"},{"taxonomy":"post_tag","embeddable":true,"href":"https:\/\/reporteroshoy.mx\/noticias\/wp-json\/wp\/v2\/tags?post=74962"}],"curies":[{"name":"wp","href":"https:\/\/api.w.org\/{rel}","templated":true}]}}