{"id":75008,"date":"2021-10-31T17:05:07","date_gmt":"2021-10-31T23:05:07","guid":{"rendered":"https:\/\/reporteroshoy.mx\/noticias\/?p=75008"},"modified":"2021-10-31T17:05:07","modified_gmt":"2021-10-31T23:05:07","slug":"celebran-en-valladolid-el-primer-festival-gastronomico-hanal-pixan","status":"publish","type":"post","link":"https:\/\/reporteroshoy.mx\/noticias\/celebran-en-valladolid-el-primer-festival-gastronomico-hanal-pixan\/","title":{"rendered":"Celebran en Valladolid el primer festival gastron\u00f3mico \u00abHanal Pix\u00e1n\u00bb"},"content":{"rendered":"<p style=\"text-align: justify;\">Valladolid, Yucat\u00e1n; 31 de octubre de 2021.- En un ambiente de celebraci\u00f3n, tradiciones y colorido \u2013bajo medidas sanitarias- fue realizado el Primer Festival Gastron\u00f3mico Internacional \u201cHanal Pixan\u201d en Valladolid, convocado por la Asociaci\u00f3n de Restaurantes y Servicios Gastron\u00f3micos del municipio.<\/p>\n<p style=\"text-align: justify;\">Autoridades del gobierno del estado y Ayuntamiento estuvieron presentes con la presidencia de la Asociaci\u00f3n restaurantera y m\u00e1s de 40 expositores que ofrecieron a visitantes y ciudadanos locales diversas preparaciones del Mucbipollo, de pan de muerto, as\u00ed como productos artesanales de la regi\u00f3n: chocolate, miel y cacao.<\/p>\n<p><img loading=\"lazy\" decoding=\"async\" class=\"wp-image-75009 aligncenter\" src=\"https:\/\/reporteroshoy.mx\/noticias\/wp-content\/uploads\/2021\/10\/Festival-gastronomico.jpg\" alt=\"\" width=\"600\" height=\"338\" \/><\/p>\n<p style=\"text-align: justify;\">En la explanada del parque Sisal del centro hist\u00f3rico de Valladolid cortaron list\u00f3n la jefa de despacho de la Secretar\u00eda de la Cultura y la Artes del gobierno del estado, Nadia Victoria P\u00e9rez Basulto. En representaci\u00f3n del Ayuntamiento hizo lo propio la directora de Cultura, Silvia L\u00f3pez G\u00f3ngora; el director de Fomento Econ\u00f3mico y Turismo, Orlando Rej\u00f3n Rosado, as\u00ed como la directora del Hospital General de la comunidad, Lorena Barrada Rodr\u00edguez.<\/p>\n<p style=\"text-align: justify;\">El anfitri\u00f3n, presidente de la Asociaci\u00f3n de Restaurantes y Servicios Gastron\u00f3micos de Valladolid, Carlos Guillermo Aguirre Aguilar, dio bienvenida a las representaciones gubernamentales, expositores, restauranteros, artesanos y p\u00fablico general con la promesa de que habr\u00e1 cada a\u00f1o un Festival Gastron\u00f3mico para darle mayor impulso a la actividad econ\u00f3mica con m\u00e1s afluencia de visitantes, adem\u00e1s de consolidar la uni\u00f3n del gremio con nuevos afiliados en la misi\u00f3n de destacar a la ciudad como referente internacional de alimentos y servicios de primer orden.<\/p>\n<p style=\"text-align: justify;\">El dirigente restaurantero inform\u00f3 que parte de la recaudaci\u00f3n del festival ser\u00e1 destinada a insumos de apoyo para el Hospital General, acto que la directora del nosocomio agradeci\u00f3 al cabo de una ardua labor del personal de salud por la pandemia y atenciones m\u00e9dicas concurrentes.<\/p>\n<p><img loading=\"lazy\" decoding=\"async\" class=\"wp-image-75010 aligncenter\" src=\"https:\/\/reporteroshoy.mx\/noticias\/wp-content\/uploads\/2021\/10\/Festival-gastronomico1.jpg\" alt=\"\" width=\"600\" height=\"337\" \/><\/p>\n<p style=\"text-align: justify;\">Por su parte, la representante de la Sedeculta del Estado salud\u00f3 a nombre de la secretaria Loreto Villanueva la iniciativa de la Asociaci\u00f3n restaurantera por promover el patrimonio gastron\u00f3mico de Yucat\u00e1n en estas fechas de fieles difuntos.<\/p>\n<p style=\"text-align: justify;\">El director de Fomento Econ\u00f3mico y Turismo de Valladolid, Orlando Rej\u00f3n Rosado, invit\u00f3 a la ciudadan\u00eda a fomentar el Festival Gastron\u00f3mico por la gran ayuda que significa el donativo recaudado para el Hospital General, al tiempo de destacar que el gobierno Vallisoletano apoyar\u00e1 las iniciativas que den impulso a la actividad econ\u00f3mica del municipio.<\/p>\n","protected":false},"excerpt":{"rendered":"<p>El \u201cPib\u201d, alimento ancestral como protagonista, congreg\u00f3 a visitantes internacionales y del pa\u00eds en una fiesta de tradiciones con la comunidad vallisoletana.<\/p>\n","protected":false},"author":9,"featured_media":75011,"comment_status":"open","ping_status":"closed","sticky":false,"template":"","format":"standard","meta":{"footnotes":""},"categories":[11],"tags":[19721,7330,139,136],"class_list":["post-75008","post","type-post","status-publish","format-standard","has-post-thumbnail","hentry","category-municipios-de-yucatan","tag-festival-gastronomico","tag-hanal-pixan","tag-valladolid","tag-yucatan-oriente"],"yoast_head":"<!-- This site is optimized with the Yoast SEO plugin v28.4 - https:\/\/yoast.com\/product\/yoast-seo-wordpress\/ -->\n<title>Celebran en Valladolid el primer festival gastron\u00f3mico &quot;Hanal Pix\u00e1n&quot;<\/title>\n<meta name=\"description\" content=\"El \u201cPib\u201d, alimento ancestral como protagonista, congreg\u00f3 a visitantes internacionales y del pa\u00eds en una fiesta de tradiciones con la comunidad vallisoletana.\" \/>\n<meta name=\"robots\" content=\"index, follow, max-snippet:-1, max-image-preview:large, max-video-preview:-1\" \/>\n<link rel=\"canonical\" href=\"https:\/\/reporteroshoy.mx\/noticias\/celebran-en-valladolid-el-primer-festival-gastronomico-hanal-pixan\/\" \/>\n<meta property=\"og:locale\" content=\"es_ES\" \/>\n<meta property=\"og:type\" content=\"article\" \/>\n<meta property=\"og:title\" content=\"Celebran en Valladolid el primer festival gastron\u00f3mico &quot;Hanal Pix\u00e1n&quot;\" \/>\n<meta property=\"og:description\" content=\"El \u201cPib\u201d, alimento ancestral como protagonista, congreg\u00f3 a visitantes internacionales y del pa\u00eds en una fiesta de tradiciones con la comunidad vallisoletana.\" \/>\n<meta property=\"og:url\" content=\"https:\/\/reporteroshoy.mx\/noticias\/celebran-en-valladolid-el-primer-festival-gastronomico-hanal-pixan\/\" \/>\n<meta property=\"og:site_name\" content=\"Reporteros Hoy | Noticias de Yucat\u00e1n\" \/>\n<meta property=\"article:publisher\" content=\"http:\/\/www.facebook.com\/reporteroshoymx\" \/>\n<meta property=\"article:published_time\" content=\"2021-10-31T23:05:07+00:00\" \/>\n<meta property=\"og:image\" content=\"https:\/\/reporteroshoy.mx\/noticias\/wp-content\/uploads\/2021\/10\/Festival-gastronomico2.jpg\" \/>\n\t<meta property=\"og:image:width\" content=\"768\" \/>\n\t<meta property=\"og:image:height\" content=\"432\" \/>\n\t<meta property=\"og:image:type\" content=\"image\/jpeg\" \/>\n<meta name=\"author\" content=\"Reporteros Hoy WP\" \/>\n<meta name=\"twitter:card\" content=\"summary_large_image\" \/>\n<meta name=\"twitter:creator\" content=\"@reporteroshoy\" \/>\n<meta name=\"twitter:site\" content=\"@reporteroshoy\" \/>\n<meta name=\"twitter:label1\" content=\"Escrito por\" \/>\n\t<meta name=\"twitter:data1\" content=\"Reporteros Hoy WP\" \/>\n\t<meta name=\"twitter:label2\" content=\"Tiempo de lectura\" \/>\n\t<meta name=\"twitter:data2\" content=\"3 minutos\" \/>\n<script type=\"application\/ld+json\" class=\"yoast-schema-graph\">{\"@context\":\"https:\\\/\\\/schema.org\",\"@graph\":[{\"@type\":\"Article\",\"@id\":\"https:\\\/\\\/reporteroshoy.mx\\\/noticias\\\/celebran-en-valladolid-el-primer-festival-gastronomico-hanal-pixan\\\/#article\",\"isPartOf\":{\"@id\":\"https:\\\/\\\/reporteroshoy.mx\\\/noticias\\\/celebran-en-valladolid-el-primer-festival-gastronomico-hanal-pixan\\\/\"},\"author\":{\"name\":\"Reporteros Hoy WP\",\"@id\":\"https:\\\/\\\/reporteroshoy.mx\\\/noticias\\\/#\\\/schema\\\/person\\\/c977527e57c958a62c5cefe8fe47876e\"},\"headline\":\"Celebran en Valladolid el primer festival gastron\u00f3mico \u00abHanal Pix\u00e1n\u00bb\",\"datePublished\":\"2021-10-31T23:05:07+00:00\",\"mainEntityOfPage\":{\"@id\":\"https:\\\/\\\/reporteroshoy.mx\\\/noticias\\\/celebran-en-valladolid-el-primer-festival-gastronomico-hanal-pixan\\\/\"},\"wordCount\":423,\"commentCount\":0,\"image\":{\"@id\":\"https:\\\/\\\/reporteroshoy.mx\\\/noticias\\\/celebran-en-valladolid-el-primer-festival-gastronomico-hanal-pixan\\\/#primaryimage\"},\"thumbnailUrl\":\"https:\\\/\\\/reporteroshoy.mx\\\/noticias\\\/wp-content\\\/uploads\\\/2021\\\/10\\\/Festival-gastronomico2.jpg\",\"keywords\":[\"Festival gastron\u00f3mico\",\"Hanal Pix\u00e1n\",\"Valladolid\",\"Yucat\u00e1n Oriente\"],\"articleSection\":[\"Municipios\"],\"inLanguage\":\"es\",\"potentialAction\":[{\"@type\":\"CommentAction\",\"name\":\"Comment\",\"target\":[\"https:\\\/\\\/reporteroshoy.mx\\\/noticias\\\/celebran-en-valladolid-el-primer-festival-gastronomico-hanal-pixan\\\/#respond\"]}]},{\"@type\":\"WebPage\",\"@id\":\"https:\\\/\\\/reporteroshoy.mx\\\/noticias\\\/celebran-en-valladolid-el-primer-festival-gastronomico-hanal-pixan\\\/\",\"url\":\"https:\\\/\\\/reporteroshoy.mx\\\/noticias\\\/celebran-en-valladolid-el-primer-festival-gastronomico-hanal-pixan\\\/\",\"name\":\"Celebran en Valladolid el primer festival gastron\u00f3mico \\\"Hanal Pix\u00e1n\\\"\",\"isPartOf\":{\"@id\":\"https:\\\/\\\/reporteroshoy.mx\\\/noticias\\\/#website\"},\"primaryImageOfPage\":{\"@id\":\"https:\\\/\\\/reporteroshoy.mx\\\/noticias\\\/celebran-en-valladolid-el-primer-festival-gastronomico-hanal-pixan\\\/#primaryimage\"},\"image\":{\"@id\":\"https:\\\/\\\/reporteroshoy.mx\\\/noticias\\\/celebran-en-valladolid-el-primer-festival-gastronomico-hanal-pixan\\\/#primaryimage\"},\"thumbnailUrl\":\"https:\\\/\\\/reporteroshoy.mx\\\/noticias\\\/wp-content\\\/uploads\\\/2021\\\/10\\\/Festival-gastronomico2.jpg\",\"datePublished\":\"2021-10-31T23:05:07+00:00\",\"author\":{\"@id\":\"https:\\\/\\\/reporteroshoy.mx\\\/noticias\\\/#\\\/schema\\\/person\\\/c977527e57c958a62c5cefe8fe47876e\"},\"description\":\"El \u201cPib\u201d, alimento ancestral como protagonista, congreg\u00f3 a visitantes internacionales y del pa\u00eds en una fiesta de tradiciones con la comunidad vallisoletana.\",\"breadcrumb\":{\"@id\":\"https:\\\/\\\/reporteroshoy.mx\\\/noticias\\\/celebran-en-valladolid-el-primer-festival-gastronomico-hanal-pixan\\\/#breadcrumb\"},\"inLanguage\":\"es\",\"potentialAction\":[{\"@type\":\"ReadAction\",\"target\":[\"https:\\\/\\\/reporteroshoy.mx\\\/noticias\\\/celebran-en-valladolid-el-primer-festival-gastronomico-hanal-pixan\\\/\"]}]},{\"@type\":\"ImageObject\",\"inLanguage\":\"es\",\"@id\":\"https:\\\/\\\/reporteroshoy.mx\\\/noticias\\\/celebran-en-valladolid-el-primer-festival-gastronomico-hanal-pixan\\\/#primaryimage\",\"url\":\"https:\\\/\\\/reporteroshoy.mx\\\/noticias\\\/wp-content\\\/uploads\\\/2021\\\/10\\\/Festival-gastronomico2.jpg\",\"contentUrl\":\"https:\\\/\\\/reporteroshoy.mx\\\/noticias\\\/wp-content\\\/uploads\\\/2021\\\/10\\\/Festival-gastronomico2.jpg\",\"width\":768,\"height\":432},{\"@type\":\"BreadcrumbList\",\"@id\":\"https:\\\/\\\/reporteroshoy.mx\\\/noticias\\\/celebran-en-valladolid-el-primer-festival-gastronomico-hanal-pixan\\\/#breadcrumb\",\"itemListElement\":[{\"@type\":\"ListItem\",\"position\":1,\"name\":\"Portada\",\"item\":\"https:\\\/\\\/reporteroshoy.mx\\\/noticias\\\/\"},{\"@type\":\"ListItem\",\"position\":2,\"name\":\"Celebran en Valladolid el primer festival gastron\u00f3mico \u00abHanal Pix\u00e1n\u00bb\"}]},{\"@type\":\"WebSite\",\"@id\":\"https:\\\/\\\/reporteroshoy.mx\\\/noticias\\\/#website\",\"url\":\"https:\\\/\\\/reporteroshoy.mx\\\/noticias\\\/\",\"name\":\"Reporteros Hoy | Noticias de Yucat\u00e1n\",\"description\":\"Peri\u00f3dico digital con noticias diarias desde M\u00e9rida, Yucat\u00e1n para el mundo.\",\"potentialAction\":[{\"@type\":\"SearchAction\",\"target\":{\"@type\":\"EntryPoint\",\"urlTemplate\":\"https:\\\/\\\/reporteroshoy.mx\\\/noticias\\\/?s={search_term_string}\"},\"query-input\":{\"@type\":\"PropertyValueSpecification\",\"valueRequired\":true,\"valueName\":\"search_term_string\"}}],\"inLanguage\":\"es\"},{\"@type\":\"Person\",\"@id\":\"https:\\\/\\\/reporteroshoy.mx\\\/noticias\\\/#\\\/schema\\\/person\\\/c977527e57c958a62c5cefe8fe47876e\",\"name\":\"Reporteros Hoy WP\",\"image\":{\"@type\":\"ImageObject\",\"inLanguage\":\"es\",\"@id\":\"https:\\\/\\\/secure.gravatar.com\\\/avatar\\\/fd2917f79a7dae30f8ac9ddc2f35e1756bb59e25e01d1cd09deaa64df7b2f73e?s=96&d=mm&r=g\",\"url\":\"https:\\\/\\\/secure.gravatar.com\\\/avatar\\\/fd2917f79a7dae30f8ac9ddc2f35e1756bb59e25e01d1cd09deaa64df7b2f73e?s=96&d=mm&r=g\",\"contentUrl\":\"https:\\\/\\\/secure.gravatar.com\\\/avatar\\\/fd2917f79a7dae30f8ac9ddc2f35e1756bb59e25e01d1cd09deaa64df7b2f73e?s=96&d=mm&r=g\",\"caption\":\"Reporteros Hoy WP\"},\"url\":\"https:\\\/\\\/reporteroshoy.mx\\\/noticias\\\/author\\\/walfer\\\/\"}]}<\/script>\n<!-- \/ Yoast SEO plugin. -->","yoast_head_json":{"title":"Celebran en Valladolid el primer festival gastron\u00f3mico \"Hanal Pix\u00e1n\"","description":"El \u201cPib\u201d, alimento ancestral como protagonista, congreg\u00f3 a visitantes internacionales y del pa\u00eds en una fiesta de tradiciones con la comunidad vallisoletana.","robots":{"index":"index","follow":"follow","max-snippet":"max-snippet:-1","max-image-preview":"max-image-preview:large","max-video-preview":"max-video-preview:-1"},"canonical":"https:\/\/reporteroshoy.mx\/noticias\/celebran-en-valladolid-el-primer-festival-gastronomico-hanal-pixan\/","og_locale":"es_ES","og_type":"article","og_title":"Celebran en Valladolid el primer festival gastron\u00f3mico \"Hanal Pix\u00e1n\"","og_description":"El \u201cPib\u201d, alimento ancestral como protagonista, congreg\u00f3 a visitantes internacionales y del pa\u00eds en una fiesta de tradiciones con la comunidad vallisoletana.","og_url":"https:\/\/reporteroshoy.mx\/noticias\/celebran-en-valladolid-el-primer-festival-gastronomico-hanal-pixan\/","og_site_name":"Reporteros Hoy | Noticias de Yucat\u00e1n","article_publisher":"http:\/\/www.facebook.com\/reporteroshoymx","article_published_time":"2021-10-31T23:05:07+00:00","og_image":[{"width":768,"height":432,"url":"https:\/\/reporteroshoy.mx\/noticias\/wp-content\/uploads\/2021\/10\/Festival-gastronomico2.jpg","type":"image\/jpeg"}],"author":"Reporteros Hoy WP","twitter_card":"summary_large_image","twitter_creator":"@reporteroshoy","twitter_site":"@reporteroshoy","twitter_misc":{"Escrito por":"Reporteros Hoy WP","Tiempo de lectura":"3 minutos"},"schema":{"@context":"https:\/\/schema.org","@graph":[{"@type":"Article","@id":"https:\/\/reporteroshoy.mx\/noticias\/celebran-en-valladolid-el-primer-festival-gastronomico-hanal-pixan\/#article","isPartOf":{"@id":"https:\/\/reporteroshoy.mx\/noticias\/celebran-en-valladolid-el-primer-festival-gastronomico-hanal-pixan\/"},"author":{"name":"Reporteros Hoy WP","@id":"https:\/\/reporteroshoy.mx\/noticias\/#\/schema\/person\/c977527e57c958a62c5cefe8fe47876e"},"headline":"Celebran en Valladolid el primer festival gastron\u00f3mico \u00abHanal Pix\u00e1n\u00bb","datePublished":"2021-10-31T23:05:07+00:00","mainEntityOfPage":{"@id":"https:\/\/reporteroshoy.mx\/noticias\/celebran-en-valladolid-el-primer-festival-gastronomico-hanal-pixan\/"},"wordCount":423,"commentCount":0,"image":{"@id":"https:\/\/reporteroshoy.mx\/noticias\/celebran-en-valladolid-el-primer-festival-gastronomico-hanal-pixan\/#primaryimage"},"thumbnailUrl":"https:\/\/reporteroshoy.mx\/noticias\/wp-content\/uploads\/2021\/10\/Festival-gastronomico2.jpg","keywords":["Festival gastron\u00f3mico","Hanal Pix\u00e1n","Valladolid","Yucat\u00e1n Oriente"],"articleSection":["Municipios"],"inLanguage":"es","potentialAction":[{"@type":"CommentAction","name":"Comment","target":["https:\/\/reporteroshoy.mx\/noticias\/celebran-en-valladolid-el-primer-festival-gastronomico-hanal-pixan\/#respond"]}]},{"@type":"WebPage","@id":"https:\/\/reporteroshoy.mx\/noticias\/celebran-en-valladolid-el-primer-festival-gastronomico-hanal-pixan\/","url":"https:\/\/reporteroshoy.mx\/noticias\/celebran-en-valladolid-el-primer-festival-gastronomico-hanal-pixan\/","name":"Celebran en Valladolid el primer festival gastron\u00f3mico \"Hanal Pix\u00e1n\"","isPartOf":{"@id":"https:\/\/reporteroshoy.mx\/noticias\/#website"},"primaryImageOfPage":{"@id":"https:\/\/reporteroshoy.mx\/noticias\/celebran-en-valladolid-el-primer-festival-gastronomico-hanal-pixan\/#primaryimage"},"image":{"@id":"https:\/\/reporteroshoy.mx\/noticias\/celebran-en-valladolid-el-primer-festival-gastronomico-hanal-pixan\/#primaryimage"},"thumbnailUrl":"https:\/\/reporteroshoy.mx\/noticias\/wp-content\/uploads\/2021\/10\/Festival-gastronomico2.jpg","datePublished":"2021-10-31T23:05:07+00:00","author":{"@id":"https:\/\/reporteroshoy.mx\/noticias\/#\/schema\/person\/c977527e57c958a62c5cefe8fe47876e"},"description":"El \u201cPib\u201d, alimento ancestral como protagonista, congreg\u00f3 a visitantes internacionales y del pa\u00eds en una fiesta de tradiciones con la comunidad vallisoletana.","breadcrumb":{"@id":"https:\/\/reporteroshoy.mx\/noticias\/celebran-en-valladolid-el-primer-festival-gastronomico-hanal-pixan\/#breadcrumb"},"inLanguage":"es","potentialAction":[{"@type":"ReadAction","target":["https:\/\/reporteroshoy.mx\/noticias\/celebran-en-valladolid-el-primer-festival-gastronomico-hanal-pixan\/"]}]},{"@type":"ImageObject","inLanguage":"es","@id":"https:\/\/reporteroshoy.mx\/noticias\/celebran-en-valladolid-el-primer-festival-gastronomico-hanal-pixan\/#primaryimage","url":"https:\/\/reporteroshoy.mx\/noticias\/wp-content\/uploads\/2021\/10\/Festival-gastronomico2.jpg","contentUrl":"https:\/\/reporteroshoy.mx\/noticias\/wp-content\/uploads\/2021\/10\/Festival-gastronomico2.jpg","width":768,"height":432},{"@type":"BreadcrumbList","@id":"https:\/\/reporteroshoy.mx\/noticias\/celebran-en-valladolid-el-primer-festival-gastronomico-hanal-pixan\/#breadcrumb","itemListElement":[{"@type":"ListItem","position":1,"name":"Portada","item":"https:\/\/reporteroshoy.mx\/noticias\/"},{"@type":"ListItem","position":2,"name":"Celebran en Valladolid el primer festival gastron\u00f3mico \u00abHanal Pix\u00e1n\u00bb"}]},{"@type":"WebSite","@id":"https:\/\/reporteroshoy.mx\/noticias\/#website","url":"https:\/\/reporteroshoy.mx\/noticias\/","name":"Reporteros Hoy | Noticias de Yucat\u00e1n","description":"Peri\u00f3dico digital con noticias diarias desde M\u00e9rida, Yucat\u00e1n para el mundo.","potentialAction":[{"@type":"SearchAction","target":{"@type":"EntryPoint","urlTemplate":"https:\/\/reporteroshoy.mx\/noticias\/?s={search_term_string}"},"query-input":{"@type":"PropertyValueSpecification","valueRequired":true,"valueName":"search_term_string"}}],"inLanguage":"es"},{"@type":"Person","@id":"https:\/\/reporteroshoy.mx\/noticias\/#\/schema\/person\/c977527e57c958a62c5cefe8fe47876e","name":"Reporteros Hoy WP","image":{"@type":"ImageObject","inLanguage":"es","@id":"https:\/\/secure.gravatar.com\/avatar\/fd2917f79a7dae30f8ac9ddc2f35e1756bb59e25e01d1cd09deaa64df7b2f73e?s=96&d=mm&r=g","url":"https:\/\/secure.gravatar.com\/avatar\/fd2917f79a7dae30f8ac9ddc2f35e1756bb59e25e01d1cd09deaa64df7b2f73e?s=96&d=mm&r=g","contentUrl":"https:\/\/secure.gravatar.com\/avatar\/fd2917f79a7dae30f8ac9ddc2f35e1756bb59e25e01d1cd09deaa64df7b2f73e?s=96&d=mm&r=g","caption":"Reporteros Hoy WP"},"url":"https:\/\/reporteroshoy.mx\/noticias\/author\/walfer\/"}]}},"_links":{"self":[{"href":"https:\/\/reporteroshoy.mx\/noticias\/wp-json\/wp\/v2\/posts\/75008","targetHints":{"allow":["GET"]}}],"collection":[{"href":"https:\/\/reporteroshoy.mx\/noticias\/wp-json\/wp\/v2\/posts"}],"about":[{"href":"https:\/\/reporteroshoy.mx\/noticias\/wp-json\/wp\/v2\/types\/post"}],"author":[{"embeddable":true,"href":"https:\/\/reporteroshoy.mx\/noticias\/wp-json\/wp\/v2\/users\/9"}],"replies":[{"embeddable":true,"href":"https:\/\/reporteroshoy.mx\/noticias\/wp-json\/wp\/v2\/comments?post=75008"}],"version-history":[{"count":0,"href":"https:\/\/reporteroshoy.mx\/noticias\/wp-json\/wp\/v2\/posts\/75008\/revisions"}],"wp:featuredmedia":[{"embeddable":true,"href":"https:\/\/reporteroshoy.mx\/noticias\/wp-json\/wp\/v2\/media\/75011"}],"wp:attachment":[{"href":"https:\/\/reporteroshoy.mx\/noticias\/wp-json\/wp\/v2\/media?parent=75008"}],"wp:term":[{"taxonomy":"category","embeddable":true,"href":"https:\/\/reporteroshoy.mx\/noticias\/wp-json\/wp\/v2\/categories?post=75008"},{"taxonomy":"post_tag","embeddable":true,"href":"https:\/\/reporteroshoy.mx\/noticias\/wp-json\/wp\/v2\/tags?post=75008"}],"curies":[{"name":"wp","href":"https:\/\/api.w.org\/{rel}","templated":true}]}}