{"id":75087,"date":"2021-11-02T10:49:11","date_gmt":"2021-11-02T16:49:11","guid":{"rendered":"https:\/\/reporteroshoy.mx\/noticias\/?p=75087"},"modified":"2021-11-02T10:49:11","modified_gmt":"2021-11-02T16:49:11","slug":"acusan-de-fraude-a-ex-presidentes-de-la-fifa-y-de-la-uefa","status":"publish","type":"post","link":"https:\/\/reporteroshoy.mx\/noticias\/acusan-de-fraude-a-ex-presidentes-de-la-fifa-y-de-la-uefa\/","title":{"rendered":"Acusan de fraude a ex presidentes de la FIFA y de la UEFA"},"content":{"rendered":"<p style=\"text-align: justify;\">Suiza; 2 de noviembre de 2021 (Exc\u00e9lsior).- Joseph Blatter, expresidente de la\u00a0FIFA, y Michel Platini, expresidente de la\u00a0UEFA, fueron acusados en Suiza de varios delitos, incluido uno de \u00abfraude\u00bb, en el caso del presunto pago que les coloc\u00f3 desde 2015 fuera de los organismos rectores del futbol mundial, anunci\u00f3 la Oficina del Fiscal General (OAG) del pa\u00eds helv\u00e9tico.<\/p>\n<p style=\"text-align: justify;\">Corresponder\u00e1 ahora al Tribunal Penal Federal de Bellinzona validar esta acta de acusaci\u00f3n y decidir si se realiza un proceso contra los dos exdirigentes, tambi\u00e9n perseguidos por \u00abgesti\u00f3n desleal\u00bb, \u00ababuso de confianza\u00bb y \u00abfalsedad en t\u00edtulos\u00bb.<\/p>\n<p><img loading=\"lazy\" decoding=\"async\" class=\"wp-image-75088 aligncenter\" src=\"https:\/\/reporteroshoy.mx\/noticias\/wp-content\/uploads\/2021\/11\/Fraude.jpg\" alt=\"\" width=\"600\" height=\"337\" \/><\/p>\n<p style=\"text-align: justify;\">Tras seis a\u00f1os de investigaci\u00f3n, fueron acusados de \u00abhaber il\u00edcitamente acordado un pago de dos\u00a0millones de francos suizos de la FIFA\u00bb (1,9 millones de euros, 2,2 millones de d\u00f3lares), \u00aben favor de Michel Platini\u00bb, escribe la Fiscal\u00eda.<\/p>\n<p style=\"text-align: justify;\">\u00abLa OAG acusa a Joseph Blatter de fraude, alternativamente de apropiaci\u00f3n indebida, alternativamente de mala administraci\u00f3n criminal, as\u00ed como de falsificaci\u00f3n de un documento\u00bb, dijo la OAG.<\/p>\n<p style=\"text-align: justify;\">\u00abMichel Platini est\u00e1 acusado de fraude, alternativamente de participar en la apropiaci\u00f3n indebida, alternativamente de participar en mala gesti\u00f3n criminal, como c\u00f3mplice, as\u00ed como de falsificaci\u00f3n de un documento\u00bb.<\/p>\n<p style=\"text-align: justify;\">El triple Bal\u00f3n de Oro franc\u00e9s fue consejero de Blatter entre 1998 y 2002, en su primer mandato en la FIFA, seg\u00fan un contrato escrito, firmado en 1999, que conven\u00eda una remuneraci\u00f3n anual de 300 mil francos suizos (328 mil 500 d\u00f3lares, 283 mil 750 euros), \u00abfacturada por el se\u00f1or Platini e \u00edntegramente pagada por la FIFA\u00bb.<\/p>\n<p style=\"text-align: justify;\">En 2011, \u00abm\u00e1s de ocho a\u00f1os despu\u00e9s del final de su actividad de consejero\u00bb, el excapit\u00e1n de los\u00a0Bleus\u00a0\u00abhizo valer una deuda de dos millones de francos suizos\u00bb, pagada por la instancia del futbol \u00abcon el concurso\u00bb de Blatter, y juzgada \u00absin fundamento\u00bb por la fiscal\u00eda.<\/p>\n<p style=\"text-align: justify;\">Los dos hombres repiten desde el inicio de la investigaci\u00f3n que hab\u00edan decidido oralmente un salario anual de un mill\u00f3n de francos suizos\u00a0(1,1 millones de d\u00f3lares, 945 mil euros), por este trabajo de consejero, sin que las finanzas de la FIFA permitieran en la \u00e9poca el pago a Platini, que fue simplemente saldado con retraso.<\/p>\n<p style=\"text-align: justify;\">El fraude puede conducir a cinco a\u00f1os de prisi\u00f3n \u00abo una pena pecuniaria\u00bb en el derecho suizo.<\/p>\n","protected":false},"excerpt":{"rendered":"<p>La Fiscal\u00eda de Suiza tambi\u00e9n los acusa de varios delitos y depender\u00e1 del Tribunal Penal Federal de Bellinzona si hace v\u00e1lida la acusaci\u00f3n y si se realiza un proceso contra los exdirigentes.<\/p>\n","protected":false},"author":9,"featured_media":75088,"comment_status":"open","ping_status":"closed","sticky":false,"template":"","format":"standard","meta":{"footnotes":""},"categories":[4],"tags":[731,10114,19738,19739,6471],"class_list":["post-75087","post","type-post","status-publish","format-standard","has-post-thumbnail","hentry","category-deportes","tag-fifa","tag-fraude","tag-joseph-blatter","tag-michel-platini","tag-uefa"],"yoast_head":"<!-- This site is optimized with the Yoast SEO plugin v28.3 - https:\/\/yoast.com\/product\/yoast-seo-wordpress\/ -->\n<title>Acusan de fraude a ex presidentes de la FIFA y de la UEFA<\/title>\n<meta name=\"description\" content=\"La Fiscal\u00eda de Suiza tambi\u00e9n los acusa de varios delitos y depender\u00e1 del Tribunal Penal Federal de Bellinzona si hace v\u00e1lida la acusaci\u00f3n y si se realiza un proceso contra los exdirigentes.\" \/>\n<meta name=\"robots\" content=\"index, follow, max-snippet:-1, max-image-preview:large, max-video-preview:-1\" \/>\n<link rel=\"canonical\" href=\"https:\/\/reporteroshoy.mx\/noticias\/acusan-de-fraude-a-ex-presidentes-de-la-fifa-y-de-la-uefa\/\" \/>\n<meta property=\"og:locale\" content=\"es_ES\" \/>\n<meta property=\"og:type\" content=\"article\" \/>\n<meta property=\"og:title\" content=\"Acusan de fraude a ex presidentes de la FIFA y de la UEFA\" \/>\n<meta property=\"og:description\" content=\"La Fiscal\u00eda de Suiza tambi\u00e9n los acusa de varios delitos y depender\u00e1 del Tribunal Penal Federal de Bellinzona si hace v\u00e1lida la acusaci\u00f3n y si se realiza un proceso contra los exdirigentes.\" \/>\n<meta property=\"og:url\" content=\"https:\/\/reporteroshoy.mx\/noticias\/acusan-de-fraude-a-ex-presidentes-de-la-fifa-y-de-la-uefa\/\" \/>\n<meta property=\"og:site_name\" content=\"Reporteros Hoy | Noticias de Yucat\u00e1n\" \/>\n<meta property=\"article:publisher\" content=\"http:\/\/www.facebook.com\/reporteroshoymx\" \/>\n<meta property=\"article:published_time\" content=\"2021-11-02T16:49:11+00:00\" \/>\n<meta property=\"og:image\" content=\"https:\/\/reporteroshoy.mx\/noticias\/wp-content\/uploads\/2021\/11\/Fraude.jpg\" \/>\n\t<meta property=\"og:image:width\" content=\"768\" \/>\n\t<meta property=\"og:image:height\" content=\"431\" \/>\n\t<meta property=\"og:image:type\" content=\"image\/jpeg\" \/>\n<meta name=\"author\" content=\"Reporteros Hoy WP\" \/>\n<meta name=\"twitter:card\" content=\"summary_large_image\" \/>\n<meta name=\"twitter:creator\" content=\"@reporteroshoy\" \/>\n<meta name=\"twitter:site\" content=\"@reporteroshoy\" \/>\n<meta name=\"twitter:label1\" content=\"Escrito por\" \/>\n\t<meta name=\"twitter:data1\" content=\"Reporteros Hoy WP\" \/>\n\t<meta name=\"twitter:label2\" content=\"Tiempo de lectura\" \/>\n\t<meta name=\"twitter:data2\" content=\"2 minutos\" \/>\n<script type=\"application\/ld+json\" class=\"yoast-schema-graph\">{\"@context\":\"https:\\\/\\\/schema.org\",\"@graph\":[{\"@type\":\"Article\",\"@id\":\"https:\\\/\\\/reporteroshoy.mx\\\/noticias\\\/acusan-de-fraude-a-ex-presidentes-de-la-fifa-y-de-la-uefa\\\/#article\",\"isPartOf\":{\"@id\":\"https:\\\/\\\/reporteroshoy.mx\\\/noticias\\\/acusan-de-fraude-a-ex-presidentes-de-la-fifa-y-de-la-uefa\\\/\"},\"author\":{\"name\":\"Reporteros Hoy WP\",\"@id\":\"https:\\\/\\\/reporteroshoy.mx\\\/noticias\\\/#\\\/schema\\\/person\\\/c977527e57c958a62c5cefe8fe47876e\"},\"headline\":\"Acusan de fraude a ex presidentes de la FIFA y de la UEFA\",\"datePublished\":\"2021-11-02T16:49:11+00:00\",\"mainEntityOfPage\":{\"@id\":\"https:\\\/\\\/reporteroshoy.mx\\\/noticias\\\/acusan-de-fraude-a-ex-presidentes-de-la-fifa-y-de-la-uefa\\\/\"},\"wordCount\":402,\"commentCount\":0,\"image\":{\"@id\":\"https:\\\/\\\/reporteroshoy.mx\\\/noticias\\\/acusan-de-fraude-a-ex-presidentes-de-la-fifa-y-de-la-uefa\\\/#primaryimage\"},\"thumbnailUrl\":\"https:\\\/\\\/reporteroshoy.mx\\\/noticias\\\/wp-content\\\/uploads\\\/2021\\\/11\\\/Fraude.jpg\",\"keywords\":[\"FIFA\",\"fraude\",\"Joseph Blatter\",\"Michel Platini\",\"UEFA\"],\"articleSection\":[\"Deportes\"],\"inLanguage\":\"es\",\"potentialAction\":[{\"@type\":\"CommentAction\",\"name\":\"Comment\",\"target\":[\"https:\\\/\\\/reporteroshoy.mx\\\/noticias\\\/acusan-de-fraude-a-ex-presidentes-de-la-fifa-y-de-la-uefa\\\/#respond\"]}]},{\"@type\":\"WebPage\",\"@id\":\"https:\\\/\\\/reporteroshoy.mx\\\/noticias\\\/acusan-de-fraude-a-ex-presidentes-de-la-fifa-y-de-la-uefa\\\/\",\"url\":\"https:\\\/\\\/reporteroshoy.mx\\\/noticias\\\/acusan-de-fraude-a-ex-presidentes-de-la-fifa-y-de-la-uefa\\\/\",\"name\":\"Acusan de fraude a ex presidentes de la FIFA y de la UEFA\",\"isPartOf\":{\"@id\":\"https:\\\/\\\/reporteroshoy.mx\\\/noticias\\\/#website\"},\"primaryImageOfPage\":{\"@id\":\"https:\\\/\\\/reporteroshoy.mx\\\/noticias\\\/acusan-de-fraude-a-ex-presidentes-de-la-fifa-y-de-la-uefa\\\/#primaryimage\"},\"image\":{\"@id\":\"https:\\\/\\\/reporteroshoy.mx\\\/noticias\\\/acusan-de-fraude-a-ex-presidentes-de-la-fifa-y-de-la-uefa\\\/#primaryimage\"},\"thumbnailUrl\":\"https:\\\/\\\/reporteroshoy.mx\\\/noticias\\\/wp-content\\\/uploads\\\/2021\\\/11\\\/Fraude.jpg\",\"datePublished\":\"2021-11-02T16:49:11+00:00\",\"author\":{\"@id\":\"https:\\\/\\\/reporteroshoy.mx\\\/noticias\\\/#\\\/schema\\\/person\\\/c977527e57c958a62c5cefe8fe47876e\"},\"description\":\"La Fiscal\u00eda de Suiza tambi\u00e9n los acusa de varios delitos y depender\u00e1 del Tribunal Penal Federal de Bellinzona si hace v\u00e1lida la acusaci\u00f3n y si se realiza un proceso contra los exdirigentes.\",\"breadcrumb\":{\"@id\":\"https:\\\/\\\/reporteroshoy.mx\\\/noticias\\\/acusan-de-fraude-a-ex-presidentes-de-la-fifa-y-de-la-uefa\\\/#breadcrumb\"},\"inLanguage\":\"es\",\"potentialAction\":[{\"@type\":\"ReadAction\",\"target\":[\"https:\\\/\\\/reporteroshoy.mx\\\/noticias\\\/acusan-de-fraude-a-ex-presidentes-de-la-fifa-y-de-la-uefa\\\/\"]}]},{\"@type\":\"ImageObject\",\"inLanguage\":\"es\",\"@id\":\"https:\\\/\\\/reporteroshoy.mx\\\/noticias\\\/acusan-de-fraude-a-ex-presidentes-de-la-fifa-y-de-la-uefa\\\/#primaryimage\",\"url\":\"https:\\\/\\\/reporteroshoy.mx\\\/noticias\\\/wp-content\\\/uploads\\\/2021\\\/11\\\/Fraude.jpg\",\"contentUrl\":\"https:\\\/\\\/reporteroshoy.mx\\\/noticias\\\/wp-content\\\/uploads\\\/2021\\\/11\\\/Fraude.jpg\",\"width\":768,\"height\":431},{\"@type\":\"BreadcrumbList\",\"@id\":\"https:\\\/\\\/reporteroshoy.mx\\\/noticias\\\/acusan-de-fraude-a-ex-presidentes-de-la-fifa-y-de-la-uefa\\\/#breadcrumb\",\"itemListElement\":[{\"@type\":\"ListItem\",\"position\":1,\"name\":\"Portada\",\"item\":\"https:\\\/\\\/reporteroshoy.mx\\\/noticias\\\/\"},{\"@type\":\"ListItem\",\"position\":2,\"name\":\"Acusan de fraude a ex presidentes de la FIFA y de la UEFA\"}]},{\"@type\":\"WebSite\",\"@id\":\"https:\\\/\\\/reporteroshoy.mx\\\/noticias\\\/#website\",\"url\":\"https:\\\/\\\/reporteroshoy.mx\\\/noticias\\\/\",\"name\":\"Reporteros Hoy | Noticias de Yucat\u00e1n\",\"description\":\"Peri\u00f3dico digital con noticias diarias desde M\u00e9rida, Yucat\u00e1n para el mundo.\",\"potentialAction\":[{\"@type\":\"SearchAction\",\"target\":{\"@type\":\"EntryPoint\",\"urlTemplate\":\"https:\\\/\\\/reporteroshoy.mx\\\/noticias\\\/?s={search_term_string}\"},\"query-input\":{\"@type\":\"PropertyValueSpecification\",\"valueRequired\":true,\"valueName\":\"search_term_string\"}}],\"inLanguage\":\"es\"},{\"@type\":\"Person\",\"@id\":\"https:\\\/\\\/reporteroshoy.mx\\\/noticias\\\/#\\\/schema\\\/person\\\/c977527e57c958a62c5cefe8fe47876e\",\"name\":\"Reporteros Hoy WP\",\"image\":{\"@type\":\"ImageObject\",\"inLanguage\":\"es\",\"@id\":\"https:\\\/\\\/secure.gravatar.com\\\/avatar\\\/fd2917f79a7dae30f8ac9ddc2f35e1756bb59e25e01d1cd09deaa64df7b2f73e?s=96&d=mm&r=g\",\"url\":\"https:\\\/\\\/secure.gravatar.com\\\/avatar\\\/fd2917f79a7dae30f8ac9ddc2f35e1756bb59e25e01d1cd09deaa64df7b2f73e?s=96&d=mm&r=g\",\"contentUrl\":\"https:\\\/\\\/secure.gravatar.com\\\/avatar\\\/fd2917f79a7dae30f8ac9ddc2f35e1756bb59e25e01d1cd09deaa64df7b2f73e?s=96&d=mm&r=g\",\"caption\":\"Reporteros Hoy WP\"},\"url\":\"https:\\\/\\\/reporteroshoy.mx\\\/noticias\\\/author\\\/walfer\\\/\"}]}<\/script>\n<!-- \/ Yoast SEO plugin. -->","yoast_head_json":{"title":"Acusan de fraude a ex presidentes de la FIFA y de la UEFA","description":"La Fiscal\u00eda de Suiza tambi\u00e9n los acusa de varios delitos y depender\u00e1 del Tribunal Penal Federal de Bellinzona si hace v\u00e1lida la acusaci\u00f3n y si se realiza un proceso contra los exdirigentes.","robots":{"index":"index","follow":"follow","max-snippet":"max-snippet:-1","max-image-preview":"max-image-preview:large","max-video-preview":"max-video-preview:-1"},"canonical":"https:\/\/reporteroshoy.mx\/noticias\/acusan-de-fraude-a-ex-presidentes-de-la-fifa-y-de-la-uefa\/","og_locale":"es_ES","og_type":"article","og_title":"Acusan de fraude a ex presidentes de la FIFA y de la UEFA","og_description":"La Fiscal\u00eda de Suiza tambi\u00e9n los acusa de varios delitos y depender\u00e1 del Tribunal Penal Federal de Bellinzona si hace v\u00e1lida la acusaci\u00f3n y si se realiza un proceso contra los exdirigentes.","og_url":"https:\/\/reporteroshoy.mx\/noticias\/acusan-de-fraude-a-ex-presidentes-de-la-fifa-y-de-la-uefa\/","og_site_name":"Reporteros Hoy | Noticias de Yucat\u00e1n","article_publisher":"http:\/\/www.facebook.com\/reporteroshoymx","article_published_time":"2021-11-02T16:49:11+00:00","og_image":[{"width":768,"height":431,"url":"https:\/\/reporteroshoy.mx\/noticias\/wp-content\/uploads\/2021\/11\/Fraude.jpg","type":"image\/jpeg"}],"author":"Reporteros Hoy WP","twitter_card":"summary_large_image","twitter_creator":"@reporteroshoy","twitter_site":"@reporteroshoy","twitter_misc":{"Escrito por":"Reporteros Hoy WP","Tiempo de lectura":"2 minutos"},"schema":{"@context":"https:\/\/schema.org","@graph":[{"@type":"Article","@id":"https:\/\/reporteroshoy.mx\/noticias\/acusan-de-fraude-a-ex-presidentes-de-la-fifa-y-de-la-uefa\/#article","isPartOf":{"@id":"https:\/\/reporteroshoy.mx\/noticias\/acusan-de-fraude-a-ex-presidentes-de-la-fifa-y-de-la-uefa\/"},"author":{"name":"Reporteros Hoy WP","@id":"https:\/\/reporteroshoy.mx\/noticias\/#\/schema\/person\/c977527e57c958a62c5cefe8fe47876e"},"headline":"Acusan de fraude a ex presidentes de la FIFA y de la UEFA","datePublished":"2021-11-02T16:49:11+00:00","mainEntityOfPage":{"@id":"https:\/\/reporteroshoy.mx\/noticias\/acusan-de-fraude-a-ex-presidentes-de-la-fifa-y-de-la-uefa\/"},"wordCount":402,"commentCount":0,"image":{"@id":"https:\/\/reporteroshoy.mx\/noticias\/acusan-de-fraude-a-ex-presidentes-de-la-fifa-y-de-la-uefa\/#primaryimage"},"thumbnailUrl":"https:\/\/reporteroshoy.mx\/noticias\/wp-content\/uploads\/2021\/11\/Fraude.jpg","keywords":["FIFA","fraude","Joseph Blatter","Michel Platini","UEFA"],"articleSection":["Deportes"],"inLanguage":"es","potentialAction":[{"@type":"CommentAction","name":"Comment","target":["https:\/\/reporteroshoy.mx\/noticias\/acusan-de-fraude-a-ex-presidentes-de-la-fifa-y-de-la-uefa\/#respond"]}]},{"@type":"WebPage","@id":"https:\/\/reporteroshoy.mx\/noticias\/acusan-de-fraude-a-ex-presidentes-de-la-fifa-y-de-la-uefa\/","url":"https:\/\/reporteroshoy.mx\/noticias\/acusan-de-fraude-a-ex-presidentes-de-la-fifa-y-de-la-uefa\/","name":"Acusan de fraude a ex presidentes de la FIFA y de la UEFA","isPartOf":{"@id":"https:\/\/reporteroshoy.mx\/noticias\/#website"},"primaryImageOfPage":{"@id":"https:\/\/reporteroshoy.mx\/noticias\/acusan-de-fraude-a-ex-presidentes-de-la-fifa-y-de-la-uefa\/#primaryimage"},"image":{"@id":"https:\/\/reporteroshoy.mx\/noticias\/acusan-de-fraude-a-ex-presidentes-de-la-fifa-y-de-la-uefa\/#primaryimage"},"thumbnailUrl":"https:\/\/reporteroshoy.mx\/noticias\/wp-content\/uploads\/2021\/11\/Fraude.jpg","datePublished":"2021-11-02T16:49:11+00:00","author":{"@id":"https:\/\/reporteroshoy.mx\/noticias\/#\/schema\/person\/c977527e57c958a62c5cefe8fe47876e"},"description":"La Fiscal\u00eda de Suiza tambi\u00e9n los acusa de varios delitos y depender\u00e1 del Tribunal Penal Federal de Bellinzona si hace v\u00e1lida la acusaci\u00f3n y si se realiza un proceso contra los exdirigentes.","breadcrumb":{"@id":"https:\/\/reporteroshoy.mx\/noticias\/acusan-de-fraude-a-ex-presidentes-de-la-fifa-y-de-la-uefa\/#breadcrumb"},"inLanguage":"es","potentialAction":[{"@type":"ReadAction","target":["https:\/\/reporteroshoy.mx\/noticias\/acusan-de-fraude-a-ex-presidentes-de-la-fifa-y-de-la-uefa\/"]}]},{"@type":"ImageObject","inLanguage":"es","@id":"https:\/\/reporteroshoy.mx\/noticias\/acusan-de-fraude-a-ex-presidentes-de-la-fifa-y-de-la-uefa\/#primaryimage","url":"https:\/\/reporteroshoy.mx\/noticias\/wp-content\/uploads\/2021\/11\/Fraude.jpg","contentUrl":"https:\/\/reporteroshoy.mx\/noticias\/wp-content\/uploads\/2021\/11\/Fraude.jpg","width":768,"height":431},{"@type":"BreadcrumbList","@id":"https:\/\/reporteroshoy.mx\/noticias\/acusan-de-fraude-a-ex-presidentes-de-la-fifa-y-de-la-uefa\/#breadcrumb","itemListElement":[{"@type":"ListItem","position":1,"name":"Portada","item":"https:\/\/reporteroshoy.mx\/noticias\/"},{"@type":"ListItem","position":2,"name":"Acusan de fraude a ex presidentes de la FIFA y de la UEFA"}]},{"@type":"WebSite","@id":"https:\/\/reporteroshoy.mx\/noticias\/#website","url":"https:\/\/reporteroshoy.mx\/noticias\/","name":"Reporteros Hoy | Noticias de Yucat\u00e1n","description":"Peri\u00f3dico digital con noticias diarias desde M\u00e9rida, Yucat\u00e1n para el mundo.","potentialAction":[{"@type":"SearchAction","target":{"@type":"EntryPoint","urlTemplate":"https:\/\/reporteroshoy.mx\/noticias\/?s={search_term_string}"},"query-input":{"@type":"PropertyValueSpecification","valueRequired":true,"valueName":"search_term_string"}}],"inLanguage":"es"},{"@type":"Person","@id":"https:\/\/reporteroshoy.mx\/noticias\/#\/schema\/person\/c977527e57c958a62c5cefe8fe47876e","name":"Reporteros Hoy WP","image":{"@type":"ImageObject","inLanguage":"es","@id":"https:\/\/secure.gravatar.com\/avatar\/fd2917f79a7dae30f8ac9ddc2f35e1756bb59e25e01d1cd09deaa64df7b2f73e?s=96&d=mm&r=g","url":"https:\/\/secure.gravatar.com\/avatar\/fd2917f79a7dae30f8ac9ddc2f35e1756bb59e25e01d1cd09deaa64df7b2f73e?s=96&d=mm&r=g","contentUrl":"https:\/\/secure.gravatar.com\/avatar\/fd2917f79a7dae30f8ac9ddc2f35e1756bb59e25e01d1cd09deaa64df7b2f73e?s=96&d=mm&r=g","caption":"Reporteros Hoy WP"},"url":"https:\/\/reporteroshoy.mx\/noticias\/author\/walfer\/"}]}},"_links":{"self":[{"href":"https:\/\/reporteroshoy.mx\/noticias\/wp-json\/wp\/v2\/posts\/75087","targetHints":{"allow":["GET"]}}],"collection":[{"href":"https:\/\/reporteroshoy.mx\/noticias\/wp-json\/wp\/v2\/posts"}],"about":[{"href":"https:\/\/reporteroshoy.mx\/noticias\/wp-json\/wp\/v2\/types\/post"}],"author":[{"embeddable":true,"href":"https:\/\/reporteroshoy.mx\/noticias\/wp-json\/wp\/v2\/users\/9"}],"replies":[{"embeddable":true,"href":"https:\/\/reporteroshoy.mx\/noticias\/wp-json\/wp\/v2\/comments?post=75087"}],"version-history":[{"count":0,"href":"https:\/\/reporteroshoy.mx\/noticias\/wp-json\/wp\/v2\/posts\/75087\/revisions"}],"wp:featuredmedia":[{"embeddable":true,"href":"https:\/\/reporteroshoy.mx\/noticias\/wp-json\/wp\/v2\/media\/75088"}],"wp:attachment":[{"href":"https:\/\/reporteroshoy.mx\/noticias\/wp-json\/wp\/v2\/media?parent=75087"}],"wp:term":[{"taxonomy":"category","embeddable":true,"href":"https:\/\/reporteroshoy.mx\/noticias\/wp-json\/wp\/v2\/categories?post=75087"},{"taxonomy":"post_tag","embeddable":true,"href":"https:\/\/reporteroshoy.mx\/noticias\/wp-json\/wp\/v2\/tags?post=75087"}],"curies":[{"name":"wp","href":"https:\/\/api.w.org\/{rel}","templated":true}]}}