{"id":75384,"date":"2021-11-06T10:47:45","date_gmt":"2021-11-06T16:47:45","guid":{"rendered":"https:\/\/reporteroshoy.mx\/noticias\/?p=75384"},"modified":"2021-11-06T10:47:45","modified_gmt":"2021-11-06T16:47:45","slug":"por-fin-el-paso-deprimido-ya-esta-abierto-a-la-circulacion","status":"publish","type":"post","link":"https:\/\/reporteroshoy.mx\/noticias\/por-fin-el-paso-deprimido-ya-esta-abierto-a-la-circulacion\/","title":{"rendered":"\u00a1Por fin! El paso deprimido ya est\u00e1 abierto a la circulaci\u00f3n"},"content":{"rendered":"<p style=\"text-align: justify;\">M\u00e9rida, Yucat\u00e1n; 6 de noviembre de 2021 (ACOM).- Tras varios meses de estar cerrado a la circulaci\u00f3n vehicular, el paso a desnivel de prolongaci\u00f3n Paseo de Montejo con Circuito Colonias volvi\u00f3 a funcionar<\/p>\n<p style=\"text-align: justify;\">Y es que fueron casi 6 meses de reparaciones para que el llamado \u00abpaso deprimido\u00bb fuera puesto en condiciones para el tr\u00e1nsito de automotores, aunque en un principio se anunci\u00f3 que dichos\u00a0trabajos se har\u00edan en 75 d\u00edas.<\/p>\n<p style=\"text-align: justify;\">En los primeros minutos de hoy fue posible la circulaci\u00f3n de veh\u00edculos por esta v\u00eda, la cual ha sido pol\u00e9mica desde su inauguraci\u00f3n en el 2012.<\/p>\n<p><img loading=\"lazy\" decoding=\"async\" class=\"wp-image-75385 aligncenter\" src=\"https:\/\/reporteroshoy.mx\/noticias\/wp-content\/uploads\/2021\/11\/Paso-deprimido.jpg\" alt=\"\" width=\"600\" height=\"337\" \/><\/p>\n<p style=\"text-align: justify;\">Cabe recordar que, tras quedar inundado debido a las intensas lluvias que gener\u00f3 el ingreso de la tormenta tropical \u00abZeta\u00bb, en octubre del a\u00f1o pasado, el paso deprimido qued\u00f3 inundado y fue cerrado a la circulaci\u00f3n.<\/p>\n<p style=\"text-align: justify;\">Fue hasta abril del 2021 que iniciaron los trabajos para retirar el agua estancada en la v\u00eda, con el objetivo de iniciar los trabajos de reparaci\u00f3n en mayo, buscando elevar la superficie del t\u00fanel 1.5 metros para solucionar el problema de la inundaci\u00f3n, dejando su altura m\u00e1xima en poco m\u00e1s de 3.5 metros.<\/p>\n<p style=\"text-align: justify;\">La Comuna anunci\u00f3 que tambi\u00e9n se decidi\u00f3\u00a0colocar el escudo oficial del Ayuntamiento en unos espacios de la v\u00eda, as\u00ed como retirar las estructuras que estaban sobre los pasos peatonales del distribuidor vial.<\/p>\n<p style=\"text-align: justify;\">Se remarc\u00f3 que por el paso a desnivel ya no podr\u00e1n transitar camiones de pasaje ni veh\u00edculos que excedan la altura m\u00e1xima del t\u00fanel.<\/p>\n","protected":false},"excerpt":{"rendered":"<p>Tras varios meses de estar cerrado a la circulaci\u00f3n vehicular, el paso a desnivel de prolongaci\u00f3n Paseo de Montejo volvi\u00f3 a funcionar.<\/p>\n","protected":false},"author":9,"featured_media":75385,"comment_status":"open","ping_status":"closed","sticky":false,"template":"","format":"standard","meta":{"footnotes":""},"categories":[17],"tags":[24,12250],"class_list":["post-75384","post","type-post","status-publish","format-standard","has-post-thumbnail","hentry","category-yucatan","tag-ayuntamiento-de-merida","tag-paso-deprimido"],"yoast_head":"<!-- This site is optimized with the Yoast SEO plugin v28.3 - https:\/\/yoast.com\/product\/yoast-seo-wordpress\/ -->\n<title>\u00a1Por fin! El paso deprimido ya est\u00e1 abierto a la circulaci\u00f3n<\/title>\n<meta name=\"description\" content=\"Tras varios meses de estar cerrado a la circulaci\u00f3n vehicular, el paso a desnivel de prolongaci\u00f3n Paseo de Montejo volvi\u00f3 a funcionar.\" \/>\n<meta name=\"robots\" content=\"index, follow, max-snippet:-1, max-image-preview:large, max-video-preview:-1\" \/>\n<link rel=\"canonical\" href=\"https:\/\/reporteroshoy.mx\/noticias\/por-fin-el-paso-deprimido-ya-esta-abierto-a-la-circulacion\/\" \/>\n<meta property=\"og:locale\" content=\"es_ES\" \/>\n<meta property=\"og:type\" content=\"article\" \/>\n<meta property=\"og:title\" content=\"\u00a1Por fin! El paso deprimido ya est\u00e1 abierto a la circulaci\u00f3n\" \/>\n<meta property=\"og:description\" content=\"Tras varios meses de estar cerrado a la circulaci\u00f3n vehicular, el paso a desnivel de prolongaci\u00f3n Paseo de Montejo volvi\u00f3 a funcionar.\" \/>\n<meta property=\"og:url\" content=\"https:\/\/reporteroshoy.mx\/noticias\/por-fin-el-paso-deprimido-ya-esta-abierto-a-la-circulacion\/\" \/>\n<meta property=\"og:site_name\" content=\"Reporteros Hoy | Noticias de Yucat\u00e1n\" \/>\n<meta property=\"article:publisher\" content=\"http:\/\/www.facebook.com\/reporteroshoymx\" \/>\n<meta property=\"article:published_time\" content=\"2021-11-06T16:47:45+00:00\" \/>\n<meta property=\"og:image\" content=\"https:\/\/reporteroshoy.mx\/noticias\/wp-content\/uploads\/2021\/11\/Paso-deprimido.jpg\" \/>\n\t<meta property=\"og:image:width\" content=\"768\" \/>\n\t<meta property=\"og:image:height\" content=\"431\" \/>\n\t<meta property=\"og:image:type\" content=\"image\/jpeg\" \/>\n<meta name=\"author\" content=\"Reporteros Hoy WP\" \/>\n<meta name=\"twitter:card\" content=\"summary_large_image\" \/>\n<meta name=\"twitter:creator\" content=\"@reporteroshoy\" \/>\n<meta name=\"twitter:site\" content=\"@reporteroshoy\" \/>\n<meta name=\"twitter:label1\" content=\"Escrito por\" \/>\n\t<meta name=\"twitter:data1\" content=\"Reporteros Hoy WP\" \/>\n\t<meta name=\"twitter:label2\" content=\"Tiempo de lectura\" \/>\n\t<meta name=\"twitter:data2\" content=\"2 minutos\" \/>\n<script type=\"application\/ld+json\" class=\"yoast-schema-graph\">{\"@context\":\"https:\\\/\\\/schema.org\",\"@graph\":[{\"@type\":\"Article\",\"@id\":\"https:\\\/\\\/reporteroshoy.mx\\\/noticias\\\/por-fin-el-paso-deprimido-ya-esta-abierto-a-la-circulacion\\\/#article\",\"isPartOf\":{\"@id\":\"https:\\\/\\\/reporteroshoy.mx\\\/noticias\\\/por-fin-el-paso-deprimido-ya-esta-abierto-a-la-circulacion\\\/\"},\"author\":{\"name\":\"Reporteros Hoy WP\",\"@id\":\"https:\\\/\\\/reporteroshoy.mx\\\/noticias\\\/#\\\/schema\\\/person\\\/c977527e57c958a62c5cefe8fe47876e\"},\"headline\":\"\u00a1Por fin! El paso deprimido ya est\u00e1 abierto a la circulaci\u00f3n\",\"datePublished\":\"2021-11-06T16:47:45+00:00\",\"mainEntityOfPage\":{\"@id\":\"https:\\\/\\\/reporteroshoy.mx\\\/noticias\\\/por-fin-el-paso-deprimido-ya-esta-abierto-a-la-circulacion\\\/\"},\"wordCount\":274,\"commentCount\":0,\"image\":{\"@id\":\"https:\\\/\\\/reporteroshoy.mx\\\/noticias\\\/por-fin-el-paso-deprimido-ya-esta-abierto-a-la-circulacion\\\/#primaryimage\"},\"thumbnailUrl\":\"https:\\\/\\\/reporteroshoy.mx\\\/noticias\\\/wp-content\\\/uploads\\\/2021\\\/11\\\/Paso-deprimido.jpg\",\"keywords\":[\"ayuntamiento de merida\",\"paso deprimido\"],\"articleSection\":[\"Yucat\u00e1n\"],\"inLanguage\":\"es\",\"potentialAction\":[{\"@type\":\"CommentAction\",\"name\":\"Comment\",\"target\":[\"https:\\\/\\\/reporteroshoy.mx\\\/noticias\\\/por-fin-el-paso-deprimido-ya-esta-abierto-a-la-circulacion\\\/#respond\"]}]},{\"@type\":\"WebPage\",\"@id\":\"https:\\\/\\\/reporteroshoy.mx\\\/noticias\\\/por-fin-el-paso-deprimido-ya-esta-abierto-a-la-circulacion\\\/\",\"url\":\"https:\\\/\\\/reporteroshoy.mx\\\/noticias\\\/por-fin-el-paso-deprimido-ya-esta-abierto-a-la-circulacion\\\/\",\"name\":\"\u00a1Por fin! El paso deprimido ya est\u00e1 abierto a la circulaci\u00f3n\",\"isPartOf\":{\"@id\":\"https:\\\/\\\/reporteroshoy.mx\\\/noticias\\\/#website\"},\"primaryImageOfPage\":{\"@id\":\"https:\\\/\\\/reporteroshoy.mx\\\/noticias\\\/por-fin-el-paso-deprimido-ya-esta-abierto-a-la-circulacion\\\/#primaryimage\"},\"image\":{\"@id\":\"https:\\\/\\\/reporteroshoy.mx\\\/noticias\\\/por-fin-el-paso-deprimido-ya-esta-abierto-a-la-circulacion\\\/#primaryimage\"},\"thumbnailUrl\":\"https:\\\/\\\/reporteroshoy.mx\\\/noticias\\\/wp-content\\\/uploads\\\/2021\\\/11\\\/Paso-deprimido.jpg\",\"datePublished\":\"2021-11-06T16:47:45+00:00\",\"author\":{\"@id\":\"https:\\\/\\\/reporteroshoy.mx\\\/noticias\\\/#\\\/schema\\\/person\\\/c977527e57c958a62c5cefe8fe47876e\"},\"description\":\"Tras varios meses de estar cerrado a la circulaci\u00f3n vehicular, el paso a desnivel de prolongaci\u00f3n Paseo de Montejo volvi\u00f3 a funcionar.\",\"breadcrumb\":{\"@id\":\"https:\\\/\\\/reporteroshoy.mx\\\/noticias\\\/por-fin-el-paso-deprimido-ya-esta-abierto-a-la-circulacion\\\/#breadcrumb\"},\"inLanguage\":\"es\",\"potentialAction\":[{\"@type\":\"ReadAction\",\"target\":[\"https:\\\/\\\/reporteroshoy.mx\\\/noticias\\\/por-fin-el-paso-deprimido-ya-esta-abierto-a-la-circulacion\\\/\"]}]},{\"@type\":\"ImageObject\",\"inLanguage\":\"es\",\"@id\":\"https:\\\/\\\/reporteroshoy.mx\\\/noticias\\\/por-fin-el-paso-deprimido-ya-esta-abierto-a-la-circulacion\\\/#primaryimage\",\"url\":\"https:\\\/\\\/reporteroshoy.mx\\\/noticias\\\/wp-content\\\/uploads\\\/2021\\\/11\\\/Paso-deprimido.jpg\",\"contentUrl\":\"https:\\\/\\\/reporteroshoy.mx\\\/noticias\\\/wp-content\\\/uploads\\\/2021\\\/11\\\/Paso-deprimido.jpg\",\"width\":768,\"height\":431},{\"@type\":\"BreadcrumbList\",\"@id\":\"https:\\\/\\\/reporteroshoy.mx\\\/noticias\\\/por-fin-el-paso-deprimido-ya-esta-abierto-a-la-circulacion\\\/#breadcrumb\",\"itemListElement\":[{\"@type\":\"ListItem\",\"position\":1,\"name\":\"Portada\",\"item\":\"https:\\\/\\\/reporteroshoy.mx\\\/noticias\\\/\"},{\"@type\":\"ListItem\",\"position\":2,\"name\":\"\u00a1Por fin! El paso deprimido ya est\u00e1 abierto a la circulaci\u00f3n\"}]},{\"@type\":\"WebSite\",\"@id\":\"https:\\\/\\\/reporteroshoy.mx\\\/noticias\\\/#website\",\"url\":\"https:\\\/\\\/reporteroshoy.mx\\\/noticias\\\/\",\"name\":\"Reporteros Hoy | Noticias de Yucat\u00e1n\",\"description\":\"Peri\u00f3dico digital con noticias diarias desde M\u00e9rida, Yucat\u00e1n para el mundo.\",\"potentialAction\":[{\"@type\":\"SearchAction\",\"target\":{\"@type\":\"EntryPoint\",\"urlTemplate\":\"https:\\\/\\\/reporteroshoy.mx\\\/noticias\\\/?s={search_term_string}\"},\"query-input\":{\"@type\":\"PropertyValueSpecification\",\"valueRequired\":true,\"valueName\":\"search_term_string\"}}],\"inLanguage\":\"es\"},{\"@type\":\"Person\",\"@id\":\"https:\\\/\\\/reporteroshoy.mx\\\/noticias\\\/#\\\/schema\\\/person\\\/c977527e57c958a62c5cefe8fe47876e\",\"name\":\"Reporteros Hoy WP\",\"image\":{\"@type\":\"ImageObject\",\"inLanguage\":\"es\",\"@id\":\"https:\\\/\\\/secure.gravatar.com\\\/avatar\\\/fd2917f79a7dae30f8ac9ddc2f35e1756bb59e25e01d1cd09deaa64df7b2f73e?s=96&d=mm&r=g\",\"url\":\"https:\\\/\\\/secure.gravatar.com\\\/avatar\\\/fd2917f79a7dae30f8ac9ddc2f35e1756bb59e25e01d1cd09deaa64df7b2f73e?s=96&d=mm&r=g\",\"contentUrl\":\"https:\\\/\\\/secure.gravatar.com\\\/avatar\\\/fd2917f79a7dae30f8ac9ddc2f35e1756bb59e25e01d1cd09deaa64df7b2f73e?s=96&d=mm&r=g\",\"caption\":\"Reporteros Hoy WP\"},\"url\":\"https:\\\/\\\/reporteroshoy.mx\\\/noticias\\\/author\\\/walfer\\\/\"}]}<\/script>\n<!-- \/ Yoast SEO plugin. -->","yoast_head_json":{"title":"\u00a1Por fin! El paso deprimido ya est\u00e1 abierto a la circulaci\u00f3n","description":"Tras varios meses de estar cerrado a la circulaci\u00f3n vehicular, el paso a desnivel de prolongaci\u00f3n Paseo de Montejo volvi\u00f3 a funcionar.","robots":{"index":"index","follow":"follow","max-snippet":"max-snippet:-1","max-image-preview":"max-image-preview:large","max-video-preview":"max-video-preview:-1"},"canonical":"https:\/\/reporteroshoy.mx\/noticias\/por-fin-el-paso-deprimido-ya-esta-abierto-a-la-circulacion\/","og_locale":"es_ES","og_type":"article","og_title":"\u00a1Por fin! El paso deprimido ya est\u00e1 abierto a la circulaci\u00f3n","og_description":"Tras varios meses de estar cerrado a la circulaci\u00f3n vehicular, el paso a desnivel de prolongaci\u00f3n Paseo de Montejo volvi\u00f3 a funcionar.","og_url":"https:\/\/reporteroshoy.mx\/noticias\/por-fin-el-paso-deprimido-ya-esta-abierto-a-la-circulacion\/","og_site_name":"Reporteros Hoy | Noticias de Yucat\u00e1n","article_publisher":"http:\/\/www.facebook.com\/reporteroshoymx","article_published_time":"2021-11-06T16:47:45+00:00","og_image":[{"width":768,"height":431,"url":"https:\/\/reporteroshoy.mx\/noticias\/wp-content\/uploads\/2021\/11\/Paso-deprimido.jpg","type":"image\/jpeg"}],"author":"Reporteros Hoy WP","twitter_card":"summary_large_image","twitter_creator":"@reporteroshoy","twitter_site":"@reporteroshoy","twitter_misc":{"Escrito por":"Reporteros Hoy WP","Tiempo de lectura":"2 minutos"},"schema":{"@context":"https:\/\/schema.org","@graph":[{"@type":"Article","@id":"https:\/\/reporteroshoy.mx\/noticias\/por-fin-el-paso-deprimido-ya-esta-abierto-a-la-circulacion\/#article","isPartOf":{"@id":"https:\/\/reporteroshoy.mx\/noticias\/por-fin-el-paso-deprimido-ya-esta-abierto-a-la-circulacion\/"},"author":{"name":"Reporteros Hoy WP","@id":"https:\/\/reporteroshoy.mx\/noticias\/#\/schema\/person\/c977527e57c958a62c5cefe8fe47876e"},"headline":"\u00a1Por fin! El paso deprimido ya est\u00e1 abierto a la circulaci\u00f3n","datePublished":"2021-11-06T16:47:45+00:00","mainEntityOfPage":{"@id":"https:\/\/reporteroshoy.mx\/noticias\/por-fin-el-paso-deprimido-ya-esta-abierto-a-la-circulacion\/"},"wordCount":274,"commentCount":0,"image":{"@id":"https:\/\/reporteroshoy.mx\/noticias\/por-fin-el-paso-deprimido-ya-esta-abierto-a-la-circulacion\/#primaryimage"},"thumbnailUrl":"https:\/\/reporteroshoy.mx\/noticias\/wp-content\/uploads\/2021\/11\/Paso-deprimido.jpg","keywords":["ayuntamiento de merida","paso deprimido"],"articleSection":["Yucat\u00e1n"],"inLanguage":"es","potentialAction":[{"@type":"CommentAction","name":"Comment","target":["https:\/\/reporteroshoy.mx\/noticias\/por-fin-el-paso-deprimido-ya-esta-abierto-a-la-circulacion\/#respond"]}]},{"@type":"WebPage","@id":"https:\/\/reporteroshoy.mx\/noticias\/por-fin-el-paso-deprimido-ya-esta-abierto-a-la-circulacion\/","url":"https:\/\/reporteroshoy.mx\/noticias\/por-fin-el-paso-deprimido-ya-esta-abierto-a-la-circulacion\/","name":"\u00a1Por fin! El paso deprimido ya est\u00e1 abierto a la circulaci\u00f3n","isPartOf":{"@id":"https:\/\/reporteroshoy.mx\/noticias\/#website"},"primaryImageOfPage":{"@id":"https:\/\/reporteroshoy.mx\/noticias\/por-fin-el-paso-deprimido-ya-esta-abierto-a-la-circulacion\/#primaryimage"},"image":{"@id":"https:\/\/reporteroshoy.mx\/noticias\/por-fin-el-paso-deprimido-ya-esta-abierto-a-la-circulacion\/#primaryimage"},"thumbnailUrl":"https:\/\/reporteroshoy.mx\/noticias\/wp-content\/uploads\/2021\/11\/Paso-deprimido.jpg","datePublished":"2021-11-06T16:47:45+00:00","author":{"@id":"https:\/\/reporteroshoy.mx\/noticias\/#\/schema\/person\/c977527e57c958a62c5cefe8fe47876e"},"description":"Tras varios meses de estar cerrado a la circulaci\u00f3n vehicular, el paso a desnivel de prolongaci\u00f3n Paseo de Montejo volvi\u00f3 a funcionar.","breadcrumb":{"@id":"https:\/\/reporteroshoy.mx\/noticias\/por-fin-el-paso-deprimido-ya-esta-abierto-a-la-circulacion\/#breadcrumb"},"inLanguage":"es","potentialAction":[{"@type":"ReadAction","target":["https:\/\/reporteroshoy.mx\/noticias\/por-fin-el-paso-deprimido-ya-esta-abierto-a-la-circulacion\/"]}]},{"@type":"ImageObject","inLanguage":"es","@id":"https:\/\/reporteroshoy.mx\/noticias\/por-fin-el-paso-deprimido-ya-esta-abierto-a-la-circulacion\/#primaryimage","url":"https:\/\/reporteroshoy.mx\/noticias\/wp-content\/uploads\/2021\/11\/Paso-deprimido.jpg","contentUrl":"https:\/\/reporteroshoy.mx\/noticias\/wp-content\/uploads\/2021\/11\/Paso-deprimido.jpg","width":768,"height":431},{"@type":"BreadcrumbList","@id":"https:\/\/reporteroshoy.mx\/noticias\/por-fin-el-paso-deprimido-ya-esta-abierto-a-la-circulacion\/#breadcrumb","itemListElement":[{"@type":"ListItem","position":1,"name":"Portada","item":"https:\/\/reporteroshoy.mx\/noticias\/"},{"@type":"ListItem","position":2,"name":"\u00a1Por fin! El paso deprimido ya est\u00e1 abierto a la circulaci\u00f3n"}]},{"@type":"WebSite","@id":"https:\/\/reporteroshoy.mx\/noticias\/#website","url":"https:\/\/reporteroshoy.mx\/noticias\/","name":"Reporteros Hoy | Noticias de Yucat\u00e1n","description":"Peri\u00f3dico digital con noticias diarias desde M\u00e9rida, Yucat\u00e1n para el mundo.","potentialAction":[{"@type":"SearchAction","target":{"@type":"EntryPoint","urlTemplate":"https:\/\/reporteroshoy.mx\/noticias\/?s={search_term_string}"},"query-input":{"@type":"PropertyValueSpecification","valueRequired":true,"valueName":"search_term_string"}}],"inLanguage":"es"},{"@type":"Person","@id":"https:\/\/reporteroshoy.mx\/noticias\/#\/schema\/person\/c977527e57c958a62c5cefe8fe47876e","name":"Reporteros Hoy WP","image":{"@type":"ImageObject","inLanguage":"es","@id":"https:\/\/secure.gravatar.com\/avatar\/fd2917f79a7dae30f8ac9ddc2f35e1756bb59e25e01d1cd09deaa64df7b2f73e?s=96&d=mm&r=g","url":"https:\/\/secure.gravatar.com\/avatar\/fd2917f79a7dae30f8ac9ddc2f35e1756bb59e25e01d1cd09deaa64df7b2f73e?s=96&d=mm&r=g","contentUrl":"https:\/\/secure.gravatar.com\/avatar\/fd2917f79a7dae30f8ac9ddc2f35e1756bb59e25e01d1cd09deaa64df7b2f73e?s=96&d=mm&r=g","caption":"Reporteros Hoy WP"},"url":"https:\/\/reporteroshoy.mx\/noticias\/author\/walfer\/"}]}},"_links":{"self":[{"href":"https:\/\/reporteroshoy.mx\/noticias\/wp-json\/wp\/v2\/posts\/75384","targetHints":{"allow":["GET"]}}],"collection":[{"href":"https:\/\/reporteroshoy.mx\/noticias\/wp-json\/wp\/v2\/posts"}],"about":[{"href":"https:\/\/reporteroshoy.mx\/noticias\/wp-json\/wp\/v2\/types\/post"}],"author":[{"embeddable":true,"href":"https:\/\/reporteroshoy.mx\/noticias\/wp-json\/wp\/v2\/users\/9"}],"replies":[{"embeddable":true,"href":"https:\/\/reporteroshoy.mx\/noticias\/wp-json\/wp\/v2\/comments?post=75384"}],"version-history":[{"count":0,"href":"https:\/\/reporteroshoy.mx\/noticias\/wp-json\/wp\/v2\/posts\/75384\/revisions"}],"wp:featuredmedia":[{"embeddable":true,"href":"https:\/\/reporteroshoy.mx\/noticias\/wp-json\/wp\/v2\/media\/75385"}],"wp:attachment":[{"href":"https:\/\/reporteroshoy.mx\/noticias\/wp-json\/wp\/v2\/media?parent=75384"}],"wp:term":[{"taxonomy":"category","embeddable":true,"href":"https:\/\/reporteroshoy.mx\/noticias\/wp-json\/wp\/v2\/categories?post=75384"},{"taxonomy":"post_tag","embeddable":true,"href":"https:\/\/reporteroshoy.mx\/noticias\/wp-json\/wp\/v2\/tags?post=75384"}],"curies":[{"name":"wp","href":"https:\/\/api.w.org\/{rel}","templated":true}]}}