{"id":76100,"date":"2021-11-16T15:25:07","date_gmt":"2021-11-16T21:25:07","guid":{"rendered":"https:\/\/reporteroshoy.mx\/noticias\/?p=76100"},"modified":"2021-11-17T11:46:27","modified_gmt":"2021-11-17T17:46:27","slug":"abuelito-muere-aplastado-por-un-camion-al-sur-de-merida","status":"publish","type":"post","link":"https:\/\/reporteroshoy.mx\/noticias\/abuelito-muere-aplastado-por-un-camion-al-sur-de-merida\/","title":{"rendered":"Abuelito muere aplastado por un cami\u00f3n al sur de M\u00e9rida"},"content":{"rendered":"<p style=\"text-align: justify;\">M\u00e9rida, Yucat\u00e1n; 16 de noviembre de 2021 (ACOM).- Tr\u00e1gico final tuvo un abuelito al aventarse debajo de un cami\u00f3n de transporte p\u00fablico que circulaba por la colonia Melit\u00f3n Salazar.<\/p>\n<p style=\"text-align: justify;\">Los hechos ocurrieron sobre la calle 66 cuando el adulto mayor, quien se encontraba en la banqueta, se tir\u00f3 debajo de cami\u00f3n de la ruta \u00abAmapola\u00bb que le aplast\u00f3 la cabeza hasta morir y expulsar su masa encef\u00e1lica.<\/p>\n<p style=\"text-align: justify;\">El camionero detuvo su marcha e inform\u00f3 del hecho a las autoridades de la Secretar\u00eda de Seguridad P\u00fablica, que se presentaron al lugar para acordonar el \u00e1rea. Personal del Servicio M\u00e9dico Forense levant\u00f3 el cad\u00e1ver, en espera de su identificaci\u00f3n.<\/p>\n<p><img loading=\"lazy\" decoding=\"async\" class=\"wp-image-76101 aligncenter\" src=\"https:\/\/reporteroshoy.mx\/noticias\/wp-content\/uploads\/2021\/11\/Muere-abuelo.jpg\" alt=\"\" width=\"598\" height=\"337\" \/><\/p>\n","protected":false},"excerpt":{"rendered":"<p>El adulto mayor se tir\u00f3 debajo del cami\u00f3n de transporte p\u00fablico que le pas\u00f3 las llantas hasta aplastarle la cabeza.<\/p>\n","protected":false},"author":9,"featured_media":76101,"comment_status":"open","ping_status":"closed","sticky":false,"template":"","format":"standard","meta":{"footnotes":""},"categories":[14],"tags":[19922,18435],"class_list":["post-76100","post","type-post","status-publish","format-standard","has-post-thumbnail","hentry","category-policia","tag-abuelito-aplastado","tag-muere-abuelito"],"yoast_head":"<!-- This site is optimized with the Yoast SEO plugin v28.3 - https:\/\/yoast.com\/product\/yoast-seo-wordpress\/ -->\n<title>Abuelito muere aplastado por un cami\u00f3n al sur de M\u00e9rida<\/title>\n<meta name=\"description\" content=\"El adulto mayor se tir\u00f3 debajo del cami\u00f3n de transporte p\u00fablico que le pas\u00f3 las llantas hasta aplastarle la cabeza.\" \/>\n<meta name=\"robots\" content=\"index, follow, max-snippet:-1, max-image-preview:large, max-video-preview:-1\" \/>\n<link rel=\"canonical\" href=\"https:\/\/reporteroshoy.mx\/noticias\/abuelito-muere-aplastado-por-un-camion-al-sur-de-merida\/\" \/>\n<meta property=\"og:locale\" content=\"es_ES\" \/>\n<meta property=\"og:type\" content=\"article\" \/>\n<meta property=\"og:title\" content=\"Abuelito muere aplastado por un cami\u00f3n al sur de M\u00e9rida\" \/>\n<meta property=\"og:description\" content=\"El adulto mayor se tir\u00f3 debajo del cami\u00f3n de transporte p\u00fablico que le pas\u00f3 las llantas hasta aplastarle la cabeza.\" \/>\n<meta property=\"og:url\" content=\"https:\/\/reporteroshoy.mx\/noticias\/abuelito-muere-aplastado-por-un-camion-al-sur-de-merida\/\" \/>\n<meta property=\"og:site_name\" content=\"Reporteros Hoy | Noticias de Yucat\u00e1n\" \/>\n<meta property=\"article:publisher\" content=\"http:\/\/www.facebook.com\/reporteroshoymx\" \/>\n<meta property=\"article:published_time\" content=\"2021-11-16T21:25:07+00:00\" \/>\n<meta property=\"article:modified_time\" content=\"2021-11-17T17:46:27+00:00\" \/>\n<meta property=\"og:image\" content=\"https:\/\/reporteroshoy.mx\/noticias\/wp-content\/uploads\/2021\/11\/Muere-abuelo.jpg\" \/>\n\t<meta property=\"og:image:width\" content=\"768\" \/>\n\t<meta property=\"og:image:height\" content=\"432\" \/>\n\t<meta property=\"og:image:type\" content=\"image\/jpeg\" \/>\n<meta name=\"author\" content=\"Reporteros Hoy WP\" \/>\n<meta name=\"twitter:card\" content=\"summary_large_image\" \/>\n<meta name=\"twitter:creator\" content=\"@reporteroshoy\" \/>\n<meta name=\"twitter:site\" content=\"@reporteroshoy\" \/>\n<meta name=\"twitter:label1\" content=\"Escrito por\" \/>\n\t<meta name=\"twitter:data1\" content=\"Reporteros Hoy WP\" \/>\n\t<meta name=\"twitter:label2\" content=\"Tiempo de lectura\" \/>\n\t<meta name=\"twitter:data2\" content=\"1 minuto\" \/>\n<script type=\"application\/ld+json\" class=\"yoast-schema-graph\">{\"@context\":\"https:\\\/\\\/schema.org\",\"@graph\":[{\"@type\":\"Article\",\"@id\":\"https:\\\/\\\/reporteroshoy.mx\\\/noticias\\\/abuelito-muere-aplastado-por-un-camion-al-sur-de-merida\\\/#article\",\"isPartOf\":{\"@id\":\"https:\\\/\\\/reporteroshoy.mx\\\/noticias\\\/abuelito-muere-aplastado-por-un-camion-al-sur-de-merida\\\/\"},\"author\":{\"name\":\"Reporteros Hoy WP\",\"@id\":\"https:\\\/\\\/reporteroshoy.mx\\\/noticias\\\/#\\\/schema\\\/person\\\/c977527e57c958a62c5cefe8fe47876e\"},\"headline\":\"Abuelito muere aplastado por un cami\u00f3n al sur de M\u00e9rida\",\"datePublished\":\"2021-11-16T21:25:07+00:00\",\"dateModified\":\"2021-11-17T17:46:27+00:00\",\"mainEntityOfPage\":{\"@id\":\"https:\\\/\\\/reporteroshoy.mx\\\/noticias\\\/abuelito-muere-aplastado-por-un-camion-al-sur-de-merida\\\/\"},\"wordCount\":130,\"commentCount\":0,\"image\":{\"@id\":\"https:\\\/\\\/reporteroshoy.mx\\\/noticias\\\/abuelito-muere-aplastado-por-un-camion-al-sur-de-merida\\\/#primaryimage\"},\"thumbnailUrl\":\"https:\\\/\\\/reporteroshoy.mx\\\/noticias\\\/wp-content\\\/uploads\\\/2021\\\/11\\\/Muere-abuelo.jpg\",\"keywords\":[\"abuelito aplastado\",\"Muere abuelito\"],\"articleSection\":[\"Polic\u00eda\"],\"inLanguage\":\"es\",\"potentialAction\":[{\"@type\":\"CommentAction\",\"name\":\"Comment\",\"target\":[\"https:\\\/\\\/reporteroshoy.mx\\\/noticias\\\/abuelito-muere-aplastado-por-un-camion-al-sur-de-merida\\\/#respond\"]}]},{\"@type\":\"WebPage\",\"@id\":\"https:\\\/\\\/reporteroshoy.mx\\\/noticias\\\/abuelito-muere-aplastado-por-un-camion-al-sur-de-merida\\\/\",\"url\":\"https:\\\/\\\/reporteroshoy.mx\\\/noticias\\\/abuelito-muere-aplastado-por-un-camion-al-sur-de-merida\\\/\",\"name\":\"Abuelito muere aplastado por un cami\u00f3n al sur de M\u00e9rida\",\"isPartOf\":{\"@id\":\"https:\\\/\\\/reporteroshoy.mx\\\/noticias\\\/#website\"},\"primaryImageOfPage\":{\"@id\":\"https:\\\/\\\/reporteroshoy.mx\\\/noticias\\\/abuelito-muere-aplastado-por-un-camion-al-sur-de-merida\\\/#primaryimage\"},\"image\":{\"@id\":\"https:\\\/\\\/reporteroshoy.mx\\\/noticias\\\/abuelito-muere-aplastado-por-un-camion-al-sur-de-merida\\\/#primaryimage\"},\"thumbnailUrl\":\"https:\\\/\\\/reporteroshoy.mx\\\/noticias\\\/wp-content\\\/uploads\\\/2021\\\/11\\\/Muere-abuelo.jpg\",\"datePublished\":\"2021-11-16T21:25:07+00:00\",\"dateModified\":\"2021-11-17T17:46:27+00:00\",\"author\":{\"@id\":\"https:\\\/\\\/reporteroshoy.mx\\\/noticias\\\/#\\\/schema\\\/person\\\/c977527e57c958a62c5cefe8fe47876e\"},\"description\":\"El adulto mayor se tir\u00f3 debajo del cami\u00f3n de transporte p\u00fablico que le pas\u00f3 las llantas hasta aplastarle la cabeza.\",\"breadcrumb\":{\"@id\":\"https:\\\/\\\/reporteroshoy.mx\\\/noticias\\\/abuelito-muere-aplastado-por-un-camion-al-sur-de-merida\\\/#breadcrumb\"},\"inLanguage\":\"es\",\"potentialAction\":[{\"@type\":\"ReadAction\",\"target\":[\"https:\\\/\\\/reporteroshoy.mx\\\/noticias\\\/abuelito-muere-aplastado-por-un-camion-al-sur-de-merida\\\/\"]}]},{\"@type\":\"ImageObject\",\"inLanguage\":\"es\",\"@id\":\"https:\\\/\\\/reporteroshoy.mx\\\/noticias\\\/abuelito-muere-aplastado-por-un-camion-al-sur-de-merida\\\/#primaryimage\",\"url\":\"https:\\\/\\\/reporteroshoy.mx\\\/noticias\\\/wp-content\\\/uploads\\\/2021\\\/11\\\/Muere-abuelo.jpg\",\"contentUrl\":\"https:\\\/\\\/reporteroshoy.mx\\\/noticias\\\/wp-content\\\/uploads\\\/2021\\\/11\\\/Muere-abuelo.jpg\",\"width\":768,\"height\":432},{\"@type\":\"BreadcrumbList\",\"@id\":\"https:\\\/\\\/reporteroshoy.mx\\\/noticias\\\/abuelito-muere-aplastado-por-un-camion-al-sur-de-merida\\\/#breadcrumb\",\"itemListElement\":[{\"@type\":\"ListItem\",\"position\":1,\"name\":\"Portada\",\"item\":\"https:\\\/\\\/reporteroshoy.mx\\\/noticias\\\/\"},{\"@type\":\"ListItem\",\"position\":2,\"name\":\"Abuelito muere aplastado por un cami\u00f3n al sur de M\u00e9rida\"}]},{\"@type\":\"WebSite\",\"@id\":\"https:\\\/\\\/reporteroshoy.mx\\\/noticias\\\/#website\",\"url\":\"https:\\\/\\\/reporteroshoy.mx\\\/noticias\\\/\",\"name\":\"Reporteros Hoy | Noticias de Yucat\u00e1n\",\"description\":\"Peri\u00f3dico digital con noticias diarias desde M\u00e9rida, Yucat\u00e1n para el mundo.\",\"potentialAction\":[{\"@type\":\"SearchAction\",\"target\":{\"@type\":\"EntryPoint\",\"urlTemplate\":\"https:\\\/\\\/reporteroshoy.mx\\\/noticias\\\/?s={search_term_string}\"},\"query-input\":{\"@type\":\"PropertyValueSpecification\",\"valueRequired\":true,\"valueName\":\"search_term_string\"}}],\"inLanguage\":\"es\"},{\"@type\":\"Person\",\"@id\":\"https:\\\/\\\/reporteroshoy.mx\\\/noticias\\\/#\\\/schema\\\/person\\\/c977527e57c958a62c5cefe8fe47876e\",\"name\":\"Reporteros Hoy WP\",\"image\":{\"@type\":\"ImageObject\",\"inLanguage\":\"es\",\"@id\":\"https:\\\/\\\/secure.gravatar.com\\\/avatar\\\/fd2917f79a7dae30f8ac9ddc2f35e1756bb59e25e01d1cd09deaa64df7b2f73e?s=96&d=mm&r=g\",\"url\":\"https:\\\/\\\/secure.gravatar.com\\\/avatar\\\/fd2917f79a7dae30f8ac9ddc2f35e1756bb59e25e01d1cd09deaa64df7b2f73e?s=96&d=mm&r=g\",\"contentUrl\":\"https:\\\/\\\/secure.gravatar.com\\\/avatar\\\/fd2917f79a7dae30f8ac9ddc2f35e1756bb59e25e01d1cd09deaa64df7b2f73e?s=96&d=mm&r=g\",\"caption\":\"Reporteros Hoy WP\"},\"url\":\"https:\\\/\\\/reporteroshoy.mx\\\/noticias\\\/author\\\/walfer\\\/\"}]}<\/script>\n<!-- \/ Yoast SEO plugin. -->","yoast_head_json":{"title":"Abuelito muere aplastado por un cami\u00f3n al sur de M\u00e9rida","description":"El adulto mayor se tir\u00f3 debajo del cami\u00f3n de transporte p\u00fablico que le pas\u00f3 las llantas hasta aplastarle la cabeza.","robots":{"index":"index","follow":"follow","max-snippet":"max-snippet:-1","max-image-preview":"max-image-preview:large","max-video-preview":"max-video-preview:-1"},"canonical":"https:\/\/reporteroshoy.mx\/noticias\/abuelito-muere-aplastado-por-un-camion-al-sur-de-merida\/","og_locale":"es_ES","og_type":"article","og_title":"Abuelito muere aplastado por un cami\u00f3n al sur de M\u00e9rida","og_description":"El adulto mayor se tir\u00f3 debajo del cami\u00f3n de transporte p\u00fablico que le pas\u00f3 las llantas hasta aplastarle la cabeza.","og_url":"https:\/\/reporteroshoy.mx\/noticias\/abuelito-muere-aplastado-por-un-camion-al-sur-de-merida\/","og_site_name":"Reporteros Hoy | Noticias de Yucat\u00e1n","article_publisher":"http:\/\/www.facebook.com\/reporteroshoymx","article_published_time":"2021-11-16T21:25:07+00:00","article_modified_time":"2021-11-17T17:46:27+00:00","og_image":[{"width":768,"height":432,"url":"https:\/\/reporteroshoy.mx\/noticias\/wp-content\/uploads\/2021\/11\/Muere-abuelo.jpg","type":"image\/jpeg"}],"author":"Reporteros Hoy WP","twitter_card":"summary_large_image","twitter_creator":"@reporteroshoy","twitter_site":"@reporteroshoy","twitter_misc":{"Escrito por":"Reporteros Hoy WP","Tiempo de lectura":"1 minuto"},"schema":{"@context":"https:\/\/schema.org","@graph":[{"@type":"Article","@id":"https:\/\/reporteroshoy.mx\/noticias\/abuelito-muere-aplastado-por-un-camion-al-sur-de-merida\/#article","isPartOf":{"@id":"https:\/\/reporteroshoy.mx\/noticias\/abuelito-muere-aplastado-por-un-camion-al-sur-de-merida\/"},"author":{"name":"Reporteros Hoy WP","@id":"https:\/\/reporteroshoy.mx\/noticias\/#\/schema\/person\/c977527e57c958a62c5cefe8fe47876e"},"headline":"Abuelito muere aplastado por un cami\u00f3n al sur de M\u00e9rida","datePublished":"2021-11-16T21:25:07+00:00","dateModified":"2021-11-17T17:46:27+00:00","mainEntityOfPage":{"@id":"https:\/\/reporteroshoy.mx\/noticias\/abuelito-muere-aplastado-por-un-camion-al-sur-de-merida\/"},"wordCount":130,"commentCount":0,"image":{"@id":"https:\/\/reporteroshoy.mx\/noticias\/abuelito-muere-aplastado-por-un-camion-al-sur-de-merida\/#primaryimage"},"thumbnailUrl":"https:\/\/reporteroshoy.mx\/noticias\/wp-content\/uploads\/2021\/11\/Muere-abuelo.jpg","keywords":["abuelito aplastado","Muere abuelito"],"articleSection":["Polic\u00eda"],"inLanguage":"es","potentialAction":[{"@type":"CommentAction","name":"Comment","target":["https:\/\/reporteroshoy.mx\/noticias\/abuelito-muere-aplastado-por-un-camion-al-sur-de-merida\/#respond"]}]},{"@type":"WebPage","@id":"https:\/\/reporteroshoy.mx\/noticias\/abuelito-muere-aplastado-por-un-camion-al-sur-de-merida\/","url":"https:\/\/reporteroshoy.mx\/noticias\/abuelito-muere-aplastado-por-un-camion-al-sur-de-merida\/","name":"Abuelito muere aplastado por un cami\u00f3n al sur de M\u00e9rida","isPartOf":{"@id":"https:\/\/reporteroshoy.mx\/noticias\/#website"},"primaryImageOfPage":{"@id":"https:\/\/reporteroshoy.mx\/noticias\/abuelito-muere-aplastado-por-un-camion-al-sur-de-merida\/#primaryimage"},"image":{"@id":"https:\/\/reporteroshoy.mx\/noticias\/abuelito-muere-aplastado-por-un-camion-al-sur-de-merida\/#primaryimage"},"thumbnailUrl":"https:\/\/reporteroshoy.mx\/noticias\/wp-content\/uploads\/2021\/11\/Muere-abuelo.jpg","datePublished":"2021-11-16T21:25:07+00:00","dateModified":"2021-11-17T17:46:27+00:00","author":{"@id":"https:\/\/reporteroshoy.mx\/noticias\/#\/schema\/person\/c977527e57c958a62c5cefe8fe47876e"},"description":"El adulto mayor se tir\u00f3 debajo del cami\u00f3n de transporte p\u00fablico que le pas\u00f3 las llantas hasta aplastarle la cabeza.","breadcrumb":{"@id":"https:\/\/reporteroshoy.mx\/noticias\/abuelito-muere-aplastado-por-un-camion-al-sur-de-merida\/#breadcrumb"},"inLanguage":"es","potentialAction":[{"@type":"ReadAction","target":["https:\/\/reporteroshoy.mx\/noticias\/abuelito-muere-aplastado-por-un-camion-al-sur-de-merida\/"]}]},{"@type":"ImageObject","inLanguage":"es","@id":"https:\/\/reporteroshoy.mx\/noticias\/abuelito-muere-aplastado-por-un-camion-al-sur-de-merida\/#primaryimage","url":"https:\/\/reporteroshoy.mx\/noticias\/wp-content\/uploads\/2021\/11\/Muere-abuelo.jpg","contentUrl":"https:\/\/reporteroshoy.mx\/noticias\/wp-content\/uploads\/2021\/11\/Muere-abuelo.jpg","width":768,"height":432},{"@type":"BreadcrumbList","@id":"https:\/\/reporteroshoy.mx\/noticias\/abuelito-muere-aplastado-por-un-camion-al-sur-de-merida\/#breadcrumb","itemListElement":[{"@type":"ListItem","position":1,"name":"Portada","item":"https:\/\/reporteroshoy.mx\/noticias\/"},{"@type":"ListItem","position":2,"name":"Abuelito muere aplastado por un cami\u00f3n al sur de M\u00e9rida"}]},{"@type":"WebSite","@id":"https:\/\/reporteroshoy.mx\/noticias\/#website","url":"https:\/\/reporteroshoy.mx\/noticias\/","name":"Reporteros Hoy | Noticias de Yucat\u00e1n","description":"Peri\u00f3dico digital con noticias diarias desde M\u00e9rida, Yucat\u00e1n para el mundo.","potentialAction":[{"@type":"SearchAction","target":{"@type":"EntryPoint","urlTemplate":"https:\/\/reporteroshoy.mx\/noticias\/?s={search_term_string}"},"query-input":{"@type":"PropertyValueSpecification","valueRequired":true,"valueName":"search_term_string"}}],"inLanguage":"es"},{"@type":"Person","@id":"https:\/\/reporteroshoy.mx\/noticias\/#\/schema\/person\/c977527e57c958a62c5cefe8fe47876e","name":"Reporteros Hoy WP","image":{"@type":"ImageObject","inLanguage":"es","@id":"https:\/\/secure.gravatar.com\/avatar\/fd2917f79a7dae30f8ac9ddc2f35e1756bb59e25e01d1cd09deaa64df7b2f73e?s=96&d=mm&r=g","url":"https:\/\/secure.gravatar.com\/avatar\/fd2917f79a7dae30f8ac9ddc2f35e1756bb59e25e01d1cd09deaa64df7b2f73e?s=96&d=mm&r=g","contentUrl":"https:\/\/secure.gravatar.com\/avatar\/fd2917f79a7dae30f8ac9ddc2f35e1756bb59e25e01d1cd09deaa64df7b2f73e?s=96&d=mm&r=g","caption":"Reporteros Hoy WP"},"url":"https:\/\/reporteroshoy.mx\/noticias\/author\/walfer\/"}]}},"_links":{"self":[{"href":"https:\/\/reporteroshoy.mx\/noticias\/wp-json\/wp\/v2\/posts\/76100","targetHints":{"allow":["GET"]}}],"collection":[{"href":"https:\/\/reporteroshoy.mx\/noticias\/wp-json\/wp\/v2\/posts"}],"about":[{"href":"https:\/\/reporteroshoy.mx\/noticias\/wp-json\/wp\/v2\/types\/post"}],"author":[{"embeddable":true,"href":"https:\/\/reporteroshoy.mx\/noticias\/wp-json\/wp\/v2\/users\/9"}],"replies":[{"embeddable":true,"href":"https:\/\/reporteroshoy.mx\/noticias\/wp-json\/wp\/v2\/comments?post=76100"}],"version-history":[{"count":0,"href":"https:\/\/reporteroshoy.mx\/noticias\/wp-json\/wp\/v2\/posts\/76100\/revisions"}],"wp:featuredmedia":[{"embeddable":true,"href":"https:\/\/reporteroshoy.mx\/noticias\/wp-json\/wp\/v2\/media\/76101"}],"wp:attachment":[{"href":"https:\/\/reporteroshoy.mx\/noticias\/wp-json\/wp\/v2\/media?parent=76100"}],"wp:term":[{"taxonomy":"category","embeddable":true,"href":"https:\/\/reporteroshoy.mx\/noticias\/wp-json\/wp\/v2\/categories?post=76100"},{"taxonomy":"post_tag","embeddable":true,"href":"https:\/\/reporteroshoy.mx\/noticias\/wp-json\/wp\/v2\/tags?post=76100"}],"curies":[{"name":"wp","href":"https:\/\/api.w.org\/{rel}","templated":true}]}}