{"id":76434,"date":"2021-11-22T10:52:11","date_gmt":"2021-11-22T16:52:11","guid":{"rendered":"https:\/\/reporteroshoy.mx\/noticias\/?p=76434"},"modified":"2021-11-22T10:59:03","modified_gmt":"2021-11-22T16:59:03","slug":"dos-anos-despues-regresa-la-vaqueria-a-tekanto","status":"publish","type":"post","link":"https:\/\/reporteroshoy.mx\/noticias\/dos-anos-despues-regresa-la-vaqueria-a-tekanto\/","title":{"rendered":"Dos a\u00f1os despu\u00e9s regresa la vaquer\u00eda a Tekant\u00f3"},"content":{"rendered":"<p style=\"text-align: justify;\">Tekant\u00f3, Yucat\u00e1n, 22 de noviembre de 2021 (ACOM). &#8211; La espera termin\u00f3: luego de dos a\u00f1os, volvieron a sonar los compases de \u201cAires yucatecos\u201d, el tronar de voladores y, de nuevo, los jaraneros portaron el albo traje regional y las mestizas el impecable terno.<\/p>\n<p style=\"text-align: justify;\">En el marco de los festejos en honor al Santo Cristo de la Exaltaci\u00f3n, se llev\u00f3 a cabo una gran vaquer\u00eda amenizada por la orquesta jaranera \u201cSonora Yucateca\u201d con la coronaci\u00f3n de la embajadora de las actividades sociales, Mariana Jim\u00e9nez Chi.<\/p>\n<p><img loading=\"lazy\" decoding=\"async\" class=\"alignnone size-full wp-image-76437\" src=\"https:\/\/reporteroshoy.mx\/noticias\/wp-content\/uploads\/2021\/11\/Vaqueria-Tekanto1.jpg\" alt=\"\" width=\"768\" height=\"432\" \/><\/p>\n<p style=\"text-align: justify;\">M\u00e1s de 15 grupos jaraneros de diferentes comunidades circunstancias, tales como Tepak\u00e1n, Bokob\u00e1, Cacalch\u00e9n, Izamal, Teya, Tekal de Venegas, Temax, Kantunil, entre otros participaron en la fiesta que enmarca las tradiciones y costumbres de nuestra comunidad.<\/p>\n<p style=\"text-align: justify;\">Partieron del auditorio de la casa de la cultura ubicada en la ex estaci\u00f3n de ferrocarriles, para luego dirigirse al palacio municipal con m\u00fasica de charanga.<\/p>\n<p style=\"text-align: justify;\">Minutos antes de la media noche, los clubes jaraneros encabezados por la embajadora y su bastonero hicieron su entrada triunfal al recinto ferial, con las tradicionales dianas entonadas por la orquesta.<\/p>\n<p><img loading=\"lazy\" decoding=\"async\" class=\"alignnone size-full wp-image-76436\" src=\"https:\/\/reporteroshoy.mx\/noticias\/wp-content\/uploads\/2021\/11\/Vaqueria-Tekanto2.jpg\" alt=\"\" width=\"768\" height=\"432\" \/><\/p>\n<p style=\"text-align: justify;\">De la misma manera se recepcion\u00f3 a los distintos grupos jaraneros que visitaron la poblaci\u00f3n y engalanaron la vaquer\u00eda, que hicieron recordar aquellos a\u00f1os cuando no hab\u00eda pandemia.<\/p>\n<p style=\"text-align: justify;\">Seguidamente se procedi\u00f3 a la coronaci\u00f3n e imposici\u00f3n de banda a la embajadora por parte de las autoridades locales.<\/p>\n<p style=\"text-align: justify;\">Inmediatamente, sonaron los timbales y se dej\u00f3 escuchar \u201cAires del Mayab\u201d mientras que los jaraneros se sueltan a bailar disfrutando de la vaquer\u00eda.<\/p>\n<p><img loading=\"lazy\" decoding=\"async\" class=\"alignnone size-full wp-image-76435\" src=\"https:\/\/reporteroshoy.mx\/noticias\/wp-content\/uploads\/2021\/11\/Vaqueria-Tekanto.jpg\" alt=\"\" width=\"768\" height=\"431\" \/><\/p>\n<p style=\"text-align: justify;\">El p\u00fablico asistente ovacion\u00f3 todo el acontecer: la quema de juegos pirot\u00e9cnicos y los trajes regionales. Ellas con terno matizado y rebozo mientras que los varones con su pantal\u00f3n color blanco, filipina y alpargatas, Todas y todos demostraron sus dotes danc\u00edsticos y zapatearon hasta las primeras horas del siguiente d\u00eda.<\/p>\n<p style=\"text-align: justify;\">Cabe se\u00f1alar, que la \u00faltima fiesta de esta magnitud se realiz\u00f3 en el mes noviembre de 2019.<\/p>\n<p style=\"text-align: justify;\">\n","protected":false},"excerpt":{"rendered":"<p>En el marco de la fiesta al Santo Cristo de la Exaltaci\u00f3n, jaraneros de las comunidades vecinas se dieron cita en Tekant\u00f3.<\/p>\n","protected":false},"author":9,"featured_media":76437,"comment_status":"open","ping_status":"closed","sticky":false,"template":"","format":"standard","meta":{"footnotes":""},"categories":[11],"tags":[1212,1378,760],"class_list":["post-76434","post","type-post","status-publish","format-standard","has-post-thumbnail","hentry","category-municipios-de-yucatan","tag-tekanto","tag-vaqueria","tag-yucatan-centro"],"yoast_head":"<!-- This site is optimized with the Yoast SEO plugin v28.4 - https:\/\/yoast.com\/product\/yoast-seo-wordpress\/ -->\n<title>Dos a\u00f1os despu\u00e9s regresa la vaquer\u00eda a Tekant\u00f3<\/title>\n<meta name=\"description\" content=\"En el marco de la fiesta al Santo Cristo de la Exaltaci\u00f3n, jaraneros de las comunidades vecinas se dieron cita en Tekant\u00f3.\" \/>\n<meta name=\"robots\" content=\"index, follow, max-snippet:-1, max-image-preview:large, max-video-preview:-1\" \/>\n<link rel=\"canonical\" href=\"https:\/\/reporteroshoy.mx\/noticias\/dos-anos-despues-regresa-la-vaqueria-a-tekanto\/\" \/>\n<meta property=\"og:locale\" content=\"es_ES\" \/>\n<meta property=\"og:type\" content=\"article\" \/>\n<meta property=\"og:title\" content=\"Dos a\u00f1os despu\u00e9s regresa la vaquer\u00eda a Tekant\u00f3\" \/>\n<meta property=\"og:description\" content=\"En el marco de la fiesta al Santo Cristo de la Exaltaci\u00f3n, jaraneros de las comunidades vecinas se dieron cita en Tekant\u00f3.\" \/>\n<meta property=\"og:url\" content=\"https:\/\/reporteroshoy.mx\/noticias\/dos-anos-despues-regresa-la-vaqueria-a-tekanto\/\" \/>\n<meta property=\"og:site_name\" content=\"Reporteros Hoy | Noticias de Yucat\u00e1n\" \/>\n<meta property=\"article:publisher\" content=\"http:\/\/www.facebook.com\/reporteroshoymx\" \/>\n<meta property=\"article:published_time\" content=\"2021-11-22T16:52:11+00:00\" \/>\n<meta property=\"article:modified_time\" content=\"2021-11-22T16:59:03+00:00\" \/>\n<meta property=\"og:image\" content=\"https:\/\/reporteroshoy.mx\/noticias\/wp-content\/uploads\/2021\/11\/Vaqueria-Tekanto1.jpg\" \/>\n\t<meta property=\"og:image:width\" content=\"768\" \/>\n\t<meta property=\"og:image:height\" content=\"432\" \/>\n\t<meta property=\"og:image:type\" content=\"image\/jpeg\" \/>\n<meta name=\"author\" content=\"Reporteros Hoy WP\" \/>\n<meta name=\"twitter:card\" content=\"summary_large_image\" \/>\n<meta name=\"twitter:creator\" content=\"@reporteroshoy\" \/>\n<meta name=\"twitter:site\" content=\"@reporteroshoy\" \/>\n<meta name=\"twitter:label1\" content=\"Escrito por\" \/>\n\t<meta name=\"twitter:data1\" content=\"Reporteros Hoy WP\" \/>\n\t<meta name=\"twitter:label2\" content=\"Tiempo de lectura\" \/>\n\t<meta name=\"twitter:data2\" content=\"2 minutos\" \/>\n<script type=\"application\/ld+json\" class=\"yoast-schema-graph\">{\"@context\":\"https:\\\/\\\/schema.org\",\"@graph\":[{\"@type\":\"Article\",\"@id\":\"https:\\\/\\\/reporteroshoy.mx\\\/noticias\\\/dos-anos-despues-regresa-la-vaqueria-a-tekanto\\\/#article\",\"isPartOf\":{\"@id\":\"https:\\\/\\\/reporteroshoy.mx\\\/noticias\\\/dos-anos-despues-regresa-la-vaqueria-a-tekanto\\\/\"},\"author\":{\"name\":\"Reporteros Hoy WP\",\"@id\":\"https:\\\/\\\/reporteroshoy.mx\\\/noticias\\\/#\\\/schema\\\/person\\\/c977527e57c958a62c5cefe8fe47876e\"},\"headline\":\"Dos a\u00f1os despu\u00e9s regresa la vaquer\u00eda a Tekant\u00f3\",\"datePublished\":\"2021-11-22T16:52:11+00:00\",\"dateModified\":\"2021-11-22T16:59:03+00:00\",\"mainEntityOfPage\":{\"@id\":\"https:\\\/\\\/reporteroshoy.mx\\\/noticias\\\/dos-anos-despues-regresa-la-vaqueria-a-tekanto\\\/\"},\"wordCount\":346,\"commentCount\":0,\"image\":{\"@id\":\"https:\\\/\\\/reporteroshoy.mx\\\/noticias\\\/dos-anos-despues-regresa-la-vaqueria-a-tekanto\\\/#primaryimage\"},\"thumbnailUrl\":\"https:\\\/\\\/reporteroshoy.mx\\\/noticias\\\/wp-content\\\/uploads\\\/2021\\\/11\\\/Vaqueria-Tekanto1.jpg\",\"keywords\":[\"Tekant\u00f3\",\"Vaquer\u00eda\",\"Yucat\u00e1n Centro\"],\"articleSection\":[\"Municipios\"],\"inLanguage\":\"es\",\"potentialAction\":[{\"@type\":\"CommentAction\",\"name\":\"Comment\",\"target\":[\"https:\\\/\\\/reporteroshoy.mx\\\/noticias\\\/dos-anos-despues-regresa-la-vaqueria-a-tekanto\\\/#respond\"]}]},{\"@type\":\"WebPage\",\"@id\":\"https:\\\/\\\/reporteroshoy.mx\\\/noticias\\\/dos-anos-despues-regresa-la-vaqueria-a-tekanto\\\/\",\"url\":\"https:\\\/\\\/reporteroshoy.mx\\\/noticias\\\/dos-anos-despues-regresa-la-vaqueria-a-tekanto\\\/\",\"name\":\"Dos a\u00f1os despu\u00e9s regresa la vaquer\u00eda a Tekant\u00f3\",\"isPartOf\":{\"@id\":\"https:\\\/\\\/reporteroshoy.mx\\\/noticias\\\/#website\"},\"primaryImageOfPage\":{\"@id\":\"https:\\\/\\\/reporteroshoy.mx\\\/noticias\\\/dos-anos-despues-regresa-la-vaqueria-a-tekanto\\\/#primaryimage\"},\"image\":{\"@id\":\"https:\\\/\\\/reporteroshoy.mx\\\/noticias\\\/dos-anos-despues-regresa-la-vaqueria-a-tekanto\\\/#primaryimage\"},\"thumbnailUrl\":\"https:\\\/\\\/reporteroshoy.mx\\\/noticias\\\/wp-content\\\/uploads\\\/2021\\\/11\\\/Vaqueria-Tekanto1.jpg\",\"datePublished\":\"2021-11-22T16:52:11+00:00\",\"dateModified\":\"2021-11-22T16:59:03+00:00\",\"author\":{\"@id\":\"https:\\\/\\\/reporteroshoy.mx\\\/noticias\\\/#\\\/schema\\\/person\\\/c977527e57c958a62c5cefe8fe47876e\"},\"description\":\"En el marco de la fiesta al Santo Cristo de la Exaltaci\u00f3n, jaraneros de las comunidades vecinas se dieron cita en Tekant\u00f3.\",\"breadcrumb\":{\"@id\":\"https:\\\/\\\/reporteroshoy.mx\\\/noticias\\\/dos-anos-despues-regresa-la-vaqueria-a-tekanto\\\/#breadcrumb\"},\"inLanguage\":\"es\",\"potentialAction\":[{\"@type\":\"ReadAction\",\"target\":[\"https:\\\/\\\/reporteroshoy.mx\\\/noticias\\\/dos-anos-despues-regresa-la-vaqueria-a-tekanto\\\/\"]}]},{\"@type\":\"ImageObject\",\"inLanguage\":\"es\",\"@id\":\"https:\\\/\\\/reporteroshoy.mx\\\/noticias\\\/dos-anos-despues-regresa-la-vaqueria-a-tekanto\\\/#primaryimage\",\"url\":\"https:\\\/\\\/reporteroshoy.mx\\\/noticias\\\/wp-content\\\/uploads\\\/2021\\\/11\\\/Vaqueria-Tekanto1.jpg\",\"contentUrl\":\"https:\\\/\\\/reporteroshoy.mx\\\/noticias\\\/wp-content\\\/uploads\\\/2021\\\/11\\\/Vaqueria-Tekanto1.jpg\",\"width\":768,\"height\":432},{\"@type\":\"BreadcrumbList\",\"@id\":\"https:\\\/\\\/reporteroshoy.mx\\\/noticias\\\/dos-anos-despues-regresa-la-vaqueria-a-tekanto\\\/#breadcrumb\",\"itemListElement\":[{\"@type\":\"ListItem\",\"position\":1,\"name\":\"Portada\",\"item\":\"https:\\\/\\\/reporteroshoy.mx\\\/noticias\\\/\"},{\"@type\":\"ListItem\",\"position\":2,\"name\":\"Dos a\u00f1os despu\u00e9s regresa la vaquer\u00eda a Tekant\u00f3\"}]},{\"@type\":\"WebSite\",\"@id\":\"https:\\\/\\\/reporteroshoy.mx\\\/noticias\\\/#website\",\"url\":\"https:\\\/\\\/reporteroshoy.mx\\\/noticias\\\/\",\"name\":\"Reporteros Hoy | Noticias de Yucat\u00e1n\",\"description\":\"Peri\u00f3dico digital con noticias diarias desde M\u00e9rida, Yucat\u00e1n para el mundo.\",\"potentialAction\":[{\"@type\":\"SearchAction\",\"target\":{\"@type\":\"EntryPoint\",\"urlTemplate\":\"https:\\\/\\\/reporteroshoy.mx\\\/noticias\\\/?s={search_term_string}\"},\"query-input\":{\"@type\":\"PropertyValueSpecification\",\"valueRequired\":true,\"valueName\":\"search_term_string\"}}],\"inLanguage\":\"es\"},{\"@type\":\"Person\",\"@id\":\"https:\\\/\\\/reporteroshoy.mx\\\/noticias\\\/#\\\/schema\\\/person\\\/c977527e57c958a62c5cefe8fe47876e\",\"name\":\"Reporteros Hoy WP\",\"image\":{\"@type\":\"ImageObject\",\"inLanguage\":\"es\",\"@id\":\"https:\\\/\\\/secure.gravatar.com\\\/avatar\\\/fd2917f79a7dae30f8ac9ddc2f35e1756bb59e25e01d1cd09deaa64df7b2f73e?s=96&d=mm&r=g\",\"url\":\"https:\\\/\\\/secure.gravatar.com\\\/avatar\\\/fd2917f79a7dae30f8ac9ddc2f35e1756bb59e25e01d1cd09deaa64df7b2f73e?s=96&d=mm&r=g\",\"contentUrl\":\"https:\\\/\\\/secure.gravatar.com\\\/avatar\\\/fd2917f79a7dae30f8ac9ddc2f35e1756bb59e25e01d1cd09deaa64df7b2f73e?s=96&d=mm&r=g\",\"caption\":\"Reporteros Hoy WP\"},\"url\":\"https:\\\/\\\/reporteroshoy.mx\\\/noticias\\\/author\\\/walfer\\\/\"}]}<\/script>\n<!-- \/ Yoast SEO plugin. -->","yoast_head_json":{"title":"Dos a\u00f1os despu\u00e9s regresa la vaquer\u00eda a Tekant\u00f3","description":"En el marco de la fiesta al Santo Cristo de la Exaltaci\u00f3n, jaraneros de las comunidades vecinas se dieron cita en Tekant\u00f3.","robots":{"index":"index","follow":"follow","max-snippet":"max-snippet:-1","max-image-preview":"max-image-preview:large","max-video-preview":"max-video-preview:-1"},"canonical":"https:\/\/reporteroshoy.mx\/noticias\/dos-anos-despues-regresa-la-vaqueria-a-tekanto\/","og_locale":"es_ES","og_type":"article","og_title":"Dos a\u00f1os despu\u00e9s regresa la vaquer\u00eda a Tekant\u00f3","og_description":"En el marco de la fiesta al Santo Cristo de la Exaltaci\u00f3n, jaraneros de las comunidades vecinas se dieron cita en Tekant\u00f3.","og_url":"https:\/\/reporteroshoy.mx\/noticias\/dos-anos-despues-regresa-la-vaqueria-a-tekanto\/","og_site_name":"Reporteros Hoy | Noticias de Yucat\u00e1n","article_publisher":"http:\/\/www.facebook.com\/reporteroshoymx","article_published_time":"2021-11-22T16:52:11+00:00","article_modified_time":"2021-11-22T16:59:03+00:00","og_image":[{"width":768,"height":432,"url":"https:\/\/reporteroshoy.mx\/noticias\/wp-content\/uploads\/2021\/11\/Vaqueria-Tekanto1.jpg","type":"image\/jpeg"}],"author":"Reporteros Hoy WP","twitter_card":"summary_large_image","twitter_creator":"@reporteroshoy","twitter_site":"@reporteroshoy","twitter_misc":{"Escrito por":"Reporteros Hoy WP","Tiempo de lectura":"2 minutos"},"schema":{"@context":"https:\/\/schema.org","@graph":[{"@type":"Article","@id":"https:\/\/reporteroshoy.mx\/noticias\/dos-anos-despues-regresa-la-vaqueria-a-tekanto\/#article","isPartOf":{"@id":"https:\/\/reporteroshoy.mx\/noticias\/dos-anos-despues-regresa-la-vaqueria-a-tekanto\/"},"author":{"name":"Reporteros Hoy WP","@id":"https:\/\/reporteroshoy.mx\/noticias\/#\/schema\/person\/c977527e57c958a62c5cefe8fe47876e"},"headline":"Dos a\u00f1os despu\u00e9s regresa la vaquer\u00eda a Tekant\u00f3","datePublished":"2021-11-22T16:52:11+00:00","dateModified":"2021-11-22T16:59:03+00:00","mainEntityOfPage":{"@id":"https:\/\/reporteroshoy.mx\/noticias\/dos-anos-despues-regresa-la-vaqueria-a-tekanto\/"},"wordCount":346,"commentCount":0,"image":{"@id":"https:\/\/reporteroshoy.mx\/noticias\/dos-anos-despues-regresa-la-vaqueria-a-tekanto\/#primaryimage"},"thumbnailUrl":"https:\/\/reporteroshoy.mx\/noticias\/wp-content\/uploads\/2021\/11\/Vaqueria-Tekanto1.jpg","keywords":["Tekant\u00f3","Vaquer\u00eda","Yucat\u00e1n Centro"],"articleSection":["Municipios"],"inLanguage":"es","potentialAction":[{"@type":"CommentAction","name":"Comment","target":["https:\/\/reporteroshoy.mx\/noticias\/dos-anos-despues-regresa-la-vaqueria-a-tekanto\/#respond"]}]},{"@type":"WebPage","@id":"https:\/\/reporteroshoy.mx\/noticias\/dos-anos-despues-regresa-la-vaqueria-a-tekanto\/","url":"https:\/\/reporteroshoy.mx\/noticias\/dos-anos-despues-regresa-la-vaqueria-a-tekanto\/","name":"Dos a\u00f1os despu\u00e9s regresa la vaquer\u00eda a Tekant\u00f3","isPartOf":{"@id":"https:\/\/reporteroshoy.mx\/noticias\/#website"},"primaryImageOfPage":{"@id":"https:\/\/reporteroshoy.mx\/noticias\/dos-anos-despues-regresa-la-vaqueria-a-tekanto\/#primaryimage"},"image":{"@id":"https:\/\/reporteroshoy.mx\/noticias\/dos-anos-despues-regresa-la-vaqueria-a-tekanto\/#primaryimage"},"thumbnailUrl":"https:\/\/reporteroshoy.mx\/noticias\/wp-content\/uploads\/2021\/11\/Vaqueria-Tekanto1.jpg","datePublished":"2021-11-22T16:52:11+00:00","dateModified":"2021-11-22T16:59:03+00:00","author":{"@id":"https:\/\/reporteroshoy.mx\/noticias\/#\/schema\/person\/c977527e57c958a62c5cefe8fe47876e"},"description":"En el marco de la fiesta al Santo Cristo de la Exaltaci\u00f3n, jaraneros de las comunidades vecinas se dieron cita en Tekant\u00f3.","breadcrumb":{"@id":"https:\/\/reporteroshoy.mx\/noticias\/dos-anos-despues-regresa-la-vaqueria-a-tekanto\/#breadcrumb"},"inLanguage":"es","potentialAction":[{"@type":"ReadAction","target":["https:\/\/reporteroshoy.mx\/noticias\/dos-anos-despues-regresa-la-vaqueria-a-tekanto\/"]}]},{"@type":"ImageObject","inLanguage":"es","@id":"https:\/\/reporteroshoy.mx\/noticias\/dos-anos-despues-regresa-la-vaqueria-a-tekanto\/#primaryimage","url":"https:\/\/reporteroshoy.mx\/noticias\/wp-content\/uploads\/2021\/11\/Vaqueria-Tekanto1.jpg","contentUrl":"https:\/\/reporteroshoy.mx\/noticias\/wp-content\/uploads\/2021\/11\/Vaqueria-Tekanto1.jpg","width":768,"height":432},{"@type":"BreadcrumbList","@id":"https:\/\/reporteroshoy.mx\/noticias\/dos-anos-despues-regresa-la-vaqueria-a-tekanto\/#breadcrumb","itemListElement":[{"@type":"ListItem","position":1,"name":"Portada","item":"https:\/\/reporteroshoy.mx\/noticias\/"},{"@type":"ListItem","position":2,"name":"Dos a\u00f1os despu\u00e9s regresa la vaquer\u00eda a Tekant\u00f3"}]},{"@type":"WebSite","@id":"https:\/\/reporteroshoy.mx\/noticias\/#website","url":"https:\/\/reporteroshoy.mx\/noticias\/","name":"Reporteros Hoy | Noticias de Yucat\u00e1n","description":"Peri\u00f3dico digital con noticias diarias desde M\u00e9rida, Yucat\u00e1n para el mundo.","potentialAction":[{"@type":"SearchAction","target":{"@type":"EntryPoint","urlTemplate":"https:\/\/reporteroshoy.mx\/noticias\/?s={search_term_string}"},"query-input":{"@type":"PropertyValueSpecification","valueRequired":true,"valueName":"search_term_string"}}],"inLanguage":"es"},{"@type":"Person","@id":"https:\/\/reporteroshoy.mx\/noticias\/#\/schema\/person\/c977527e57c958a62c5cefe8fe47876e","name":"Reporteros Hoy WP","image":{"@type":"ImageObject","inLanguage":"es","@id":"https:\/\/secure.gravatar.com\/avatar\/fd2917f79a7dae30f8ac9ddc2f35e1756bb59e25e01d1cd09deaa64df7b2f73e?s=96&d=mm&r=g","url":"https:\/\/secure.gravatar.com\/avatar\/fd2917f79a7dae30f8ac9ddc2f35e1756bb59e25e01d1cd09deaa64df7b2f73e?s=96&d=mm&r=g","contentUrl":"https:\/\/secure.gravatar.com\/avatar\/fd2917f79a7dae30f8ac9ddc2f35e1756bb59e25e01d1cd09deaa64df7b2f73e?s=96&d=mm&r=g","caption":"Reporteros Hoy WP"},"url":"https:\/\/reporteroshoy.mx\/noticias\/author\/walfer\/"}]}},"_links":{"self":[{"href":"https:\/\/reporteroshoy.mx\/noticias\/wp-json\/wp\/v2\/posts\/76434","targetHints":{"allow":["GET"]}}],"collection":[{"href":"https:\/\/reporteroshoy.mx\/noticias\/wp-json\/wp\/v2\/posts"}],"about":[{"href":"https:\/\/reporteroshoy.mx\/noticias\/wp-json\/wp\/v2\/types\/post"}],"author":[{"embeddable":true,"href":"https:\/\/reporteroshoy.mx\/noticias\/wp-json\/wp\/v2\/users\/9"}],"replies":[{"embeddable":true,"href":"https:\/\/reporteroshoy.mx\/noticias\/wp-json\/wp\/v2\/comments?post=76434"}],"version-history":[{"count":0,"href":"https:\/\/reporteroshoy.mx\/noticias\/wp-json\/wp\/v2\/posts\/76434\/revisions"}],"wp:featuredmedia":[{"embeddable":true,"href":"https:\/\/reporteroshoy.mx\/noticias\/wp-json\/wp\/v2\/media\/76437"}],"wp:attachment":[{"href":"https:\/\/reporteroshoy.mx\/noticias\/wp-json\/wp\/v2\/media?parent=76434"}],"wp:term":[{"taxonomy":"category","embeddable":true,"href":"https:\/\/reporteroshoy.mx\/noticias\/wp-json\/wp\/v2\/categories?post=76434"},{"taxonomy":"post_tag","embeddable":true,"href":"https:\/\/reporteroshoy.mx\/noticias\/wp-json\/wp\/v2\/tags?post=76434"}],"curies":[{"name":"wp","href":"https:\/\/api.w.org\/{rel}","templated":true}]}}