{"id":76518,"date":"2021-11-22T23:11:20","date_gmt":"2021-11-23T05:11:20","guid":{"rendered":"https:\/\/reporteroshoy.mx\/noticias\/?p=76518"},"modified":"2021-11-22T23:11:20","modified_gmt":"2021-11-23T05:11:20","slug":"viejitos-causan-doble-choque-en-ciudad-caucel","status":"publish","type":"post","link":"https:\/\/reporteroshoy.mx\/noticias\/viejitos-causan-doble-choque-en-ciudad-caucel\/","title":{"rendered":"Viejitos causan doble choque en Ciudad Caucel"},"content":{"rendered":"<p style=\"text-align: justify;\">M\u00e9rida, Yucat\u00e1n, 22 de noviembre de 2021 (ACOM). &#8211; En tremendo l\u00edo se vieron involucrados dos personas de la tercera edad, tras provocar una doble colisi\u00f3n en calles del fraccionamiento Ciudad Caucel y tener vencido su seguro.<\/p>\n<p><img loading=\"lazy\" decoding=\"async\" class=\"alignnone size-full wp-image-76517\" src=\"https:\/\/reporteroshoy.mx\/noticias\/wp-content\/uploads\/2021\/11\/CIUDAD-CAUCEL_VIEJITOS_CHOCONES-2.jpeg\" alt=\"\" width=\"768\" height=\"513\" \/><\/p>\n<p style=\"text-align: justify;\">Al mediod\u00eda, el matrimonio conformado por dos adultos mayores transitaba de Sur a Norte la avenida 110 a bordo de una camioneta Mitsubishi con placas de circulaci\u00f3n YT-7433-C.<\/p>\n<p style=\"text-align: justify;\">Al llegar al cruce con la calle 51-A, no el conductor no percat\u00f3 de la se\u00f1al de alto y al continuar su marcha golpe\u00f3 en la parte trasera a un veh\u00edculo Tsuru con placas ZAF-864-A que ten\u00eda preferencia.<\/p>\n<p style=\"text-align: justify;\">Justo en ese momento, tambi\u00e9n pasaba una joven motociclista quien se estrell\u00f3 contra la camioneta, luego de esquivar al veh\u00edculo Tsuru.<\/p>\n<p><img loading=\"lazy\" decoding=\"async\" class=\"alignnone size-full wp-image-76515\" src=\"https:\/\/reporteroshoy.mx\/noticias\/wp-content\/uploads\/2021\/11\/CIUDAD-CAUCEL_VIEJITOS_CHOCONES-4.jpeg\" alt=\"\" width=\"768\" height=\"576\" \/><\/p>\n<p style=\"text-align: justify;\">A pesar de lo aparatoso del siniestro vial solamente se registraron da\u00f1os materiales. El \u00fanico detalle fue al causante del percance hace dos semanas se le venci\u00f3 la p\u00f3liza del seguro.<\/p>\n<p style=\"text-align: justify;\">\n","protected":false},"excerpt":{"rendered":"<p>El conductor se pas\u00f3 un alto, choc\u00f3 por alcance a un Tsuru y una motociclista se embarr\u00f3 con la camioneta del adulto mayor. Lo peor: con seguro vencido. <\/p>\n","protected":false},"author":5,"featured_media":0,"comment_status":"open","ping_status":"closed","sticky":false,"template":"","format":"standard","meta":{"footnotes":""},"categories":[14],"tags":[437,66,240,4940,19987],"class_list":["post-76518","post","type-post","status-publish","format-standard","hentry","category-policia","tag-choque","tag-ciudad-caucel","tag-motociclista","tag-tsuru","tag-viejitos"],"yoast_head":"<!-- This site is optimized with the Yoast SEO plugin v28.4 - https:\/\/yoast.com\/product\/yoast-seo-wordpress\/ -->\n<title>Viejitos causan doble choque en Ciudad Caucel<\/title>\n<meta name=\"description\" content=\"El conductor se pas\u00f3 un alto, choc\u00f3 por alcance a un Tsuru y una motociclista se embarr\u00f3 con la camioneta del adulto mayor. Lo peor: con seguro vencido.\" \/>\n<meta name=\"robots\" content=\"index, follow, max-snippet:-1, max-image-preview:large, max-video-preview:-1\" \/>\n<link rel=\"canonical\" href=\"https:\/\/reporteroshoy.mx\/noticias\/viejitos-causan-doble-choque-en-ciudad-caucel\/\" \/>\n<meta property=\"og:locale\" content=\"es_ES\" \/>\n<meta property=\"og:type\" content=\"article\" \/>\n<meta property=\"og:title\" content=\"Viejitos causan doble choque en Ciudad Caucel\" \/>\n<meta property=\"og:description\" content=\"El conductor se pas\u00f3 un alto, choc\u00f3 por alcance a un Tsuru y una motociclista se embarr\u00f3 con la camioneta del adulto mayor. Lo peor: con seguro vencido.\" \/>\n<meta property=\"og:url\" content=\"https:\/\/reporteroshoy.mx\/noticias\/viejitos-causan-doble-choque-en-ciudad-caucel\/\" \/>\n<meta property=\"og:site_name\" content=\"Reporteros Hoy | Noticias de Yucat\u00e1n\" \/>\n<meta property=\"article:publisher\" content=\"http:\/\/www.facebook.com\/reporteroshoymx\" \/>\n<meta property=\"article:published_time\" content=\"2021-11-23T05:11:20+00:00\" \/>\n<meta property=\"og:image\" content=\"https:\/\/reporteroshoy.mx\/noticias\/wp-content\/uploads\/2021\/11\/CIUDAD-CAUCEL_VIEJITOS_CHOCONES-3.jpeg\" \/>\n\t<meta property=\"og:image:width\" content=\"768\" \/>\n\t<meta property=\"og:image:height\" content=\"433\" \/>\n\t<meta property=\"og:image:type\" content=\"image\/jpeg\" \/>\n<meta name=\"author\" content=\"Reporteros Hoy IM\" \/>\n<meta name=\"twitter:card\" content=\"summary_large_image\" \/>\n<meta name=\"twitter:creator\" content=\"@reporteroshoy\" \/>\n<meta name=\"twitter:site\" content=\"@reporteroshoy\" \/>\n<meta name=\"twitter:label1\" content=\"Escrito por\" \/>\n\t<meta name=\"twitter:data1\" content=\"Reporteros Hoy IM\" \/>\n\t<meta name=\"twitter:label2\" content=\"Tiempo de lectura\" \/>\n\t<meta name=\"twitter:data2\" content=\"2 minutos\" \/>\n<script type=\"application\/ld+json\" class=\"yoast-schema-graph\">{\"@context\":\"https:\\\/\\\/schema.org\",\"@graph\":[{\"@type\":\"Article\",\"@id\":\"https:\\\/\\\/reporteroshoy.mx\\\/noticias\\\/viejitos-causan-doble-choque-en-ciudad-caucel\\\/#article\",\"isPartOf\":{\"@id\":\"https:\\\/\\\/reporteroshoy.mx\\\/noticias\\\/viejitos-causan-doble-choque-en-ciudad-caucel\\\/\"},\"author\":{\"name\":\"Reporteros Hoy IM\",\"@id\":\"https:\\\/\\\/reporteroshoy.mx\\\/noticias\\\/#\\\/schema\\\/person\\\/948520f0d88b01be2e5266bc4acbbc15\"},\"headline\":\"Viejitos causan doble choque en Ciudad Caucel\",\"datePublished\":\"2021-11-23T05:11:20+00:00\",\"mainEntityOfPage\":{\"@id\":\"https:\\\/\\\/reporteroshoy.mx\\\/noticias\\\/viejitos-causan-doble-choque-en-ciudad-caucel\\\/\"},\"wordCount\":174,\"commentCount\":0,\"image\":{\"@id\":\"https:\\\/\\\/reporteroshoy.mx\\\/noticias\\\/viejitos-causan-doble-choque-en-ciudad-caucel\\\/#primaryimage\"},\"thumbnailUrl\":\"https:\\\/\\\/reporteroshoy.mx\\\/noticias\\\/wp-content\\\/uploads\\\/2021\\\/11\\\/CIUDAD-CAUCEL_VIEJITOS_CHOCONES-2.jpeg\",\"keywords\":[\"Choque\",\"Ciudad caucel\",\"motociclista\",\"Tsuru\",\"Viejitos\"],\"articleSection\":[\"Polic\u00eda\"],\"inLanguage\":\"es\",\"potentialAction\":[{\"@type\":\"CommentAction\",\"name\":\"Comment\",\"target\":[\"https:\\\/\\\/reporteroshoy.mx\\\/noticias\\\/viejitos-causan-doble-choque-en-ciudad-caucel\\\/#respond\"]}]},{\"@type\":\"WebPage\",\"@id\":\"https:\\\/\\\/reporteroshoy.mx\\\/noticias\\\/viejitos-causan-doble-choque-en-ciudad-caucel\\\/\",\"url\":\"https:\\\/\\\/reporteroshoy.mx\\\/noticias\\\/viejitos-causan-doble-choque-en-ciudad-caucel\\\/\",\"name\":\"Viejitos causan doble choque en Ciudad Caucel\",\"isPartOf\":{\"@id\":\"https:\\\/\\\/reporteroshoy.mx\\\/noticias\\\/#website\"},\"primaryImageOfPage\":{\"@id\":\"https:\\\/\\\/reporteroshoy.mx\\\/noticias\\\/viejitos-causan-doble-choque-en-ciudad-caucel\\\/#primaryimage\"},\"image\":{\"@id\":\"https:\\\/\\\/reporteroshoy.mx\\\/noticias\\\/viejitos-causan-doble-choque-en-ciudad-caucel\\\/#primaryimage\"},\"thumbnailUrl\":\"https:\\\/\\\/reporteroshoy.mx\\\/noticias\\\/wp-content\\\/uploads\\\/2021\\\/11\\\/CIUDAD-CAUCEL_VIEJITOS_CHOCONES-2.jpeg\",\"datePublished\":\"2021-11-23T05:11:20+00:00\",\"author\":{\"@id\":\"https:\\\/\\\/reporteroshoy.mx\\\/noticias\\\/#\\\/schema\\\/person\\\/948520f0d88b01be2e5266bc4acbbc15\"},\"description\":\"El conductor se pas\u00f3 un alto, choc\u00f3 por alcance a un Tsuru y una motociclista se embarr\u00f3 con la camioneta del adulto mayor. Lo peor: con seguro vencido.\",\"breadcrumb\":{\"@id\":\"https:\\\/\\\/reporteroshoy.mx\\\/noticias\\\/viejitos-causan-doble-choque-en-ciudad-caucel\\\/#breadcrumb\"},\"inLanguage\":\"es\",\"potentialAction\":[{\"@type\":\"ReadAction\",\"target\":[\"https:\\\/\\\/reporteroshoy.mx\\\/noticias\\\/viejitos-causan-doble-choque-en-ciudad-caucel\\\/\"]}]},{\"@type\":\"ImageObject\",\"inLanguage\":\"es\",\"@id\":\"https:\\\/\\\/reporteroshoy.mx\\\/noticias\\\/viejitos-causan-doble-choque-en-ciudad-caucel\\\/#primaryimage\",\"url\":\"https:\\\/\\\/reporteroshoy.mx\\\/noticias\\\/wp-content\\\/uploads\\\/2021\\\/11\\\/CIUDAD-CAUCEL_VIEJITOS_CHOCONES-2.jpeg\",\"contentUrl\":\"https:\\\/\\\/reporteroshoy.mx\\\/noticias\\\/wp-content\\\/uploads\\\/2021\\\/11\\\/CIUDAD-CAUCEL_VIEJITOS_CHOCONES-2.jpeg\",\"width\":768,\"height\":513},{\"@type\":\"BreadcrumbList\",\"@id\":\"https:\\\/\\\/reporteroshoy.mx\\\/noticias\\\/viejitos-causan-doble-choque-en-ciudad-caucel\\\/#breadcrumb\",\"itemListElement\":[{\"@type\":\"ListItem\",\"position\":1,\"name\":\"Portada\",\"item\":\"https:\\\/\\\/reporteroshoy.mx\\\/noticias\\\/\"},{\"@type\":\"ListItem\",\"position\":2,\"name\":\"Viejitos causan doble choque en Ciudad Caucel\"}]},{\"@type\":\"WebSite\",\"@id\":\"https:\\\/\\\/reporteroshoy.mx\\\/noticias\\\/#website\",\"url\":\"https:\\\/\\\/reporteroshoy.mx\\\/noticias\\\/\",\"name\":\"Reporteros Hoy | Noticias de Yucat\u00e1n\",\"description\":\"Peri\u00f3dico digital con noticias diarias desde M\u00e9rida, Yucat\u00e1n para el mundo.\",\"potentialAction\":[{\"@type\":\"SearchAction\",\"target\":{\"@type\":\"EntryPoint\",\"urlTemplate\":\"https:\\\/\\\/reporteroshoy.mx\\\/noticias\\\/?s={search_term_string}\"},\"query-input\":{\"@type\":\"PropertyValueSpecification\",\"valueRequired\":true,\"valueName\":\"search_term_string\"}}],\"inLanguage\":\"es\"},{\"@type\":\"Person\",\"@id\":\"https:\\\/\\\/reporteroshoy.mx\\\/noticias\\\/#\\\/schema\\\/person\\\/948520f0d88b01be2e5266bc4acbbc15\",\"name\":\"Reporteros Hoy IM\",\"image\":{\"@type\":\"ImageObject\",\"inLanguage\":\"es\",\"@id\":\"https:\\\/\\\/secure.gravatar.com\\\/avatar\\\/d843030b96552826ac048bdfe26f2895604b800ed0c880ee55765a74d95dfc65?s=96&d=mm&r=g\",\"url\":\"https:\\\/\\\/secure.gravatar.com\\\/avatar\\\/d843030b96552826ac048bdfe26f2895604b800ed0c880ee55765a74d95dfc65?s=96&d=mm&r=g\",\"contentUrl\":\"https:\\\/\\\/secure.gravatar.com\\\/avatar\\\/d843030b96552826ac048bdfe26f2895604b800ed0c880ee55765a74d95dfc65?s=96&d=mm&r=g\",\"caption\":\"Reporteros Hoy IM\"},\"url\":\"https:\\\/\\\/reporteroshoy.mx\\\/noticias\\\/author\\\/israel\\\/\"}]}<\/script>\n<!-- \/ Yoast SEO plugin. -->","yoast_head_json":{"title":"Viejitos causan doble choque en Ciudad Caucel","description":"El conductor se pas\u00f3 un alto, choc\u00f3 por alcance a un Tsuru y una motociclista se embarr\u00f3 con la camioneta del adulto mayor. Lo peor: con seguro vencido.","robots":{"index":"index","follow":"follow","max-snippet":"max-snippet:-1","max-image-preview":"max-image-preview:large","max-video-preview":"max-video-preview:-1"},"canonical":"https:\/\/reporteroshoy.mx\/noticias\/viejitos-causan-doble-choque-en-ciudad-caucel\/","og_locale":"es_ES","og_type":"article","og_title":"Viejitos causan doble choque en Ciudad Caucel","og_description":"El conductor se pas\u00f3 un alto, choc\u00f3 por alcance a un Tsuru y una motociclista se embarr\u00f3 con la camioneta del adulto mayor. Lo peor: con seguro vencido.","og_url":"https:\/\/reporteroshoy.mx\/noticias\/viejitos-causan-doble-choque-en-ciudad-caucel\/","og_site_name":"Reporteros Hoy | Noticias de Yucat\u00e1n","article_publisher":"http:\/\/www.facebook.com\/reporteroshoymx","article_published_time":"2021-11-23T05:11:20+00:00","og_image":[{"width":768,"height":433,"url":"https:\/\/reporteroshoy.mx\/noticias\/wp-content\/uploads\/2021\/11\/CIUDAD-CAUCEL_VIEJITOS_CHOCONES-3.jpeg","type":"image\/jpeg"}],"author":"Reporteros Hoy IM","twitter_card":"summary_large_image","twitter_creator":"@reporteroshoy","twitter_site":"@reporteroshoy","twitter_misc":{"Escrito por":"Reporteros Hoy IM","Tiempo de lectura":"2 minutos"},"schema":{"@context":"https:\/\/schema.org","@graph":[{"@type":"Article","@id":"https:\/\/reporteroshoy.mx\/noticias\/viejitos-causan-doble-choque-en-ciudad-caucel\/#article","isPartOf":{"@id":"https:\/\/reporteroshoy.mx\/noticias\/viejitos-causan-doble-choque-en-ciudad-caucel\/"},"author":{"name":"Reporteros Hoy IM","@id":"https:\/\/reporteroshoy.mx\/noticias\/#\/schema\/person\/948520f0d88b01be2e5266bc4acbbc15"},"headline":"Viejitos causan doble choque en Ciudad Caucel","datePublished":"2021-11-23T05:11:20+00:00","mainEntityOfPage":{"@id":"https:\/\/reporteroshoy.mx\/noticias\/viejitos-causan-doble-choque-en-ciudad-caucel\/"},"wordCount":174,"commentCount":0,"image":{"@id":"https:\/\/reporteroshoy.mx\/noticias\/viejitos-causan-doble-choque-en-ciudad-caucel\/#primaryimage"},"thumbnailUrl":"https:\/\/reporteroshoy.mx\/noticias\/wp-content\/uploads\/2021\/11\/CIUDAD-CAUCEL_VIEJITOS_CHOCONES-2.jpeg","keywords":["Choque","Ciudad caucel","motociclista","Tsuru","Viejitos"],"articleSection":["Polic\u00eda"],"inLanguage":"es","potentialAction":[{"@type":"CommentAction","name":"Comment","target":["https:\/\/reporteroshoy.mx\/noticias\/viejitos-causan-doble-choque-en-ciudad-caucel\/#respond"]}]},{"@type":"WebPage","@id":"https:\/\/reporteroshoy.mx\/noticias\/viejitos-causan-doble-choque-en-ciudad-caucel\/","url":"https:\/\/reporteroshoy.mx\/noticias\/viejitos-causan-doble-choque-en-ciudad-caucel\/","name":"Viejitos causan doble choque en Ciudad Caucel","isPartOf":{"@id":"https:\/\/reporteroshoy.mx\/noticias\/#website"},"primaryImageOfPage":{"@id":"https:\/\/reporteroshoy.mx\/noticias\/viejitos-causan-doble-choque-en-ciudad-caucel\/#primaryimage"},"image":{"@id":"https:\/\/reporteroshoy.mx\/noticias\/viejitos-causan-doble-choque-en-ciudad-caucel\/#primaryimage"},"thumbnailUrl":"https:\/\/reporteroshoy.mx\/noticias\/wp-content\/uploads\/2021\/11\/CIUDAD-CAUCEL_VIEJITOS_CHOCONES-2.jpeg","datePublished":"2021-11-23T05:11:20+00:00","author":{"@id":"https:\/\/reporteroshoy.mx\/noticias\/#\/schema\/person\/948520f0d88b01be2e5266bc4acbbc15"},"description":"El conductor se pas\u00f3 un alto, choc\u00f3 por alcance a un Tsuru y una motociclista se embarr\u00f3 con la camioneta del adulto mayor. Lo peor: con seguro vencido.","breadcrumb":{"@id":"https:\/\/reporteroshoy.mx\/noticias\/viejitos-causan-doble-choque-en-ciudad-caucel\/#breadcrumb"},"inLanguage":"es","potentialAction":[{"@type":"ReadAction","target":["https:\/\/reporteroshoy.mx\/noticias\/viejitos-causan-doble-choque-en-ciudad-caucel\/"]}]},{"@type":"ImageObject","inLanguage":"es","@id":"https:\/\/reporteroshoy.mx\/noticias\/viejitos-causan-doble-choque-en-ciudad-caucel\/#primaryimage","url":"https:\/\/reporteroshoy.mx\/noticias\/wp-content\/uploads\/2021\/11\/CIUDAD-CAUCEL_VIEJITOS_CHOCONES-2.jpeg","contentUrl":"https:\/\/reporteroshoy.mx\/noticias\/wp-content\/uploads\/2021\/11\/CIUDAD-CAUCEL_VIEJITOS_CHOCONES-2.jpeg","width":768,"height":513},{"@type":"BreadcrumbList","@id":"https:\/\/reporteroshoy.mx\/noticias\/viejitos-causan-doble-choque-en-ciudad-caucel\/#breadcrumb","itemListElement":[{"@type":"ListItem","position":1,"name":"Portada","item":"https:\/\/reporteroshoy.mx\/noticias\/"},{"@type":"ListItem","position":2,"name":"Viejitos causan doble choque en Ciudad Caucel"}]},{"@type":"WebSite","@id":"https:\/\/reporteroshoy.mx\/noticias\/#website","url":"https:\/\/reporteroshoy.mx\/noticias\/","name":"Reporteros Hoy | Noticias de Yucat\u00e1n","description":"Peri\u00f3dico digital con noticias diarias desde M\u00e9rida, Yucat\u00e1n para el mundo.","potentialAction":[{"@type":"SearchAction","target":{"@type":"EntryPoint","urlTemplate":"https:\/\/reporteroshoy.mx\/noticias\/?s={search_term_string}"},"query-input":{"@type":"PropertyValueSpecification","valueRequired":true,"valueName":"search_term_string"}}],"inLanguage":"es"},{"@type":"Person","@id":"https:\/\/reporteroshoy.mx\/noticias\/#\/schema\/person\/948520f0d88b01be2e5266bc4acbbc15","name":"Reporteros Hoy IM","image":{"@type":"ImageObject","inLanguage":"es","@id":"https:\/\/secure.gravatar.com\/avatar\/d843030b96552826ac048bdfe26f2895604b800ed0c880ee55765a74d95dfc65?s=96&d=mm&r=g","url":"https:\/\/secure.gravatar.com\/avatar\/d843030b96552826ac048bdfe26f2895604b800ed0c880ee55765a74d95dfc65?s=96&d=mm&r=g","contentUrl":"https:\/\/secure.gravatar.com\/avatar\/d843030b96552826ac048bdfe26f2895604b800ed0c880ee55765a74d95dfc65?s=96&d=mm&r=g","caption":"Reporteros Hoy IM"},"url":"https:\/\/reporteroshoy.mx\/noticias\/author\/israel\/"}]}},"_links":{"self":[{"href":"https:\/\/reporteroshoy.mx\/noticias\/wp-json\/wp\/v2\/posts\/76518","targetHints":{"allow":["GET"]}}],"collection":[{"href":"https:\/\/reporteroshoy.mx\/noticias\/wp-json\/wp\/v2\/posts"}],"about":[{"href":"https:\/\/reporteroshoy.mx\/noticias\/wp-json\/wp\/v2\/types\/post"}],"author":[{"embeddable":true,"href":"https:\/\/reporteroshoy.mx\/noticias\/wp-json\/wp\/v2\/users\/5"}],"replies":[{"embeddable":true,"href":"https:\/\/reporteroshoy.mx\/noticias\/wp-json\/wp\/v2\/comments?post=76518"}],"version-history":[{"count":0,"href":"https:\/\/reporteroshoy.mx\/noticias\/wp-json\/wp\/v2\/posts\/76518\/revisions"}],"wp:attachment":[{"href":"https:\/\/reporteroshoy.mx\/noticias\/wp-json\/wp\/v2\/media?parent=76518"}],"wp:term":[{"taxonomy":"category","embeddable":true,"href":"https:\/\/reporteroshoy.mx\/noticias\/wp-json\/wp\/v2\/categories?post=76518"},{"taxonomy":"post_tag","embeddable":true,"href":"https:\/\/reporteroshoy.mx\/noticias\/wp-json\/wp\/v2\/tags?post=76518"}],"curies":[{"name":"wp","href":"https:\/\/api.w.org\/{rel}","templated":true}]}}