{"id":76801,"date":"2021-11-26T14:48:25","date_gmt":"2021-11-26T20:48:25","guid":{"rendered":"https:\/\/reporteroshoy.mx\/noticias\/?p=76801"},"modified":"2021-11-26T14:50:40","modified_gmt":"2021-11-26T20:50:40","slug":"acuchillan-a-sujeto-en-la-casa-del-pueblo-hay-un-detenido","status":"publish","type":"post","link":"https:\/\/reporteroshoy.mx\/noticias\/acuchillan-a-sujeto-en-la-casa-del-pueblo-hay-un-detenido\/","title":{"rendered":"Acuchillan a sujeto en la Casa del Pueblo; hay un detenido"},"content":{"rendered":"<p style=\"text-align: justify;\">M\u00e9rida, Yucat\u00e1n; 26 de noviembre de 2021 (ACOM).- Una persona herida de gravedad y otra detenida fue el saldo de una ri\u00f1a sangrienta entre dos indigentes en las afueras de la Casa del Pueblo.<\/p>\n<p style=\"text-align: justify;\">El suceso se report\u00f3 sobre la calle 65 con 50 del centro de M\u00e9rida cuando un hombre, cansado de ser molestado a cada rato, le clav\u00f3 un cuchillo en el cuello a un sujeto quien comenz\u00f3 a sangrar sobre la baqueta.<\/p>\n<p style=\"text-align: justify;\">Param\u00e9dicos de la Cruz Roja llegaron r\u00e1pidamente para auxiliarlo, posteriormente fue trasladado de urgencias a una cl\u00ednica.<\/p>\n<p><img loading=\"lazy\" decoding=\"async\" class=\"wp-image-76802 aligncenter\" src=\"https:\/\/reporteroshoy.mx\/noticias\/wp-content\/uploads\/2021\/11\/Detenido-por-acuchillar.jpg\" alt=\"\" width=\"600\" height=\"600\" \/><\/p>\n<h4 style=\"text-align: justify;\"><strong>Detienen al responsable<\/strong><\/h4>\n<p style=\"text-align: justify;\">Tras la movilizaci\u00f3n policiaca, agentes de la Polic\u00eda Municipal de M\u00e9rida detuvieron a Eloy A.P.V., presunto responsable de herir con un cuchillo a un hombre.<\/p>\n<p style=\"text-align: justify;\">Fue trasladado a la C\u00e1rcel Municipal y en breve ser\u00e1 enviado a la Fiscal\u00eda General del Estado para el deslinde de responsabilidades.<\/p>\n","protected":false},"excerpt":{"rendered":"<p>Recibi\u00f3 una herida en el cuello luego de andar molestando a una persona. El herido termin\u00f3 hospitalizado, mientras el detenido acab\u00f3 ante la FGE.<\/p>\n","protected":false},"author":9,"featured_media":76804,"comment_status":"open","ping_status":"closed","sticky":false,"template":"","format":"standard","meta":{"footnotes":""},"categories":[14],"tags":[6603,10529,5435],"class_list":["post-76801","post","type-post","status-publish","format-standard","has-post-thumbnail","hentry","category-policia","tag-acuchillado","tag-casa-del-pueblo","tag-indigentes"],"yoast_head":"<!-- This site is optimized with the Yoast SEO plugin v28.4 - https:\/\/yoast.com\/product\/yoast-seo-wordpress\/ -->\n<title>Acuchillan a sujeto en la Casa del Pueblo; hay un detenido<\/title>\n<meta name=\"description\" content=\"Recibi\u00f3 una herida en el cuello luego de andar molestando a una persona. El herido termin\u00f3 hospitalizado, mientras el detenido acab\u00f3 ante la FGE.\" \/>\n<meta name=\"robots\" content=\"index, follow, max-snippet:-1, max-image-preview:large, max-video-preview:-1\" \/>\n<link rel=\"canonical\" href=\"https:\/\/reporteroshoy.mx\/noticias\/acuchillan-a-sujeto-en-la-casa-del-pueblo-hay-un-detenido\/\" \/>\n<meta property=\"og:locale\" content=\"es_ES\" \/>\n<meta property=\"og:type\" content=\"article\" \/>\n<meta property=\"og:title\" content=\"Acuchillan a sujeto en la Casa del Pueblo; hay un detenido\" \/>\n<meta property=\"og:description\" content=\"Recibi\u00f3 una herida en el cuello luego de andar molestando a una persona. El herido termin\u00f3 hospitalizado, mientras el detenido acab\u00f3 ante la FGE.\" \/>\n<meta property=\"og:url\" content=\"https:\/\/reporteroshoy.mx\/noticias\/acuchillan-a-sujeto-en-la-casa-del-pueblo-hay-un-detenido\/\" \/>\n<meta property=\"og:site_name\" content=\"Reporteros Hoy | Noticias de Yucat\u00e1n\" \/>\n<meta property=\"article:publisher\" content=\"http:\/\/www.facebook.com\/reporteroshoymx\" \/>\n<meta property=\"article:published_time\" content=\"2021-11-26T20:48:25+00:00\" \/>\n<meta property=\"article:modified_time\" content=\"2021-11-26T20:50:40+00:00\" \/>\n<meta property=\"og:image\" content=\"https:\/\/reporteroshoy.mx\/noticias\/wp-content\/uploads\/2021\/11\/Acuchillado-en-Merida-1.jpg\" \/>\n\t<meta property=\"og:image:width\" content=\"768\" \/>\n\t<meta property=\"og:image:height\" content=\"431\" \/>\n\t<meta property=\"og:image:type\" content=\"image\/jpeg\" \/>\n<meta name=\"author\" content=\"Reporteros Hoy WP\" \/>\n<meta name=\"twitter:card\" content=\"summary_large_image\" \/>\n<meta name=\"twitter:creator\" content=\"@reporteroshoy\" \/>\n<meta name=\"twitter:site\" content=\"@reporteroshoy\" \/>\n<meta name=\"twitter:label1\" content=\"Escrito por\" \/>\n\t<meta name=\"twitter:data1\" content=\"Reporteros Hoy WP\" \/>\n\t<meta name=\"twitter:label2\" content=\"Tiempo de lectura\" \/>\n\t<meta name=\"twitter:data2\" content=\"1 minuto\" \/>\n<script type=\"application\/ld+json\" class=\"yoast-schema-graph\">{\"@context\":\"https:\\\/\\\/schema.org\",\"@graph\":[{\"@type\":\"Article\",\"@id\":\"https:\\\/\\\/reporteroshoy.mx\\\/noticias\\\/acuchillan-a-sujeto-en-la-casa-del-pueblo-hay-un-detenido\\\/#article\",\"isPartOf\":{\"@id\":\"https:\\\/\\\/reporteroshoy.mx\\\/noticias\\\/acuchillan-a-sujeto-en-la-casa-del-pueblo-hay-un-detenido\\\/\"},\"author\":{\"name\":\"Reporteros Hoy WP\",\"@id\":\"https:\\\/\\\/reporteroshoy.mx\\\/noticias\\\/#\\\/schema\\\/person\\\/c977527e57c958a62c5cefe8fe47876e\"},\"headline\":\"Acuchillan a sujeto en la Casa del Pueblo; hay un detenido\",\"datePublished\":\"2021-11-26T20:48:25+00:00\",\"dateModified\":\"2021-11-26T20:50:40+00:00\",\"mainEntityOfPage\":{\"@id\":\"https:\\\/\\\/reporteroshoy.mx\\\/noticias\\\/acuchillan-a-sujeto-en-la-casa-del-pueblo-hay-un-detenido\\\/\"},\"wordCount\":164,\"commentCount\":0,\"image\":{\"@id\":\"https:\\\/\\\/reporteroshoy.mx\\\/noticias\\\/acuchillan-a-sujeto-en-la-casa-del-pueblo-hay-un-detenido\\\/#primaryimage\"},\"thumbnailUrl\":\"https:\\\/\\\/reporteroshoy.mx\\\/noticias\\\/wp-content\\\/uploads\\\/2021\\\/11\\\/Acuchillado-en-Merida-1.jpg\",\"keywords\":[\"Acuchillado\",\"Casa del Pueblo\",\"Indigentes\"],\"articleSection\":[\"Polic\u00eda\"],\"inLanguage\":\"es\",\"potentialAction\":[{\"@type\":\"CommentAction\",\"name\":\"Comment\",\"target\":[\"https:\\\/\\\/reporteroshoy.mx\\\/noticias\\\/acuchillan-a-sujeto-en-la-casa-del-pueblo-hay-un-detenido\\\/#respond\"]}]},{\"@type\":\"WebPage\",\"@id\":\"https:\\\/\\\/reporteroshoy.mx\\\/noticias\\\/acuchillan-a-sujeto-en-la-casa-del-pueblo-hay-un-detenido\\\/\",\"url\":\"https:\\\/\\\/reporteroshoy.mx\\\/noticias\\\/acuchillan-a-sujeto-en-la-casa-del-pueblo-hay-un-detenido\\\/\",\"name\":\"Acuchillan a sujeto en la Casa del Pueblo; hay un detenido\",\"isPartOf\":{\"@id\":\"https:\\\/\\\/reporteroshoy.mx\\\/noticias\\\/#website\"},\"primaryImageOfPage\":{\"@id\":\"https:\\\/\\\/reporteroshoy.mx\\\/noticias\\\/acuchillan-a-sujeto-en-la-casa-del-pueblo-hay-un-detenido\\\/#primaryimage\"},\"image\":{\"@id\":\"https:\\\/\\\/reporteroshoy.mx\\\/noticias\\\/acuchillan-a-sujeto-en-la-casa-del-pueblo-hay-un-detenido\\\/#primaryimage\"},\"thumbnailUrl\":\"https:\\\/\\\/reporteroshoy.mx\\\/noticias\\\/wp-content\\\/uploads\\\/2021\\\/11\\\/Acuchillado-en-Merida-1.jpg\",\"datePublished\":\"2021-11-26T20:48:25+00:00\",\"dateModified\":\"2021-11-26T20:50:40+00:00\",\"author\":{\"@id\":\"https:\\\/\\\/reporteroshoy.mx\\\/noticias\\\/#\\\/schema\\\/person\\\/c977527e57c958a62c5cefe8fe47876e\"},\"description\":\"Recibi\u00f3 una herida en el cuello luego de andar molestando a una persona. El herido termin\u00f3 hospitalizado, mientras el detenido acab\u00f3 ante la FGE.\",\"breadcrumb\":{\"@id\":\"https:\\\/\\\/reporteroshoy.mx\\\/noticias\\\/acuchillan-a-sujeto-en-la-casa-del-pueblo-hay-un-detenido\\\/#breadcrumb\"},\"inLanguage\":\"es\",\"potentialAction\":[{\"@type\":\"ReadAction\",\"target\":[\"https:\\\/\\\/reporteroshoy.mx\\\/noticias\\\/acuchillan-a-sujeto-en-la-casa-del-pueblo-hay-un-detenido\\\/\"]}]},{\"@type\":\"ImageObject\",\"inLanguage\":\"es\",\"@id\":\"https:\\\/\\\/reporteroshoy.mx\\\/noticias\\\/acuchillan-a-sujeto-en-la-casa-del-pueblo-hay-un-detenido\\\/#primaryimage\",\"url\":\"https:\\\/\\\/reporteroshoy.mx\\\/noticias\\\/wp-content\\\/uploads\\\/2021\\\/11\\\/Acuchillado-en-Merida-1.jpg\",\"contentUrl\":\"https:\\\/\\\/reporteroshoy.mx\\\/noticias\\\/wp-content\\\/uploads\\\/2021\\\/11\\\/Acuchillado-en-Merida-1.jpg\",\"width\":768,\"height\":431},{\"@type\":\"BreadcrumbList\",\"@id\":\"https:\\\/\\\/reporteroshoy.mx\\\/noticias\\\/acuchillan-a-sujeto-en-la-casa-del-pueblo-hay-un-detenido\\\/#breadcrumb\",\"itemListElement\":[{\"@type\":\"ListItem\",\"position\":1,\"name\":\"Portada\",\"item\":\"https:\\\/\\\/reporteroshoy.mx\\\/noticias\\\/\"},{\"@type\":\"ListItem\",\"position\":2,\"name\":\"Acuchillan a sujeto en la Casa del Pueblo; hay un detenido\"}]},{\"@type\":\"WebSite\",\"@id\":\"https:\\\/\\\/reporteroshoy.mx\\\/noticias\\\/#website\",\"url\":\"https:\\\/\\\/reporteroshoy.mx\\\/noticias\\\/\",\"name\":\"Reporteros Hoy | Noticias de Yucat\u00e1n\",\"description\":\"Peri\u00f3dico digital con noticias diarias desde M\u00e9rida, Yucat\u00e1n para el mundo.\",\"potentialAction\":[{\"@type\":\"SearchAction\",\"target\":{\"@type\":\"EntryPoint\",\"urlTemplate\":\"https:\\\/\\\/reporteroshoy.mx\\\/noticias\\\/?s={search_term_string}\"},\"query-input\":{\"@type\":\"PropertyValueSpecification\",\"valueRequired\":true,\"valueName\":\"search_term_string\"}}],\"inLanguage\":\"es\"},{\"@type\":\"Person\",\"@id\":\"https:\\\/\\\/reporteroshoy.mx\\\/noticias\\\/#\\\/schema\\\/person\\\/c977527e57c958a62c5cefe8fe47876e\",\"name\":\"Reporteros Hoy WP\",\"image\":{\"@type\":\"ImageObject\",\"inLanguage\":\"es\",\"@id\":\"https:\\\/\\\/secure.gravatar.com\\\/avatar\\\/fd2917f79a7dae30f8ac9ddc2f35e1756bb59e25e01d1cd09deaa64df7b2f73e?s=96&d=mm&r=g\",\"url\":\"https:\\\/\\\/secure.gravatar.com\\\/avatar\\\/fd2917f79a7dae30f8ac9ddc2f35e1756bb59e25e01d1cd09deaa64df7b2f73e?s=96&d=mm&r=g\",\"contentUrl\":\"https:\\\/\\\/secure.gravatar.com\\\/avatar\\\/fd2917f79a7dae30f8ac9ddc2f35e1756bb59e25e01d1cd09deaa64df7b2f73e?s=96&d=mm&r=g\",\"caption\":\"Reporteros Hoy WP\"},\"url\":\"https:\\\/\\\/reporteroshoy.mx\\\/noticias\\\/author\\\/walfer\\\/\"}]}<\/script>\n<!-- \/ Yoast SEO plugin. -->","yoast_head_json":{"title":"Acuchillan a sujeto en la Casa del Pueblo; hay un detenido","description":"Recibi\u00f3 una herida en el cuello luego de andar molestando a una persona. El herido termin\u00f3 hospitalizado, mientras el detenido acab\u00f3 ante la FGE.","robots":{"index":"index","follow":"follow","max-snippet":"max-snippet:-1","max-image-preview":"max-image-preview:large","max-video-preview":"max-video-preview:-1"},"canonical":"https:\/\/reporteroshoy.mx\/noticias\/acuchillan-a-sujeto-en-la-casa-del-pueblo-hay-un-detenido\/","og_locale":"es_ES","og_type":"article","og_title":"Acuchillan a sujeto en la Casa del Pueblo; hay un detenido","og_description":"Recibi\u00f3 una herida en el cuello luego de andar molestando a una persona. El herido termin\u00f3 hospitalizado, mientras el detenido acab\u00f3 ante la FGE.","og_url":"https:\/\/reporteroshoy.mx\/noticias\/acuchillan-a-sujeto-en-la-casa-del-pueblo-hay-un-detenido\/","og_site_name":"Reporteros Hoy | Noticias de Yucat\u00e1n","article_publisher":"http:\/\/www.facebook.com\/reporteroshoymx","article_published_time":"2021-11-26T20:48:25+00:00","article_modified_time":"2021-11-26T20:50:40+00:00","og_image":[{"width":768,"height":431,"url":"https:\/\/reporteroshoy.mx\/noticias\/wp-content\/uploads\/2021\/11\/Acuchillado-en-Merida-1.jpg","type":"image\/jpeg"}],"author":"Reporteros Hoy WP","twitter_card":"summary_large_image","twitter_creator":"@reporteroshoy","twitter_site":"@reporteroshoy","twitter_misc":{"Escrito por":"Reporteros Hoy WP","Tiempo de lectura":"1 minuto"},"schema":{"@context":"https:\/\/schema.org","@graph":[{"@type":"Article","@id":"https:\/\/reporteroshoy.mx\/noticias\/acuchillan-a-sujeto-en-la-casa-del-pueblo-hay-un-detenido\/#article","isPartOf":{"@id":"https:\/\/reporteroshoy.mx\/noticias\/acuchillan-a-sujeto-en-la-casa-del-pueblo-hay-un-detenido\/"},"author":{"name":"Reporteros Hoy WP","@id":"https:\/\/reporteroshoy.mx\/noticias\/#\/schema\/person\/c977527e57c958a62c5cefe8fe47876e"},"headline":"Acuchillan a sujeto en la Casa del Pueblo; hay un detenido","datePublished":"2021-11-26T20:48:25+00:00","dateModified":"2021-11-26T20:50:40+00:00","mainEntityOfPage":{"@id":"https:\/\/reporteroshoy.mx\/noticias\/acuchillan-a-sujeto-en-la-casa-del-pueblo-hay-un-detenido\/"},"wordCount":164,"commentCount":0,"image":{"@id":"https:\/\/reporteroshoy.mx\/noticias\/acuchillan-a-sujeto-en-la-casa-del-pueblo-hay-un-detenido\/#primaryimage"},"thumbnailUrl":"https:\/\/reporteroshoy.mx\/noticias\/wp-content\/uploads\/2021\/11\/Acuchillado-en-Merida-1.jpg","keywords":["Acuchillado","Casa del Pueblo","Indigentes"],"articleSection":["Polic\u00eda"],"inLanguage":"es","potentialAction":[{"@type":"CommentAction","name":"Comment","target":["https:\/\/reporteroshoy.mx\/noticias\/acuchillan-a-sujeto-en-la-casa-del-pueblo-hay-un-detenido\/#respond"]}]},{"@type":"WebPage","@id":"https:\/\/reporteroshoy.mx\/noticias\/acuchillan-a-sujeto-en-la-casa-del-pueblo-hay-un-detenido\/","url":"https:\/\/reporteroshoy.mx\/noticias\/acuchillan-a-sujeto-en-la-casa-del-pueblo-hay-un-detenido\/","name":"Acuchillan a sujeto en la Casa del Pueblo; hay un detenido","isPartOf":{"@id":"https:\/\/reporteroshoy.mx\/noticias\/#website"},"primaryImageOfPage":{"@id":"https:\/\/reporteroshoy.mx\/noticias\/acuchillan-a-sujeto-en-la-casa-del-pueblo-hay-un-detenido\/#primaryimage"},"image":{"@id":"https:\/\/reporteroshoy.mx\/noticias\/acuchillan-a-sujeto-en-la-casa-del-pueblo-hay-un-detenido\/#primaryimage"},"thumbnailUrl":"https:\/\/reporteroshoy.mx\/noticias\/wp-content\/uploads\/2021\/11\/Acuchillado-en-Merida-1.jpg","datePublished":"2021-11-26T20:48:25+00:00","dateModified":"2021-11-26T20:50:40+00:00","author":{"@id":"https:\/\/reporteroshoy.mx\/noticias\/#\/schema\/person\/c977527e57c958a62c5cefe8fe47876e"},"description":"Recibi\u00f3 una herida en el cuello luego de andar molestando a una persona. El herido termin\u00f3 hospitalizado, mientras el detenido acab\u00f3 ante la FGE.","breadcrumb":{"@id":"https:\/\/reporteroshoy.mx\/noticias\/acuchillan-a-sujeto-en-la-casa-del-pueblo-hay-un-detenido\/#breadcrumb"},"inLanguage":"es","potentialAction":[{"@type":"ReadAction","target":["https:\/\/reporteroshoy.mx\/noticias\/acuchillan-a-sujeto-en-la-casa-del-pueblo-hay-un-detenido\/"]}]},{"@type":"ImageObject","inLanguage":"es","@id":"https:\/\/reporteroshoy.mx\/noticias\/acuchillan-a-sujeto-en-la-casa-del-pueblo-hay-un-detenido\/#primaryimage","url":"https:\/\/reporteroshoy.mx\/noticias\/wp-content\/uploads\/2021\/11\/Acuchillado-en-Merida-1.jpg","contentUrl":"https:\/\/reporteroshoy.mx\/noticias\/wp-content\/uploads\/2021\/11\/Acuchillado-en-Merida-1.jpg","width":768,"height":431},{"@type":"BreadcrumbList","@id":"https:\/\/reporteroshoy.mx\/noticias\/acuchillan-a-sujeto-en-la-casa-del-pueblo-hay-un-detenido\/#breadcrumb","itemListElement":[{"@type":"ListItem","position":1,"name":"Portada","item":"https:\/\/reporteroshoy.mx\/noticias\/"},{"@type":"ListItem","position":2,"name":"Acuchillan a sujeto en la Casa del Pueblo; hay un detenido"}]},{"@type":"WebSite","@id":"https:\/\/reporteroshoy.mx\/noticias\/#website","url":"https:\/\/reporteroshoy.mx\/noticias\/","name":"Reporteros Hoy | Noticias de Yucat\u00e1n","description":"Peri\u00f3dico digital con noticias diarias desde M\u00e9rida, Yucat\u00e1n para el mundo.","potentialAction":[{"@type":"SearchAction","target":{"@type":"EntryPoint","urlTemplate":"https:\/\/reporteroshoy.mx\/noticias\/?s={search_term_string}"},"query-input":{"@type":"PropertyValueSpecification","valueRequired":true,"valueName":"search_term_string"}}],"inLanguage":"es"},{"@type":"Person","@id":"https:\/\/reporteroshoy.mx\/noticias\/#\/schema\/person\/c977527e57c958a62c5cefe8fe47876e","name":"Reporteros Hoy WP","image":{"@type":"ImageObject","inLanguage":"es","@id":"https:\/\/secure.gravatar.com\/avatar\/fd2917f79a7dae30f8ac9ddc2f35e1756bb59e25e01d1cd09deaa64df7b2f73e?s=96&d=mm&r=g","url":"https:\/\/secure.gravatar.com\/avatar\/fd2917f79a7dae30f8ac9ddc2f35e1756bb59e25e01d1cd09deaa64df7b2f73e?s=96&d=mm&r=g","contentUrl":"https:\/\/secure.gravatar.com\/avatar\/fd2917f79a7dae30f8ac9ddc2f35e1756bb59e25e01d1cd09deaa64df7b2f73e?s=96&d=mm&r=g","caption":"Reporteros Hoy WP"},"url":"https:\/\/reporteroshoy.mx\/noticias\/author\/walfer\/"}]}},"_links":{"self":[{"href":"https:\/\/reporteroshoy.mx\/noticias\/wp-json\/wp\/v2\/posts\/76801","targetHints":{"allow":["GET"]}}],"collection":[{"href":"https:\/\/reporteroshoy.mx\/noticias\/wp-json\/wp\/v2\/posts"}],"about":[{"href":"https:\/\/reporteroshoy.mx\/noticias\/wp-json\/wp\/v2\/types\/post"}],"author":[{"embeddable":true,"href":"https:\/\/reporteroshoy.mx\/noticias\/wp-json\/wp\/v2\/users\/9"}],"replies":[{"embeddable":true,"href":"https:\/\/reporteroshoy.mx\/noticias\/wp-json\/wp\/v2\/comments?post=76801"}],"version-history":[{"count":0,"href":"https:\/\/reporteroshoy.mx\/noticias\/wp-json\/wp\/v2\/posts\/76801\/revisions"}],"wp:featuredmedia":[{"embeddable":true,"href":"https:\/\/reporteroshoy.mx\/noticias\/wp-json\/wp\/v2\/media\/76804"}],"wp:attachment":[{"href":"https:\/\/reporteroshoy.mx\/noticias\/wp-json\/wp\/v2\/media?parent=76801"}],"wp:term":[{"taxonomy":"category","embeddable":true,"href":"https:\/\/reporteroshoy.mx\/noticias\/wp-json\/wp\/v2\/categories?post=76801"},{"taxonomy":"post_tag","embeddable":true,"href":"https:\/\/reporteroshoy.mx\/noticias\/wp-json\/wp\/v2\/tags?post=76801"}],"curies":[{"name":"wp","href":"https:\/\/api.w.org\/{rel}","templated":true}]}}