{"id":76860,"date":"2021-11-27T12:58:21","date_gmt":"2021-11-27T18:58:21","guid":{"rendered":"https:\/\/reporteroshoy.mx\/noticias\/?p=76860"},"modified":"2021-11-27T12:58:21","modified_gmt":"2021-11-27T18:58:21","slug":"dos-anos-despues-retumban-los-aires-yucatecos-en-izamal","status":"publish","type":"post","link":"https:\/\/reporteroshoy.mx\/noticias\/dos-anos-despues-retumban-los-aires-yucatecos-en-izamal\/","title":{"rendered":"Dos a\u00f1os despu\u00e9s retumban los &#8216;aires yucatecos&#8217; en Izamal"},"content":{"rendered":"<p style=\"text-align: justify;\">Izamal, Yucat\u00e1n; 27 de noviembre de 2021 (ACOM).- El costado norte del convento franciscano de Izamal se llen\u00f3 de magia, colores y luces durante la tradicional vaquer\u00eda que marc\u00f3 el inicio de la feria en honor a la virgen de la Inmaculada Concepci\u00f3n.<\/p>\n<p style=\"text-align: justify;\">Los aires yucatecos volvieron a retumbar despu\u00e9s de dos largos a\u00f1os desde que inici\u00f3 la pandemia del COVID-19. En esta ocasi\u00f3n la orquesta de Arturo Gonzales y V\u00edctor Soberanis revivieron aquellos hermosos momentos.<\/p>\n<p><img loading=\"lazy\" decoding=\"async\" class=\"wp-image-76862 aligncenter\" src=\"https:\/\/reporteroshoy.mx\/noticias\/wp-content\/uploads\/2021\/11\/Vaqueria-Izamal1.jpg\" alt=\"\" width=\"598\" height=\"337\" \/><\/p>\n<p style=\"text-align: justify;\">Cientos de jaraneros de toda la pen\u00ednsula llegaron a la &#8216;Ciudad Amarilla&#8217; a disfrutar de una de las fiestas con m\u00e1s arraigo y tradici\u00f3n en honor a Mam\u00e1 Linda, patrona de la Arquidi\u00f3cesis de Yucat\u00e1n.<\/p>\n<p style=\"text-align: justify;\">Durante la noche se impuso la banda a la embajadora infantil Renata Gonzales Loria por parte de las autoridades.<\/p>\n<p><img loading=\"lazy\" decoding=\"async\" class=\" wp-image-76861 aligncenter\" src=\"https:\/\/reporteroshoy.mx\/noticias\/wp-content\/uploads\/2021\/11\/Vaqueria-Izamal-scaled.jpg\" alt=\"\" width=\"550\" height=\"825\" \/><\/p>\n","protected":false},"excerpt":{"rendered":"<p>Cientos de jaraneros se dieron cita en Izamal para la tradicional vaquer\u00eda, que marca el inicio de las fiestas en honor a Mam\u00e1 Linda.<\/p>\n","protected":false},"author":9,"featured_media":76863,"comment_status":"open","ping_status":"closed","sticky":false,"template":"","format":"standard","meta":{"footnotes":""},"categories":[11],"tags":[239,1378,760],"class_list":["post-76860","post","type-post","status-publish","format-standard","has-post-thumbnail","hentry","category-municipios-de-yucatan","tag-izamal","tag-vaqueria","tag-yucatan-centro"],"yoast_head":"<!-- This site is optimized with the Yoast SEO plugin v28.4 - https:\/\/yoast.com\/product\/yoast-seo-wordpress\/ -->\n<title>Dos a\u00f1os despu\u00e9s retumban los &#039;aires yucatecos&#039; en Izamal<\/title>\n<meta name=\"description\" content=\"Cientos de jaraneros se dieron cita en Izamal para la tradicional vaquer\u00eda, que marca el inicio de las fiestas en honor a Mam\u00e1 Linda.\" \/>\n<meta name=\"robots\" content=\"index, follow, max-snippet:-1, max-image-preview:large, max-video-preview:-1\" \/>\n<link rel=\"canonical\" href=\"https:\/\/reporteroshoy.mx\/noticias\/dos-anos-despues-retumban-los-aires-yucatecos-en-izamal\/\" \/>\n<meta property=\"og:locale\" content=\"es_ES\" \/>\n<meta property=\"og:type\" content=\"article\" \/>\n<meta property=\"og:title\" content=\"Dos a\u00f1os despu\u00e9s retumban los &#039;aires yucatecos&#039; en Izamal\" \/>\n<meta property=\"og:description\" content=\"Cientos de jaraneros se dieron cita en Izamal para la tradicional vaquer\u00eda, que marca el inicio de las fiestas en honor a Mam\u00e1 Linda.\" \/>\n<meta property=\"og:url\" content=\"https:\/\/reporteroshoy.mx\/noticias\/dos-anos-despues-retumban-los-aires-yucatecos-en-izamal\/\" \/>\n<meta property=\"og:site_name\" content=\"Reporteros Hoy | Noticias de Yucat\u00e1n\" \/>\n<meta property=\"article:publisher\" content=\"http:\/\/www.facebook.com\/reporteroshoymx\" \/>\n<meta property=\"article:published_time\" content=\"2021-11-27T18:58:21+00:00\" \/>\n<meta property=\"og:image\" content=\"https:\/\/reporteroshoy.mx\/noticias\/wp-content\/uploads\/2021\/11\/Vaqueria-Izamal2.jpg\" \/>\n\t<meta property=\"og:image:width\" content=\"768\" \/>\n\t<meta property=\"og:image:height\" content=\"431\" \/>\n\t<meta property=\"og:image:type\" content=\"image\/jpeg\" \/>\n<meta name=\"author\" content=\"Reporteros Hoy WP\" \/>\n<meta name=\"twitter:card\" content=\"summary_large_image\" \/>\n<meta name=\"twitter:creator\" content=\"@reporteroshoy\" \/>\n<meta name=\"twitter:site\" content=\"@reporteroshoy\" \/>\n<meta name=\"twitter:label1\" content=\"Escrito por\" \/>\n\t<meta name=\"twitter:data1\" content=\"Reporteros Hoy WP\" \/>\n\t<meta name=\"twitter:label2\" content=\"Tiempo de lectura\" \/>\n\t<meta name=\"twitter:data2\" content=\"1 minuto\" \/>\n<script type=\"application\/ld+json\" class=\"yoast-schema-graph\">{\"@context\":\"https:\\\/\\\/schema.org\",\"@graph\":[{\"@type\":\"Article\",\"@id\":\"https:\\\/\\\/reporteroshoy.mx\\\/noticias\\\/dos-anos-despues-retumban-los-aires-yucatecos-en-izamal\\\/#article\",\"isPartOf\":{\"@id\":\"https:\\\/\\\/reporteroshoy.mx\\\/noticias\\\/dos-anos-despues-retumban-los-aires-yucatecos-en-izamal\\\/\"},\"author\":{\"name\":\"Reporteros Hoy WP\",\"@id\":\"https:\\\/\\\/reporteroshoy.mx\\\/noticias\\\/#\\\/schema\\\/person\\\/c977527e57c958a62c5cefe8fe47876e\"},\"headline\":\"Dos a\u00f1os despu\u00e9s retumban los &#8216;aires yucatecos&#8217; en Izamal\",\"datePublished\":\"2021-11-27T18:58:21+00:00\",\"mainEntityOfPage\":{\"@id\":\"https:\\\/\\\/reporteroshoy.mx\\\/noticias\\\/dos-anos-despues-retumban-los-aires-yucatecos-en-izamal\\\/\"},\"wordCount\":152,\"commentCount\":0,\"image\":{\"@id\":\"https:\\\/\\\/reporteroshoy.mx\\\/noticias\\\/dos-anos-despues-retumban-los-aires-yucatecos-en-izamal\\\/#primaryimage\"},\"thumbnailUrl\":\"https:\\\/\\\/reporteroshoy.mx\\\/noticias\\\/wp-content\\\/uploads\\\/2021\\\/11\\\/Vaqueria-Izamal2.jpg\",\"keywords\":[\"izamal\",\"Vaquer\u00eda\",\"Yucat\u00e1n Centro\"],\"articleSection\":[\"Municipios\"],\"inLanguage\":\"es\",\"potentialAction\":[{\"@type\":\"CommentAction\",\"name\":\"Comment\",\"target\":[\"https:\\\/\\\/reporteroshoy.mx\\\/noticias\\\/dos-anos-despues-retumban-los-aires-yucatecos-en-izamal\\\/#respond\"]}]},{\"@type\":\"WebPage\",\"@id\":\"https:\\\/\\\/reporteroshoy.mx\\\/noticias\\\/dos-anos-despues-retumban-los-aires-yucatecos-en-izamal\\\/\",\"url\":\"https:\\\/\\\/reporteroshoy.mx\\\/noticias\\\/dos-anos-despues-retumban-los-aires-yucatecos-en-izamal\\\/\",\"name\":\"Dos a\u00f1os despu\u00e9s retumban los 'aires yucatecos' en Izamal\",\"isPartOf\":{\"@id\":\"https:\\\/\\\/reporteroshoy.mx\\\/noticias\\\/#website\"},\"primaryImageOfPage\":{\"@id\":\"https:\\\/\\\/reporteroshoy.mx\\\/noticias\\\/dos-anos-despues-retumban-los-aires-yucatecos-en-izamal\\\/#primaryimage\"},\"image\":{\"@id\":\"https:\\\/\\\/reporteroshoy.mx\\\/noticias\\\/dos-anos-despues-retumban-los-aires-yucatecos-en-izamal\\\/#primaryimage\"},\"thumbnailUrl\":\"https:\\\/\\\/reporteroshoy.mx\\\/noticias\\\/wp-content\\\/uploads\\\/2021\\\/11\\\/Vaqueria-Izamal2.jpg\",\"datePublished\":\"2021-11-27T18:58:21+00:00\",\"author\":{\"@id\":\"https:\\\/\\\/reporteroshoy.mx\\\/noticias\\\/#\\\/schema\\\/person\\\/c977527e57c958a62c5cefe8fe47876e\"},\"description\":\"Cientos de jaraneros se dieron cita en Izamal para la tradicional vaquer\u00eda, que marca el inicio de las fiestas en honor a Mam\u00e1 Linda.\",\"breadcrumb\":{\"@id\":\"https:\\\/\\\/reporteroshoy.mx\\\/noticias\\\/dos-anos-despues-retumban-los-aires-yucatecos-en-izamal\\\/#breadcrumb\"},\"inLanguage\":\"es\",\"potentialAction\":[{\"@type\":\"ReadAction\",\"target\":[\"https:\\\/\\\/reporteroshoy.mx\\\/noticias\\\/dos-anos-despues-retumban-los-aires-yucatecos-en-izamal\\\/\"]}]},{\"@type\":\"ImageObject\",\"inLanguage\":\"es\",\"@id\":\"https:\\\/\\\/reporteroshoy.mx\\\/noticias\\\/dos-anos-despues-retumban-los-aires-yucatecos-en-izamal\\\/#primaryimage\",\"url\":\"https:\\\/\\\/reporteroshoy.mx\\\/noticias\\\/wp-content\\\/uploads\\\/2021\\\/11\\\/Vaqueria-Izamal2.jpg\",\"contentUrl\":\"https:\\\/\\\/reporteroshoy.mx\\\/noticias\\\/wp-content\\\/uploads\\\/2021\\\/11\\\/Vaqueria-Izamal2.jpg\",\"width\":768,\"height\":431},{\"@type\":\"BreadcrumbList\",\"@id\":\"https:\\\/\\\/reporteroshoy.mx\\\/noticias\\\/dos-anos-despues-retumban-los-aires-yucatecos-en-izamal\\\/#breadcrumb\",\"itemListElement\":[{\"@type\":\"ListItem\",\"position\":1,\"name\":\"Portada\",\"item\":\"https:\\\/\\\/reporteroshoy.mx\\\/noticias\\\/\"},{\"@type\":\"ListItem\",\"position\":2,\"name\":\"Dos a\u00f1os despu\u00e9s retumban los &#8216;aires yucatecos&#8217; en Izamal\"}]},{\"@type\":\"WebSite\",\"@id\":\"https:\\\/\\\/reporteroshoy.mx\\\/noticias\\\/#website\",\"url\":\"https:\\\/\\\/reporteroshoy.mx\\\/noticias\\\/\",\"name\":\"Reporteros Hoy | Noticias de Yucat\u00e1n\",\"description\":\"Peri\u00f3dico digital con noticias diarias desde M\u00e9rida, Yucat\u00e1n para el mundo.\",\"potentialAction\":[{\"@type\":\"SearchAction\",\"target\":{\"@type\":\"EntryPoint\",\"urlTemplate\":\"https:\\\/\\\/reporteroshoy.mx\\\/noticias\\\/?s={search_term_string}\"},\"query-input\":{\"@type\":\"PropertyValueSpecification\",\"valueRequired\":true,\"valueName\":\"search_term_string\"}}],\"inLanguage\":\"es\"},{\"@type\":\"Person\",\"@id\":\"https:\\\/\\\/reporteroshoy.mx\\\/noticias\\\/#\\\/schema\\\/person\\\/c977527e57c958a62c5cefe8fe47876e\",\"name\":\"Reporteros Hoy WP\",\"image\":{\"@type\":\"ImageObject\",\"inLanguage\":\"es\",\"@id\":\"https:\\\/\\\/secure.gravatar.com\\\/avatar\\\/fd2917f79a7dae30f8ac9ddc2f35e1756bb59e25e01d1cd09deaa64df7b2f73e?s=96&d=mm&r=g\",\"url\":\"https:\\\/\\\/secure.gravatar.com\\\/avatar\\\/fd2917f79a7dae30f8ac9ddc2f35e1756bb59e25e01d1cd09deaa64df7b2f73e?s=96&d=mm&r=g\",\"contentUrl\":\"https:\\\/\\\/secure.gravatar.com\\\/avatar\\\/fd2917f79a7dae30f8ac9ddc2f35e1756bb59e25e01d1cd09deaa64df7b2f73e?s=96&d=mm&r=g\",\"caption\":\"Reporteros Hoy WP\"},\"url\":\"https:\\\/\\\/reporteroshoy.mx\\\/noticias\\\/author\\\/walfer\\\/\"}]}<\/script>\n<!-- \/ Yoast SEO plugin. -->","yoast_head_json":{"title":"Dos a\u00f1os despu\u00e9s retumban los 'aires yucatecos' en Izamal","description":"Cientos de jaraneros se dieron cita en Izamal para la tradicional vaquer\u00eda, que marca el inicio de las fiestas en honor a Mam\u00e1 Linda.","robots":{"index":"index","follow":"follow","max-snippet":"max-snippet:-1","max-image-preview":"max-image-preview:large","max-video-preview":"max-video-preview:-1"},"canonical":"https:\/\/reporteroshoy.mx\/noticias\/dos-anos-despues-retumban-los-aires-yucatecos-en-izamal\/","og_locale":"es_ES","og_type":"article","og_title":"Dos a\u00f1os despu\u00e9s retumban los 'aires yucatecos' en Izamal","og_description":"Cientos de jaraneros se dieron cita en Izamal para la tradicional vaquer\u00eda, que marca el inicio de las fiestas en honor a Mam\u00e1 Linda.","og_url":"https:\/\/reporteroshoy.mx\/noticias\/dos-anos-despues-retumban-los-aires-yucatecos-en-izamal\/","og_site_name":"Reporteros Hoy | Noticias de Yucat\u00e1n","article_publisher":"http:\/\/www.facebook.com\/reporteroshoymx","article_published_time":"2021-11-27T18:58:21+00:00","og_image":[{"width":768,"height":431,"url":"https:\/\/reporteroshoy.mx\/noticias\/wp-content\/uploads\/2021\/11\/Vaqueria-Izamal2.jpg","type":"image\/jpeg"}],"author":"Reporteros Hoy WP","twitter_card":"summary_large_image","twitter_creator":"@reporteroshoy","twitter_site":"@reporteroshoy","twitter_misc":{"Escrito por":"Reporteros Hoy WP","Tiempo de lectura":"1 minuto"},"schema":{"@context":"https:\/\/schema.org","@graph":[{"@type":"Article","@id":"https:\/\/reporteroshoy.mx\/noticias\/dos-anos-despues-retumban-los-aires-yucatecos-en-izamal\/#article","isPartOf":{"@id":"https:\/\/reporteroshoy.mx\/noticias\/dos-anos-despues-retumban-los-aires-yucatecos-en-izamal\/"},"author":{"name":"Reporteros Hoy WP","@id":"https:\/\/reporteroshoy.mx\/noticias\/#\/schema\/person\/c977527e57c958a62c5cefe8fe47876e"},"headline":"Dos a\u00f1os despu\u00e9s retumban los &#8216;aires yucatecos&#8217; en Izamal","datePublished":"2021-11-27T18:58:21+00:00","mainEntityOfPage":{"@id":"https:\/\/reporteroshoy.mx\/noticias\/dos-anos-despues-retumban-los-aires-yucatecos-en-izamal\/"},"wordCount":152,"commentCount":0,"image":{"@id":"https:\/\/reporteroshoy.mx\/noticias\/dos-anos-despues-retumban-los-aires-yucatecos-en-izamal\/#primaryimage"},"thumbnailUrl":"https:\/\/reporteroshoy.mx\/noticias\/wp-content\/uploads\/2021\/11\/Vaqueria-Izamal2.jpg","keywords":["izamal","Vaquer\u00eda","Yucat\u00e1n Centro"],"articleSection":["Municipios"],"inLanguage":"es","potentialAction":[{"@type":"CommentAction","name":"Comment","target":["https:\/\/reporteroshoy.mx\/noticias\/dos-anos-despues-retumban-los-aires-yucatecos-en-izamal\/#respond"]}]},{"@type":"WebPage","@id":"https:\/\/reporteroshoy.mx\/noticias\/dos-anos-despues-retumban-los-aires-yucatecos-en-izamal\/","url":"https:\/\/reporteroshoy.mx\/noticias\/dos-anos-despues-retumban-los-aires-yucatecos-en-izamal\/","name":"Dos a\u00f1os despu\u00e9s retumban los 'aires yucatecos' en Izamal","isPartOf":{"@id":"https:\/\/reporteroshoy.mx\/noticias\/#website"},"primaryImageOfPage":{"@id":"https:\/\/reporteroshoy.mx\/noticias\/dos-anos-despues-retumban-los-aires-yucatecos-en-izamal\/#primaryimage"},"image":{"@id":"https:\/\/reporteroshoy.mx\/noticias\/dos-anos-despues-retumban-los-aires-yucatecos-en-izamal\/#primaryimage"},"thumbnailUrl":"https:\/\/reporteroshoy.mx\/noticias\/wp-content\/uploads\/2021\/11\/Vaqueria-Izamal2.jpg","datePublished":"2021-11-27T18:58:21+00:00","author":{"@id":"https:\/\/reporteroshoy.mx\/noticias\/#\/schema\/person\/c977527e57c958a62c5cefe8fe47876e"},"description":"Cientos de jaraneros se dieron cita en Izamal para la tradicional vaquer\u00eda, que marca el inicio de las fiestas en honor a Mam\u00e1 Linda.","breadcrumb":{"@id":"https:\/\/reporteroshoy.mx\/noticias\/dos-anos-despues-retumban-los-aires-yucatecos-en-izamal\/#breadcrumb"},"inLanguage":"es","potentialAction":[{"@type":"ReadAction","target":["https:\/\/reporteroshoy.mx\/noticias\/dos-anos-despues-retumban-los-aires-yucatecos-en-izamal\/"]}]},{"@type":"ImageObject","inLanguage":"es","@id":"https:\/\/reporteroshoy.mx\/noticias\/dos-anos-despues-retumban-los-aires-yucatecos-en-izamal\/#primaryimage","url":"https:\/\/reporteroshoy.mx\/noticias\/wp-content\/uploads\/2021\/11\/Vaqueria-Izamal2.jpg","contentUrl":"https:\/\/reporteroshoy.mx\/noticias\/wp-content\/uploads\/2021\/11\/Vaqueria-Izamal2.jpg","width":768,"height":431},{"@type":"BreadcrumbList","@id":"https:\/\/reporteroshoy.mx\/noticias\/dos-anos-despues-retumban-los-aires-yucatecos-en-izamal\/#breadcrumb","itemListElement":[{"@type":"ListItem","position":1,"name":"Portada","item":"https:\/\/reporteroshoy.mx\/noticias\/"},{"@type":"ListItem","position":2,"name":"Dos a\u00f1os despu\u00e9s retumban los &#8216;aires yucatecos&#8217; en Izamal"}]},{"@type":"WebSite","@id":"https:\/\/reporteroshoy.mx\/noticias\/#website","url":"https:\/\/reporteroshoy.mx\/noticias\/","name":"Reporteros Hoy | Noticias de Yucat\u00e1n","description":"Peri\u00f3dico digital con noticias diarias desde M\u00e9rida, Yucat\u00e1n para el mundo.","potentialAction":[{"@type":"SearchAction","target":{"@type":"EntryPoint","urlTemplate":"https:\/\/reporteroshoy.mx\/noticias\/?s={search_term_string}"},"query-input":{"@type":"PropertyValueSpecification","valueRequired":true,"valueName":"search_term_string"}}],"inLanguage":"es"},{"@type":"Person","@id":"https:\/\/reporteroshoy.mx\/noticias\/#\/schema\/person\/c977527e57c958a62c5cefe8fe47876e","name":"Reporteros Hoy WP","image":{"@type":"ImageObject","inLanguage":"es","@id":"https:\/\/secure.gravatar.com\/avatar\/fd2917f79a7dae30f8ac9ddc2f35e1756bb59e25e01d1cd09deaa64df7b2f73e?s=96&d=mm&r=g","url":"https:\/\/secure.gravatar.com\/avatar\/fd2917f79a7dae30f8ac9ddc2f35e1756bb59e25e01d1cd09deaa64df7b2f73e?s=96&d=mm&r=g","contentUrl":"https:\/\/secure.gravatar.com\/avatar\/fd2917f79a7dae30f8ac9ddc2f35e1756bb59e25e01d1cd09deaa64df7b2f73e?s=96&d=mm&r=g","caption":"Reporteros Hoy WP"},"url":"https:\/\/reporteroshoy.mx\/noticias\/author\/walfer\/"}]}},"_links":{"self":[{"href":"https:\/\/reporteroshoy.mx\/noticias\/wp-json\/wp\/v2\/posts\/76860","targetHints":{"allow":["GET"]}}],"collection":[{"href":"https:\/\/reporteroshoy.mx\/noticias\/wp-json\/wp\/v2\/posts"}],"about":[{"href":"https:\/\/reporteroshoy.mx\/noticias\/wp-json\/wp\/v2\/types\/post"}],"author":[{"embeddable":true,"href":"https:\/\/reporteroshoy.mx\/noticias\/wp-json\/wp\/v2\/users\/9"}],"replies":[{"embeddable":true,"href":"https:\/\/reporteroshoy.mx\/noticias\/wp-json\/wp\/v2\/comments?post=76860"}],"version-history":[{"count":0,"href":"https:\/\/reporteroshoy.mx\/noticias\/wp-json\/wp\/v2\/posts\/76860\/revisions"}],"wp:featuredmedia":[{"embeddable":true,"href":"https:\/\/reporteroshoy.mx\/noticias\/wp-json\/wp\/v2\/media\/76863"}],"wp:attachment":[{"href":"https:\/\/reporteroshoy.mx\/noticias\/wp-json\/wp\/v2\/media?parent=76860"}],"wp:term":[{"taxonomy":"category","embeddable":true,"href":"https:\/\/reporteroshoy.mx\/noticias\/wp-json\/wp\/v2\/categories?post=76860"},{"taxonomy":"post_tag","embeddable":true,"href":"https:\/\/reporteroshoy.mx\/noticias\/wp-json\/wp\/v2\/tags?post=76860"}],"curies":[{"name":"wp","href":"https:\/\/api.w.org\/{rel}","templated":true}]}}