{"id":76962,"date":"2021-11-29T16:53:30","date_gmt":"2021-11-29T22:53:30","guid":{"rendered":"https:\/\/reporteroshoy.mx\/noticias\/?p=76962"},"modified":"2021-11-29T16:53:30","modified_gmt":"2021-11-29T22:53:30","slug":"vuelcan-en-la-via-progreso-merida-y-quedan-atrapadas-en-un-versa","status":"publish","type":"post","link":"https:\/\/reporteroshoy.mx\/noticias\/vuelcan-en-la-via-progreso-merida-y-quedan-atrapadas-en-un-versa\/","title":{"rendered":"Vuelcan en la v\u00eda Progreso-M\u00e9rida y quedan atrapadas en un Versa"},"content":{"rendered":"<p style=\"text-align: justify;\">M\u00e9rida, Yucat\u00e1n, 29 de noviembre de 2021 (ACOM). &#8211; Dos mujeres resultaron lesionadas, al volcar en su veh\u00edculo en la v\u00eda federal Progreso- M\u00e9rida.<\/p>\n<p><img loading=\"lazy\" decoding=\"async\" class=\"alignnone size-full wp-image-76961\" src=\"https:\/\/reporteroshoy.mx\/noticias\/wp-content\/uploads\/2021\/11\/VOLCADURA_MERIDA_PROGRESO-2.jpeg\" alt=\"\" width=\"768\" height=\"501\" \/><\/p>\n<p style=\"text-align: justify;\">El accidente de tr\u00e1nsito se report\u00f3 en el kil\u00f3metro 12, a la altura del puente de la comisar\u00eda de Xcanat\u00fan, cuando la conductora de un Nissan Versa, se dirig\u00eda a la capital yucateca, pero por un descuido perdi\u00f3 el control del volante, lo que hizo de salga de la cinta asf\u00e1ltica, chocando contra un poste de alumbrado p\u00fablico el cual tir\u00f3 desde su base.<\/p>\n<p><img loading=\"lazy\" decoding=\"async\" class=\"alignnone size-full wp-image-76960\" src=\"https:\/\/reporteroshoy.mx\/noticias\/wp-content\/uploads\/2021\/11\/VOLCADURA_MERIDA_PROGRESO-1.jpeg\" alt=\"\" width=\"768\" height=\"553\" \/><\/p>\n<p style=\"text-align: justify;\">Instantes despu\u00e9s el coche volc\u00f3 en repetidas ocasiones, quedando atrapadas sus ocupantes que fueron auxiliadas por bomberos y finalmente atendidas por param\u00e9dicos de la Secretar\u00eda de Seguridad P\u00fablica (SSP).<\/p>\n<p style=\"text-align: justify;\">Solamente una de ellas requiri\u00f3 ser trasladada a un hospital de la ciudad para una mayor atenci\u00f3n m\u00e9dica.<\/p>\n","protected":false},"excerpt":{"rendered":"<p>Dos mujeres salieron lesionadas despu\u00e9s de que la conductora perdi\u00f3 el control del auto al altura del puente de Xcanat\u00fan. <\/p>\n","protected":false},"author":5,"featured_media":76961,"comment_status":"open","ping_status":"closed","sticky":false,"template":"","format":"standard","meta":{"footnotes":""},"categories":[14],"tags":[3814,2860,1376],"class_list":["post-76962","post","type-post","status-publish","format-standard","has-post-thumbnail","hentry","category-policia","tag-carretera-merida-progreso","tag-versa","tag-volcadura"],"yoast_head":"<!-- This site is optimized with the Yoast SEO plugin v28.4 - https:\/\/yoast.com\/product\/yoast-seo-wordpress\/ -->\n<title>Vuelcan en la v\u00eda Progreso-M\u00e9rida y quedan atrapadas en un Versa<\/title>\n<meta name=\"description\" content=\"Dos mujeres salieron lesionadas despu\u00e9s de que la conductora perdi\u00f3 el control del auto al altura del puente de Xcanat\u00fan.\" \/>\n<meta name=\"robots\" content=\"index, follow, max-snippet:-1, max-image-preview:large, max-video-preview:-1\" \/>\n<link rel=\"canonical\" href=\"https:\/\/reporteroshoy.mx\/noticias\/vuelcan-en-la-via-progreso-merida-y-quedan-atrapadas-en-un-versa\/\" \/>\n<meta property=\"og:locale\" content=\"es_ES\" \/>\n<meta property=\"og:type\" content=\"article\" \/>\n<meta property=\"og:title\" content=\"Vuelcan en la v\u00eda Progreso-M\u00e9rida y quedan atrapadas en un Versa\" \/>\n<meta property=\"og:description\" content=\"Dos mujeres salieron lesionadas despu\u00e9s de que la conductora perdi\u00f3 el control del auto al altura del puente de Xcanat\u00fan.\" \/>\n<meta property=\"og:url\" content=\"https:\/\/reporteroshoy.mx\/noticias\/vuelcan-en-la-via-progreso-merida-y-quedan-atrapadas-en-un-versa\/\" \/>\n<meta property=\"og:site_name\" content=\"Reporteros Hoy | Noticias de Yucat\u00e1n\" \/>\n<meta property=\"article:publisher\" content=\"http:\/\/www.facebook.com\/reporteroshoymx\" \/>\n<meta property=\"article:published_time\" content=\"2021-11-29T22:53:30+00:00\" \/>\n<meta property=\"og:image\" content=\"https:\/\/reporteroshoy.mx\/noticias\/wp-content\/uploads\/2021\/11\/VOLCADURA_MERIDA_PROGRESO-2.jpeg\" \/>\n\t<meta property=\"og:image:width\" content=\"768\" \/>\n\t<meta property=\"og:image:height\" content=\"501\" \/>\n\t<meta property=\"og:image:type\" content=\"image\/jpeg\" \/>\n<meta name=\"author\" content=\"Reporteros Hoy IM\" \/>\n<meta name=\"twitter:card\" content=\"summary_large_image\" \/>\n<meta name=\"twitter:creator\" content=\"@reporteroshoy\" \/>\n<meta name=\"twitter:site\" content=\"@reporteroshoy\" \/>\n<meta name=\"twitter:label1\" content=\"Escrito por\" \/>\n\t<meta name=\"twitter:data1\" content=\"Reporteros Hoy IM\" \/>\n\t<meta name=\"twitter:label2\" content=\"Tiempo de lectura\" \/>\n\t<meta name=\"twitter:data2\" content=\"1 minuto\" \/>\n<script type=\"application\/ld+json\" class=\"yoast-schema-graph\">{\"@context\":\"https:\\\/\\\/schema.org\",\"@graph\":[{\"@type\":\"Article\",\"@id\":\"https:\\\/\\\/reporteroshoy.mx\\\/noticias\\\/vuelcan-en-la-via-progreso-merida-y-quedan-atrapadas-en-un-versa\\\/#article\",\"isPartOf\":{\"@id\":\"https:\\\/\\\/reporteroshoy.mx\\\/noticias\\\/vuelcan-en-la-via-progreso-merida-y-quedan-atrapadas-en-un-versa\\\/\"},\"author\":{\"name\":\"Reporteros Hoy IM\",\"@id\":\"https:\\\/\\\/reporteroshoy.mx\\\/noticias\\\/#\\\/schema\\\/person\\\/948520f0d88b01be2e5266bc4acbbc15\"},\"headline\":\"Vuelcan en la v\u00eda Progreso-M\u00e9rida y quedan atrapadas en un Versa\",\"datePublished\":\"2021-11-29T22:53:30+00:00\",\"mainEntityOfPage\":{\"@id\":\"https:\\\/\\\/reporteroshoy.mx\\\/noticias\\\/vuelcan-en-la-via-progreso-merida-y-quedan-atrapadas-en-un-versa\\\/\"},\"wordCount\":163,\"commentCount\":0,\"image\":{\"@id\":\"https:\\\/\\\/reporteroshoy.mx\\\/noticias\\\/vuelcan-en-la-via-progreso-merida-y-quedan-atrapadas-en-un-versa\\\/#primaryimage\"},\"thumbnailUrl\":\"https:\\\/\\\/reporteroshoy.mx\\\/noticias\\\/wp-content\\\/uploads\\\/2021\\\/11\\\/VOLCADURA_MERIDA_PROGRESO-2.jpeg\",\"keywords\":[\"Carretera M\u00e9rida-Progreso\",\"Versa\",\"Volcadura\"],\"articleSection\":[\"Polic\u00eda\"],\"inLanguage\":\"es\",\"potentialAction\":[{\"@type\":\"CommentAction\",\"name\":\"Comment\",\"target\":[\"https:\\\/\\\/reporteroshoy.mx\\\/noticias\\\/vuelcan-en-la-via-progreso-merida-y-quedan-atrapadas-en-un-versa\\\/#respond\"]}]},{\"@type\":\"WebPage\",\"@id\":\"https:\\\/\\\/reporteroshoy.mx\\\/noticias\\\/vuelcan-en-la-via-progreso-merida-y-quedan-atrapadas-en-un-versa\\\/\",\"url\":\"https:\\\/\\\/reporteroshoy.mx\\\/noticias\\\/vuelcan-en-la-via-progreso-merida-y-quedan-atrapadas-en-un-versa\\\/\",\"name\":\"Vuelcan en la v\u00eda Progreso-M\u00e9rida y quedan atrapadas en un Versa\",\"isPartOf\":{\"@id\":\"https:\\\/\\\/reporteroshoy.mx\\\/noticias\\\/#website\"},\"primaryImageOfPage\":{\"@id\":\"https:\\\/\\\/reporteroshoy.mx\\\/noticias\\\/vuelcan-en-la-via-progreso-merida-y-quedan-atrapadas-en-un-versa\\\/#primaryimage\"},\"image\":{\"@id\":\"https:\\\/\\\/reporteroshoy.mx\\\/noticias\\\/vuelcan-en-la-via-progreso-merida-y-quedan-atrapadas-en-un-versa\\\/#primaryimage\"},\"thumbnailUrl\":\"https:\\\/\\\/reporteroshoy.mx\\\/noticias\\\/wp-content\\\/uploads\\\/2021\\\/11\\\/VOLCADURA_MERIDA_PROGRESO-2.jpeg\",\"datePublished\":\"2021-11-29T22:53:30+00:00\",\"author\":{\"@id\":\"https:\\\/\\\/reporteroshoy.mx\\\/noticias\\\/#\\\/schema\\\/person\\\/948520f0d88b01be2e5266bc4acbbc15\"},\"description\":\"Dos mujeres salieron lesionadas despu\u00e9s de que la conductora perdi\u00f3 el control del auto al altura del puente de Xcanat\u00fan.\",\"breadcrumb\":{\"@id\":\"https:\\\/\\\/reporteroshoy.mx\\\/noticias\\\/vuelcan-en-la-via-progreso-merida-y-quedan-atrapadas-en-un-versa\\\/#breadcrumb\"},\"inLanguage\":\"es\",\"potentialAction\":[{\"@type\":\"ReadAction\",\"target\":[\"https:\\\/\\\/reporteroshoy.mx\\\/noticias\\\/vuelcan-en-la-via-progreso-merida-y-quedan-atrapadas-en-un-versa\\\/\"]}]},{\"@type\":\"ImageObject\",\"inLanguage\":\"es\",\"@id\":\"https:\\\/\\\/reporteroshoy.mx\\\/noticias\\\/vuelcan-en-la-via-progreso-merida-y-quedan-atrapadas-en-un-versa\\\/#primaryimage\",\"url\":\"https:\\\/\\\/reporteroshoy.mx\\\/noticias\\\/wp-content\\\/uploads\\\/2021\\\/11\\\/VOLCADURA_MERIDA_PROGRESO-2.jpeg\",\"contentUrl\":\"https:\\\/\\\/reporteroshoy.mx\\\/noticias\\\/wp-content\\\/uploads\\\/2021\\\/11\\\/VOLCADURA_MERIDA_PROGRESO-2.jpeg\",\"width\":768,\"height\":501},{\"@type\":\"BreadcrumbList\",\"@id\":\"https:\\\/\\\/reporteroshoy.mx\\\/noticias\\\/vuelcan-en-la-via-progreso-merida-y-quedan-atrapadas-en-un-versa\\\/#breadcrumb\",\"itemListElement\":[{\"@type\":\"ListItem\",\"position\":1,\"name\":\"Portada\",\"item\":\"https:\\\/\\\/reporteroshoy.mx\\\/noticias\\\/\"},{\"@type\":\"ListItem\",\"position\":2,\"name\":\"Vuelcan en la v\u00eda Progreso-M\u00e9rida y quedan atrapadas en un Versa\"}]},{\"@type\":\"WebSite\",\"@id\":\"https:\\\/\\\/reporteroshoy.mx\\\/noticias\\\/#website\",\"url\":\"https:\\\/\\\/reporteroshoy.mx\\\/noticias\\\/\",\"name\":\"Reporteros Hoy | Noticias de Yucat\u00e1n\",\"description\":\"Peri\u00f3dico digital con noticias diarias desde M\u00e9rida, Yucat\u00e1n para el mundo.\",\"potentialAction\":[{\"@type\":\"SearchAction\",\"target\":{\"@type\":\"EntryPoint\",\"urlTemplate\":\"https:\\\/\\\/reporteroshoy.mx\\\/noticias\\\/?s={search_term_string}\"},\"query-input\":{\"@type\":\"PropertyValueSpecification\",\"valueRequired\":true,\"valueName\":\"search_term_string\"}}],\"inLanguage\":\"es\"},{\"@type\":\"Person\",\"@id\":\"https:\\\/\\\/reporteroshoy.mx\\\/noticias\\\/#\\\/schema\\\/person\\\/948520f0d88b01be2e5266bc4acbbc15\",\"name\":\"Reporteros Hoy IM\",\"image\":{\"@type\":\"ImageObject\",\"inLanguage\":\"es\",\"@id\":\"https:\\\/\\\/secure.gravatar.com\\\/avatar\\\/d843030b96552826ac048bdfe26f2895604b800ed0c880ee55765a74d95dfc65?s=96&d=mm&r=g\",\"url\":\"https:\\\/\\\/secure.gravatar.com\\\/avatar\\\/d843030b96552826ac048bdfe26f2895604b800ed0c880ee55765a74d95dfc65?s=96&d=mm&r=g\",\"contentUrl\":\"https:\\\/\\\/secure.gravatar.com\\\/avatar\\\/d843030b96552826ac048bdfe26f2895604b800ed0c880ee55765a74d95dfc65?s=96&d=mm&r=g\",\"caption\":\"Reporteros Hoy IM\"},\"url\":\"https:\\\/\\\/reporteroshoy.mx\\\/noticias\\\/author\\\/israel\\\/\"}]}<\/script>\n<!-- \/ Yoast SEO plugin. -->","yoast_head_json":{"title":"Vuelcan en la v\u00eda Progreso-M\u00e9rida y quedan atrapadas en un Versa","description":"Dos mujeres salieron lesionadas despu\u00e9s de que la conductora perdi\u00f3 el control del auto al altura del puente de Xcanat\u00fan.","robots":{"index":"index","follow":"follow","max-snippet":"max-snippet:-1","max-image-preview":"max-image-preview:large","max-video-preview":"max-video-preview:-1"},"canonical":"https:\/\/reporteroshoy.mx\/noticias\/vuelcan-en-la-via-progreso-merida-y-quedan-atrapadas-en-un-versa\/","og_locale":"es_ES","og_type":"article","og_title":"Vuelcan en la v\u00eda Progreso-M\u00e9rida y quedan atrapadas en un Versa","og_description":"Dos mujeres salieron lesionadas despu\u00e9s de que la conductora perdi\u00f3 el control del auto al altura del puente de Xcanat\u00fan.","og_url":"https:\/\/reporteroshoy.mx\/noticias\/vuelcan-en-la-via-progreso-merida-y-quedan-atrapadas-en-un-versa\/","og_site_name":"Reporteros Hoy | Noticias de Yucat\u00e1n","article_publisher":"http:\/\/www.facebook.com\/reporteroshoymx","article_published_time":"2021-11-29T22:53:30+00:00","og_image":[{"width":768,"height":501,"url":"https:\/\/reporteroshoy.mx\/noticias\/wp-content\/uploads\/2021\/11\/VOLCADURA_MERIDA_PROGRESO-2.jpeg","type":"image\/jpeg"}],"author":"Reporteros Hoy IM","twitter_card":"summary_large_image","twitter_creator":"@reporteroshoy","twitter_site":"@reporteroshoy","twitter_misc":{"Escrito por":"Reporteros Hoy IM","Tiempo de lectura":"1 minuto"},"schema":{"@context":"https:\/\/schema.org","@graph":[{"@type":"Article","@id":"https:\/\/reporteroshoy.mx\/noticias\/vuelcan-en-la-via-progreso-merida-y-quedan-atrapadas-en-un-versa\/#article","isPartOf":{"@id":"https:\/\/reporteroshoy.mx\/noticias\/vuelcan-en-la-via-progreso-merida-y-quedan-atrapadas-en-un-versa\/"},"author":{"name":"Reporteros Hoy IM","@id":"https:\/\/reporteroshoy.mx\/noticias\/#\/schema\/person\/948520f0d88b01be2e5266bc4acbbc15"},"headline":"Vuelcan en la v\u00eda Progreso-M\u00e9rida y quedan atrapadas en un Versa","datePublished":"2021-11-29T22:53:30+00:00","mainEntityOfPage":{"@id":"https:\/\/reporteroshoy.mx\/noticias\/vuelcan-en-la-via-progreso-merida-y-quedan-atrapadas-en-un-versa\/"},"wordCount":163,"commentCount":0,"image":{"@id":"https:\/\/reporteroshoy.mx\/noticias\/vuelcan-en-la-via-progreso-merida-y-quedan-atrapadas-en-un-versa\/#primaryimage"},"thumbnailUrl":"https:\/\/reporteroshoy.mx\/noticias\/wp-content\/uploads\/2021\/11\/VOLCADURA_MERIDA_PROGRESO-2.jpeg","keywords":["Carretera M\u00e9rida-Progreso","Versa","Volcadura"],"articleSection":["Polic\u00eda"],"inLanguage":"es","potentialAction":[{"@type":"CommentAction","name":"Comment","target":["https:\/\/reporteroshoy.mx\/noticias\/vuelcan-en-la-via-progreso-merida-y-quedan-atrapadas-en-un-versa\/#respond"]}]},{"@type":"WebPage","@id":"https:\/\/reporteroshoy.mx\/noticias\/vuelcan-en-la-via-progreso-merida-y-quedan-atrapadas-en-un-versa\/","url":"https:\/\/reporteroshoy.mx\/noticias\/vuelcan-en-la-via-progreso-merida-y-quedan-atrapadas-en-un-versa\/","name":"Vuelcan en la v\u00eda Progreso-M\u00e9rida y quedan atrapadas en un Versa","isPartOf":{"@id":"https:\/\/reporteroshoy.mx\/noticias\/#website"},"primaryImageOfPage":{"@id":"https:\/\/reporteroshoy.mx\/noticias\/vuelcan-en-la-via-progreso-merida-y-quedan-atrapadas-en-un-versa\/#primaryimage"},"image":{"@id":"https:\/\/reporteroshoy.mx\/noticias\/vuelcan-en-la-via-progreso-merida-y-quedan-atrapadas-en-un-versa\/#primaryimage"},"thumbnailUrl":"https:\/\/reporteroshoy.mx\/noticias\/wp-content\/uploads\/2021\/11\/VOLCADURA_MERIDA_PROGRESO-2.jpeg","datePublished":"2021-11-29T22:53:30+00:00","author":{"@id":"https:\/\/reporteroshoy.mx\/noticias\/#\/schema\/person\/948520f0d88b01be2e5266bc4acbbc15"},"description":"Dos mujeres salieron lesionadas despu\u00e9s de que la conductora perdi\u00f3 el control del auto al altura del puente de Xcanat\u00fan.","breadcrumb":{"@id":"https:\/\/reporteroshoy.mx\/noticias\/vuelcan-en-la-via-progreso-merida-y-quedan-atrapadas-en-un-versa\/#breadcrumb"},"inLanguage":"es","potentialAction":[{"@type":"ReadAction","target":["https:\/\/reporteroshoy.mx\/noticias\/vuelcan-en-la-via-progreso-merida-y-quedan-atrapadas-en-un-versa\/"]}]},{"@type":"ImageObject","inLanguage":"es","@id":"https:\/\/reporteroshoy.mx\/noticias\/vuelcan-en-la-via-progreso-merida-y-quedan-atrapadas-en-un-versa\/#primaryimage","url":"https:\/\/reporteroshoy.mx\/noticias\/wp-content\/uploads\/2021\/11\/VOLCADURA_MERIDA_PROGRESO-2.jpeg","contentUrl":"https:\/\/reporteroshoy.mx\/noticias\/wp-content\/uploads\/2021\/11\/VOLCADURA_MERIDA_PROGRESO-2.jpeg","width":768,"height":501},{"@type":"BreadcrumbList","@id":"https:\/\/reporteroshoy.mx\/noticias\/vuelcan-en-la-via-progreso-merida-y-quedan-atrapadas-en-un-versa\/#breadcrumb","itemListElement":[{"@type":"ListItem","position":1,"name":"Portada","item":"https:\/\/reporteroshoy.mx\/noticias\/"},{"@type":"ListItem","position":2,"name":"Vuelcan en la v\u00eda Progreso-M\u00e9rida y quedan atrapadas en un Versa"}]},{"@type":"WebSite","@id":"https:\/\/reporteroshoy.mx\/noticias\/#website","url":"https:\/\/reporteroshoy.mx\/noticias\/","name":"Reporteros Hoy | Noticias de Yucat\u00e1n","description":"Peri\u00f3dico digital con noticias diarias desde M\u00e9rida, Yucat\u00e1n para el mundo.","potentialAction":[{"@type":"SearchAction","target":{"@type":"EntryPoint","urlTemplate":"https:\/\/reporteroshoy.mx\/noticias\/?s={search_term_string}"},"query-input":{"@type":"PropertyValueSpecification","valueRequired":true,"valueName":"search_term_string"}}],"inLanguage":"es"},{"@type":"Person","@id":"https:\/\/reporteroshoy.mx\/noticias\/#\/schema\/person\/948520f0d88b01be2e5266bc4acbbc15","name":"Reporteros Hoy IM","image":{"@type":"ImageObject","inLanguage":"es","@id":"https:\/\/secure.gravatar.com\/avatar\/d843030b96552826ac048bdfe26f2895604b800ed0c880ee55765a74d95dfc65?s=96&d=mm&r=g","url":"https:\/\/secure.gravatar.com\/avatar\/d843030b96552826ac048bdfe26f2895604b800ed0c880ee55765a74d95dfc65?s=96&d=mm&r=g","contentUrl":"https:\/\/secure.gravatar.com\/avatar\/d843030b96552826ac048bdfe26f2895604b800ed0c880ee55765a74d95dfc65?s=96&d=mm&r=g","caption":"Reporteros Hoy IM"},"url":"https:\/\/reporteroshoy.mx\/noticias\/author\/israel\/"}]}},"_links":{"self":[{"href":"https:\/\/reporteroshoy.mx\/noticias\/wp-json\/wp\/v2\/posts\/76962","targetHints":{"allow":["GET"]}}],"collection":[{"href":"https:\/\/reporteroshoy.mx\/noticias\/wp-json\/wp\/v2\/posts"}],"about":[{"href":"https:\/\/reporteroshoy.mx\/noticias\/wp-json\/wp\/v2\/types\/post"}],"author":[{"embeddable":true,"href":"https:\/\/reporteroshoy.mx\/noticias\/wp-json\/wp\/v2\/users\/5"}],"replies":[{"embeddable":true,"href":"https:\/\/reporteroshoy.mx\/noticias\/wp-json\/wp\/v2\/comments?post=76962"}],"version-history":[{"count":0,"href":"https:\/\/reporteroshoy.mx\/noticias\/wp-json\/wp\/v2\/posts\/76962\/revisions"}],"wp:featuredmedia":[{"embeddable":true,"href":"https:\/\/reporteroshoy.mx\/noticias\/wp-json\/wp\/v2\/media\/76961"}],"wp:attachment":[{"href":"https:\/\/reporteroshoy.mx\/noticias\/wp-json\/wp\/v2\/media?parent=76962"}],"wp:term":[{"taxonomy":"category","embeddable":true,"href":"https:\/\/reporteroshoy.mx\/noticias\/wp-json\/wp\/v2\/categories?post=76962"},{"taxonomy":"post_tag","embeddable":true,"href":"https:\/\/reporteroshoy.mx\/noticias\/wp-json\/wp\/v2\/tags?post=76962"}],"curies":[{"name":"wp","href":"https:\/\/api.w.org\/{rel}","templated":true}]}}