{"id":77709,"date":"2021-12-12T12:36:08","date_gmt":"2021-12-12T18:36:08","guid":{"rendered":"https:\/\/reporteroshoy.mx\/noticias\/?p=77709"},"modified":"2021-12-12T12:36:08","modified_gmt":"2021-12-12T18:36:08","slug":"gran-vaqueria-en-acanceh-en-honor-a-la-guadalupana","status":"publish","type":"post","link":"https:\/\/reporteroshoy.mx\/noticias\/gran-vaqueria-en-acanceh-en-honor-a-la-guadalupana\/","title":{"rendered":"Gran vaquer\u00eda en Acanceh en honor a la Guadalupana"},"content":{"rendered":"<p style=\"text-align: justify;\">Acanceh, Yucat\u00e1n; 12 de diciembre de 2021 (ACOM).-Con voladores, flores y ambiente de fiesta se llev\u00f3 a cabo este s\u00e1bado la primera vaquer\u00eda en Acanceh en honor a la virgen de Guadalupe, luego de dos a\u00f1os de no realizarse debido a la pandemia.<\/p>\n<p style=\"text-align: justify;\">La magna fiesta fue amenizada por las orquestas de V\u00edctor Soberanis y Arturo Gonz\u00e1lez, quienes tocaron jaranas de 3&#215;4 y 6&#215;8, mientras que los jaraneros bailaban al son.<\/p>\n<p><img loading=\"lazy\" decoding=\"async\" class=\"wp-image-77712 aligncenter\" src=\"https:\/\/reporteroshoy.mx\/noticias\/wp-content\/uploads\/2021\/12\/IMG_20211211_235309189-scaled.jpg\" alt=\"\" width=\"626\" height=\"336\" \/><\/p>\n<p style=\"text-align: justify;\">La embajadora fue Guadalupe Mar\u00edn, quien tambi\u00e9n fue nombrada embajadora Guadalupana de la parroquia, quien la noche de ayer presidi\u00f3 la vaquer\u00eda.<\/p>\n<p style=\"text-align: justify;\">Casi al final, por la madrugada, el Ayuntamiento reparti\u00f3 tortas de cochinita para los bailadores que resistieron hasta las primeras horas del d\u00eda doce de diciembre, cerrando con ello la noche.<\/p>\n<p><img loading=\"lazy\" decoding=\"async\" class=\"wp-image-77710 aligncenter\" src=\"https:\/\/reporteroshoy.mx\/noticias\/wp-content\/uploads\/2021\/12\/FB_IMG_1639329212739-1-scaled.jpg\" alt=\"\" width=\"621\" height=\"467\" \/><\/p>\n<p style=\"text-align: justify;\">Hasta el momento se sabe que se realizar\u00e1n corridas de toros en distintos puntos de la poblaci\u00f3n, en ranchos particulares de los cuales las autoridades municipales tienen conocimiento.<\/p>\n<p style=\"text-align: justify;\"><img loading=\"lazy\" decoding=\"async\" class=\"size-full wp-image-77711 aligncenter\" src=\"https:\/\/reporteroshoy.mx\/noticias\/wp-content\/uploads\/2021\/12\/FB_IMG_1639329219273-scaled.jpg\" alt=\"\" width=\"577\" height=\"768\" \/><\/p>\n","protected":false},"excerpt":{"rendered":"<p>Dos orquestas, jaraneros que bailaron hasta la madrugada y cochinita para desayunar, as\u00ed fue el festejo en honor a la virgen morena.<\/p>\n","protected":false},"author":6,"featured_media":77710,"comment_status":"open","ping_status":"closed","sticky":false,"template":"","format":"standard","meta":{"footnotes":""},"categories":[11],"tags":[175,1378],"class_list":["post-77709","post","type-post","status-publish","format-standard","has-post-thumbnail","hentry","category-municipios-de-yucatan","tag-acanceh","tag-vaqueria"],"yoast_head":"<!-- This site is optimized with the Yoast SEO plugin v28.4 - https:\/\/yoast.com\/product\/yoast-seo-wordpress\/ -->\n<title>Gran vaquer\u00eda en Acanceh en honor a la Guadalupana<\/title>\n<meta name=\"description\" content=\"Dos orquestas, jaraneros que bailaron hasta la madrugada y cochinita para desayunar, as\u00ed fue el festejo en honor a la virgen morena.\" \/>\n<meta name=\"robots\" content=\"index, follow, max-snippet:-1, max-image-preview:large, max-video-preview:-1\" \/>\n<link rel=\"canonical\" href=\"https:\/\/reporteroshoy.mx\/noticias\/gran-vaqueria-en-acanceh-en-honor-a-la-guadalupana\/\" \/>\n<meta property=\"og:locale\" content=\"es_ES\" \/>\n<meta property=\"og:type\" content=\"article\" \/>\n<meta property=\"og:title\" content=\"Gran vaquer\u00eda en Acanceh en honor a la Guadalupana\" \/>\n<meta property=\"og:description\" content=\"Dos orquestas, jaraneros que bailaron hasta la madrugada y cochinita para desayunar, as\u00ed fue el festejo en honor a la virgen morena.\" \/>\n<meta property=\"og:url\" content=\"https:\/\/reporteroshoy.mx\/noticias\/gran-vaqueria-en-acanceh-en-honor-a-la-guadalupana\/\" \/>\n<meta property=\"og:site_name\" content=\"Reporteros Hoy | Noticias de Yucat\u00e1n\" \/>\n<meta property=\"article:publisher\" content=\"http:\/\/www.facebook.com\/reporteroshoymx\" \/>\n<meta property=\"article:published_time\" content=\"2021-12-12T18:36:08+00:00\" \/>\n<meta property=\"og:image\" content=\"https:\/\/reporteroshoy.mx\/noticias\/wp-content\/uploads\/2021\/12\/FB_IMG_1639329212739-1-scaled.jpg\" \/>\n\t<meta property=\"og:image:width\" content=\"768\" \/>\n\t<meta property=\"og:image:height\" content=\"577\" \/>\n\t<meta property=\"og:image:type\" content=\"image\/jpeg\" \/>\n<meta name=\"author\" content=\"Reporteros Hoy GS\" \/>\n<meta name=\"twitter:card\" content=\"summary_large_image\" \/>\n<meta name=\"twitter:creator\" content=\"@reporteroshoy\" \/>\n<meta name=\"twitter:site\" content=\"@reporteroshoy\" \/>\n<meta name=\"twitter:label1\" content=\"Escrito por\" \/>\n\t<meta name=\"twitter:data1\" content=\"Reporteros Hoy GS\" \/>\n\t<meta name=\"twitter:label2\" content=\"Tiempo de lectura\" \/>\n\t<meta name=\"twitter:data2\" content=\"2 minutos\" \/>\n<script type=\"application\/ld+json\" class=\"yoast-schema-graph\">{\"@context\":\"https:\\\/\\\/schema.org\",\"@graph\":[{\"@type\":\"Article\",\"@id\":\"https:\\\/\\\/reporteroshoy.mx\\\/noticias\\\/gran-vaqueria-en-acanceh-en-honor-a-la-guadalupana\\\/#article\",\"isPartOf\":{\"@id\":\"https:\\\/\\\/reporteroshoy.mx\\\/noticias\\\/gran-vaqueria-en-acanceh-en-honor-a-la-guadalupana\\\/\"},\"author\":{\"name\":\"Reporteros Hoy GS\",\"@id\":\"https:\\\/\\\/reporteroshoy.mx\\\/noticias\\\/#\\\/schema\\\/person\\\/49ae631fc906b44554e4ba3866c505d7\"},\"headline\":\"Gran vaquer\u00eda en Acanceh en honor a la Guadalupana\",\"datePublished\":\"2021-12-12T18:36:08+00:00\",\"mainEntityOfPage\":{\"@id\":\"https:\\\/\\\/reporteroshoy.mx\\\/noticias\\\/gran-vaqueria-en-acanceh-en-honor-a-la-guadalupana\\\/\"},\"wordCount\":173,\"commentCount\":0,\"image\":{\"@id\":\"https:\\\/\\\/reporteroshoy.mx\\\/noticias\\\/gran-vaqueria-en-acanceh-en-honor-a-la-guadalupana\\\/#primaryimage\"},\"thumbnailUrl\":\"https:\\\/\\\/reporteroshoy.mx\\\/noticias\\\/wp-content\\\/uploads\\\/2021\\\/12\\\/FB_IMG_1639329212739-1-scaled.jpg\",\"keywords\":[\"Acanceh\",\"Vaquer\u00eda\"],\"articleSection\":[\"Municipios\"],\"inLanguage\":\"es\",\"potentialAction\":[{\"@type\":\"CommentAction\",\"name\":\"Comment\",\"target\":[\"https:\\\/\\\/reporteroshoy.mx\\\/noticias\\\/gran-vaqueria-en-acanceh-en-honor-a-la-guadalupana\\\/#respond\"]}]},{\"@type\":\"WebPage\",\"@id\":\"https:\\\/\\\/reporteroshoy.mx\\\/noticias\\\/gran-vaqueria-en-acanceh-en-honor-a-la-guadalupana\\\/\",\"url\":\"https:\\\/\\\/reporteroshoy.mx\\\/noticias\\\/gran-vaqueria-en-acanceh-en-honor-a-la-guadalupana\\\/\",\"name\":\"Gran vaquer\u00eda en Acanceh en honor a la Guadalupana\",\"isPartOf\":{\"@id\":\"https:\\\/\\\/reporteroshoy.mx\\\/noticias\\\/#website\"},\"primaryImageOfPage\":{\"@id\":\"https:\\\/\\\/reporteroshoy.mx\\\/noticias\\\/gran-vaqueria-en-acanceh-en-honor-a-la-guadalupana\\\/#primaryimage\"},\"image\":{\"@id\":\"https:\\\/\\\/reporteroshoy.mx\\\/noticias\\\/gran-vaqueria-en-acanceh-en-honor-a-la-guadalupana\\\/#primaryimage\"},\"thumbnailUrl\":\"https:\\\/\\\/reporteroshoy.mx\\\/noticias\\\/wp-content\\\/uploads\\\/2021\\\/12\\\/FB_IMG_1639329212739-1-scaled.jpg\",\"datePublished\":\"2021-12-12T18:36:08+00:00\",\"author\":{\"@id\":\"https:\\\/\\\/reporteroshoy.mx\\\/noticias\\\/#\\\/schema\\\/person\\\/49ae631fc906b44554e4ba3866c505d7\"},\"description\":\"Dos orquestas, jaraneros que bailaron hasta la madrugada y cochinita para desayunar, as\u00ed fue el festejo en honor a la virgen morena.\",\"breadcrumb\":{\"@id\":\"https:\\\/\\\/reporteroshoy.mx\\\/noticias\\\/gran-vaqueria-en-acanceh-en-honor-a-la-guadalupana\\\/#breadcrumb\"},\"inLanguage\":\"es\",\"potentialAction\":[{\"@type\":\"ReadAction\",\"target\":[\"https:\\\/\\\/reporteroshoy.mx\\\/noticias\\\/gran-vaqueria-en-acanceh-en-honor-a-la-guadalupana\\\/\"]}]},{\"@type\":\"ImageObject\",\"inLanguage\":\"es\",\"@id\":\"https:\\\/\\\/reporteroshoy.mx\\\/noticias\\\/gran-vaqueria-en-acanceh-en-honor-a-la-guadalupana\\\/#primaryimage\",\"url\":\"https:\\\/\\\/reporteroshoy.mx\\\/noticias\\\/wp-content\\\/uploads\\\/2021\\\/12\\\/FB_IMG_1639329212739-1-scaled.jpg\",\"contentUrl\":\"https:\\\/\\\/reporteroshoy.mx\\\/noticias\\\/wp-content\\\/uploads\\\/2021\\\/12\\\/FB_IMG_1639329212739-1-scaled.jpg\",\"width\":768,\"height\":577},{\"@type\":\"BreadcrumbList\",\"@id\":\"https:\\\/\\\/reporteroshoy.mx\\\/noticias\\\/gran-vaqueria-en-acanceh-en-honor-a-la-guadalupana\\\/#breadcrumb\",\"itemListElement\":[{\"@type\":\"ListItem\",\"position\":1,\"name\":\"Portada\",\"item\":\"https:\\\/\\\/reporteroshoy.mx\\\/noticias\\\/\"},{\"@type\":\"ListItem\",\"position\":2,\"name\":\"Gran vaquer\u00eda en Acanceh en honor a la Guadalupana\"}]},{\"@type\":\"WebSite\",\"@id\":\"https:\\\/\\\/reporteroshoy.mx\\\/noticias\\\/#website\",\"url\":\"https:\\\/\\\/reporteroshoy.mx\\\/noticias\\\/\",\"name\":\"Reporteros Hoy | Noticias de Yucat\u00e1n\",\"description\":\"Peri\u00f3dico digital con noticias diarias desde M\u00e9rida, Yucat\u00e1n para el mundo.\",\"potentialAction\":[{\"@type\":\"SearchAction\",\"target\":{\"@type\":\"EntryPoint\",\"urlTemplate\":\"https:\\\/\\\/reporteroshoy.mx\\\/noticias\\\/?s={search_term_string}\"},\"query-input\":{\"@type\":\"PropertyValueSpecification\",\"valueRequired\":true,\"valueName\":\"search_term_string\"}}],\"inLanguage\":\"es\"},{\"@type\":\"Person\",\"@id\":\"https:\\\/\\\/reporteroshoy.mx\\\/noticias\\\/#\\\/schema\\\/person\\\/49ae631fc906b44554e4ba3866c505d7\",\"name\":\"Reporteros Hoy GS\",\"image\":{\"@type\":\"ImageObject\",\"inLanguage\":\"es\",\"@id\":\"https:\\\/\\\/secure.gravatar.com\\\/avatar\\\/00d32adb620345c3db2cfc175917f65c584e1e338fdc49ad126aa1f9830eb6a9?s=96&d=mm&r=g\",\"url\":\"https:\\\/\\\/secure.gravatar.com\\\/avatar\\\/00d32adb620345c3db2cfc175917f65c584e1e338fdc49ad126aa1f9830eb6a9?s=96&d=mm&r=g\",\"contentUrl\":\"https:\\\/\\\/secure.gravatar.com\\\/avatar\\\/00d32adb620345c3db2cfc175917f65c584e1e338fdc49ad126aa1f9830eb6a9?s=96&d=mm&r=g\",\"caption\":\"Reporteros Hoy GS\"},\"url\":\"https:\\\/\\\/reporteroshoy.mx\\\/noticias\\\/author\\\/lupis\\\/\"}]}<\/script>\n<!-- \/ Yoast SEO plugin. -->","yoast_head_json":{"title":"Gran vaquer\u00eda en Acanceh en honor a la Guadalupana","description":"Dos orquestas, jaraneros que bailaron hasta la madrugada y cochinita para desayunar, as\u00ed fue el festejo en honor a la virgen morena.","robots":{"index":"index","follow":"follow","max-snippet":"max-snippet:-1","max-image-preview":"max-image-preview:large","max-video-preview":"max-video-preview:-1"},"canonical":"https:\/\/reporteroshoy.mx\/noticias\/gran-vaqueria-en-acanceh-en-honor-a-la-guadalupana\/","og_locale":"es_ES","og_type":"article","og_title":"Gran vaquer\u00eda en Acanceh en honor a la Guadalupana","og_description":"Dos orquestas, jaraneros que bailaron hasta la madrugada y cochinita para desayunar, as\u00ed fue el festejo en honor a la virgen morena.","og_url":"https:\/\/reporteroshoy.mx\/noticias\/gran-vaqueria-en-acanceh-en-honor-a-la-guadalupana\/","og_site_name":"Reporteros Hoy | Noticias de Yucat\u00e1n","article_publisher":"http:\/\/www.facebook.com\/reporteroshoymx","article_published_time":"2021-12-12T18:36:08+00:00","og_image":[{"width":768,"height":577,"url":"https:\/\/reporteroshoy.mx\/noticias\/wp-content\/uploads\/2021\/12\/FB_IMG_1639329212739-1-scaled.jpg","type":"image\/jpeg"}],"author":"Reporteros Hoy GS","twitter_card":"summary_large_image","twitter_creator":"@reporteroshoy","twitter_site":"@reporteroshoy","twitter_misc":{"Escrito por":"Reporteros Hoy GS","Tiempo de lectura":"2 minutos"},"schema":{"@context":"https:\/\/schema.org","@graph":[{"@type":"Article","@id":"https:\/\/reporteroshoy.mx\/noticias\/gran-vaqueria-en-acanceh-en-honor-a-la-guadalupana\/#article","isPartOf":{"@id":"https:\/\/reporteroshoy.mx\/noticias\/gran-vaqueria-en-acanceh-en-honor-a-la-guadalupana\/"},"author":{"name":"Reporteros Hoy GS","@id":"https:\/\/reporteroshoy.mx\/noticias\/#\/schema\/person\/49ae631fc906b44554e4ba3866c505d7"},"headline":"Gran vaquer\u00eda en Acanceh en honor a la Guadalupana","datePublished":"2021-12-12T18:36:08+00:00","mainEntityOfPage":{"@id":"https:\/\/reporteroshoy.mx\/noticias\/gran-vaqueria-en-acanceh-en-honor-a-la-guadalupana\/"},"wordCount":173,"commentCount":0,"image":{"@id":"https:\/\/reporteroshoy.mx\/noticias\/gran-vaqueria-en-acanceh-en-honor-a-la-guadalupana\/#primaryimage"},"thumbnailUrl":"https:\/\/reporteroshoy.mx\/noticias\/wp-content\/uploads\/2021\/12\/FB_IMG_1639329212739-1-scaled.jpg","keywords":["Acanceh","Vaquer\u00eda"],"articleSection":["Municipios"],"inLanguage":"es","potentialAction":[{"@type":"CommentAction","name":"Comment","target":["https:\/\/reporteroshoy.mx\/noticias\/gran-vaqueria-en-acanceh-en-honor-a-la-guadalupana\/#respond"]}]},{"@type":"WebPage","@id":"https:\/\/reporteroshoy.mx\/noticias\/gran-vaqueria-en-acanceh-en-honor-a-la-guadalupana\/","url":"https:\/\/reporteroshoy.mx\/noticias\/gran-vaqueria-en-acanceh-en-honor-a-la-guadalupana\/","name":"Gran vaquer\u00eda en Acanceh en honor a la Guadalupana","isPartOf":{"@id":"https:\/\/reporteroshoy.mx\/noticias\/#website"},"primaryImageOfPage":{"@id":"https:\/\/reporteroshoy.mx\/noticias\/gran-vaqueria-en-acanceh-en-honor-a-la-guadalupana\/#primaryimage"},"image":{"@id":"https:\/\/reporteroshoy.mx\/noticias\/gran-vaqueria-en-acanceh-en-honor-a-la-guadalupana\/#primaryimage"},"thumbnailUrl":"https:\/\/reporteroshoy.mx\/noticias\/wp-content\/uploads\/2021\/12\/FB_IMG_1639329212739-1-scaled.jpg","datePublished":"2021-12-12T18:36:08+00:00","author":{"@id":"https:\/\/reporteroshoy.mx\/noticias\/#\/schema\/person\/49ae631fc906b44554e4ba3866c505d7"},"description":"Dos orquestas, jaraneros que bailaron hasta la madrugada y cochinita para desayunar, as\u00ed fue el festejo en honor a la virgen morena.","breadcrumb":{"@id":"https:\/\/reporteroshoy.mx\/noticias\/gran-vaqueria-en-acanceh-en-honor-a-la-guadalupana\/#breadcrumb"},"inLanguage":"es","potentialAction":[{"@type":"ReadAction","target":["https:\/\/reporteroshoy.mx\/noticias\/gran-vaqueria-en-acanceh-en-honor-a-la-guadalupana\/"]}]},{"@type":"ImageObject","inLanguage":"es","@id":"https:\/\/reporteroshoy.mx\/noticias\/gran-vaqueria-en-acanceh-en-honor-a-la-guadalupana\/#primaryimage","url":"https:\/\/reporteroshoy.mx\/noticias\/wp-content\/uploads\/2021\/12\/FB_IMG_1639329212739-1-scaled.jpg","contentUrl":"https:\/\/reporteroshoy.mx\/noticias\/wp-content\/uploads\/2021\/12\/FB_IMG_1639329212739-1-scaled.jpg","width":768,"height":577},{"@type":"BreadcrumbList","@id":"https:\/\/reporteroshoy.mx\/noticias\/gran-vaqueria-en-acanceh-en-honor-a-la-guadalupana\/#breadcrumb","itemListElement":[{"@type":"ListItem","position":1,"name":"Portada","item":"https:\/\/reporteroshoy.mx\/noticias\/"},{"@type":"ListItem","position":2,"name":"Gran vaquer\u00eda en Acanceh en honor a la Guadalupana"}]},{"@type":"WebSite","@id":"https:\/\/reporteroshoy.mx\/noticias\/#website","url":"https:\/\/reporteroshoy.mx\/noticias\/","name":"Reporteros Hoy | Noticias de Yucat\u00e1n","description":"Peri\u00f3dico digital con noticias diarias desde M\u00e9rida, Yucat\u00e1n para el mundo.","potentialAction":[{"@type":"SearchAction","target":{"@type":"EntryPoint","urlTemplate":"https:\/\/reporteroshoy.mx\/noticias\/?s={search_term_string}"},"query-input":{"@type":"PropertyValueSpecification","valueRequired":true,"valueName":"search_term_string"}}],"inLanguage":"es"},{"@type":"Person","@id":"https:\/\/reporteroshoy.mx\/noticias\/#\/schema\/person\/49ae631fc906b44554e4ba3866c505d7","name":"Reporteros Hoy GS","image":{"@type":"ImageObject","inLanguage":"es","@id":"https:\/\/secure.gravatar.com\/avatar\/00d32adb620345c3db2cfc175917f65c584e1e338fdc49ad126aa1f9830eb6a9?s=96&d=mm&r=g","url":"https:\/\/secure.gravatar.com\/avatar\/00d32adb620345c3db2cfc175917f65c584e1e338fdc49ad126aa1f9830eb6a9?s=96&d=mm&r=g","contentUrl":"https:\/\/secure.gravatar.com\/avatar\/00d32adb620345c3db2cfc175917f65c584e1e338fdc49ad126aa1f9830eb6a9?s=96&d=mm&r=g","caption":"Reporteros Hoy GS"},"url":"https:\/\/reporteroshoy.mx\/noticias\/author\/lupis\/"}]}},"_links":{"self":[{"href":"https:\/\/reporteroshoy.mx\/noticias\/wp-json\/wp\/v2\/posts\/77709","targetHints":{"allow":["GET"]}}],"collection":[{"href":"https:\/\/reporteroshoy.mx\/noticias\/wp-json\/wp\/v2\/posts"}],"about":[{"href":"https:\/\/reporteroshoy.mx\/noticias\/wp-json\/wp\/v2\/types\/post"}],"author":[{"embeddable":true,"href":"https:\/\/reporteroshoy.mx\/noticias\/wp-json\/wp\/v2\/users\/6"}],"replies":[{"embeddable":true,"href":"https:\/\/reporteroshoy.mx\/noticias\/wp-json\/wp\/v2\/comments?post=77709"}],"version-history":[{"count":0,"href":"https:\/\/reporteroshoy.mx\/noticias\/wp-json\/wp\/v2\/posts\/77709\/revisions"}],"wp:featuredmedia":[{"embeddable":true,"href":"https:\/\/reporteroshoy.mx\/noticias\/wp-json\/wp\/v2\/media\/77710"}],"wp:attachment":[{"href":"https:\/\/reporteroshoy.mx\/noticias\/wp-json\/wp\/v2\/media?parent=77709"}],"wp:term":[{"taxonomy":"category","embeddable":true,"href":"https:\/\/reporteroshoy.mx\/noticias\/wp-json\/wp\/v2\/categories?post=77709"},{"taxonomy":"post_tag","embeddable":true,"href":"https:\/\/reporteroshoy.mx\/noticias\/wp-json\/wp\/v2\/tags?post=77709"}],"curies":[{"name":"wp","href":"https:\/\/api.w.org\/{rel}","templated":true}]}}