{"id":77942,"date":"2021-12-16T15:42:27","date_gmt":"2021-12-16T21:42:27","guid":{"rendered":"https:\/\/reporteroshoy.mx\/noticias\/?p=77942"},"modified":"2021-12-16T15:42:27","modified_gmt":"2021-12-16T21:42:27","slug":"sector-comercio-insiste-en-mantener-los-protocolos-de-salud","status":"publish","type":"post","link":"https:\/\/reporteroshoy.mx\/noticias\/sector-comercio-insiste-en-mantener-los-protocolos-de-salud\/","title":{"rendered":"Sector comercio insiste en mantener los protocolos de salud"},"content":{"rendered":"<p style=\"text-align: justify;\">M\u00e9rida, Yucat\u00e1n; 16 de diciembre de 2021 (ACOM).- Insiste el sector comercio en continuar con los protocolos de salud y la vacunaci\u00f3n de personas, pese a la disminuci\u00f3n de casos de Covid-19.<\/p>\n<p style=\"text-align: justify;\">Ante la aparici\u00f3n de la variante \u00d3micron, que amenaza con llegar a Yucat\u00e1n, el presidente de la C\u00e1mara Nacional de Comercio (Canaco) de M\u00e9rida, Iv\u00e1n Rodr\u00edguez Gasque, insisti\u00f3 en que el asunto se mantiene bajo vigilancia, aunque se dej\u00f3 en claro que continuar\u00e1 aplic\u00e1ndose los protocolos necesarios para afrontar la pandemia.<\/p>\n<p style=\"text-align: justify;\">\u00abEstar totalmente conscientes que en alg\u00fan momento va a llegar Omicr\u00f3n. Es como pensar que, cuando empez\u00f3 Delta, todos los pron\u00f3sticos hablaban de eso, y esta que es m\u00e1s contagiosa, seguramente llegar\u00e1. El tema es como llega y yo creo que, hasta ahora, lo que hemos podido leer, es que sigue un poco de incertidumbre, pero, hasta ahora, las vacunas siguen haciendo efecto\u00bb.<\/p>\n<p><img loading=\"lazy\" decoding=\"async\" class=\"wp-image-77943 aligncenter\" src=\"https:\/\/reporteroshoy.mx\/noticias\/wp-content\/uploads\/2021\/12\/Sector-comercio.jpg\" alt=\"\" width=\"598\" height=\"337\" \/><\/p>\n<p style=\"text-align: justify;\">El l\u00edder del organismo empresarial se\u00f1al\u00f3 que el mes de noviembre pasado y lo que va de diciembre, se ha visto un notable incremento en la actividad econ\u00f3mica en todo Yucat\u00e1n, lo que significa un respiro para el sector comercial, el cual insiste en que no bajar\u00e1 la guardia, para alcanzar su meta de obtener hasta 13 mil 500 millones de pesos en ventas.<\/p>\n<p style=\"text-align: justify;\">Tambi\u00e9n se hizo hincapi\u00e9 en que los ciudadanos mantengan y respeten las medidas de prevenci\u00f3n que se han implementado, de modo que la llegada de la nueva variante del coronavirus no signifique un retroceso para la econom\u00eda de Yucat\u00e1n.<\/p>\n<p style=\"text-align: justify;\">\u00abHay que estar con las herramientas que tenemos, que es vacunarnos y el uso del cubrebocas. Creo que el error en otros pa\u00edses ha sido adelantarse a quitarse el cubrebocas porque, por los niveles de vacunaci\u00f3n han decidido quitarlos, entonces, mientras sigamos con el cubrebocas y haya m\u00e1s gente vacunada, vamos a poder estar en mejores condiciones\u00bb, apunt\u00f3.<\/p>\n<p style=\"text-align: justify;\">Seg\u00fan estimaciones del gobierno estatal, en Yucat\u00e1n hay m\u00e1s de 200 mil personas que no se han vacunado contra el Covid-19 por lo que se ha insistido en recibir el biol\u00f3gico para apoyar en el combate de la pandemia.<\/p>\n","protected":false},"excerpt":{"rendered":"<p>La Canaco pidi\u00f3 a los ciudadanos mantener y respetar las medidas de prevenci\u00f3n que se han implementado ante la amenaza de \u00d3micron.<\/p>\n","protected":false},"author":9,"featured_media":77943,"comment_status":"open","ping_status":"closed","sticky":false,"template":"","format":"standard","meta":{"footnotes":""},"categories":[17],"tags":[9849,17109,19324],"class_list":["post-77942","post","type-post","status-publish","format-standard","has-post-thumbnail","hentry","category-yucatan","tag-covid-19","tag-protocolos-de-salud","tag-sector-comercio"],"yoast_head":"<!-- This site is optimized with the Yoast SEO plugin v28.4 - https:\/\/yoast.com\/product\/yoast-seo-wordpress\/ -->\n<title>Sector comercio insiste en mantener los protocolos de salud<\/title>\n<meta name=\"description\" content=\"La Canaco pidi\u00f3 a los ciudadanos mantener y respetar las medidas de prevenci\u00f3n que se han implementado ante la amenaza de \u00d3micron.\" \/>\n<meta name=\"robots\" content=\"index, follow, max-snippet:-1, max-image-preview:large, max-video-preview:-1\" \/>\n<link rel=\"canonical\" href=\"https:\/\/reporteroshoy.mx\/noticias\/sector-comercio-insiste-en-mantener-los-protocolos-de-salud\/\" \/>\n<meta property=\"og:locale\" content=\"es_ES\" \/>\n<meta property=\"og:type\" content=\"article\" \/>\n<meta property=\"og:title\" content=\"Sector comercio insiste en mantener los protocolos de salud\" \/>\n<meta property=\"og:description\" content=\"La Canaco pidi\u00f3 a los ciudadanos mantener y respetar las medidas de prevenci\u00f3n que se han implementado ante la amenaza de \u00d3micron.\" \/>\n<meta property=\"og:url\" content=\"https:\/\/reporteroshoy.mx\/noticias\/sector-comercio-insiste-en-mantener-los-protocolos-de-salud\/\" \/>\n<meta property=\"og:site_name\" content=\"Reporteros Hoy | Noticias de Yucat\u00e1n\" \/>\n<meta property=\"article:publisher\" content=\"http:\/\/www.facebook.com\/reporteroshoymx\" \/>\n<meta property=\"article:published_time\" content=\"2021-12-16T21:42:27+00:00\" \/>\n<meta property=\"og:image\" content=\"https:\/\/reporteroshoy.mx\/noticias\/wp-content\/uploads\/2021\/12\/Sector-comercio.jpg\" \/>\n\t<meta property=\"og:image:width\" content=\"768\" \/>\n\t<meta property=\"og:image:height\" content=\"432\" \/>\n\t<meta property=\"og:image:type\" content=\"image\/jpeg\" \/>\n<meta name=\"author\" content=\"Reporteros Hoy WP\" \/>\n<meta name=\"twitter:card\" content=\"summary_large_image\" \/>\n<meta name=\"twitter:creator\" content=\"@reporteroshoy\" \/>\n<meta name=\"twitter:site\" content=\"@reporteroshoy\" \/>\n<meta name=\"twitter:label1\" content=\"Escrito por\" \/>\n\t<meta name=\"twitter:data1\" content=\"Reporteros Hoy WP\" \/>\n\t<meta name=\"twitter:label2\" content=\"Tiempo de lectura\" \/>\n\t<meta name=\"twitter:data2\" content=\"2 minutos\" \/>\n<script type=\"application\/ld+json\" class=\"yoast-schema-graph\">{\"@context\":\"https:\\\/\\\/schema.org\",\"@graph\":[{\"@type\":\"Article\",\"@id\":\"https:\\\/\\\/reporteroshoy.mx\\\/noticias\\\/sector-comercio-insiste-en-mantener-los-protocolos-de-salud\\\/#article\",\"isPartOf\":{\"@id\":\"https:\\\/\\\/reporteroshoy.mx\\\/noticias\\\/sector-comercio-insiste-en-mantener-los-protocolos-de-salud\\\/\"},\"author\":{\"name\":\"Reporteros Hoy WP\",\"@id\":\"https:\\\/\\\/reporteroshoy.mx\\\/noticias\\\/#\\\/schema\\\/person\\\/c977527e57c958a62c5cefe8fe47876e\"},\"headline\":\"Sector comercio insiste en mantener los protocolos de salud\",\"datePublished\":\"2021-12-16T21:42:27+00:00\",\"mainEntityOfPage\":{\"@id\":\"https:\\\/\\\/reporteroshoy.mx\\\/noticias\\\/sector-comercio-insiste-en-mantener-los-protocolos-de-salud\\\/\"},\"wordCount\":381,\"commentCount\":0,\"image\":{\"@id\":\"https:\\\/\\\/reporteroshoy.mx\\\/noticias\\\/sector-comercio-insiste-en-mantener-los-protocolos-de-salud\\\/#primaryimage\"},\"thumbnailUrl\":\"https:\\\/\\\/reporteroshoy.mx\\\/noticias\\\/wp-content\\\/uploads\\\/2021\\\/12\\\/Sector-comercio.jpg\",\"keywords\":[\"Covid-19\",\"Protocolos de salud\",\"Sector comercio\"],\"articleSection\":[\"Yucat\u00e1n\"],\"inLanguage\":\"es\",\"potentialAction\":[{\"@type\":\"CommentAction\",\"name\":\"Comment\",\"target\":[\"https:\\\/\\\/reporteroshoy.mx\\\/noticias\\\/sector-comercio-insiste-en-mantener-los-protocolos-de-salud\\\/#respond\"]}]},{\"@type\":\"WebPage\",\"@id\":\"https:\\\/\\\/reporteroshoy.mx\\\/noticias\\\/sector-comercio-insiste-en-mantener-los-protocolos-de-salud\\\/\",\"url\":\"https:\\\/\\\/reporteroshoy.mx\\\/noticias\\\/sector-comercio-insiste-en-mantener-los-protocolos-de-salud\\\/\",\"name\":\"Sector comercio insiste en mantener los protocolos de salud\",\"isPartOf\":{\"@id\":\"https:\\\/\\\/reporteroshoy.mx\\\/noticias\\\/#website\"},\"primaryImageOfPage\":{\"@id\":\"https:\\\/\\\/reporteroshoy.mx\\\/noticias\\\/sector-comercio-insiste-en-mantener-los-protocolos-de-salud\\\/#primaryimage\"},\"image\":{\"@id\":\"https:\\\/\\\/reporteroshoy.mx\\\/noticias\\\/sector-comercio-insiste-en-mantener-los-protocolos-de-salud\\\/#primaryimage\"},\"thumbnailUrl\":\"https:\\\/\\\/reporteroshoy.mx\\\/noticias\\\/wp-content\\\/uploads\\\/2021\\\/12\\\/Sector-comercio.jpg\",\"datePublished\":\"2021-12-16T21:42:27+00:00\",\"author\":{\"@id\":\"https:\\\/\\\/reporteroshoy.mx\\\/noticias\\\/#\\\/schema\\\/person\\\/c977527e57c958a62c5cefe8fe47876e\"},\"description\":\"La Canaco pidi\u00f3 a los ciudadanos mantener y respetar las medidas de prevenci\u00f3n que se han implementado ante la amenaza de \u00d3micron.\",\"breadcrumb\":{\"@id\":\"https:\\\/\\\/reporteroshoy.mx\\\/noticias\\\/sector-comercio-insiste-en-mantener-los-protocolos-de-salud\\\/#breadcrumb\"},\"inLanguage\":\"es\",\"potentialAction\":[{\"@type\":\"ReadAction\",\"target\":[\"https:\\\/\\\/reporteroshoy.mx\\\/noticias\\\/sector-comercio-insiste-en-mantener-los-protocolos-de-salud\\\/\"]}]},{\"@type\":\"ImageObject\",\"inLanguage\":\"es\",\"@id\":\"https:\\\/\\\/reporteroshoy.mx\\\/noticias\\\/sector-comercio-insiste-en-mantener-los-protocolos-de-salud\\\/#primaryimage\",\"url\":\"https:\\\/\\\/reporteroshoy.mx\\\/noticias\\\/wp-content\\\/uploads\\\/2021\\\/12\\\/Sector-comercio.jpg\",\"contentUrl\":\"https:\\\/\\\/reporteroshoy.mx\\\/noticias\\\/wp-content\\\/uploads\\\/2021\\\/12\\\/Sector-comercio.jpg\",\"width\":768,\"height\":432},{\"@type\":\"BreadcrumbList\",\"@id\":\"https:\\\/\\\/reporteroshoy.mx\\\/noticias\\\/sector-comercio-insiste-en-mantener-los-protocolos-de-salud\\\/#breadcrumb\",\"itemListElement\":[{\"@type\":\"ListItem\",\"position\":1,\"name\":\"Portada\",\"item\":\"https:\\\/\\\/reporteroshoy.mx\\\/noticias\\\/\"},{\"@type\":\"ListItem\",\"position\":2,\"name\":\"Sector comercio insiste en mantener los protocolos de salud\"}]},{\"@type\":\"WebSite\",\"@id\":\"https:\\\/\\\/reporteroshoy.mx\\\/noticias\\\/#website\",\"url\":\"https:\\\/\\\/reporteroshoy.mx\\\/noticias\\\/\",\"name\":\"Reporteros Hoy | Noticias de Yucat\u00e1n\",\"description\":\"Peri\u00f3dico digital con noticias diarias desde M\u00e9rida, Yucat\u00e1n para el mundo.\",\"potentialAction\":[{\"@type\":\"SearchAction\",\"target\":{\"@type\":\"EntryPoint\",\"urlTemplate\":\"https:\\\/\\\/reporteroshoy.mx\\\/noticias\\\/?s={search_term_string}\"},\"query-input\":{\"@type\":\"PropertyValueSpecification\",\"valueRequired\":true,\"valueName\":\"search_term_string\"}}],\"inLanguage\":\"es\"},{\"@type\":\"Person\",\"@id\":\"https:\\\/\\\/reporteroshoy.mx\\\/noticias\\\/#\\\/schema\\\/person\\\/c977527e57c958a62c5cefe8fe47876e\",\"name\":\"Reporteros Hoy WP\",\"image\":{\"@type\":\"ImageObject\",\"inLanguage\":\"es\",\"@id\":\"https:\\\/\\\/secure.gravatar.com\\\/avatar\\\/fd2917f79a7dae30f8ac9ddc2f35e1756bb59e25e01d1cd09deaa64df7b2f73e?s=96&d=mm&r=g\",\"url\":\"https:\\\/\\\/secure.gravatar.com\\\/avatar\\\/fd2917f79a7dae30f8ac9ddc2f35e1756bb59e25e01d1cd09deaa64df7b2f73e?s=96&d=mm&r=g\",\"contentUrl\":\"https:\\\/\\\/secure.gravatar.com\\\/avatar\\\/fd2917f79a7dae30f8ac9ddc2f35e1756bb59e25e01d1cd09deaa64df7b2f73e?s=96&d=mm&r=g\",\"caption\":\"Reporteros Hoy WP\"},\"url\":\"https:\\\/\\\/reporteroshoy.mx\\\/noticias\\\/author\\\/walfer\\\/\"}]}<\/script>\n<!-- \/ Yoast SEO plugin. -->","yoast_head_json":{"title":"Sector comercio insiste en mantener los protocolos de salud","description":"La Canaco pidi\u00f3 a los ciudadanos mantener y respetar las medidas de prevenci\u00f3n que se han implementado ante la amenaza de \u00d3micron.","robots":{"index":"index","follow":"follow","max-snippet":"max-snippet:-1","max-image-preview":"max-image-preview:large","max-video-preview":"max-video-preview:-1"},"canonical":"https:\/\/reporteroshoy.mx\/noticias\/sector-comercio-insiste-en-mantener-los-protocolos-de-salud\/","og_locale":"es_ES","og_type":"article","og_title":"Sector comercio insiste en mantener los protocolos de salud","og_description":"La Canaco pidi\u00f3 a los ciudadanos mantener y respetar las medidas de prevenci\u00f3n que se han implementado ante la amenaza de \u00d3micron.","og_url":"https:\/\/reporteroshoy.mx\/noticias\/sector-comercio-insiste-en-mantener-los-protocolos-de-salud\/","og_site_name":"Reporteros Hoy | Noticias de Yucat\u00e1n","article_publisher":"http:\/\/www.facebook.com\/reporteroshoymx","article_published_time":"2021-12-16T21:42:27+00:00","og_image":[{"width":768,"height":432,"url":"https:\/\/reporteroshoy.mx\/noticias\/wp-content\/uploads\/2021\/12\/Sector-comercio.jpg","type":"image\/jpeg"}],"author":"Reporteros Hoy WP","twitter_card":"summary_large_image","twitter_creator":"@reporteroshoy","twitter_site":"@reporteroshoy","twitter_misc":{"Escrito por":"Reporteros Hoy WP","Tiempo de lectura":"2 minutos"},"schema":{"@context":"https:\/\/schema.org","@graph":[{"@type":"Article","@id":"https:\/\/reporteroshoy.mx\/noticias\/sector-comercio-insiste-en-mantener-los-protocolos-de-salud\/#article","isPartOf":{"@id":"https:\/\/reporteroshoy.mx\/noticias\/sector-comercio-insiste-en-mantener-los-protocolos-de-salud\/"},"author":{"name":"Reporteros Hoy WP","@id":"https:\/\/reporteroshoy.mx\/noticias\/#\/schema\/person\/c977527e57c958a62c5cefe8fe47876e"},"headline":"Sector comercio insiste en mantener los protocolos de salud","datePublished":"2021-12-16T21:42:27+00:00","mainEntityOfPage":{"@id":"https:\/\/reporteroshoy.mx\/noticias\/sector-comercio-insiste-en-mantener-los-protocolos-de-salud\/"},"wordCount":381,"commentCount":0,"image":{"@id":"https:\/\/reporteroshoy.mx\/noticias\/sector-comercio-insiste-en-mantener-los-protocolos-de-salud\/#primaryimage"},"thumbnailUrl":"https:\/\/reporteroshoy.mx\/noticias\/wp-content\/uploads\/2021\/12\/Sector-comercio.jpg","keywords":["Covid-19","Protocolos de salud","Sector comercio"],"articleSection":["Yucat\u00e1n"],"inLanguage":"es","potentialAction":[{"@type":"CommentAction","name":"Comment","target":["https:\/\/reporteroshoy.mx\/noticias\/sector-comercio-insiste-en-mantener-los-protocolos-de-salud\/#respond"]}]},{"@type":"WebPage","@id":"https:\/\/reporteroshoy.mx\/noticias\/sector-comercio-insiste-en-mantener-los-protocolos-de-salud\/","url":"https:\/\/reporteroshoy.mx\/noticias\/sector-comercio-insiste-en-mantener-los-protocolos-de-salud\/","name":"Sector comercio insiste en mantener los protocolos de salud","isPartOf":{"@id":"https:\/\/reporteroshoy.mx\/noticias\/#website"},"primaryImageOfPage":{"@id":"https:\/\/reporteroshoy.mx\/noticias\/sector-comercio-insiste-en-mantener-los-protocolos-de-salud\/#primaryimage"},"image":{"@id":"https:\/\/reporteroshoy.mx\/noticias\/sector-comercio-insiste-en-mantener-los-protocolos-de-salud\/#primaryimage"},"thumbnailUrl":"https:\/\/reporteroshoy.mx\/noticias\/wp-content\/uploads\/2021\/12\/Sector-comercio.jpg","datePublished":"2021-12-16T21:42:27+00:00","author":{"@id":"https:\/\/reporteroshoy.mx\/noticias\/#\/schema\/person\/c977527e57c958a62c5cefe8fe47876e"},"description":"La Canaco pidi\u00f3 a los ciudadanos mantener y respetar las medidas de prevenci\u00f3n que se han implementado ante la amenaza de \u00d3micron.","breadcrumb":{"@id":"https:\/\/reporteroshoy.mx\/noticias\/sector-comercio-insiste-en-mantener-los-protocolos-de-salud\/#breadcrumb"},"inLanguage":"es","potentialAction":[{"@type":"ReadAction","target":["https:\/\/reporteroshoy.mx\/noticias\/sector-comercio-insiste-en-mantener-los-protocolos-de-salud\/"]}]},{"@type":"ImageObject","inLanguage":"es","@id":"https:\/\/reporteroshoy.mx\/noticias\/sector-comercio-insiste-en-mantener-los-protocolos-de-salud\/#primaryimage","url":"https:\/\/reporteroshoy.mx\/noticias\/wp-content\/uploads\/2021\/12\/Sector-comercio.jpg","contentUrl":"https:\/\/reporteroshoy.mx\/noticias\/wp-content\/uploads\/2021\/12\/Sector-comercio.jpg","width":768,"height":432},{"@type":"BreadcrumbList","@id":"https:\/\/reporteroshoy.mx\/noticias\/sector-comercio-insiste-en-mantener-los-protocolos-de-salud\/#breadcrumb","itemListElement":[{"@type":"ListItem","position":1,"name":"Portada","item":"https:\/\/reporteroshoy.mx\/noticias\/"},{"@type":"ListItem","position":2,"name":"Sector comercio insiste en mantener los protocolos de salud"}]},{"@type":"WebSite","@id":"https:\/\/reporteroshoy.mx\/noticias\/#website","url":"https:\/\/reporteroshoy.mx\/noticias\/","name":"Reporteros Hoy | Noticias de Yucat\u00e1n","description":"Peri\u00f3dico digital con noticias diarias desde M\u00e9rida, Yucat\u00e1n para el mundo.","potentialAction":[{"@type":"SearchAction","target":{"@type":"EntryPoint","urlTemplate":"https:\/\/reporteroshoy.mx\/noticias\/?s={search_term_string}"},"query-input":{"@type":"PropertyValueSpecification","valueRequired":true,"valueName":"search_term_string"}}],"inLanguage":"es"},{"@type":"Person","@id":"https:\/\/reporteroshoy.mx\/noticias\/#\/schema\/person\/c977527e57c958a62c5cefe8fe47876e","name":"Reporteros Hoy WP","image":{"@type":"ImageObject","inLanguage":"es","@id":"https:\/\/secure.gravatar.com\/avatar\/fd2917f79a7dae30f8ac9ddc2f35e1756bb59e25e01d1cd09deaa64df7b2f73e?s=96&d=mm&r=g","url":"https:\/\/secure.gravatar.com\/avatar\/fd2917f79a7dae30f8ac9ddc2f35e1756bb59e25e01d1cd09deaa64df7b2f73e?s=96&d=mm&r=g","contentUrl":"https:\/\/secure.gravatar.com\/avatar\/fd2917f79a7dae30f8ac9ddc2f35e1756bb59e25e01d1cd09deaa64df7b2f73e?s=96&d=mm&r=g","caption":"Reporteros Hoy WP"},"url":"https:\/\/reporteroshoy.mx\/noticias\/author\/walfer\/"}]}},"_links":{"self":[{"href":"https:\/\/reporteroshoy.mx\/noticias\/wp-json\/wp\/v2\/posts\/77942","targetHints":{"allow":["GET"]}}],"collection":[{"href":"https:\/\/reporteroshoy.mx\/noticias\/wp-json\/wp\/v2\/posts"}],"about":[{"href":"https:\/\/reporteroshoy.mx\/noticias\/wp-json\/wp\/v2\/types\/post"}],"author":[{"embeddable":true,"href":"https:\/\/reporteroshoy.mx\/noticias\/wp-json\/wp\/v2\/users\/9"}],"replies":[{"embeddable":true,"href":"https:\/\/reporteroshoy.mx\/noticias\/wp-json\/wp\/v2\/comments?post=77942"}],"version-history":[{"count":0,"href":"https:\/\/reporteroshoy.mx\/noticias\/wp-json\/wp\/v2\/posts\/77942\/revisions"}],"wp:featuredmedia":[{"embeddable":true,"href":"https:\/\/reporteroshoy.mx\/noticias\/wp-json\/wp\/v2\/media\/77943"}],"wp:attachment":[{"href":"https:\/\/reporteroshoy.mx\/noticias\/wp-json\/wp\/v2\/media?parent=77942"}],"wp:term":[{"taxonomy":"category","embeddable":true,"href":"https:\/\/reporteroshoy.mx\/noticias\/wp-json\/wp\/v2\/categories?post=77942"},{"taxonomy":"post_tag","embeddable":true,"href":"https:\/\/reporteroshoy.mx\/noticias\/wp-json\/wp\/v2\/tags?post=77942"}],"curies":[{"name":"wp","href":"https:\/\/api.w.org\/{rel}","templated":true}]}}