{"id":78827,"date":"2022-01-06T10:39:57","date_gmt":"2022-01-06T16:39:57","guid":{"rendered":"https:\/\/reporteroshoy.mx\/noticias\/?p=78827"},"modified":"2022-01-06T10:44:04","modified_gmt":"2022-01-06T16:44:04","slug":"angelica-araujo-se-reune-con-el-secretario-de-gobernacion","status":"publish","type":"post","link":"https:\/\/reporteroshoy.mx\/noticias\/angelica-araujo-se-reune-con-el-secretario-de-gobernacion\/","title":{"rendered":"Ang\u00e9lica Araujo se re\u00fane con el secretario de Gobernaci\u00f3n"},"content":{"rendered":"<p style=\"text-align: justify;\">M\u00e9rida, Yucat\u00e1n, 6 de enero de 2022 (ACOM). \u2013 La ex senadora yucateca, Ang\u00e9lica Araujo Lara, fue recibida por el secretario de Gobernaci\u00f3n, Ad\u00e1n Augusto L\u00f3pez Hern\u00e1ndez, seg\u00fan difundi\u00f3 en sus redes sociales.<\/p>\n<p><img loading=\"lazy\" decoding=\"async\" class=\"alignnone size-full wp-image-78830\" src=\"https:\/\/reporteroshoy.mx\/noticias\/wp-content\/uploads\/2022\/01\/ANGELICA-ARAUJO_.jpg\" alt=\"\" width=\"685\" height=\"431\" \/><\/p>\n<p style=\"text-align: justify;\">\u201cEn la tarea de construir y generar condiciones para el desarrollo de las familias mexicanas -en especial de las yucatecas- de las mujeres, j\u00f3venes, emprendedores, adultos mayores, ni\u00f1as y ni\u00f1os, as\u00ed como de las personas con discapacidad, estamos todos llamados a participar sin ego\u00edsmos, pues el com\u00fan denominador es la convicci\u00f3n de trabajar y servir para multiplicar las oportunidades de superaci\u00f3n. \u00a1Qu\u00e9 satisfactorio es coincidir en esta visi\u00f3n con mi amigo Ad\u00e1n Augusto L\u00f3pez Hern\u00e1ndez, secretario de Gobernaci\u00f3n, a quien mucho agradezco la val\u00eda de su tiempo!\u201d difundi\u00f3.<\/p>\n<p style=\"text-align: justify;\">En c\u00edrculos pol\u00edticos, se habla con insistencia del retorno a la actividad pol\u00edtica de la ex alcaldesa de M\u00e9rida con miras a los comicios de 2024.<\/p>\n<p style=\"text-align: justify;\">La aparici\u00f3n de Araujo Lara con un funcionario de la llamada 4T gener\u00f3 comentarios y abri\u00f3 interrogantes sobre su futuro pol\u00edtico.<\/p>\n","protected":false},"excerpt":{"rendered":"<p>Su aparici\u00f3n p\u00fablica con un alto funcionario de la 4T \u00bffue casual o con un mensaje?<\/p>\n","protected":false},"author":5,"featured_media":78830,"comment_status":"open","ping_status":"closed","sticky":false,"template":"","format":"standard","meta":{"footnotes":""},"categories":[17],"tags":[20385,15041,1498],"class_list":["post-78827","post","type-post","status-publish","format-standard","has-post-thumbnail","hentry","category-yucatan","tag-adan-augusto-lopez-hernandez","tag-angelica-araujo-lara","tag-segob"],"yoast_head":"<!-- This site is optimized with the Yoast SEO plugin v28.4 - https:\/\/yoast.com\/product\/yoast-seo-wordpress\/ -->\n<title>Ang\u00e9lica Araujo se re\u00fane con el secretario de Gobernaci\u00f3n<\/title>\n<meta name=\"description\" content=\"Su aparici\u00f3n p\u00fablica con un alto funcionario de la 4T \u00bffue casual o con un mensaje?\" \/>\n<meta name=\"robots\" content=\"index, follow, max-snippet:-1, max-image-preview:large, max-video-preview:-1\" \/>\n<link rel=\"canonical\" href=\"https:\/\/reporteroshoy.mx\/noticias\/angelica-araujo-se-reune-con-el-secretario-de-gobernacion\/\" \/>\n<meta property=\"og:locale\" content=\"es_ES\" \/>\n<meta property=\"og:type\" content=\"article\" \/>\n<meta property=\"og:title\" content=\"Ang\u00e9lica Araujo se re\u00fane con el secretario de Gobernaci\u00f3n\" \/>\n<meta property=\"og:description\" content=\"Su aparici\u00f3n p\u00fablica con un alto funcionario de la 4T \u00bffue casual o con un mensaje?\" \/>\n<meta property=\"og:url\" content=\"https:\/\/reporteroshoy.mx\/noticias\/angelica-araujo-se-reune-con-el-secretario-de-gobernacion\/\" \/>\n<meta property=\"og:site_name\" content=\"Reporteros Hoy | Noticias de Yucat\u00e1n\" \/>\n<meta property=\"article:publisher\" content=\"http:\/\/www.facebook.com\/reporteroshoymx\" \/>\n<meta property=\"article:published_time\" content=\"2022-01-06T16:39:57+00:00\" \/>\n<meta property=\"article:modified_time\" content=\"2022-01-06T16:44:04+00:00\" \/>\n<meta property=\"og:image\" content=\"https:\/\/reporteroshoy.mx\/noticias\/wp-content\/uploads\/2022\/01\/ANGELICA-ARAUJO_.jpg\" \/>\n\t<meta property=\"og:image:width\" content=\"685\" \/>\n\t<meta property=\"og:image:height\" content=\"431\" \/>\n\t<meta property=\"og:image:type\" content=\"image\/jpeg\" \/>\n<meta name=\"author\" content=\"Reporteros Hoy IM\" \/>\n<meta name=\"twitter:card\" content=\"summary_large_image\" \/>\n<meta name=\"twitter:creator\" content=\"@reporteroshoy\" \/>\n<meta name=\"twitter:site\" content=\"@reporteroshoy\" \/>\n<meta name=\"twitter:label1\" content=\"Escrito por\" \/>\n\t<meta name=\"twitter:data1\" content=\"Reporteros Hoy IM\" \/>\n\t<meta name=\"twitter:label2\" content=\"Tiempo de lectura\" \/>\n\t<meta name=\"twitter:data2\" content=\"1 minuto\" \/>\n<script type=\"application\/ld+json\" class=\"yoast-schema-graph\">{\"@context\":\"https:\\\/\\\/schema.org\",\"@graph\":[{\"@type\":\"Article\",\"@id\":\"https:\\\/\\\/reporteroshoy.mx\\\/noticias\\\/angelica-araujo-se-reune-con-el-secretario-de-gobernacion\\\/#article\",\"isPartOf\":{\"@id\":\"https:\\\/\\\/reporteroshoy.mx\\\/noticias\\\/angelica-araujo-se-reune-con-el-secretario-de-gobernacion\\\/\"},\"author\":{\"name\":\"Reporteros Hoy IM\",\"@id\":\"https:\\\/\\\/reporteroshoy.mx\\\/noticias\\\/#\\\/schema\\\/person\\\/948520f0d88b01be2e5266bc4acbbc15\"},\"headline\":\"Ang\u00e9lica Araujo se re\u00fane con el secretario de Gobernaci\u00f3n\",\"datePublished\":\"2022-01-06T16:39:57+00:00\",\"dateModified\":\"2022-01-06T16:44:04+00:00\",\"mainEntityOfPage\":{\"@id\":\"https:\\\/\\\/reporteroshoy.mx\\\/noticias\\\/angelica-araujo-se-reune-con-el-secretario-de-gobernacion\\\/\"},\"wordCount\":203,\"commentCount\":0,\"image\":{\"@id\":\"https:\\\/\\\/reporteroshoy.mx\\\/noticias\\\/angelica-araujo-se-reune-con-el-secretario-de-gobernacion\\\/#primaryimage\"},\"thumbnailUrl\":\"https:\\\/\\\/reporteroshoy.mx\\\/noticias\\\/wp-content\\\/uploads\\\/2022\\\/01\\\/ANGELICA-ARAUJO_.jpg\",\"keywords\":[\"Ad\u00e1n Augusto L\u00f3pez Hern\u00e1ndez\",\"Ang\u00e9lica Araujo Lara\",\"Segob\"],\"articleSection\":[\"Yucat\u00e1n\"],\"inLanguage\":\"es\",\"potentialAction\":[{\"@type\":\"CommentAction\",\"name\":\"Comment\",\"target\":[\"https:\\\/\\\/reporteroshoy.mx\\\/noticias\\\/angelica-araujo-se-reune-con-el-secretario-de-gobernacion\\\/#respond\"]}]},{\"@type\":\"WebPage\",\"@id\":\"https:\\\/\\\/reporteroshoy.mx\\\/noticias\\\/angelica-araujo-se-reune-con-el-secretario-de-gobernacion\\\/\",\"url\":\"https:\\\/\\\/reporteroshoy.mx\\\/noticias\\\/angelica-araujo-se-reune-con-el-secretario-de-gobernacion\\\/\",\"name\":\"Ang\u00e9lica Araujo se re\u00fane con el secretario de Gobernaci\u00f3n\",\"isPartOf\":{\"@id\":\"https:\\\/\\\/reporteroshoy.mx\\\/noticias\\\/#website\"},\"primaryImageOfPage\":{\"@id\":\"https:\\\/\\\/reporteroshoy.mx\\\/noticias\\\/angelica-araujo-se-reune-con-el-secretario-de-gobernacion\\\/#primaryimage\"},\"image\":{\"@id\":\"https:\\\/\\\/reporteroshoy.mx\\\/noticias\\\/angelica-araujo-se-reune-con-el-secretario-de-gobernacion\\\/#primaryimage\"},\"thumbnailUrl\":\"https:\\\/\\\/reporteroshoy.mx\\\/noticias\\\/wp-content\\\/uploads\\\/2022\\\/01\\\/ANGELICA-ARAUJO_.jpg\",\"datePublished\":\"2022-01-06T16:39:57+00:00\",\"dateModified\":\"2022-01-06T16:44:04+00:00\",\"author\":{\"@id\":\"https:\\\/\\\/reporteroshoy.mx\\\/noticias\\\/#\\\/schema\\\/person\\\/948520f0d88b01be2e5266bc4acbbc15\"},\"description\":\"Su aparici\u00f3n p\u00fablica con un alto funcionario de la 4T \u00bffue casual o con un mensaje?\",\"breadcrumb\":{\"@id\":\"https:\\\/\\\/reporteroshoy.mx\\\/noticias\\\/angelica-araujo-se-reune-con-el-secretario-de-gobernacion\\\/#breadcrumb\"},\"inLanguage\":\"es\",\"potentialAction\":[{\"@type\":\"ReadAction\",\"target\":[\"https:\\\/\\\/reporteroshoy.mx\\\/noticias\\\/angelica-araujo-se-reune-con-el-secretario-de-gobernacion\\\/\"]}]},{\"@type\":\"ImageObject\",\"inLanguage\":\"es\",\"@id\":\"https:\\\/\\\/reporteroshoy.mx\\\/noticias\\\/angelica-araujo-se-reune-con-el-secretario-de-gobernacion\\\/#primaryimage\",\"url\":\"https:\\\/\\\/reporteroshoy.mx\\\/noticias\\\/wp-content\\\/uploads\\\/2022\\\/01\\\/ANGELICA-ARAUJO_.jpg\",\"contentUrl\":\"https:\\\/\\\/reporteroshoy.mx\\\/noticias\\\/wp-content\\\/uploads\\\/2022\\\/01\\\/ANGELICA-ARAUJO_.jpg\",\"width\":685,\"height\":431},{\"@type\":\"BreadcrumbList\",\"@id\":\"https:\\\/\\\/reporteroshoy.mx\\\/noticias\\\/angelica-araujo-se-reune-con-el-secretario-de-gobernacion\\\/#breadcrumb\",\"itemListElement\":[{\"@type\":\"ListItem\",\"position\":1,\"name\":\"Portada\",\"item\":\"https:\\\/\\\/reporteroshoy.mx\\\/noticias\\\/\"},{\"@type\":\"ListItem\",\"position\":2,\"name\":\"Ang\u00e9lica Araujo se re\u00fane con el secretario de Gobernaci\u00f3n\"}]},{\"@type\":\"WebSite\",\"@id\":\"https:\\\/\\\/reporteroshoy.mx\\\/noticias\\\/#website\",\"url\":\"https:\\\/\\\/reporteroshoy.mx\\\/noticias\\\/\",\"name\":\"Reporteros Hoy | Noticias de Yucat\u00e1n\",\"description\":\"Peri\u00f3dico digital con noticias diarias desde M\u00e9rida, Yucat\u00e1n para el mundo.\",\"potentialAction\":[{\"@type\":\"SearchAction\",\"target\":{\"@type\":\"EntryPoint\",\"urlTemplate\":\"https:\\\/\\\/reporteroshoy.mx\\\/noticias\\\/?s={search_term_string}\"},\"query-input\":{\"@type\":\"PropertyValueSpecification\",\"valueRequired\":true,\"valueName\":\"search_term_string\"}}],\"inLanguage\":\"es\"},{\"@type\":\"Person\",\"@id\":\"https:\\\/\\\/reporteroshoy.mx\\\/noticias\\\/#\\\/schema\\\/person\\\/948520f0d88b01be2e5266bc4acbbc15\",\"name\":\"Reporteros Hoy IM\",\"image\":{\"@type\":\"ImageObject\",\"inLanguage\":\"es\",\"@id\":\"https:\\\/\\\/secure.gravatar.com\\\/avatar\\\/d843030b96552826ac048bdfe26f2895604b800ed0c880ee55765a74d95dfc65?s=96&d=mm&r=g\",\"url\":\"https:\\\/\\\/secure.gravatar.com\\\/avatar\\\/d843030b96552826ac048bdfe26f2895604b800ed0c880ee55765a74d95dfc65?s=96&d=mm&r=g\",\"contentUrl\":\"https:\\\/\\\/secure.gravatar.com\\\/avatar\\\/d843030b96552826ac048bdfe26f2895604b800ed0c880ee55765a74d95dfc65?s=96&d=mm&r=g\",\"caption\":\"Reporteros Hoy IM\"},\"url\":\"https:\\\/\\\/reporteroshoy.mx\\\/noticias\\\/author\\\/israel\\\/\"}]}<\/script>\n<!-- \/ Yoast SEO plugin. -->","yoast_head_json":{"title":"Ang\u00e9lica Araujo se re\u00fane con el secretario de Gobernaci\u00f3n","description":"Su aparici\u00f3n p\u00fablica con un alto funcionario de la 4T \u00bffue casual o con un mensaje?","robots":{"index":"index","follow":"follow","max-snippet":"max-snippet:-1","max-image-preview":"max-image-preview:large","max-video-preview":"max-video-preview:-1"},"canonical":"https:\/\/reporteroshoy.mx\/noticias\/angelica-araujo-se-reune-con-el-secretario-de-gobernacion\/","og_locale":"es_ES","og_type":"article","og_title":"Ang\u00e9lica Araujo se re\u00fane con el secretario de Gobernaci\u00f3n","og_description":"Su aparici\u00f3n p\u00fablica con un alto funcionario de la 4T \u00bffue casual o con un mensaje?","og_url":"https:\/\/reporteroshoy.mx\/noticias\/angelica-araujo-se-reune-con-el-secretario-de-gobernacion\/","og_site_name":"Reporteros Hoy | Noticias de Yucat\u00e1n","article_publisher":"http:\/\/www.facebook.com\/reporteroshoymx","article_published_time":"2022-01-06T16:39:57+00:00","article_modified_time":"2022-01-06T16:44:04+00:00","og_image":[{"width":685,"height":431,"url":"https:\/\/reporteroshoy.mx\/noticias\/wp-content\/uploads\/2022\/01\/ANGELICA-ARAUJO_.jpg","type":"image\/jpeg"}],"author":"Reporteros Hoy IM","twitter_card":"summary_large_image","twitter_creator":"@reporteroshoy","twitter_site":"@reporteroshoy","twitter_misc":{"Escrito por":"Reporteros Hoy IM","Tiempo de lectura":"1 minuto"},"schema":{"@context":"https:\/\/schema.org","@graph":[{"@type":"Article","@id":"https:\/\/reporteroshoy.mx\/noticias\/angelica-araujo-se-reune-con-el-secretario-de-gobernacion\/#article","isPartOf":{"@id":"https:\/\/reporteroshoy.mx\/noticias\/angelica-araujo-se-reune-con-el-secretario-de-gobernacion\/"},"author":{"name":"Reporteros Hoy IM","@id":"https:\/\/reporteroshoy.mx\/noticias\/#\/schema\/person\/948520f0d88b01be2e5266bc4acbbc15"},"headline":"Ang\u00e9lica Araujo se re\u00fane con el secretario de Gobernaci\u00f3n","datePublished":"2022-01-06T16:39:57+00:00","dateModified":"2022-01-06T16:44:04+00:00","mainEntityOfPage":{"@id":"https:\/\/reporteroshoy.mx\/noticias\/angelica-araujo-se-reune-con-el-secretario-de-gobernacion\/"},"wordCount":203,"commentCount":0,"image":{"@id":"https:\/\/reporteroshoy.mx\/noticias\/angelica-araujo-se-reune-con-el-secretario-de-gobernacion\/#primaryimage"},"thumbnailUrl":"https:\/\/reporteroshoy.mx\/noticias\/wp-content\/uploads\/2022\/01\/ANGELICA-ARAUJO_.jpg","keywords":["Ad\u00e1n Augusto L\u00f3pez Hern\u00e1ndez","Ang\u00e9lica Araujo Lara","Segob"],"articleSection":["Yucat\u00e1n"],"inLanguage":"es","potentialAction":[{"@type":"CommentAction","name":"Comment","target":["https:\/\/reporteroshoy.mx\/noticias\/angelica-araujo-se-reune-con-el-secretario-de-gobernacion\/#respond"]}]},{"@type":"WebPage","@id":"https:\/\/reporteroshoy.mx\/noticias\/angelica-araujo-se-reune-con-el-secretario-de-gobernacion\/","url":"https:\/\/reporteroshoy.mx\/noticias\/angelica-araujo-se-reune-con-el-secretario-de-gobernacion\/","name":"Ang\u00e9lica Araujo se re\u00fane con el secretario de Gobernaci\u00f3n","isPartOf":{"@id":"https:\/\/reporteroshoy.mx\/noticias\/#website"},"primaryImageOfPage":{"@id":"https:\/\/reporteroshoy.mx\/noticias\/angelica-araujo-se-reune-con-el-secretario-de-gobernacion\/#primaryimage"},"image":{"@id":"https:\/\/reporteroshoy.mx\/noticias\/angelica-araujo-se-reune-con-el-secretario-de-gobernacion\/#primaryimage"},"thumbnailUrl":"https:\/\/reporteroshoy.mx\/noticias\/wp-content\/uploads\/2022\/01\/ANGELICA-ARAUJO_.jpg","datePublished":"2022-01-06T16:39:57+00:00","dateModified":"2022-01-06T16:44:04+00:00","author":{"@id":"https:\/\/reporteroshoy.mx\/noticias\/#\/schema\/person\/948520f0d88b01be2e5266bc4acbbc15"},"description":"Su aparici\u00f3n p\u00fablica con un alto funcionario de la 4T \u00bffue casual o con un mensaje?","breadcrumb":{"@id":"https:\/\/reporteroshoy.mx\/noticias\/angelica-araujo-se-reune-con-el-secretario-de-gobernacion\/#breadcrumb"},"inLanguage":"es","potentialAction":[{"@type":"ReadAction","target":["https:\/\/reporteroshoy.mx\/noticias\/angelica-araujo-se-reune-con-el-secretario-de-gobernacion\/"]}]},{"@type":"ImageObject","inLanguage":"es","@id":"https:\/\/reporteroshoy.mx\/noticias\/angelica-araujo-se-reune-con-el-secretario-de-gobernacion\/#primaryimage","url":"https:\/\/reporteroshoy.mx\/noticias\/wp-content\/uploads\/2022\/01\/ANGELICA-ARAUJO_.jpg","contentUrl":"https:\/\/reporteroshoy.mx\/noticias\/wp-content\/uploads\/2022\/01\/ANGELICA-ARAUJO_.jpg","width":685,"height":431},{"@type":"BreadcrumbList","@id":"https:\/\/reporteroshoy.mx\/noticias\/angelica-araujo-se-reune-con-el-secretario-de-gobernacion\/#breadcrumb","itemListElement":[{"@type":"ListItem","position":1,"name":"Portada","item":"https:\/\/reporteroshoy.mx\/noticias\/"},{"@type":"ListItem","position":2,"name":"Ang\u00e9lica Araujo se re\u00fane con el secretario de Gobernaci\u00f3n"}]},{"@type":"WebSite","@id":"https:\/\/reporteroshoy.mx\/noticias\/#website","url":"https:\/\/reporteroshoy.mx\/noticias\/","name":"Reporteros Hoy | Noticias de Yucat\u00e1n","description":"Peri\u00f3dico digital con noticias diarias desde M\u00e9rida, Yucat\u00e1n para el mundo.","potentialAction":[{"@type":"SearchAction","target":{"@type":"EntryPoint","urlTemplate":"https:\/\/reporteroshoy.mx\/noticias\/?s={search_term_string}"},"query-input":{"@type":"PropertyValueSpecification","valueRequired":true,"valueName":"search_term_string"}}],"inLanguage":"es"},{"@type":"Person","@id":"https:\/\/reporteroshoy.mx\/noticias\/#\/schema\/person\/948520f0d88b01be2e5266bc4acbbc15","name":"Reporteros Hoy IM","image":{"@type":"ImageObject","inLanguage":"es","@id":"https:\/\/secure.gravatar.com\/avatar\/d843030b96552826ac048bdfe26f2895604b800ed0c880ee55765a74d95dfc65?s=96&d=mm&r=g","url":"https:\/\/secure.gravatar.com\/avatar\/d843030b96552826ac048bdfe26f2895604b800ed0c880ee55765a74d95dfc65?s=96&d=mm&r=g","contentUrl":"https:\/\/secure.gravatar.com\/avatar\/d843030b96552826ac048bdfe26f2895604b800ed0c880ee55765a74d95dfc65?s=96&d=mm&r=g","caption":"Reporteros Hoy IM"},"url":"https:\/\/reporteroshoy.mx\/noticias\/author\/israel\/"}]}},"_links":{"self":[{"href":"https:\/\/reporteroshoy.mx\/noticias\/wp-json\/wp\/v2\/posts\/78827","targetHints":{"allow":["GET"]}}],"collection":[{"href":"https:\/\/reporteroshoy.mx\/noticias\/wp-json\/wp\/v2\/posts"}],"about":[{"href":"https:\/\/reporteroshoy.mx\/noticias\/wp-json\/wp\/v2\/types\/post"}],"author":[{"embeddable":true,"href":"https:\/\/reporteroshoy.mx\/noticias\/wp-json\/wp\/v2\/users\/5"}],"replies":[{"embeddable":true,"href":"https:\/\/reporteroshoy.mx\/noticias\/wp-json\/wp\/v2\/comments?post=78827"}],"version-history":[{"count":0,"href":"https:\/\/reporteroshoy.mx\/noticias\/wp-json\/wp\/v2\/posts\/78827\/revisions"}],"wp:featuredmedia":[{"embeddable":true,"href":"https:\/\/reporteroshoy.mx\/noticias\/wp-json\/wp\/v2\/media\/78830"}],"wp:attachment":[{"href":"https:\/\/reporteroshoy.mx\/noticias\/wp-json\/wp\/v2\/media?parent=78827"}],"wp:term":[{"taxonomy":"category","embeddable":true,"href":"https:\/\/reporteroshoy.mx\/noticias\/wp-json\/wp\/v2\/categories?post=78827"},{"taxonomy":"post_tag","embeddable":true,"href":"https:\/\/reporteroshoy.mx\/noticias\/wp-json\/wp\/v2\/tags?post=78827"}],"curies":[{"name":"wp","href":"https:\/\/api.w.org\/{rel}","templated":true}]}}