{"id":78929,"date":"2022-01-07T16:51:03","date_gmt":"2022-01-07T22:51:03","guid":{"rendered":"https:\/\/reporteroshoy.mx\/noticias\/?p=78929"},"modified":"2022-01-07T16:51:03","modified_gmt":"2022-01-07T22:51:03","slug":"abuelito-muere-en-su-triciclo-en-la-colonia-maria-luisa","status":"publish","type":"post","link":"https:\/\/reporteroshoy.mx\/noticias\/abuelito-muere-en-su-triciclo-en-la-colonia-maria-luisa\/","title":{"rendered":"Abuelito muere en su triciclo en la colonia Mar\u00eda Luisa"},"content":{"rendered":"<p style=\"text-align: justify;\">M\u00e9rida, Yucat\u00e1n; 7 de enero de 2022 (ACOM).- Ya no lleg\u00f3 al doctor un abuelito luego de fallecer en un triciclo, cuando era llevado a consultar en la colonia Mar\u00eda Luisa.<\/p>\n<p style=\"text-align: justify;\">Los hechos ocurrieron sobre la calle 21 x 14 al sur de M\u00e9rida, cuando el hombre de 80 a\u00f1os present\u00f3 males en su salud y pidi\u00f3 ser llevado al m\u00e9dico.<\/p>\n<p style=\"text-align: justify;\">Su yerno se dispuso a llevarlo al doctor en triciclo, pero unos minutos despu\u00e9s el octogenario se desvaneci\u00f3, por lo que se pidi\u00f3 ayuda a la polic\u00eda, pero desgraciadamente ya no contaba con signos vitales.<\/p>\n<p style=\"text-align: justify;\">La zona fue acordonada por elementos estatales que notificaron el hecho a la Fiscal\u00eda General del Estado, hasta ahora se desconoce la causa del deceso.<\/p>\n<p><img loading=\"lazy\" decoding=\"async\" class=\"wp-image-78932 aligncenter\" src=\"https:\/\/reporteroshoy.mx\/noticias\/wp-content\/uploads\/2022\/01\/Abuelito-muerto1.jpg\" alt=\"\" width=\"600\" height=\"338\" \/><\/p>\n","protected":false},"excerpt":{"rendered":"<p>Su yerno lo llevaba a consultar, pero en el camino se desvaneci\u00f3 y perdi\u00f3 la vida. Descanse en paz.<\/p>\n","protected":false},"author":9,"featured_media":78933,"comment_status":"open","ping_status":"closed","sticky":false,"template":"","format":"standard","meta":{"footnotes":""},"categories":[14],"tags":[10674,18435,3676],"class_list":["post-78929","post","type-post","status-publish","format-standard","has-post-thumbnail","hentry","category-policia","tag-colonia-maria-luisa","tag-muere-abuelito","tag-sur-de-merida"],"yoast_head":"<!-- This site is optimized with the Yoast SEO plugin v28.3 - https:\/\/yoast.com\/product\/yoast-seo-wordpress\/ -->\n<title>Abuelito muere en su triciclo en la colonia Mar\u00eda Luisa<\/title>\n<meta name=\"description\" content=\"Su yerno lo llevaba a consultar, pero en el camino se desvaneci\u00f3 y perdi\u00f3 la vida. Descanse en paz.\" \/>\n<meta name=\"robots\" content=\"index, follow, max-snippet:-1, max-image-preview:large, max-video-preview:-1\" \/>\n<link rel=\"canonical\" href=\"https:\/\/reporteroshoy.mx\/noticias\/abuelito-muere-en-su-triciclo-en-la-colonia-maria-luisa\/\" \/>\n<meta property=\"og:locale\" content=\"es_ES\" \/>\n<meta property=\"og:type\" content=\"article\" \/>\n<meta property=\"og:title\" content=\"Abuelito muere en su triciclo en la colonia Mar\u00eda Luisa\" \/>\n<meta property=\"og:description\" content=\"Su yerno lo llevaba a consultar, pero en el camino se desvaneci\u00f3 y perdi\u00f3 la vida. Descanse en paz.\" \/>\n<meta property=\"og:url\" content=\"https:\/\/reporteroshoy.mx\/noticias\/abuelito-muere-en-su-triciclo-en-la-colonia-maria-luisa\/\" \/>\n<meta property=\"og:site_name\" content=\"Reporteros Hoy | Noticias de Yucat\u00e1n\" \/>\n<meta property=\"article:publisher\" content=\"http:\/\/www.facebook.com\/reporteroshoymx\" \/>\n<meta property=\"article:published_time\" content=\"2022-01-07T22:51:03+00:00\" \/>\n<meta property=\"og:image\" content=\"https:\/\/reporteroshoy.mx\/noticias\/wp-content\/uploads\/2022\/01\/Abuelito-muerto.jpg\" \/>\n\t<meta property=\"og:image:width\" content=\"768\" \/>\n\t<meta property=\"og:image:height\" content=\"432\" \/>\n\t<meta property=\"og:image:type\" content=\"image\/jpeg\" \/>\n<meta name=\"author\" content=\"Reporteros Hoy WP\" \/>\n<meta name=\"twitter:card\" content=\"summary_large_image\" \/>\n<meta name=\"twitter:creator\" content=\"@reporteroshoy\" \/>\n<meta name=\"twitter:site\" content=\"@reporteroshoy\" \/>\n<meta name=\"twitter:label1\" content=\"Escrito por\" \/>\n\t<meta name=\"twitter:data1\" content=\"Reporteros Hoy WP\" \/>\n\t<meta name=\"twitter:label2\" content=\"Tiempo de lectura\" \/>\n\t<meta name=\"twitter:data2\" content=\"1 minuto\" \/>\n<script type=\"application\/ld+json\" class=\"yoast-schema-graph\">{\"@context\":\"https:\\\/\\\/schema.org\",\"@graph\":[{\"@type\":\"Article\",\"@id\":\"https:\\\/\\\/reporteroshoy.mx\\\/noticias\\\/abuelito-muere-en-su-triciclo-en-la-colonia-maria-luisa\\\/#article\",\"isPartOf\":{\"@id\":\"https:\\\/\\\/reporteroshoy.mx\\\/noticias\\\/abuelito-muere-en-su-triciclo-en-la-colonia-maria-luisa\\\/\"},\"author\":{\"name\":\"Reporteros Hoy WP\",\"@id\":\"https:\\\/\\\/reporteroshoy.mx\\\/noticias\\\/#\\\/schema\\\/person\\\/c977527e57c958a62c5cefe8fe47876e\"},\"headline\":\"Abuelito muere en su triciclo en la colonia Mar\u00eda Luisa\",\"datePublished\":\"2022-01-07T22:51:03+00:00\",\"mainEntityOfPage\":{\"@id\":\"https:\\\/\\\/reporteroshoy.mx\\\/noticias\\\/abuelito-muere-en-su-triciclo-en-la-colonia-maria-luisa\\\/\"},\"wordCount\":137,\"commentCount\":0,\"image\":{\"@id\":\"https:\\\/\\\/reporteroshoy.mx\\\/noticias\\\/abuelito-muere-en-su-triciclo-en-la-colonia-maria-luisa\\\/#primaryimage\"},\"thumbnailUrl\":\"https:\\\/\\\/reporteroshoy.mx\\\/noticias\\\/wp-content\\\/uploads\\\/2022\\\/01\\\/Abuelito-muerto.jpg\",\"keywords\":[\"Colonia Mar\u00eda Luisa\",\"Muere abuelito\",\"Sur de M\u00e9rida\"],\"articleSection\":[\"Polic\u00eda\"],\"inLanguage\":\"es\",\"potentialAction\":[{\"@type\":\"CommentAction\",\"name\":\"Comment\",\"target\":[\"https:\\\/\\\/reporteroshoy.mx\\\/noticias\\\/abuelito-muere-en-su-triciclo-en-la-colonia-maria-luisa\\\/#respond\"]}]},{\"@type\":\"WebPage\",\"@id\":\"https:\\\/\\\/reporteroshoy.mx\\\/noticias\\\/abuelito-muere-en-su-triciclo-en-la-colonia-maria-luisa\\\/\",\"url\":\"https:\\\/\\\/reporteroshoy.mx\\\/noticias\\\/abuelito-muere-en-su-triciclo-en-la-colonia-maria-luisa\\\/\",\"name\":\"Abuelito muere en su triciclo en la colonia Mar\u00eda Luisa\",\"isPartOf\":{\"@id\":\"https:\\\/\\\/reporteroshoy.mx\\\/noticias\\\/#website\"},\"primaryImageOfPage\":{\"@id\":\"https:\\\/\\\/reporteroshoy.mx\\\/noticias\\\/abuelito-muere-en-su-triciclo-en-la-colonia-maria-luisa\\\/#primaryimage\"},\"image\":{\"@id\":\"https:\\\/\\\/reporteroshoy.mx\\\/noticias\\\/abuelito-muere-en-su-triciclo-en-la-colonia-maria-luisa\\\/#primaryimage\"},\"thumbnailUrl\":\"https:\\\/\\\/reporteroshoy.mx\\\/noticias\\\/wp-content\\\/uploads\\\/2022\\\/01\\\/Abuelito-muerto.jpg\",\"datePublished\":\"2022-01-07T22:51:03+00:00\",\"author\":{\"@id\":\"https:\\\/\\\/reporteroshoy.mx\\\/noticias\\\/#\\\/schema\\\/person\\\/c977527e57c958a62c5cefe8fe47876e\"},\"description\":\"Su yerno lo llevaba a consultar, pero en el camino se desvaneci\u00f3 y perdi\u00f3 la vida. Descanse en paz.\",\"breadcrumb\":{\"@id\":\"https:\\\/\\\/reporteroshoy.mx\\\/noticias\\\/abuelito-muere-en-su-triciclo-en-la-colonia-maria-luisa\\\/#breadcrumb\"},\"inLanguage\":\"es\",\"potentialAction\":[{\"@type\":\"ReadAction\",\"target\":[\"https:\\\/\\\/reporteroshoy.mx\\\/noticias\\\/abuelito-muere-en-su-triciclo-en-la-colonia-maria-luisa\\\/\"]}]},{\"@type\":\"ImageObject\",\"inLanguage\":\"es\",\"@id\":\"https:\\\/\\\/reporteroshoy.mx\\\/noticias\\\/abuelito-muere-en-su-triciclo-en-la-colonia-maria-luisa\\\/#primaryimage\",\"url\":\"https:\\\/\\\/reporteroshoy.mx\\\/noticias\\\/wp-content\\\/uploads\\\/2022\\\/01\\\/Abuelito-muerto.jpg\",\"contentUrl\":\"https:\\\/\\\/reporteroshoy.mx\\\/noticias\\\/wp-content\\\/uploads\\\/2022\\\/01\\\/Abuelito-muerto.jpg\",\"width\":768,\"height\":432},{\"@type\":\"BreadcrumbList\",\"@id\":\"https:\\\/\\\/reporteroshoy.mx\\\/noticias\\\/abuelito-muere-en-su-triciclo-en-la-colonia-maria-luisa\\\/#breadcrumb\",\"itemListElement\":[{\"@type\":\"ListItem\",\"position\":1,\"name\":\"Portada\",\"item\":\"https:\\\/\\\/reporteroshoy.mx\\\/noticias\\\/\"},{\"@type\":\"ListItem\",\"position\":2,\"name\":\"Abuelito muere en su triciclo en la colonia Mar\u00eda Luisa\"}]},{\"@type\":\"WebSite\",\"@id\":\"https:\\\/\\\/reporteroshoy.mx\\\/noticias\\\/#website\",\"url\":\"https:\\\/\\\/reporteroshoy.mx\\\/noticias\\\/\",\"name\":\"Reporteros Hoy | Noticias de Yucat\u00e1n\",\"description\":\"Peri\u00f3dico digital con noticias diarias desde M\u00e9rida, Yucat\u00e1n para el mundo.\",\"potentialAction\":[{\"@type\":\"SearchAction\",\"target\":{\"@type\":\"EntryPoint\",\"urlTemplate\":\"https:\\\/\\\/reporteroshoy.mx\\\/noticias\\\/?s={search_term_string}\"},\"query-input\":{\"@type\":\"PropertyValueSpecification\",\"valueRequired\":true,\"valueName\":\"search_term_string\"}}],\"inLanguage\":\"es\"},{\"@type\":\"Person\",\"@id\":\"https:\\\/\\\/reporteroshoy.mx\\\/noticias\\\/#\\\/schema\\\/person\\\/c977527e57c958a62c5cefe8fe47876e\",\"name\":\"Reporteros Hoy WP\",\"image\":{\"@type\":\"ImageObject\",\"inLanguage\":\"es\",\"@id\":\"https:\\\/\\\/secure.gravatar.com\\\/avatar\\\/fd2917f79a7dae30f8ac9ddc2f35e1756bb59e25e01d1cd09deaa64df7b2f73e?s=96&d=mm&r=g\",\"url\":\"https:\\\/\\\/secure.gravatar.com\\\/avatar\\\/fd2917f79a7dae30f8ac9ddc2f35e1756bb59e25e01d1cd09deaa64df7b2f73e?s=96&d=mm&r=g\",\"contentUrl\":\"https:\\\/\\\/secure.gravatar.com\\\/avatar\\\/fd2917f79a7dae30f8ac9ddc2f35e1756bb59e25e01d1cd09deaa64df7b2f73e?s=96&d=mm&r=g\",\"caption\":\"Reporteros Hoy WP\"},\"url\":\"https:\\\/\\\/reporteroshoy.mx\\\/noticias\\\/author\\\/walfer\\\/\"}]}<\/script>\n<!-- \/ Yoast SEO plugin. -->","yoast_head_json":{"title":"Abuelito muere en su triciclo en la colonia Mar\u00eda Luisa","description":"Su yerno lo llevaba a consultar, pero en el camino se desvaneci\u00f3 y perdi\u00f3 la vida. Descanse en paz.","robots":{"index":"index","follow":"follow","max-snippet":"max-snippet:-1","max-image-preview":"max-image-preview:large","max-video-preview":"max-video-preview:-1"},"canonical":"https:\/\/reporteroshoy.mx\/noticias\/abuelito-muere-en-su-triciclo-en-la-colonia-maria-luisa\/","og_locale":"es_ES","og_type":"article","og_title":"Abuelito muere en su triciclo en la colonia Mar\u00eda Luisa","og_description":"Su yerno lo llevaba a consultar, pero en el camino se desvaneci\u00f3 y perdi\u00f3 la vida. Descanse en paz.","og_url":"https:\/\/reporteroshoy.mx\/noticias\/abuelito-muere-en-su-triciclo-en-la-colonia-maria-luisa\/","og_site_name":"Reporteros Hoy | Noticias de Yucat\u00e1n","article_publisher":"http:\/\/www.facebook.com\/reporteroshoymx","article_published_time":"2022-01-07T22:51:03+00:00","og_image":[{"width":768,"height":432,"url":"https:\/\/reporteroshoy.mx\/noticias\/wp-content\/uploads\/2022\/01\/Abuelito-muerto.jpg","type":"image\/jpeg"}],"author":"Reporteros Hoy WP","twitter_card":"summary_large_image","twitter_creator":"@reporteroshoy","twitter_site":"@reporteroshoy","twitter_misc":{"Escrito por":"Reporteros Hoy WP","Tiempo de lectura":"1 minuto"},"schema":{"@context":"https:\/\/schema.org","@graph":[{"@type":"Article","@id":"https:\/\/reporteroshoy.mx\/noticias\/abuelito-muere-en-su-triciclo-en-la-colonia-maria-luisa\/#article","isPartOf":{"@id":"https:\/\/reporteroshoy.mx\/noticias\/abuelito-muere-en-su-triciclo-en-la-colonia-maria-luisa\/"},"author":{"name":"Reporteros Hoy WP","@id":"https:\/\/reporteroshoy.mx\/noticias\/#\/schema\/person\/c977527e57c958a62c5cefe8fe47876e"},"headline":"Abuelito muere en su triciclo en la colonia Mar\u00eda Luisa","datePublished":"2022-01-07T22:51:03+00:00","mainEntityOfPage":{"@id":"https:\/\/reporteroshoy.mx\/noticias\/abuelito-muere-en-su-triciclo-en-la-colonia-maria-luisa\/"},"wordCount":137,"commentCount":0,"image":{"@id":"https:\/\/reporteroshoy.mx\/noticias\/abuelito-muere-en-su-triciclo-en-la-colonia-maria-luisa\/#primaryimage"},"thumbnailUrl":"https:\/\/reporteroshoy.mx\/noticias\/wp-content\/uploads\/2022\/01\/Abuelito-muerto.jpg","keywords":["Colonia Mar\u00eda Luisa","Muere abuelito","Sur de M\u00e9rida"],"articleSection":["Polic\u00eda"],"inLanguage":"es","potentialAction":[{"@type":"CommentAction","name":"Comment","target":["https:\/\/reporteroshoy.mx\/noticias\/abuelito-muere-en-su-triciclo-en-la-colonia-maria-luisa\/#respond"]}]},{"@type":"WebPage","@id":"https:\/\/reporteroshoy.mx\/noticias\/abuelito-muere-en-su-triciclo-en-la-colonia-maria-luisa\/","url":"https:\/\/reporteroshoy.mx\/noticias\/abuelito-muere-en-su-triciclo-en-la-colonia-maria-luisa\/","name":"Abuelito muere en su triciclo en la colonia Mar\u00eda Luisa","isPartOf":{"@id":"https:\/\/reporteroshoy.mx\/noticias\/#website"},"primaryImageOfPage":{"@id":"https:\/\/reporteroshoy.mx\/noticias\/abuelito-muere-en-su-triciclo-en-la-colonia-maria-luisa\/#primaryimage"},"image":{"@id":"https:\/\/reporteroshoy.mx\/noticias\/abuelito-muere-en-su-triciclo-en-la-colonia-maria-luisa\/#primaryimage"},"thumbnailUrl":"https:\/\/reporteroshoy.mx\/noticias\/wp-content\/uploads\/2022\/01\/Abuelito-muerto.jpg","datePublished":"2022-01-07T22:51:03+00:00","author":{"@id":"https:\/\/reporteroshoy.mx\/noticias\/#\/schema\/person\/c977527e57c958a62c5cefe8fe47876e"},"description":"Su yerno lo llevaba a consultar, pero en el camino se desvaneci\u00f3 y perdi\u00f3 la vida. Descanse en paz.","breadcrumb":{"@id":"https:\/\/reporteroshoy.mx\/noticias\/abuelito-muere-en-su-triciclo-en-la-colonia-maria-luisa\/#breadcrumb"},"inLanguage":"es","potentialAction":[{"@type":"ReadAction","target":["https:\/\/reporteroshoy.mx\/noticias\/abuelito-muere-en-su-triciclo-en-la-colonia-maria-luisa\/"]}]},{"@type":"ImageObject","inLanguage":"es","@id":"https:\/\/reporteroshoy.mx\/noticias\/abuelito-muere-en-su-triciclo-en-la-colonia-maria-luisa\/#primaryimage","url":"https:\/\/reporteroshoy.mx\/noticias\/wp-content\/uploads\/2022\/01\/Abuelito-muerto.jpg","contentUrl":"https:\/\/reporteroshoy.mx\/noticias\/wp-content\/uploads\/2022\/01\/Abuelito-muerto.jpg","width":768,"height":432},{"@type":"BreadcrumbList","@id":"https:\/\/reporteroshoy.mx\/noticias\/abuelito-muere-en-su-triciclo-en-la-colonia-maria-luisa\/#breadcrumb","itemListElement":[{"@type":"ListItem","position":1,"name":"Portada","item":"https:\/\/reporteroshoy.mx\/noticias\/"},{"@type":"ListItem","position":2,"name":"Abuelito muere en su triciclo en la colonia Mar\u00eda Luisa"}]},{"@type":"WebSite","@id":"https:\/\/reporteroshoy.mx\/noticias\/#website","url":"https:\/\/reporteroshoy.mx\/noticias\/","name":"Reporteros Hoy | Noticias de Yucat\u00e1n","description":"Peri\u00f3dico digital con noticias diarias desde M\u00e9rida, Yucat\u00e1n para el mundo.","potentialAction":[{"@type":"SearchAction","target":{"@type":"EntryPoint","urlTemplate":"https:\/\/reporteroshoy.mx\/noticias\/?s={search_term_string}"},"query-input":{"@type":"PropertyValueSpecification","valueRequired":true,"valueName":"search_term_string"}}],"inLanguage":"es"},{"@type":"Person","@id":"https:\/\/reporteroshoy.mx\/noticias\/#\/schema\/person\/c977527e57c958a62c5cefe8fe47876e","name":"Reporteros Hoy WP","image":{"@type":"ImageObject","inLanguage":"es","@id":"https:\/\/secure.gravatar.com\/avatar\/fd2917f79a7dae30f8ac9ddc2f35e1756bb59e25e01d1cd09deaa64df7b2f73e?s=96&d=mm&r=g","url":"https:\/\/secure.gravatar.com\/avatar\/fd2917f79a7dae30f8ac9ddc2f35e1756bb59e25e01d1cd09deaa64df7b2f73e?s=96&d=mm&r=g","contentUrl":"https:\/\/secure.gravatar.com\/avatar\/fd2917f79a7dae30f8ac9ddc2f35e1756bb59e25e01d1cd09deaa64df7b2f73e?s=96&d=mm&r=g","caption":"Reporteros Hoy WP"},"url":"https:\/\/reporteroshoy.mx\/noticias\/author\/walfer\/"}]}},"_links":{"self":[{"href":"https:\/\/reporteroshoy.mx\/noticias\/wp-json\/wp\/v2\/posts\/78929","targetHints":{"allow":["GET"]}}],"collection":[{"href":"https:\/\/reporteroshoy.mx\/noticias\/wp-json\/wp\/v2\/posts"}],"about":[{"href":"https:\/\/reporteroshoy.mx\/noticias\/wp-json\/wp\/v2\/types\/post"}],"author":[{"embeddable":true,"href":"https:\/\/reporteroshoy.mx\/noticias\/wp-json\/wp\/v2\/users\/9"}],"replies":[{"embeddable":true,"href":"https:\/\/reporteroshoy.mx\/noticias\/wp-json\/wp\/v2\/comments?post=78929"}],"version-history":[{"count":0,"href":"https:\/\/reporteroshoy.mx\/noticias\/wp-json\/wp\/v2\/posts\/78929\/revisions"}],"wp:featuredmedia":[{"embeddable":true,"href":"https:\/\/reporteroshoy.mx\/noticias\/wp-json\/wp\/v2\/media\/78933"}],"wp:attachment":[{"href":"https:\/\/reporteroshoy.mx\/noticias\/wp-json\/wp\/v2\/media?parent=78929"}],"wp:term":[{"taxonomy":"category","embeddable":true,"href":"https:\/\/reporteroshoy.mx\/noticias\/wp-json\/wp\/v2\/categories?post=78929"},{"taxonomy":"post_tag","embeddable":true,"href":"https:\/\/reporteroshoy.mx\/noticias\/wp-json\/wp\/v2\/tags?post=78929"}],"curies":[{"name":"wp","href":"https:\/\/api.w.org\/{rel}","templated":true}]}}