{"id":79136,"date":"2022-01-11T12:21:53","date_gmt":"2022-01-11T18:21:53","guid":{"rendered":"https:\/\/reporteroshoy.mx\/noticias\/?p=79136"},"modified":"2022-01-11T12:21:53","modified_gmt":"2022-01-11T18:21:53","slug":"va-de-prisa-a-la-guarderia-y-atropella-a-motociclista-en-ciudad-caucel","status":"publish","type":"post","link":"https:\/\/reporteroshoy.mx\/noticias\/va-de-prisa-a-la-guarderia-y-atropella-a-motociclista-en-ciudad-caucel\/","title":{"rendered":"Va de prisa a la guarder\u00eda y atropella a motociclista en Ciudad Caucel"},"content":{"rendered":"<p style=\"text-align: justify;\">M\u00e9rida, Yucat\u00e1n; 11 de enero de 2022 (ACOM).- La prisa por llevar a su hijo a una guarder\u00eda ocasion\u00f3 que un automovilista atropelle a un motociclista quien sufri\u00f3 fractura de f\u00e9mur en Ciudad Caucel.<\/p>\n<p style=\"text-align: justify;\">Los hechos ocurrieron cuando el conductor de un auto, con placas ZAH-269-A, quien transitaba sobre la calle 31 al intentar tomar la 88 no se percat\u00f3 de la moto y cruz\u00f3, ocasionando que se le estampe contra la parte delantera.<\/p>\n<p><img loading=\"lazy\" decoding=\"async\" class=\"wp-image-79137 aligncenter\" src=\"https:\/\/reporteroshoy.mx\/noticias\/wp-content\/uploads\/2022\/01\/Atropellado-Caucel1.jpg\" alt=\"\" width=\"602\" height=\"339\" \/><\/p>\n<p style=\"text-align: justify;\">Por el fuerte golpe el motociclista sali\u00f3 disparado hasta caer contra el pavimento sufriendo una fractura del f\u00e9mur izquierdo.<\/p>\n<p style=\"text-align: justify;\">Personas que se encontraban en el lugar de inmediato corrieron a socorrer al motociclista y de igual forma llamaron a los n\u00fameros de emergencia. Al sitio llegaron polic\u00edas estatales y param\u00e9dicos quienes atendieron al lesionado para luego trasladarlo a una cl\u00ednica.<\/p>\n<p style=\"text-align: justify;\">El \u00e1rea fue acordonada en espera de la aseguradora del veh\u00edculo para deslindar responsabilidades.<\/p>\n<p><img loading=\"lazy\" decoding=\"async\" class=\"wp-image-79138 aligncenter\" src=\"https:\/\/reporteroshoy.mx\/noticias\/wp-content\/uploads\/2022\/01\/Atropellado-Caucel2.jpg\" alt=\"\" width=\"600\" height=\"338\" \/><\/p>\n","protected":false},"excerpt":{"rendered":"<p>El motociclista se estamp\u00f3 contra un veh\u00edculo que intent\u00f3 ganarle el paso. Para su mala suerte acab\u00f3 con fractura del f\u00e9mur izquierdo.<\/p>\n","protected":false},"author":9,"featured_media":79139,"comment_status":"open","ping_status":"closed","sticky":false,"template":"","format":"standard","meta":{"footnotes":""},"categories":[14],"tags":[1181,66,17474,240],"class_list":["post-79136","post","type-post","status-publish","format-standard","has-post-thumbnail","hentry","category-policia","tag-atropellado","tag-ciudad-caucel","tag-guarderia","tag-motociclista"],"yoast_head":"<!-- This site is optimized with the Yoast SEO plugin v28.4 - https:\/\/yoast.com\/product\/yoast-seo-wordpress\/ -->\n<title>Va de prisa a la guarder\u00eda y atropella a motociclista en Ciudad Caucel<\/title>\n<meta name=\"description\" content=\"El motociclista se estamp\u00f3 contra un veh\u00edculo que intent\u00f3 ganarle el paso. Para su mala suerte acab\u00f3 con fractura del f\u00e9mur izquierdo.\" \/>\n<meta name=\"robots\" content=\"index, follow, max-snippet:-1, max-image-preview:large, max-video-preview:-1\" \/>\n<link rel=\"canonical\" href=\"https:\/\/reporteroshoy.mx\/noticias\/va-de-prisa-a-la-guarderia-y-atropella-a-motociclista-en-ciudad-caucel\/\" \/>\n<meta property=\"og:locale\" content=\"es_ES\" \/>\n<meta property=\"og:type\" content=\"article\" \/>\n<meta property=\"og:title\" content=\"Va de prisa a la guarder\u00eda y atropella a motociclista en Ciudad Caucel\" \/>\n<meta property=\"og:description\" content=\"El motociclista se estamp\u00f3 contra un veh\u00edculo que intent\u00f3 ganarle el paso. Para su mala suerte acab\u00f3 con fractura del f\u00e9mur izquierdo.\" \/>\n<meta property=\"og:url\" content=\"https:\/\/reporteroshoy.mx\/noticias\/va-de-prisa-a-la-guarderia-y-atropella-a-motociclista-en-ciudad-caucel\/\" \/>\n<meta property=\"og:site_name\" content=\"Reporteros Hoy | Noticias de Yucat\u00e1n\" \/>\n<meta property=\"article:publisher\" content=\"http:\/\/www.facebook.com\/reporteroshoymx\" \/>\n<meta property=\"article:published_time\" content=\"2022-01-11T18:21:53+00:00\" \/>\n<meta property=\"og:image\" content=\"https:\/\/reporteroshoy.mx\/noticias\/wp-content\/uploads\/2022\/01\/Atropellado-Caucel.jpg\" \/>\n\t<meta property=\"og:image:width\" content=\"768\" \/>\n\t<meta property=\"og:image:height\" content=\"432\" \/>\n\t<meta property=\"og:image:type\" content=\"image\/jpeg\" \/>\n<meta name=\"author\" content=\"Reporteros Hoy WP\" \/>\n<meta name=\"twitter:card\" content=\"summary_large_image\" \/>\n<meta name=\"twitter:creator\" content=\"@reporteroshoy\" \/>\n<meta name=\"twitter:site\" content=\"@reporteroshoy\" \/>\n<meta name=\"twitter:label1\" content=\"Escrito por\" \/>\n\t<meta name=\"twitter:data1\" content=\"Reporteros Hoy WP\" \/>\n\t<meta name=\"twitter:label2\" content=\"Tiempo de lectura\" \/>\n\t<meta name=\"twitter:data2\" content=\"2 minutos\" \/>\n<script type=\"application\/ld+json\" class=\"yoast-schema-graph\">{\"@context\":\"https:\\\/\\\/schema.org\",\"@graph\":[{\"@type\":\"Article\",\"@id\":\"https:\\\/\\\/reporteroshoy.mx\\\/noticias\\\/va-de-prisa-a-la-guarderia-y-atropella-a-motociclista-en-ciudad-caucel\\\/#article\",\"isPartOf\":{\"@id\":\"https:\\\/\\\/reporteroshoy.mx\\\/noticias\\\/va-de-prisa-a-la-guarderia-y-atropella-a-motociclista-en-ciudad-caucel\\\/\"},\"author\":{\"name\":\"Reporteros Hoy WP\",\"@id\":\"https:\\\/\\\/reporteroshoy.mx\\\/noticias\\\/#\\\/schema\\\/person\\\/c977527e57c958a62c5cefe8fe47876e\"},\"headline\":\"Va de prisa a la guarder\u00eda y atropella a motociclista en Ciudad Caucel\",\"datePublished\":\"2022-01-11T18:21:53+00:00\",\"mainEntityOfPage\":{\"@id\":\"https:\\\/\\\/reporteroshoy.mx\\\/noticias\\\/va-de-prisa-a-la-guarderia-y-atropella-a-motociclista-en-ciudad-caucel\\\/\"},\"wordCount\":170,\"commentCount\":0,\"image\":{\"@id\":\"https:\\\/\\\/reporteroshoy.mx\\\/noticias\\\/va-de-prisa-a-la-guarderia-y-atropella-a-motociclista-en-ciudad-caucel\\\/#primaryimage\"},\"thumbnailUrl\":\"https:\\\/\\\/reporteroshoy.mx\\\/noticias\\\/wp-content\\\/uploads\\\/2022\\\/01\\\/Atropellado-Caucel.jpg\",\"keywords\":[\"atropellado\",\"Ciudad caucel\",\"Guarder\u00eda\",\"motociclista\"],\"articleSection\":[\"Polic\u00eda\"],\"inLanguage\":\"es\",\"potentialAction\":[{\"@type\":\"CommentAction\",\"name\":\"Comment\",\"target\":[\"https:\\\/\\\/reporteroshoy.mx\\\/noticias\\\/va-de-prisa-a-la-guarderia-y-atropella-a-motociclista-en-ciudad-caucel\\\/#respond\"]}]},{\"@type\":\"WebPage\",\"@id\":\"https:\\\/\\\/reporteroshoy.mx\\\/noticias\\\/va-de-prisa-a-la-guarderia-y-atropella-a-motociclista-en-ciudad-caucel\\\/\",\"url\":\"https:\\\/\\\/reporteroshoy.mx\\\/noticias\\\/va-de-prisa-a-la-guarderia-y-atropella-a-motociclista-en-ciudad-caucel\\\/\",\"name\":\"Va de prisa a la guarder\u00eda y atropella a motociclista en Ciudad Caucel\",\"isPartOf\":{\"@id\":\"https:\\\/\\\/reporteroshoy.mx\\\/noticias\\\/#website\"},\"primaryImageOfPage\":{\"@id\":\"https:\\\/\\\/reporteroshoy.mx\\\/noticias\\\/va-de-prisa-a-la-guarderia-y-atropella-a-motociclista-en-ciudad-caucel\\\/#primaryimage\"},\"image\":{\"@id\":\"https:\\\/\\\/reporteroshoy.mx\\\/noticias\\\/va-de-prisa-a-la-guarderia-y-atropella-a-motociclista-en-ciudad-caucel\\\/#primaryimage\"},\"thumbnailUrl\":\"https:\\\/\\\/reporteroshoy.mx\\\/noticias\\\/wp-content\\\/uploads\\\/2022\\\/01\\\/Atropellado-Caucel.jpg\",\"datePublished\":\"2022-01-11T18:21:53+00:00\",\"author\":{\"@id\":\"https:\\\/\\\/reporteroshoy.mx\\\/noticias\\\/#\\\/schema\\\/person\\\/c977527e57c958a62c5cefe8fe47876e\"},\"description\":\"El motociclista se estamp\u00f3 contra un veh\u00edculo que intent\u00f3 ganarle el paso. Para su mala suerte acab\u00f3 con fractura del f\u00e9mur izquierdo.\",\"breadcrumb\":{\"@id\":\"https:\\\/\\\/reporteroshoy.mx\\\/noticias\\\/va-de-prisa-a-la-guarderia-y-atropella-a-motociclista-en-ciudad-caucel\\\/#breadcrumb\"},\"inLanguage\":\"es\",\"potentialAction\":[{\"@type\":\"ReadAction\",\"target\":[\"https:\\\/\\\/reporteroshoy.mx\\\/noticias\\\/va-de-prisa-a-la-guarderia-y-atropella-a-motociclista-en-ciudad-caucel\\\/\"]}]},{\"@type\":\"ImageObject\",\"inLanguage\":\"es\",\"@id\":\"https:\\\/\\\/reporteroshoy.mx\\\/noticias\\\/va-de-prisa-a-la-guarderia-y-atropella-a-motociclista-en-ciudad-caucel\\\/#primaryimage\",\"url\":\"https:\\\/\\\/reporteroshoy.mx\\\/noticias\\\/wp-content\\\/uploads\\\/2022\\\/01\\\/Atropellado-Caucel.jpg\",\"contentUrl\":\"https:\\\/\\\/reporteroshoy.mx\\\/noticias\\\/wp-content\\\/uploads\\\/2022\\\/01\\\/Atropellado-Caucel.jpg\",\"width\":768,\"height\":432},{\"@type\":\"BreadcrumbList\",\"@id\":\"https:\\\/\\\/reporteroshoy.mx\\\/noticias\\\/va-de-prisa-a-la-guarderia-y-atropella-a-motociclista-en-ciudad-caucel\\\/#breadcrumb\",\"itemListElement\":[{\"@type\":\"ListItem\",\"position\":1,\"name\":\"Portada\",\"item\":\"https:\\\/\\\/reporteroshoy.mx\\\/noticias\\\/\"},{\"@type\":\"ListItem\",\"position\":2,\"name\":\"Va de prisa a la guarder\u00eda y atropella a motociclista en Ciudad Caucel\"}]},{\"@type\":\"WebSite\",\"@id\":\"https:\\\/\\\/reporteroshoy.mx\\\/noticias\\\/#website\",\"url\":\"https:\\\/\\\/reporteroshoy.mx\\\/noticias\\\/\",\"name\":\"Reporteros Hoy | Noticias de Yucat\u00e1n\",\"description\":\"Peri\u00f3dico digital con noticias diarias desde M\u00e9rida, Yucat\u00e1n para el mundo.\",\"potentialAction\":[{\"@type\":\"SearchAction\",\"target\":{\"@type\":\"EntryPoint\",\"urlTemplate\":\"https:\\\/\\\/reporteroshoy.mx\\\/noticias\\\/?s={search_term_string}\"},\"query-input\":{\"@type\":\"PropertyValueSpecification\",\"valueRequired\":true,\"valueName\":\"search_term_string\"}}],\"inLanguage\":\"es\"},{\"@type\":\"Person\",\"@id\":\"https:\\\/\\\/reporteroshoy.mx\\\/noticias\\\/#\\\/schema\\\/person\\\/c977527e57c958a62c5cefe8fe47876e\",\"name\":\"Reporteros Hoy WP\",\"image\":{\"@type\":\"ImageObject\",\"inLanguage\":\"es\",\"@id\":\"https:\\\/\\\/secure.gravatar.com\\\/avatar\\\/fd2917f79a7dae30f8ac9ddc2f35e1756bb59e25e01d1cd09deaa64df7b2f73e?s=96&d=mm&r=g\",\"url\":\"https:\\\/\\\/secure.gravatar.com\\\/avatar\\\/fd2917f79a7dae30f8ac9ddc2f35e1756bb59e25e01d1cd09deaa64df7b2f73e?s=96&d=mm&r=g\",\"contentUrl\":\"https:\\\/\\\/secure.gravatar.com\\\/avatar\\\/fd2917f79a7dae30f8ac9ddc2f35e1756bb59e25e01d1cd09deaa64df7b2f73e?s=96&d=mm&r=g\",\"caption\":\"Reporteros Hoy WP\"},\"url\":\"https:\\\/\\\/reporteroshoy.mx\\\/noticias\\\/author\\\/walfer\\\/\"}]}<\/script>\n<!-- \/ Yoast SEO plugin. -->","yoast_head_json":{"title":"Va de prisa a la guarder\u00eda y atropella a motociclista en Ciudad Caucel","description":"El motociclista se estamp\u00f3 contra un veh\u00edculo que intent\u00f3 ganarle el paso. Para su mala suerte acab\u00f3 con fractura del f\u00e9mur izquierdo.","robots":{"index":"index","follow":"follow","max-snippet":"max-snippet:-1","max-image-preview":"max-image-preview:large","max-video-preview":"max-video-preview:-1"},"canonical":"https:\/\/reporteroshoy.mx\/noticias\/va-de-prisa-a-la-guarderia-y-atropella-a-motociclista-en-ciudad-caucel\/","og_locale":"es_ES","og_type":"article","og_title":"Va de prisa a la guarder\u00eda y atropella a motociclista en Ciudad Caucel","og_description":"El motociclista se estamp\u00f3 contra un veh\u00edculo que intent\u00f3 ganarle el paso. Para su mala suerte acab\u00f3 con fractura del f\u00e9mur izquierdo.","og_url":"https:\/\/reporteroshoy.mx\/noticias\/va-de-prisa-a-la-guarderia-y-atropella-a-motociclista-en-ciudad-caucel\/","og_site_name":"Reporteros Hoy | Noticias de Yucat\u00e1n","article_publisher":"http:\/\/www.facebook.com\/reporteroshoymx","article_published_time":"2022-01-11T18:21:53+00:00","og_image":[{"width":768,"height":432,"url":"https:\/\/reporteroshoy.mx\/noticias\/wp-content\/uploads\/2022\/01\/Atropellado-Caucel.jpg","type":"image\/jpeg"}],"author":"Reporteros Hoy WP","twitter_card":"summary_large_image","twitter_creator":"@reporteroshoy","twitter_site":"@reporteroshoy","twitter_misc":{"Escrito por":"Reporteros Hoy WP","Tiempo de lectura":"2 minutos"},"schema":{"@context":"https:\/\/schema.org","@graph":[{"@type":"Article","@id":"https:\/\/reporteroshoy.mx\/noticias\/va-de-prisa-a-la-guarderia-y-atropella-a-motociclista-en-ciudad-caucel\/#article","isPartOf":{"@id":"https:\/\/reporteroshoy.mx\/noticias\/va-de-prisa-a-la-guarderia-y-atropella-a-motociclista-en-ciudad-caucel\/"},"author":{"name":"Reporteros Hoy WP","@id":"https:\/\/reporteroshoy.mx\/noticias\/#\/schema\/person\/c977527e57c958a62c5cefe8fe47876e"},"headline":"Va de prisa a la guarder\u00eda y atropella a motociclista en Ciudad Caucel","datePublished":"2022-01-11T18:21:53+00:00","mainEntityOfPage":{"@id":"https:\/\/reporteroshoy.mx\/noticias\/va-de-prisa-a-la-guarderia-y-atropella-a-motociclista-en-ciudad-caucel\/"},"wordCount":170,"commentCount":0,"image":{"@id":"https:\/\/reporteroshoy.mx\/noticias\/va-de-prisa-a-la-guarderia-y-atropella-a-motociclista-en-ciudad-caucel\/#primaryimage"},"thumbnailUrl":"https:\/\/reporteroshoy.mx\/noticias\/wp-content\/uploads\/2022\/01\/Atropellado-Caucel.jpg","keywords":["atropellado","Ciudad caucel","Guarder\u00eda","motociclista"],"articleSection":["Polic\u00eda"],"inLanguage":"es","potentialAction":[{"@type":"CommentAction","name":"Comment","target":["https:\/\/reporteroshoy.mx\/noticias\/va-de-prisa-a-la-guarderia-y-atropella-a-motociclista-en-ciudad-caucel\/#respond"]}]},{"@type":"WebPage","@id":"https:\/\/reporteroshoy.mx\/noticias\/va-de-prisa-a-la-guarderia-y-atropella-a-motociclista-en-ciudad-caucel\/","url":"https:\/\/reporteroshoy.mx\/noticias\/va-de-prisa-a-la-guarderia-y-atropella-a-motociclista-en-ciudad-caucel\/","name":"Va de prisa a la guarder\u00eda y atropella a motociclista en Ciudad Caucel","isPartOf":{"@id":"https:\/\/reporteroshoy.mx\/noticias\/#website"},"primaryImageOfPage":{"@id":"https:\/\/reporteroshoy.mx\/noticias\/va-de-prisa-a-la-guarderia-y-atropella-a-motociclista-en-ciudad-caucel\/#primaryimage"},"image":{"@id":"https:\/\/reporteroshoy.mx\/noticias\/va-de-prisa-a-la-guarderia-y-atropella-a-motociclista-en-ciudad-caucel\/#primaryimage"},"thumbnailUrl":"https:\/\/reporteroshoy.mx\/noticias\/wp-content\/uploads\/2022\/01\/Atropellado-Caucel.jpg","datePublished":"2022-01-11T18:21:53+00:00","author":{"@id":"https:\/\/reporteroshoy.mx\/noticias\/#\/schema\/person\/c977527e57c958a62c5cefe8fe47876e"},"description":"El motociclista se estamp\u00f3 contra un veh\u00edculo que intent\u00f3 ganarle el paso. Para su mala suerte acab\u00f3 con fractura del f\u00e9mur izquierdo.","breadcrumb":{"@id":"https:\/\/reporteroshoy.mx\/noticias\/va-de-prisa-a-la-guarderia-y-atropella-a-motociclista-en-ciudad-caucel\/#breadcrumb"},"inLanguage":"es","potentialAction":[{"@type":"ReadAction","target":["https:\/\/reporteroshoy.mx\/noticias\/va-de-prisa-a-la-guarderia-y-atropella-a-motociclista-en-ciudad-caucel\/"]}]},{"@type":"ImageObject","inLanguage":"es","@id":"https:\/\/reporteroshoy.mx\/noticias\/va-de-prisa-a-la-guarderia-y-atropella-a-motociclista-en-ciudad-caucel\/#primaryimage","url":"https:\/\/reporteroshoy.mx\/noticias\/wp-content\/uploads\/2022\/01\/Atropellado-Caucel.jpg","contentUrl":"https:\/\/reporteroshoy.mx\/noticias\/wp-content\/uploads\/2022\/01\/Atropellado-Caucel.jpg","width":768,"height":432},{"@type":"BreadcrumbList","@id":"https:\/\/reporteroshoy.mx\/noticias\/va-de-prisa-a-la-guarderia-y-atropella-a-motociclista-en-ciudad-caucel\/#breadcrumb","itemListElement":[{"@type":"ListItem","position":1,"name":"Portada","item":"https:\/\/reporteroshoy.mx\/noticias\/"},{"@type":"ListItem","position":2,"name":"Va de prisa a la guarder\u00eda y atropella a motociclista en Ciudad Caucel"}]},{"@type":"WebSite","@id":"https:\/\/reporteroshoy.mx\/noticias\/#website","url":"https:\/\/reporteroshoy.mx\/noticias\/","name":"Reporteros Hoy | Noticias de Yucat\u00e1n","description":"Peri\u00f3dico digital con noticias diarias desde M\u00e9rida, Yucat\u00e1n para el mundo.","potentialAction":[{"@type":"SearchAction","target":{"@type":"EntryPoint","urlTemplate":"https:\/\/reporteroshoy.mx\/noticias\/?s={search_term_string}"},"query-input":{"@type":"PropertyValueSpecification","valueRequired":true,"valueName":"search_term_string"}}],"inLanguage":"es"},{"@type":"Person","@id":"https:\/\/reporteroshoy.mx\/noticias\/#\/schema\/person\/c977527e57c958a62c5cefe8fe47876e","name":"Reporteros Hoy WP","image":{"@type":"ImageObject","inLanguage":"es","@id":"https:\/\/secure.gravatar.com\/avatar\/fd2917f79a7dae30f8ac9ddc2f35e1756bb59e25e01d1cd09deaa64df7b2f73e?s=96&d=mm&r=g","url":"https:\/\/secure.gravatar.com\/avatar\/fd2917f79a7dae30f8ac9ddc2f35e1756bb59e25e01d1cd09deaa64df7b2f73e?s=96&d=mm&r=g","contentUrl":"https:\/\/secure.gravatar.com\/avatar\/fd2917f79a7dae30f8ac9ddc2f35e1756bb59e25e01d1cd09deaa64df7b2f73e?s=96&d=mm&r=g","caption":"Reporteros Hoy WP"},"url":"https:\/\/reporteroshoy.mx\/noticias\/author\/walfer\/"}]}},"_links":{"self":[{"href":"https:\/\/reporteroshoy.mx\/noticias\/wp-json\/wp\/v2\/posts\/79136","targetHints":{"allow":["GET"]}}],"collection":[{"href":"https:\/\/reporteroshoy.mx\/noticias\/wp-json\/wp\/v2\/posts"}],"about":[{"href":"https:\/\/reporteroshoy.mx\/noticias\/wp-json\/wp\/v2\/types\/post"}],"author":[{"embeddable":true,"href":"https:\/\/reporteroshoy.mx\/noticias\/wp-json\/wp\/v2\/users\/9"}],"replies":[{"embeddable":true,"href":"https:\/\/reporteroshoy.mx\/noticias\/wp-json\/wp\/v2\/comments?post=79136"}],"version-history":[{"count":0,"href":"https:\/\/reporteroshoy.mx\/noticias\/wp-json\/wp\/v2\/posts\/79136\/revisions"}],"wp:featuredmedia":[{"embeddable":true,"href":"https:\/\/reporteroshoy.mx\/noticias\/wp-json\/wp\/v2\/media\/79139"}],"wp:attachment":[{"href":"https:\/\/reporteroshoy.mx\/noticias\/wp-json\/wp\/v2\/media?parent=79136"}],"wp:term":[{"taxonomy":"category","embeddable":true,"href":"https:\/\/reporteroshoy.mx\/noticias\/wp-json\/wp\/v2\/categories?post=79136"},{"taxonomy":"post_tag","embeddable":true,"href":"https:\/\/reporteroshoy.mx\/noticias\/wp-json\/wp\/v2\/tags?post=79136"}],"curies":[{"name":"wp","href":"https:\/\/api.w.org\/{rel}","templated":true}]}}