{"id":79412,"date":"2022-01-15T16:44:06","date_gmt":"2022-01-15T22:44:06","guid":{"rendered":"https:\/\/reporteroshoy.mx\/noticias\/?p=79412"},"modified":"2022-01-15T16:44:06","modified_gmt":"2022-01-15T22:44:06","slug":"ponen-tras-las-rejas-a-sujetos-acusados-de-saquear-una-casa-en-tizimin","status":"publish","type":"post","link":"https:\/\/reporteroshoy.mx\/noticias\/ponen-tras-las-rejas-a-sujetos-acusados-de-saquear-una-casa-en-tizimin\/","title":{"rendered":"Ponen tras las rejas a sujetos acusados de saquear una casa en Tizim\u00edn"},"content":{"rendered":"<p dir=\"ltr\" style=\"text-align: justify;\">M\u00e9rida, Tizim\u00edn; 15 de enero de 2022.- Acusados por el delito de robo calificado y lesiones calificadas cometidas contra servidor p\u00fablico, la Fiscal\u00eda General del Estado (FGE) formul\u00f3 la imputaci\u00f3n a R.J.C.L. y W.I.K.C. denunciados tras los hechos ocurridos en d\u00edas pasados en un predio de la colonia Adolfo L\u00f3pez Mateos de la ciudad de Tizim\u00edn.<\/p>\n<p dir=\"ltr\" style=\"text-align: justify;\">Tras la denuncia, especialistas de la Fiscal\u00eda iniciaron con la indagatoria, de la cual se desprende que los hechos ocurrieron el pasado nueve de enero, cuando los dos involucrados se introdujeron a un predio de la citada colonia y se apoderaron de una billetera con dinero en efectivo, un celular, un reloj digital y un reloj de metal, aunque cuando intentaban darse a la fuga, fueron ubicados por elementos de la polic\u00eda de Tizim\u00edn.<\/p>\n<p dir=\"ltr\"><img loading=\"lazy\" decoding=\"async\" class=\"wp-image-79415 aligncenter\" src=\"https:\/\/reporteroshoy.mx\/noticias\/wp-content\/uploads\/2022\/01\/DETENIDOS-TIZIMIN-scaled.jpg\" alt=\"\" width=\"591\" height=\"328\" \/><\/p>\n<p dir=\"ltr\" style=\"text-align: justify;\">De igual forma se menciona que durante la detenci\u00f3n, el citado R.J.C.L. lanz\u00f3 piedras hacia uno de los agentes, logrando lesionarlo con heridas en varias partes del cuerpo que tardan en sanar menos de 15 d\u00edas, por lo que fueron turnados a la c\u00e1rcel p\u00fablica para la integraci\u00f3n de la carpeta de investigaci\u00f3n correspondiente, la cual deriv\u00f3 en la causa penal 3\/2022.<\/p>\n<p dir=\"ltr\" style=\"text-align: justify;\">En la audiencia celebrada en el Juzgado Primero de Control del Quinto Distrito, la Juez decret\u00f3 la legalidad en la detenci\u00f3n de los involucrados y a continuaci\u00f3n los fiscales de litigaci\u00f3n formularon la imputaci\u00f3n del delito y presentaron los datos de prueba para pedir se resolviera la situaci\u00f3n legal\u00a0 de los imputados.<\/p>\n<p dir=\"ltr\" style=\"text-align: justify;\">Los acusados solicitaron la duplicidad del t\u00e9rmino constitucional (144 horas) para resolver su situaci\u00f3n jur\u00eddica, por lo que la vinculaci\u00f3n se realizar\u00e1 el 17 de enero.<\/p>\n<p dir=\"ltr\" style=\"text-align: justify;\">En continuidad a la diligencia judicial, los fiscales expusieron los argumentos para solicitar la medida cautelar de prisi\u00f3n preventiva, los cuales fueron valorados por la Juez de Control, quien otorg\u00f3 la medida solicitada de manera oficiosa por todo el tiempo que dure el proceso, por lo que los dos involucrados quedar\u00e1n privados de su libertad hasta esclarecer su participaci\u00f3n en los hechos denunciados.<\/p>\n","protected":false},"excerpt":{"rendered":"<p>Fueron detenidos por polic\u00edas municipales en la colonia Adolfo L\u00f3pez Mateos, cuando pretend\u00edan huir en poder de una billetera con efectivo, un celular y dos relojes.<\/p>\n","protected":false},"author":6,"featured_media":79415,"comment_status":"open","ping_status":"closed","sticky":false,"template":"","format":"standard","meta":{"footnotes":""},"categories":[11],"tags":[394,109,136],"class_list":["post-79412","post","type-post","status-publish","format-standard","has-post-thumbnail","hentry","category-municipios-de-yucatan","tag-detenidos-en-tizimin","tag-tizimin","tag-yucatan-oriente"],"yoast_head":"<!-- This site is optimized with the Yoast SEO plugin v28.4 - https:\/\/yoast.com\/product\/yoast-seo-wordpress\/ -->\n<title>Ponen tras las rejas a sujetos acusados de saquear una casa en Tizim\u00edn<\/title>\n<meta name=\"description\" content=\"Fueron detenidos por polic\u00edas municipales en la colonia Adolfo L\u00f3pez Mateos, cuando pretend\u00edan huir en poder de una billetera con efectivo, un celular y dos relojes.\" \/>\n<meta name=\"robots\" content=\"index, follow, max-snippet:-1, max-image-preview:large, max-video-preview:-1\" \/>\n<link rel=\"canonical\" href=\"https:\/\/reporteroshoy.mx\/noticias\/ponen-tras-las-rejas-a-sujetos-acusados-de-saquear-una-casa-en-tizimin\/\" \/>\n<meta property=\"og:locale\" content=\"es_ES\" \/>\n<meta property=\"og:type\" content=\"article\" \/>\n<meta property=\"og:title\" content=\"Ponen tras las rejas a sujetos acusados de saquear una casa en Tizim\u00edn\" \/>\n<meta property=\"og:description\" content=\"Fueron detenidos por polic\u00edas municipales en la colonia Adolfo L\u00f3pez Mateos, cuando pretend\u00edan huir en poder de una billetera con efectivo, un celular y dos relojes.\" \/>\n<meta property=\"og:url\" content=\"https:\/\/reporteroshoy.mx\/noticias\/ponen-tras-las-rejas-a-sujetos-acusados-de-saquear-una-casa-en-tizimin\/\" \/>\n<meta property=\"og:site_name\" content=\"Reporteros Hoy | Noticias de Yucat\u00e1n\" \/>\n<meta property=\"article:publisher\" content=\"http:\/\/www.facebook.com\/reporteroshoymx\" \/>\n<meta property=\"article:published_time\" content=\"2022-01-15T22:44:06+00:00\" \/>\n<meta property=\"og:image\" content=\"https:\/\/reporteroshoy.mx\/noticias\/wp-content\/uploads\/2022\/01\/DETENIDOS-TIZIMIN-scaled.jpg\" \/>\n\t<meta property=\"og:image:width\" content=\"768\" \/>\n\t<meta property=\"og:image:height\" content=\"426\" \/>\n\t<meta property=\"og:image:type\" content=\"image\/jpeg\" \/>\n<meta name=\"author\" content=\"Reporteros Hoy GS\" \/>\n<meta name=\"twitter:card\" content=\"summary_large_image\" \/>\n<meta name=\"twitter:creator\" content=\"@reporteroshoy\" \/>\n<meta name=\"twitter:site\" content=\"@reporteroshoy\" \/>\n<meta name=\"twitter:label1\" content=\"Escrito por\" \/>\n\t<meta name=\"twitter:data1\" content=\"Reporteros Hoy GS\" \/>\n\t<meta name=\"twitter:label2\" content=\"Tiempo de lectura\" \/>\n\t<meta name=\"twitter:data2\" content=\"2 minutos\" \/>\n<script type=\"application\/ld+json\" class=\"yoast-schema-graph\">{\"@context\":\"https:\\\/\\\/schema.org\",\"@graph\":[{\"@type\":\"Article\",\"@id\":\"https:\\\/\\\/reporteroshoy.mx\\\/noticias\\\/ponen-tras-las-rejas-a-sujetos-acusados-de-saquear-una-casa-en-tizimin\\\/#article\",\"isPartOf\":{\"@id\":\"https:\\\/\\\/reporteroshoy.mx\\\/noticias\\\/ponen-tras-las-rejas-a-sujetos-acusados-de-saquear-una-casa-en-tizimin\\\/\"},\"author\":{\"name\":\"Reporteros Hoy GS\",\"@id\":\"https:\\\/\\\/reporteroshoy.mx\\\/noticias\\\/#\\\/schema\\\/person\\\/49ae631fc906b44554e4ba3866c505d7\"},\"headline\":\"Ponen tras las rejas a sujetos acusados de saquear una casa en Tizim\u00edn\",\"datePublished\":\"2022-01-15T22:44:06+00:00\",\"mainEntityOfPage\":{\"@id\":\"https:\\\/\\\/reporteroshoy.mx\\\/noticias\\\/ponen-tras-las-rejas-a-sujetos-acusados-de-saquear-una-casa-en-tizimin\\\/\"},\"wordCount\":380,\"commentCount\":0,\"image\":{\"@id\":\"https:\\\/\\\/reporteroshoy.mx\\\/noticias\\\/ponen-tras-las-rejas-a-sujetos-acusados-de-saquear-una-casa-en-tizimin\\\/#primaryimage\"},\"thumbnailUrl\":\"https:\\\/\\\/reporteroshoy.mx\\\/noticias\\\/wp-content\\\/uploads\\\/2022\\\/01\\\/DETENIDOS-TIZIMIN-scaled.jpg\",\"keywords\":[\"detenidos en tizimin\",\"Tizim\u00edn\",\"Yucat\u00e1n Oriente\"],\"articleSection\":[\"Municipios\"],\"inLanguage\":\"es\",\"potentialAction\":[{\"@type\":\"CommentAction\",\"name\":\"Comment\",\"target\":[\"https:\\\/\\\/reporteroshoy.mx\\\/noticias\\\/ponen-tras-las-rejas-a-sujetos-acusados-de-saquear-una-casa-en-tizimin\\\/#respond\"]}]},{\"@type\":\"WebPage\",\"@id\":\"https:\\\/\\\/reporteroshoy.mx\\\/noticias\\\/ponen-tras-las-rejas-a-sujetos-acusados-de-saquear-una-casa-en-tizimin\\\/\",\"url\":\"https:\\\/\\\/reporteroshoy.mx\\\/noticias\\\/ponen-tras-las-rejas-a-sujetos-acusados-de-saquear-una-casa-en-tizimin\\\/\",\"name\":\"Ponen tras las rejas a sujetos acusados de saquear una casa en Tizim\u00edn\",\"isPartOf\":{\"@id\":\"https:\\\/\\\/reporteroshoy.mx\\\/noticias\\\/#website\"},\"primaryImageOfPage\":{\"@id\":\"https:\\\/\\\/reporteroshoy.mx\\\/noticias\\\/ponen-tras-las-rejas-a-sujetos-acusados-de-saquear-una-casa-en-tizimin\\\/#primaryimage\"},\"image\":{\"@id\":\"https:\\\/\\\/reporteroshoy.mx\\\/noticias\\\/ponen-tras-las-rejas-a-sujetos-acusados-de-saquear-una-casa-en-tizimin\\\/#primaryimage\"},\"thumbnailUrl\":\"https:\\\/\\\/reporteroshoy.mx\\\/noticias\\\/wp-content\\\/uploads\\\/2022\\\/01\\\/DETENIDOS-TIZIMIN-scaled.jpg\",\"datePublished\":\"2022-01-15T22:44:06+00:00\",\"author\":{\"@id\":\"https:\\\/\\\/reporteroshoy.mx\\\/noticias\\\/#\\\/schema\\\/person\\\/49ae631fc906b44554e4ba3866c505d7\"},\"description\":\"Fueron detenidos por polic\u00edas municipales en la colonia Adolfo L\u00f3pez Mateos, cuando pretend\u00edan huir en poder de una billetera con efectivo, un celular y dos relojes.\",\"breadcrumb\":{\"@id\":\"https:\\\/\\\/reporteroshoy.mx\\\/noticias\\\/ponen-tras-las-rejas-a-sujetos-acusados-de-saquear-una-casa-en-tizimin\\\/#breadcrumb\"},\"inLanguage\":\"es\",\"potentialAction\":[{\"@type\":\"ReadAction\",\"target\":[\"https:\\\/\\\/reporteroshoy.mx\\\/noticias\\\/ponen-tras-las-rejas-a-sujetos-acusados-de-saquear-una-casa-en-tizimin\\\/\"]}]},{\"@type\":\"ImageObject\",\"inLanguage\":\"es\",\"@id\":\"https:\\\/\\\/reporteroshoy.mx\\\/noticias\\\/ponen-tras-las-rejas-a-sujetos-acusados-de-saquear-una-casa-en-tizimin\\\/#primaryimage\",\"url\":\"https:\\\/\\\/reporteroshoy.mx\\\/noticias\\\/wp-content\\\/uploads\\\/2022\\\/01\\\/DETENIDOS-TIZIMIN-scaled.jpg\",\"contentUrl\":\"https:\\\/\\\/reporteroshoy.mx\\\/noticias\\\/wp-content\\\/uploads\\\/2022\\\/01\\\/DETENIDOS-TIZIMIN-scaled.jpg\",\"width\":768,\"height\":426},{\"@type\":\"BreadcrumbList\",\"@id\":\"https:\\\/\\\/reporteroshoy.mx\\\/noticias\\\/ponen-tras-las-rejas-a-sujetos-acusados-de-saquear-una-casa-en-tizimin\\\/#breadcrumb\",\"itemListElement\":[{\"@type\":\"ListItem\",\"position\":1,\"name\":\"Portada\",\"item\":\"https:\\\/\\\/reporteroshoy.mx\\\/noticias\\\/\"},{\"@type\":\"ListItem\",\"position\":2,\"name\":\"Ponen tras las rejas a sujetos acusados de saquear una casa en Tizim\u00edn\"}]},{\"@type\":\"WebSite\",\"@id\":\"https:\\\/\\\/reporteroshoy.mx\\\/noticias\\\/#website\",\"url\":\"https:\\\/\\\/reporteroshoy.mx\\\/noticias\\\/\",\"name\":\"Reporteros Hoy | Noticias de Yucat\u00e1n\",\"description\":\"Peri\u00f3dico digital con noticias diarias desde M\u00e9rida, Yucat\u00e1n para el mundo.\",\"potentialAction\":[{\"@type\":\"SearchAction\",\"target\":{\"@type\":\"EntryPoint\",\"urlTemplate\":\"https:\\\/\\\/reporteroshoy.mx\\\/noticias\\\/?s={search_term_string}\"},\"query-input\":{\"@type\":\"PropertyValueSpecification\",\"valueRequired\":true,\"valueName\":\"search_term_string\"}}],\"inLanguage\":\"es\"},{\"@type\":\"Person\",\"@id\":\"https:\\\/\\\/reporteroshoy.mx\\\/noticias\\\/#\\\/schema\\\/person\\\/49ae631fc906b44554e4ba3866c505d7\",\"name\":\"Reporteros Hoy GS\",\"image\":{\"@type\":\"ImageObject\",\"inLanguage\":\"es\",\"@id\":\"https:\\\/\\\/secure.gravatar.com\\\/avatar\\\/00d32adb620345c3db2cfc175917f65c584e1e338fdc49ad126aa1f9830eb6a9?s=96&d=mm&r=g\",\"url\":\"https:\\\/\\\/secure.gravatar.com\\\/avatar\\\/00d32adb620345c3db2cfc175917f65c584e1e338fdc49ad126aa1f9830eb6a9?s=96&d=mm&r=g\",\"contentUrl\":\"https:\\\/\\\/secure.gravatar.com\\\/avatar\\\/00d32adb620345c3db2cfc175917f65c584e1e338fdc49ad126aa1f9830eb6a9?s=96&d=mm&r=g\",\"caption\":\"Reporteros Hoy GS\"},\"url\":\"https:\\\/\\\/reporteroshoy.mx\\\/noticias\\\/author\\\/lupis\\\/\"}]}<\/script>\n<!-- \/ Yoast SEO plugin. -->","yoast_head_json":{"title":"Ponen tras las rejas a sujetos acusados de saquear una casa en Tizim\u00edn","description":"Fueron detenidos por polic\u00edas municipales en la colonia Adolfo L\u00f3pez Mateos, cuando pretend\u00edan huir en poder de una billetera con efectivo, un celular y dos relojes.","robots":{"index":"index","follow":"follow","max-snippet":"max-snippet:-1","max-image-preview":"max-image-preview:large","max-video-preview":"max-video-preview:-1"},"canonical":"https:\/\/reporteroshoy.mx\/noticias\/ponen-tras-las-rejas-a-sujetos-acusados-de-saquear-una-casa-en-tizimin\/","og_locale":"es_ES","og_type":"article","og_title":"Ponen tras las rejas a sujetos acusados de saquear una casa en Tizim\u00edn","og_description":"Fueron detenidos por polic\u00edas municipales en la colonia Adolfo L\u00f3pez Mateos, cuando pretend\u00edan huir en poder de una billetera con efectivo, un celular y dos relojes.","og_url":"https:\/\/reporteroshoy.mx\/noticias\/ponen-tras-las-rejas-a-sujetos-acusados-de-saquear-una-casa-en-tizimin\/","og_site_name":"Reporteros Hoy | Noticias de Yucat\u00e1n","article_publisher":"http:\/\/www.facebook.com\/reporteroshoymx","article_published_time":"2022-01-15T22:44:06+00:00","og_image":[{"width":768,"height":426,"url":"https:\/\/reporteroshoy.mx\/noticias\/wp-content\/uploads\/2022\/01\/DETENIDOS-TIZIMIN-scaled.jpg","type":"image\/jpeg"}],"author":"Reporteros Hoy GS","twitter_card":"summary_large_image","twitter_creator":"@reporteroshoy","twitter_site":"@reporteroshoy","twitter_misc":{"Escrito por":"Reporteros Hoy GS","Tiempo de lectura":"2 minutos"},"schema":{"@context":"https:\/\/schema.org","@graph":[{"@type":"Article","@id":"https:\/\/reporteroshoy.mx\/noticias\/ponen-tras-las-rejas-a-sujetos-acusados-de-saquear-una-casa-en-tizimin\/#article","isPartOf":{"@id":"https:\/\/reporteroshoy.mx\/noticias\/ponen-tras-las-rejas-a-sujetos-acusados-de-saquear-una-casa-en-tizimin\/"},"author":{"name":"Reporteros Hoy GS","@id":"https:\/\/reporteroshoy.mx\/noticias\/#\/schema\/person\/49ae631fc906b44554e4ba3866c505d7"},"headline":"Ponen tras las rejas a sujetos acusados de saquear una casa en Tizim\u00edn","datePublished":"2022-01-15T22:44:06+00:00","mainEntityOfPage":{"@id":"https:\/\/reporteroshoy.mx\/noticias\/ponen-tras-las-rejas-a-sujetos-acusados-de-saquear-una-casa-en-tizimin\/"},"wordCount":380,"commentCount":0,"image":{"@id":"https:\/\/reporteroshoy.mx\/noticias\/ponen-tras-las-rejas-a-sujetos-acusados-de-saquear-una-casa-en-tizimin\/#primaryimage"},"thumbnailUrl":"https:\/\/reporteroshoy.mx\/noticias\/wp-content\/uploads\/2022\/01\/DETENIDOS-TIZIMIN-scaled.jpg","keywords":["detenidos en tizimin","Tizim\u00edn","Yucat\u00e1n Oriente"],"articleSection":["Municipios"],"inLanguage":"es","potentialAction":[{"@type":"CommentAction","name":"Comment","target":["https:\/\/reporteroshoy.mx\/noticias\/ponen-tras-las-rejas-a-sujetos-acusados-de-saquear-una-casa-en-tizimin\/#respond"]}]},{"@type":"WebPage","@id":"https:\/\/reporteroshoy.mx\/noticias\/ponen-tras-las-rejas-a-sujetos-acusados-de-saquear-una-casa-en-tizimin\/","url":"https:\/\/reporteroshoy.mx\/noticias\/ponen-tras-las-rejas-a-sujetos-acusados-de-saquear-una-casa-en-tizimin\/","name":"Ponen tras las rejas a sujetos acusados de saquear una casa en Tizim\u00edn","isPartOf":{"@id":"https:\/\/reporteroshoy.mx\/noticias\/#website"},"primaryImageOfPage":{"@id":"https:\/\/reporteroshoy.mx\/noticias\/ponen-tras-las-rejas-a-sujetos-acusados-de-saquear-una-casa-en-tizimin\/#primaryimage"},"image":{"@id":"https:\/\/reporteroshoy.mx\/noticias\/ponen-tras-las-rejas-a-sujetos-acusados-de-saquear-una-casa-en-tizimin\/#primaryimage"},"thumbnailUrl":"https:\/\/reporteroshoy.mx\/noticias\/wp-content\/uploads\/2022\/01\/DETENIDOS-TIZIMIN-scaled.jpg","datePublished":"2022-01-15T22:44:06+00:00","author":{"@id":"https:\/\/reporteroshoy.mx\/noticias\/#\/schema\/person\/49ae631fc906b44554e4ba3866c505d7"},"description":"Fueron detenidos por polic\u00edas municipales en la colonia Adolfo L\u00f3pez Mateos, cuando pretend\u00edan huir en poder de una billetera con efectivo, un celular y dos relojes.","breadcrumb":{"@id":"https:\/\/reporteroshoy.mx\/noticias\/ponen-tras-las-rejas-a-sujetos-acusados-de-saquear-una-casa-en-tizimin\/#breadcrumb"},"inLanguage":"es","potentialAction":[{"@type":"ReadAction","target":["https:\/\/reporteroshoy.mx\/noticias\/ponen-tras-las-rejas-a-sujetos-acusados-de-saquear-una-casa-en-tizimin\/"]}]},{"@type":"ImageObject","inLanguage":"es","@id":"https:\/\/reporteroshoy.mx\/noticias\/ponen-tras-las-rejas-a-sujetos-acusados-de-saquear-una-casa-en-tizimin\/#primaryimage","url":"https:\/\/reporteroshoy.mx\/noticias\/wp-content\/uploads\/2022\/01\/DETENIDOS-TIZIMIN-scaled.jpg","contentUrl":"https:\/\/reporteroshoy.mx\/noticias\/wp-content\/uploads\/2022\/01\/DETENIDOS-TIZIMIN-scaled.jpg","width":768,"height":426},{"@type":"BreadcrumbList","@id":"https:\/\/reporteroshoy.mx\/noticias\/ponen-tras-las-rejas-a-sujetos-acusados-de-saquear-una-casa-en-tizimin\/#breadcrumb","itemListElement":[{"@type":"ListItem","position":1,"name":"Portada","item":"https:\/\/reporteroshoy.mx\/noticias\/"},{"@type":"ListItem","position":2,"name":"Ponen tras las rejas a sujetos acusados de saquear una casa en Tizim\u00edn"}]},{"@type":"WebSite","@id":"https:\/\/reporteroshoy.mx\/noticias\/#website","url":"https:\/\/reporteroshoy.mx\/noticias\/","name":"Reporteros Hoy | Noticias de Yucat\u00e1n","description":"Peri\u00f3dico digital con noticias diarias desde M\u00e9rida, Yucat\u00e1n para el mundo.","potentialAction":[{"@type":"SearchAction","target":{"@type":"EntryPoint","urlTemplate":"https:\/\/reporteroshoy.mx\/noticias\/?s={search_term_string}"},"query-input":{"@type":"PropertyValueSpecification","valueRequired":true,"valueName":"search_term_string"}}],"inLanguage":"es"},{"@type":"Person","@id":"https:\/\/reporteroshoy.mx\/noticias\/#\/schema\/person\/49ae631fc906b44554e4ba3866c505d7","name":"Reporteros Hoy GS","image":{"@type":"ImageObject","inLanguage":"es","@id":"https:\/\/secure.gravatar.com\/avatar\/00d32adb620345c3db2cfc175917f65c584e1e338fdc49ad126aa1f9830eb6a9?s=96&d=mm&r=g","url":"https:\/\/secure.gravatar.com\/avatar\/00d32adb620345c3db2cfc175917f65c584e1e338fdc49ad126aa1f9830eb6a9?s=96&d=mm&r=g","contentUrl":"https:\/\/secure.gravatar.com\/avatar\/00d32adb620345c3db2cfc175917f65c584e1e338fdc49ad126aa1f9830eb6a9?s=96&d=mm&r=g","caption":"Reporteros Hoy GS"},"url":"https:\/\/reporteroshoy.mx\/noticias\/author\/lupis\/"}]}},"_links":{"self":[{"href":"https:\/\/reporteroshoy.mx\/noticias\/wp-json\/wp\/v2\/posts\/79412","targetHints":{"allow":["GET"]}}],"collection":[{"href":"https:\/\/reporteroshoy.mx\/noticias\/wp-json\/wp\/v2\/posts"}],"about":[{"href":"https:\/\/reporteroshoy.mx\/noticias\/wp-json\/wp\/v2\/types\/post"}],"author":[{"embeddable":true,"href":"https:\/\/reporteroshoy.mx\/noticias\/wp-json\/wp\/v2\/users\/6"}],"replies":[{"embeddable":true,"href":"https:\/\/reporteroshoy.mx\/noticias\/wp-json\/wp\/v2\/comments?post=79412"}],"version-history":[{"count":0,"href":"https:\/\/reporteroshoy.mx\/noticias\/wp-json\/wp\/v2\/posts\/79412\/revisions"}],"wp:featuredmedia":[{"embeddable":true,"href":"https:\/\/reporteroshoy.mx\/noticias\/wp-json\/wp\/v2\/media\/79415"}],"wp:attachment":[{"href":"https:\/\/reporteroshoy.mx\/noticias\/wp-json\/wp\/v2\/media?parent=79412"}],"wp:term":[{"taxonomy":"category","embeddable":true,"href":"https:\/\/reporteroshoy.mx\/noticias\/wp-json\/wp\/v2\/categories?post=79412"},{"taxonomy":"post_tag","embeddable":true,"href":"https:\/\/reporteroshoy.mx\/noticias\/wp-json\/wp\/v2\/tags?post=79412"}],"curies":[{"name":"wp","href":"https:\/\/api.w.org\/{rel}","templated":true}]}}