{"id":79684,"date":"2022-01-20T12:58:26","date_gmt":"2022-01-20T18:58:26","guid":{"rendered":"https:\/\/reporteroshoy.mx\/noticias\/?p=79684"},"modified":"2022-01-20T12:58:26","modified_gmt":"2022-01-20T18:58:26","slug":"abuelito-fallece-en-calles-de-la-melchor-ocampo","status":"publish","type":"post","link":"https:\/\/reporteroshoy.mx\/noticias\/abuelito-fallece-en-calles-de-la-melchor-ocampo\/","title":{"rendered":"Abuelito fallece en calles de la Melchor Ocampo"},"content":{"rendered":"<p style=\"text-align: justify;\">M\u00e9rida, Yucat\u00e1n; 20 de enero de 2022 (ACOM).- Un adulto mayor que viv\u00eda en situaci\u00f3n de calle en la colonia Melchor Ocampo perdi\u00f3 la vida esta ma\u00f1ana mientras caminaba.<\/p>\n<p style=\"text-align: justify;\">Los hechos se dieron cerca de las 10:30 de la ma\u00f1ana cuando el abuelito se desvaneci\u00f3 y perdi\u00f3 la vida sobre la calle 51 x 12 y 14 al oriente de M\u00e9rida<\/p>\n<p><img loading=\"lazy\" decoding=\"async\" class=\"wp-image-79685 aligncenter\" src=\"https:\/\/reporteroshoy.mx\/noticias\/wp-content\/uploads\/2022\/01\/Muere-abuelito.jpg\" alt=\"\" width=\"600\" height=\"338\" \/><\/p>\n<p style=\"text-align: justify;\">Testigos se\u00f1alaron que el ahora occiso viv\u00eda entre los carros abandonados que est\u00e1n en las afueras de una chatarrer\u00eda y hoy, como todos los d\u00edas, sali\u00f3 y se sent\u00f3 sobre la escarpa, pero al intentar ingresar de nuevo al veh\u00edculo muri\u00f3 de manera imprevista.<\/p>\n<p style=\"text-align: justify;\">Personas del lugar llamaron al 911, d\u00f3nde arribaron param\u00e9dicos y polic\u00edas estatales, pero solo confirmaron la muerte del se\u00f1or.<\/p>\n<p style=\"text-align: justify;\">De inmediato el \u00e1rea fue acordonado en la espera de la Fiscal\u00eda General del Estado (FGE) para el levantamiento del cuerpo.<\/p>\n","protected":false},"excerpt":{"rendered":"<p>El hombre, en situaci\u00f3n de calle, caminaba cuando se desvaneci\u00f3 y muri\u00f3.<\/p>\n","protected":false},"author":9,"featured_media":79685,"comment_status":"open","ping_status":"closed","sticky":false,"template":"","format":"standard","meta":{"footnotes":""},"categories":[14],"tags":[15619,18435],"class_list":["post-79684","post","type-post","status-publish","format-standard","has-post-thumbnail","hentry","category-policia","tag-melchor-ocampo","tag-muere-abuelito"],"yoast_head":"<!-- This site is optimized with the Yoast SEO plugin v28.3 - https:\/\/yoast.com\/product\/yoast-seo-wordpress\/ -->\n<title>Abuelito fallece en calles de la Melchor Ocampo<\/title>\n<meta name=\"description\" content=\"El hombre, en situaci\u00f3n de calle, caminaba cuando se desvaneci\u00f3 y muri\u00f3.\" \/>\n<meta name=\"robots\" content=\"index, follow, max-snippet:-1, max-image-preview:large, max-video-preview:-1\" \/>\n<link rel=\"canonical\" href=\"https:\/\/reporteroshoy.mx\/noticias\/abuelito-fallece-en-calles-de-la-melchor-ocampo\/\" \/>\n<meta property=\"og:locale\" content=\"es_ES\" \/>\n<meta property=\"og:type\" content=\"article\" \/>\n<meta property=\"og:title\" content=\"Abuelito fallece en calles de la Melchor Ocampo\" \/>\n<meta property=\"og:description\" content=\"El hombre, en situaci\u00f3n de calle, caminaba cuando se desvaneci\u00f3 y muri\u00f3.\" \/>\n<meta property=\"og:url\" content=\"https:\/\/reporteroshoy.mx\/noticias\/abuelito-fallece-en-calles-de-la-melchor-ocampo\/\" \/>\n<meta property=\"og:site_name\" content=\"Reporteros Hoy | Noticias de Yucat\u00e1n\" \/>\n<meta property=\"article:publisher\" content=\"http:\/\/www.facebook.com\/reporteroshoymx\" \/>\n<meta property=\"article:published_time\" content=\"2022-01-20T18:58:26+00:00\" \/>\n<meta property=\"og:image\" content=\"https:\/\/reporteroshoy.mx\/noticias\/wp-content\/uploads\/2022\/01\/Muere-abuelito.jpg\" \/>\n\t<meta property=\"og:image:width\" content=\"768\" \/>\n\t<meta property=\"og:image:height\" content=\"432\" \/>\n\t<meta property=\"og:image:type\" content=\"image\/jpeg\" \/>\n<meta name=\"author\" content=\"Reporteros Hoy WP\" \/>\n<meta name=\"twitter:card\" content=\"summary_large_image\" \/>\n<meta name=\"twitter:creator\" content=\"@reporteroshoy\" \/>\n<meta name=\"twitter:site\" content=\"@reporteroshoy\" \/>\n<meta name=\"twitter:label1\" content=\"Escrito por\" \/>\n\t<meta name=\"twitter:data1\" content=\"Reporteros Hoy WP\" \/>\n\t<meta name=\"twitter:label2\" content=\"Tiempo de lectura\" \/>\n\t<meta name=\"twitter:data2\" content=\"1 minuto\" \/>\n<script type=\"application\/ld+json\" class=\"yoast-schema-graph\">{\"@context\":\"https:\\\/\\\/schema.org\",\"@graph\":[{\"@type\":\"Article\",\"@id\":\"https:\\\/\\\/reporteroshoy.mx\\\/noticias\\\/abuelito-fallece-en-calles-de-la-melchor-ocampo\\\/#article\",\"isPartOf\":{\"@id\":\"https:\\\/\\\/reporteroshoy.mx\\\/noticias\\\/abuelito-fallece-en-calles-de-la-melchor-ocampo\\\/\"},\"author\":{\"name\":\"Reporteros Hoy WP\",\"@id\":\"https:\\\/\\\/reporteroshoy.mx\\\/noticias\\\/#\\\/schema\\\/person\\\/c977527e57c958a62c5cefe8fe47876e\"},\"headline\":\"Abuelito fallece en calles de la Melchor Ocampo\",\"datePublished\":\"2022-01-20T18:58:26+00:00\",\"mainEntityOfPage\":{\"@id\":\"https:\\\/\\\/reporteroshoy.mx\\\/noticias\\\/abuelito-fallece-en-calles-de-la-melchor-ocampo\\\/\"},\"wordCount\":165,\"commentCount\":0,\"image\":{\"@id\":\"https:\\\/\\\/reporteroshoy.mx\\\/noticias\\\/abuelito-fallece-en-calles-de-la-melchor-ocampo\\\/#primaryimage\"},\"thumbnailUrl\":\"https:\\\/\\\/reporteroshoy.mx\\\/noticias\\\/wp-content\\\/uploads\\\/2022\\\/01\\\/Muere-abuelito.jpg\",\"keywords\":[\"Melchor Ocampo\",\"Muere abuelito\"],\"articleSection\":[\"Polic\u00eda\"],\"inLanguage\":\"es\",\"potentialAction\":[{\"@type\":\"CommentAction\",\"name\":\"Comment\",\"target\":[\"https:\\\/\\\/reporteroshoy.mx\\\/noticias\\\/abuelito-fallece-en-calles-de-la-melchor-ocampo\\\/#respond\"]}]},{\"@type\":\"WebPage\",\"@id\":\"https:\\\/\\\/reporteroshoy.mx\\\/noticias\\\/abuelito-fallece-en-calles-de-la-melchor-ocampo\\\/\",\"url\":\"https:\\\/\\\/reporteroshoy.mx\\\/noticias\\\/abuelito-fallece-en-calles-de-la-melchor-ocampo\\\/\",\"name\":\"Abuelito fallece en calles de la Melchor Ocampo\",\"isPartOf\":{\"@id\":\"https:\\\/\\\/reporteroshoy.mx\\\/noticias\\\/#website\"},\"primaryImageOfPage\":{\"@id\":\"https:\\\/\\\/reporteroshoy.mx\\\/noticias\\\/abuelito-fallece-en-calles-de-la-melchor-ocampo\\\/#primaryimage\"},\"image\":{\"@id\":\"https:\\\/\\\/reporteroshoy.mx\\\/noticias\\\/abuelito-fallece-en-calles-de-la-melchor-ocampo\\\/#primaryimage\"},\"thumbnailUrl\":\"https:\\\/\\\/reporteroshoy.mx\\\/noticias\\\/wp-content\\\/uploads\\\/2022\\\/01\\\/Muere-abuelito.jpg\",\"datePublished\":\"2022-01-20T18:58:26+00:00\",\"author\":{\"@id\":\"https:\\\/\\\/reporteroshoy.mx\\\/noticias\\\/#\\\/schema\\\/person\\\/c977527e57c958a62c5cefe8fe47876e\"},\"description\":\"El hombre, en situaci\u00f3n de calle, caminaba cuando se desvaneci\u00f3 y muri\u00f3.\",\"breadcrumb\":{\"@id\":\"https:\\\/\\\/reporteroshoy.mx\\\/noticias\\\/abuelito-fallece-en-calles-de-la-melchor-ocampo\\\/#breadcrumb\"},\"inLanguage\":\"es\",\"potentialAction\":[{\"@type\":\"ReadAction\",\"target\":[\"https:\\\/\\\/reporteroshoy.mx\\\/noticias\\\/abuelito-fallece-en-calles-de-la-melchor-ocampo\\\/\"]}]},{\"@type\":\"ImageObject\",\"inLanguage\":\"es\",\"@id\":\"https:\\\/\\\/reporteroshoy.mx\\\/noticias\\\/abuelito-fallece-en-calles-de-la-melchor-ocampo\\\/#primaryimage\",\"url\":\"https:\\\/\\\/reporteroshoy.mx\\\/noticias\\\/wp-content\\\/uploads\\\/2022\\\/01\\\/Muere-abuelito.jpg\",\"contentUrl\":\"https:\\\/\\\/reporteroshoy.mx\\\/noticias\\\/wp-content\\\/uploads\\\/2022\\\/01\\\/Muere-abuelito.jpg\",\"width\":768,\"height\":432},{\"@type\":\"BreadcrumbList\",\"@id\":\"https:\\\/\\\/reporteroshoy.mx\\\/noticias\\\/abuelito-fallece-en-calles-de-la-melchor-ocampo\\\/#breadcrumb\",\"itemListElement\":[{\"@type\":\"ListItem\",\"position\":1,\"name\":\"Portada\",\"item\":\"https:\\\/\\\/reporteroshoy.mx\\\/noticias\\\/\"},{\"@type\":\"ListItem\",\"position\":2,\"name\":\"Abuelito fallece en calles de la Melchor Ocampo\"}]},{\"@type\":\"WebSite\",\"@id\":\"https:\\\/\\\/reporteroshoy.mx\\\/noticias\\\/#website\",\"url\":\"https:\\\/\\\/reporteroshoy.mx\\\/noticias\\\/\",\"name\":\"Reporteros Hoy | Noticias de Yucat\u00e1n\",\"description\":\"Peri\u00f3dico digital con noticias diarias desde M\u00e9rida, Yucat\u00e1n para el mundo.\",\"potentialAction\":[{\"@type\":\"SearchAction\",\"target\":{\"@type\":\"EntryPoint\",\"urlTemplate\":\"https:\\\/\\\/reporteroshoy.mx\\\/noticias\\\/?s={search_term_string}\"},\"query-input\":{\"@type\":\"PropertyValueSpecification\",\"valueRequired\":true,\"valueName\":\"search_term_string\"}}],\"inLanguage\":\"es\"},{\"@type\":\"Person\",\"@id\":\"https:\\\/\\\/reporteroshoy.mx\\\/noticias\\\/#\\\/schema\\\/person\\\/c977527e57c958a62c5cefe8fe47876e\",\"name\":\"Reporteros Hoy WP\",\"image\":{\"@type\":\"ImageObject\",\"inLanguage\":\"es\",\"@id\":\"https:\\\/\\\/secure.gravatar.com\\\/avatar\\\/fd2917f79a7dae30f8ac9ddc2f35e1756bb59e25e01d1cd09deaa64df7b2f73e?s=96&d=mm&r=g\",\"url\":\"https:\\\/\\\/secure.gravatar.com\\\/avatar\\\/fd2917f79a7dae30f8ac9ddc2f35e1756bb59e25e01d1cd09deaa64df7b2f73e?s=96&d=mm&r=g\",\"contentUrl\":\"https:\\\/\\\/secure.gravatar.com\\\/avatar\\\/fd2917f79a7dae30f8ac9ddc2f35e1756bb59e25e01d1cd09deaa64df7b2f73e?s=96&d=mm&r=g\",\"caption\":\"Reporteros Hoy WP\"},\"url\":\"https:\\\/\\\/reporteroshoy.mx\\\/noticias\\\/author\\\/walfer\\\/\"}]}<\/script>\n<!-- \/ Yoast SEO plugin. -->","yoast_head_json":{"title":"Abuelito fallece en calles de la Melchor Ocampo","description":"El hombre, en situaci\u00f3n de calle, caminaba cuando se desvaneci\u00f3 y muri\u00f3.","robots":{"index":"index","follow":"follow","max-snippet":"max-snippet:-1","max-image-preview":"max-image-preview:large","max-video-preview":"max-video-preview:-1"},"canonical":"https:\/\/reporteroshoy.mx\/noticias\/abuelito-fallece-en-calles-de-la-melchor-ocampo\/","og_locale":"es_ES","og_type":"article","og_title":"Abuelito fallece en calles de la Melchor Ocampo","og_description":"El hombre, en situaci\u00f3n de calle, caminaba cuando se desvaneci\u00f3 y muri\u00f3.","og_url":"https:\/\/reporteroshoy.mx\/noticias\/abuelito-fallece-en-calles-de-la-melchor-ocampo\/","og_site_name":"Reporteros Hoy | Noticias de Yucat\u00e1n","article_publisher":"http:\/\/www.facebook.com\/reporteroshoymx","article_published_time":"2022-01-20T18:58:26+00:00","og_image":[{"width":768,"height":432,"url":"https:\/\/reporteroshoy.mx\/noticias\/wp-content\/uploads\/2022\/01\/Muere-abuelito.jpg","type":"image\/jpeg"}],"author":"Reporteros Hoy WP","twitter_card":"summary_large_image","twitter_creator":"@reporteroshoy","twitter_site":"@reporteroshoy","twitter_misc":{"Escrito por":"Reporteros Hoy WP","Tiempo de lectura":"1 minuto"},"schema":{"@context":"https:\/\/schema.org","@graph":[{"@type":"Article","@id":"https:\/\/reporteroshoy.mx\/noticias\/abuelito-fallece-en-calles-de-la-melchor-ocampo\/#article","isPartOf":{"@id":"https:\/\/reporteroshoy.mx\/noticias\/abuelito-fallece-en-calles-de-la-melchor-ocampo\/"},"author":{"name":"Reporteros Hoy WP","@id":"https:\/\/reporteroshoy.mx\/noticias\/#\/schema\/person\/c977527e57c958a62c5cefe8fe47876e"},"headline":"Abuelito fallece en calles de la Melchor Ocampo","datePublished":"2022-01-20T18:58:26+00:00","mainEntityOfPage":{"@id":"https:\/\/reporteroshoy.mx\/noticias\/abuelito-fallece-en-calles-de-la-melchor-ocampo\/"},"wordCount":165,"commentCount":0,"image":{"@id":"https:\/\/reporteroshoy.mx\/noticias\/abuelito-fallece-en-calles-de-la-melchor-ocampo\/#primaryimage"},"thumbnailUrl":"https:\/\/reporteroshoy.mx\/noticias\/wp-content\/uploads\/2022\/01\/Muere-abuelito.jpg","keywords":["Melchor Ocampo","Muere abuelito"],"articleSection":["Polic\u00eda"],"inLanguage":"es","potentialAction":[{"@type":"CommentAction","name":"Comment","target":["https:\/\/reporteroshoy.mx\/noticias\/abuelito-fallece-en-calles-de-la-melchor-ocampo\/#respond"]}]},{"@type":"WebPage","@id":"https:\/\/reporteroshoy.mx\/noticias\/abuelito-fallece-en-calles-de-la-melchor-ocampo\/","url":"https:\/\/reporteroshoy.mx\/noticias\/abuelito-fallece-en-calles-de-la-melchor-ocampo\/","name":"Abuelito fallece en calles de la Melchor Ocampo","isPartOf":{"@id":"https:\/\/reporteroshoy.mx\/noticias\/#website"},"primaryImageOfPage":{"@id":"https:\/\/reporteroshoy.mx\/noticias\/abuelito-fallece-en-calles-de-la-melchor-ocampo\/#primaryimage"},"image":{"@id":"https:\/\/reporteroshoy.mx\/noticias\/abuelito-fallece-en-calles-de-la-melchor-ocampo\/#primaryimage"},"thumbnailUrl":"https:\/\/reporteroshoy.mx\/noticias\/wp-content\/uploads\/2022\/01\/Muere-abuelito.jpg","datePublished":"2022-01-20T18:58:26+00:00","author":{"@id":"https:\/\/reporteroshoy.mx\/noticias\/#\/schema\/person\/c977527e57c958a62c5cefe8fe47876e"},"description":"El hombre, en situaci\u00f3n de calle, caminaba cuando se desvaneci\u00f3 y muri\u00f3.","breadcrumb":{"@id":"https:\/\/reporteroshoy.mx\/noticias\/abuelito-fallece-en-calles-de-la-melchor-ocampo\/#breadcrumb"},"inLanguage":"es","potentialAction":[{"@type":"ReadAction","target":["https:\/\/reporteroshoy.mx\/noticias\/abuelito-fallece-en-calles-de-la-melchor-ocampo\/"]}]},{"@type":"ImageObject","inLanguage":"es","@id":"https:\/\/reporteroshoy.mx\/noticias\/abuelito-fallece-en-calles-de-la-melchor-ocampo\/#primaryimage","url":"https:\/\/reporteroshoy.mx\/noticias\/wp-content\/uploads\/2022\/01\/Muere-abuelito.jpg","contentUrl":"https:\/\/reporteroshoy.mx\/noticias\/wp-content\/uploads\/2022\/01\/Muere-abuelito.jpg","width":768,"height":432},{"@type":"BreadcrumbList","@id":"https:\/\/reporteroshoy.mx\/noticias\/abuelito-fallece-en-calles-de-la-melchor-ocampo\/#breadcrumb","itemListElement":[{"@type":"ListItem","position":1,"name":"Portada","item":"https:\/\/reporteroshoy.mx\/noticias\/"},{"@type":"ListItem","position":2,"name":"Abuelito fallece en calles de la Melchor Ocampo"}]},{"@type":"WebSite","@id":"https:\/\/reporteroshoy.mx\/noticias\/#website","url":"https:\/\/reporteroshoy.mx\/noticias\/","name":"Reporteros Hoy | Noticias de Yucat\u00e1n","description":"Peri\u00f3dico digital con noticias diarias desde M\u00e9rida, Yucat\u00e1n para el mundo.","potentialAction":[{"@type":"SearchAction","target":{"@type":"EntryPoint","urlTemplate":"https:\/\/reporteroshoy.mx\/noticias\/?s={search_term_string}"},"query-input":{"@type":"PropertyValueSpecification","valueRequired":true,"valueName":"search_term_string"}}],"inLanguage":"es"},{"@type":"Person","@id":"https:\/\/reporteroshoy.mx\/noticias\/#\/schema\/person\/c977527e57c958a62c5cefe8fe47876e","name":"Reporteros Hoy WP","image":{"@type":"ImageObject","inLanguage":"es","@id":"https:\/\/secure.gravatar.com\/avatar\/fd2917f79a7dae30f8ac9ddc2f35e1756bb59e25e01d1cd09deaa64df7b2f73e?s=96&d=mm&r=g","url":"https:\/\/secure.gravatar.com\/avatar\/fd2917f79a7dae30f8ac9ddc2f35e1756bb59e25e01d1cd09deaa64df7b2f73e?s=96&d=mm&r=g","contentUrl":"https:\/\/secure.gravatar.com\/avatar\/fd2917f79a7dae30f8ac9ddc2f35e1756bb59e25e01d1cd09deaa64df7b2f73e?s=96&d=mm&r=g","caption":"Reporteros Hoy WP"},"url":"https:\/\/reporteroshoy.mx\/noticias\/author\/walfer\/"}]}},"_links":{"self":[{"href":"https:\/\/reporteroshoy.mx\/noticias\/wp-json\/wp\/v2\/posts\/79684","targetHints":{"allow":["GET"]}}],"collection":[{"href":"https:\/\/reporteroshoy.mx\/noticias\/wp-json\/wp\/v2\/posts"}],"about":[{"href":"https:\/\/reporteroshoy.mx\/noticias\/wp-json\/wp\/v2\/types\/post"}],"author":[{"embeddable":true,"href":"https:\/\/reporteroshoy.mx\/noticias\/wp-json\/wp\/v2\/users\/9"}],"replies":[{"embeddable":true,"href":"https:\/\/reporteroshoy.mx\/noticias\/wp-json\/wp\/v2\/comments?post=79684"}],"version-history":[{"count":0,"href":"https:\/\/reporteroshoy.mx\/noticias\/wp-json\/wp\/v2\/posts\/79684\/revisions"}],"wp:featuredmedia":[{"embeddable":true,"href":"https:\/\/reporteroshoy.mx\/noticias\/wp-json\/wp\/v2\/media\/79685"}],"wp:attachment":[{"href":"https:\/\/reporteroshoy.mx\/noticias\/wp-json\/wp\/v2\/media?parent=79684"}],"wp:term":[{"taxonomy":"category","embeddable":true,"href":"https:\/\/reporteroshoy.mx\/noticias\/wp-json\/wp\/v2\/categories?post=79684"},{"taxonomy":"post_tag","embeddable":true,"href":"https:\/\/reporteroshoy.mx\/noticias\/wp-json\/wp\/v2\/tags?post=79684"}],"curies":[{"name":"wp","href":"https:\/\/api.w.org\/{rel}","templated":true}]}}