{"id":80376,"date":"2022-02-02T10:27:45","date_gmt":"2022-02-02T16:27:45","guid":{"rendered":"https:\/\/reporteroshoy.mx\/noticias\/?p=80376"},"modified":"2022-02-02T10:27:45","modified_gmt":"2022-02-02T16:27:45","slug":"crisis-de-empleo-en-america-latina-se-prolongaria-hasta-el-2024","status":"publish","type":"post","link":"https:\/\/reporteroshoy.mx\/noticias\/crisis-de-empleo-en-america-latina-se-prolongaria-hasta-el-2024\/","title":{"rendered":"Crisis de empleo en Am\u00e9rica Latina se prolongar\u00eda hasta el 2024"},"content":{"rendered":"<p style=\"text-align: justify;\">Ciudad de M\u00e9xico; 2 de febrero de 2022 (Exc\u00e9lsior).- Luego de dos a\u00f1os de pandemia la recuperaci\u00f3n del empleo ha sido mediocre por lo que la crisis laboral se podr\u00eda prolongar hasta 2023 o incluso hasta 2024, advirti\u00f3 la Organizaci\u00f3n Internacional del Trabajo (OIT).<\/p>\n<p style=\"text-align: justify;\">Vin\u00edcius Pinheiro, director de la OIT para Am\u00e9rica Latina y el Caribe, alert\u00f3 que ello genera desaliento y frustraci\u00f3n, lo que a su vez repercute sobre la estabilidad social y la gobernabilidad.<\/p>\n<p style=\"text-align: justify;\">De acuerdo con el nuevo informe\u00a0Panorama Laboral de Am\u00e9rica Latina y el Caribe de la OIT, la fuerte recuperaci\u00f3n econ\u00f3mica registrada en 2021, con un crecimiento superior a 6%, no fue suficiente para recuperar los empleos perdidos, pues las \u00faltimas revisiones apuntan a un crecimiento ralentizado de 2.1% para este a\u00f1o.<\/p>\n<p style=\"text-align: justify;\">\u00abEl panorama laboral de la regi\u00f3n es incierto. La emergencia sanitaria por la pandemia no ha terminado, ni se ha transformado y hay otra emergencia relacionada con \u00f3micron. Las expectativas de crecimiento no son tan alentadoras\u201d, expuso Pinheiro.<\/p>\n<p style=\"text-align: justify;\">Dijo que con una tasa de desocupaci\u00f3n de 9.6% y con uno de cada dos trabajadores en la informalidad, la regi\u00f3n debe enfrentarse a la perspectiva de una prolongaci\u00f3n de la crisis por covid-19.<\/p>\n<p><img loading=\"lazy\" decoding=\"async\" class=\"wp-image-80377 aligncenter\" src=\"https:\/\/reporteroshoy.mx\/noticias\/wp-content\/uploads\/2022\/02\/Desempleo.jpg\" alt=\"\" width=\"598\" height=\"337\" \/><\/p>\n<p style=\"text-align: justify;\">De los 49 millones de puestos de trabajo que se perdieron en el segundo trimestre de 2020, a\u00fan faltan por recuperar 4.5 millones, seg\u00fan el documento.<\/p>\n<p style=\"text-align: justify;\">Cerca de cuatro millones corresponden a personas que se han incorporado a las filas del desempleo por la crisis de la pandemia. Al comenzar 2022, se estima que en total hay unas 28 millones de personas que buscan ocupaci\u00f3n.<\/p>\n<p style=\"text-align: justify;\">El\u00a0Panorama Laboral 2021\u00a0destaca que en el caso de las mujeres, la tasa de desocupaci\u00f3n se mantiene elevada en 12.4% desde 2020.<\/p>\n<p style=\"text-align: justify;\">La tasa de desocupaci\u00f3n juvenil se mantiene a niveles sin precedentes; antes de la pandemia rondaba 18%, pero con esta crisis super\u00f3 el l\u00edmite de 20% y a\u00fan no baja, en un nivel de 21.4 por ciento.<\/p>\n<p style=\"text-align: justify;\">Para Pinheiro, en Am\u00e9rica Latina y el Caribe la pandemia tuvo un impacto m\u00e1s severo por causa de \u201ccomorbilidades sociales\u201d como informalidad y desigualdad que contribuyeron a la p\u00e9rdida de empleos y de ingresos, sin reg\u00edmenes de protecci\u00f3n social adecuados para sostener a las personas en un momento tan dif\u00edcil.<\/p>\n","protected":false},"excerpt":{"rendered":"<p>La Organizaci\u00f3n Internacional del Trabajo (OIT) advirti\u00f3 que el panorama de crecimiento para la regi\u00f3n no es tan alentador.<\/p>\n","protected":false},"author":9,"featured_media":80377,"comment_status":"open","ping_status":"closed","sticky":false,"template":"","format":"standard","meta":{"footnotes":""},"categories":[10],"tags":[3152,20671,10037],"class_list":["post-80376","post","type-post","status-publish","format-standard","has-post-thumbnail","hentry","category-internacional","tag-desempleo","tag-oit","tag-pandemia"],"yoast_head":"<!-- This site is optimized with the Yoast SEO plugin v28.4 - https:\/\/yoast.com\/product\/yoast-seo-wordpress\/ -->\n<title>Crisis de empleo en Am\u00e9rica Latina se prolongar\u00eda hasta el 2024<\/title>\n<meta name=\"description\" content=\"La Organizaci\u00f3n Internacional del Trabajo (OIT) advirti\u00f3 que el panorama de crecimiento para la regi\u00f3n no es tan alentador.\" \/>\n<meta name=\"robots\" content=\"index, follow, max-snippet:-1, max-image-preview:large, max-video-preview:-1\" \/>\n<link rel=\"canonical\" href=\"https:\/\/reporteroshoy.mx\/noticias\/crisis-de-empleo-en-america-latina-se-prolongaria-hasta-el-2024\/\" \/>\n<meta property=\"og:locale\" content=\"es_ES\" \/>\n<meta property=\"og:type\" content=\"article\" \/>\n<meta property=\"og:title\" content=\"Crisis de empleo en Am\u00e9rica Latina se prolongar\u00eda hasta el 2024\" \/>\n<meta property=\"og:description\" content=\"La Organizaci\u00f3n Internacional del Trabajo (OIT) advirti\u00f3 que el panorama de crecimiento para la regi\u00f3n no es tan alentador.\" \/>\n<meta property=\"og:url\" content=\"https:\/\/reporteroshoy.mx\/noticias\/crisis-de-empleo-en-america-latina-se-prolongaria-hasta-el-2024\/\" \/>\n<meta property=\"og:site_name\" content=\"Reporteros Hoy | Noticias de Yucat\u00e1n\" \/>\n<meta property=\"article:publisher\" content=\"http:\/\/www.facebook.com\/reporteroshoymx\" \/>\n<meta property=\"article:published_time\" content=\"2022-02-02T16:27:45+00:00\" \/>\n<meta property=\"og:image\" content=\"https:\/\/reporteroshoy.mx\/noticias\/wp-content\/uploads\/2022\/02\/Desempleo.jpg\" \/>\n\t<meta property=\"og:image:width\" content=\"768\" \/>\n\t<meta property=\"og:image:height\" content=\"432\" \/>\n\t<meta property=\"og:image:type\" content=\"image\/jpeg\" \/>\n<meta name=\"author\" content=\"Reporteros Hoy WP\" \/>\n<meta name=\"twitter:card\" content=\"summary_large_image\" \/>\n<meta name=\"twitter:creator\" content=\"@reporteroshoy\" \/>\n<meta name=\"twitter:site\" content=\"@reporteroshoy\" \/>\n<meta name=\"twitter:label1\" content=\"Escrito por\" \/>\n\t<meta name=\"twitter:data1\" content=\"Reporteros Hoy WP\" \/>\n\t<meta name=\"twitter:label2\" content=\"Tiempo de lectura\" \/>\n\t<meta name=\"twitter:data2\" content=\"2 minutos\" \/>\n<script type=\"application\/ld+json\" class=\"yoast-schema-graph\">{\"@context\":\"https:\\\/\\\/schema.org\",\"@graph\":[{\"@type\":\"Article\",\"@id\":\"https:\\\/\\\/reporteroshoy.mx\\\/noticias\\\/crisis-de-empleo-en-america-latina-se-prolongaria-hasta-el-2024\\\/#article\",\"isPartOf\":{\"@id\":\"https:\\\/\\\/reporteroshoy.mx\\\/noticias\\\/crisis-de-empleo-en-america-latina-se-prolongaria-hasta-el-2024\\\/\"},\"author\":{\"name\":\"Reporteros Hoy WP\",\"@id\":\"https:\\\/\\\/reporteroshoy.mx\\\/noticias\\\/#\\\/schema\\\/person\\\/c977527e57c958a62c5cefe8fe47876e\"},\"headline\":\"Crisis de empleo en Am\u00e9rica Latina se prolongar\u00eda hasta el 2024\",\"datePublished\":\"2022-02-02T16:27:45+00:00\",\"mainEntityOfPage\":{\"@id\":\"https:\\\/\\\/reporteroshoy.mx\\\/noticias\\\/crisis-de-empleo-en-america-latina-se-prolongaria-hasta-el-2024\\\/\"},\"wordCount\":399,\"commentCount\":0,\"image\":{\"@id\":\"https:\\\/\\\/reporteroshoy.mx\\\/noticias\\\/crisis-de-empleo-en-america-latina-se-prolongaria-hasta-el-2024\\\/#primaryimage\"},\"thumbnailUrl\":\"https:\\\/\\\/reporteroshoy.mx\\\/noticias\\\/wp-content\\\/uploads\\\/2022\\\/02\\\/Desempleo.jpg\",\"keywords\":[\"Desempleo\",\"OIT\",\"Pandemia\"],\"articleSection\":[\"Internacional\"],\"inLanguage\":\"es\",\"potentialAction\":[{\"@type\":\"CommentAction\",\"name\":\"Comment\",\"target\":[\"https:\\\/\\\/reporteroshoy.mx\\\/noticias\\\/crisis-de-empleo-en-america-latina-se-prolongaria-hasta-el-2024\\\/#respond\"]}]},{\"@type\":\"WebPage\",\"@id\":\"https:\\\/\\\/reporteroshoy.mx\\\/noticias\\\/crisis-de-empleo-en-america-latina-se-prolongaria-hasta-el-2024\\\/\",\"url\":\"https:\\\/\\\/reporteroshoy.mx\\\/noticias\\\/crisis-de-empleo-en-america-latina-se-prolongaria-hasta-el-2024\\\/\",\"name\":\"Crisis de empleo en Am\u00e9rica Latina se prolongar\u00eda hasta el 2024\",\"isPartOf\":{\"@id\":\"https:\\\/\\\/reporteroshoy.mx\\\/noticias\\\/#website\"},\"primaryImageOfPage\":{\"@id\":\"https:\\\/\\\/reporteroshoy.mx\\\/noticias\\\/crisis-de-empleo-en-america-latina-se-prolongaria-hasta-el-2024\\\/#primaryimage\"},\"image\":{\"@id\":\"https:\\\/\\\/reporteroshoy.mx\\\/noticias\\\/crisis-de-empleo-en-america-latina-se-prolongaria-hasta-el-2024\\\/#primaryimage\"},\"thumbnailUrl\":\"https:\\\/\\\/reporteroshoy.mx\\\/noticias\\\/wp-content\\\/uploads\\\/2022\\\/02\\\/Desempleo.jpg\",\"datePublished\":\"2022-02-02T16:27:45+00:00\",\"author\":{\"@id\":\"https:\\\/\\\/reporteroshoy.mx\\\/noticias\\\/#\\\/schema\\\/person\\\/c977527e57c958a62c5cefe8fe47876e\"},\"description\":\"La Organizaci\u00f3n Internacional del Trabajo (OIT) advirti\u00f3 que el panorama de crecimiento para la regi\u00f3n no es tan alentador.\",\"breadcrumb\":{\"@id\":\"https:\\\/\\\/reporteroshoy.mx\\\/noticias\\\/crisis-de-empleo-en-america-latina-se-prolongaria-hasta-el-2024\\\/#breadcrumb\"},\"inLanguage\":\"es\",\"potentialAction\":[{\"@type\":\"ReadAction\",\"target\":[\"https:\\\/\\\/reporteroshoy.mx\\\/noticias\\\/crisis-de-empleo-en-america-latina-se-prolongaria-hasta-el-2024\\\/\"]}]},{\"@type\":\"ImageObject\",\"inLanguage\":\"es\",\"@id\":\"https:\\\/\\\/reporteroshoy.mx\\\/noticias\\\/crisis-de-empleo-en-america-latina-se-prolongaria-hasta-el-2024\\\/#primaryimage\",\"url\":\"https:\\\/\\\/reporteroshoy.mx\\\/noticias\\\/wp-content\\\/uploads\\\/2022\\\/02\\\/Desempleo.jpg\",\"contentUrl\":\"https:\\\/\\\/reporteroshoy.mx\\\/noticias\\\/wp-content\\\/uploads\\\/2022\\\/02\\\/Desempleo.jpg\",\"width\":768,\"height\":432,\"caption\":\"Informalidad laboral en Yucat\u00e1n supera media nacional\"},{\"@type\":\"BreadcrumbList\",\"@id\":\"https:\\\/\\\/reporteroshoy.mx\\\/noticias\\\/crisis-de-empleo-en-america-latina-se-prolongaria-hasta-el-2024\\\/#breadcrumb\",\"itemListElement\":[{\"@type\":\"ListItem\",\"position\":1,\"name\":\"Portada\",\"item\":\"https:\\\/\\\/reporteroshoy.mx\\\/noticias\\\/\"},{\"@type\":\"ListItem\",\"position\":2,\"name\":\"Crisis de empleo en Am\u00e9rica Latina se prolongar\u00eda hasta el 2024\"}]},{\"@type\":\"WebSite\",\"@id\":\"https:\\\/\\\/reporteroshoy.mx\\\/noticias\\\/#website\",\"url\":\"https:\\\/\\\/reporteroshoy.mx\\\/noticias\\\/\",\"name\":\"Reporteros Hoy | Noticias de Yucat\u00e1n\",\"description\":\"Peri\u00f3dico digital con noticias diarias desde M\u00e9rida, Yucat\u00e1n para el mundo.\",\"potentialAction\":[{\"@type\":\"SearchAction\",\"target\":{\"@type\":\"EntryPoint\",\"urlTemplate\":\"https:\\\/\\\/reporteroshoy.mx\\\/noticias\\\/?s={search_term_string}\"},\"query-input\":{\"@type\":\"PropertyValueSpecification\",\"valueRequired\":true,\"valueName\":\"search_term_string\"}}],\"inLanguage\":\"es\"},{\"@type\":\"Person\",\"@id\":\"https:\\\/\\\/reporteroshoy.mx\\\/noticias\\\/#\\\/schema\\\/person\\\/c977527e57c958a62c5cefe8fe47876e\",\"name\":\"Reporteros Hoy WP\",\"image\":{\"@type\":\"ImageObject\",\"inLanguage\":\"es\",\"@id\":\"https:\\\/\\\/secure.gravatar.com\\\/avatar\\\/fd2917f79a7dae30f8ac9ddc2f35e1756bb59e25e01d1cd09deaa64df7b2f73e?s=96&d=mm&r=g\",\"url\":\"https:\\\/\\\/secure.gravatar.com\\\/avatar\\\/fd2917f79a7dae30f8ac9ddc2f35e1756bb59e25e01d1cd09deaa64df7b2f73e?s=96&d=mm&r=g\",\"contentUrl\":\"https:\\\/\\\/secure.gravatar.com\\\/avatar\\\/fd2917f79a7dae30f8ac9ddc2f35e1756bb59e25e01d1cd09deaa64df7b2f73e?s=96&d=mm&r=g\",\"caption\":\"Reporteros Hoy WP\"},\"url\":\"https:\\\/\\\/reporteroshoy.mx\\\/noticias\\\/author\\\/walfer\\\/\"}]}<\/script>\n<!-- \/ Yoast SEO plugin. -->","yoast_head_json":{"title":"Crisis de empleo en Am\u00e9rica Latina se prolongar\u00eda hasta el 2024","description":"La Organizaci\u00f3n Internacional del Trabajo (OIT) advirti\u00f3 que el panorama de crecimiento para la regi\u00f3n no es tan alentador.","robots":{"index":"index","follow":"follow","max-snippet":"max-snippet:-1","max-image-preview":"max-image-preview:large","max-video-preview":"max-video-preview:-1"},"canonical":"https:\/\/reporteroshoy.mx\/noticias\/crisis-de-empleo-en-america-latina-se-prolongaria-hasta-el-2024\/","og_locale":"es_ES","og_type":"article","og_title":"Crisis de empleo en Am\u00e9rica Latina se prolongar\u00eda hasta el 2024","og_description":"La Organizaci\u00f3n Internacional del Trabajo (OIT) advirti\u00f3 que el panorama de crecimiento para la regi\u00f3n no es tan alentador.","og_url":"https:\/\/reporteroshoy.mx\/noticias\/crisis-de-empleo-en-america-latina-se-prolongaria-hasta-el-2024\/","og_site_name":"Reporteros Hoy | Noticias de Yucat\u00e1n","article_publisher":"http:\/\/www.facebook.com\/reporteroshoymx","article_published_time":"2022-02-02T16:27:45+00:00","og_image":[{"width":768,"height":432,"url":"https:\/\/reporteroshoy.mx\/noticias\/wp-content\/uploads\/2022\/02\/Desempleo.jpg","type":"image\/jpeg"}],"author":"Reporteros Hoy WP","twitter_card":"summary_large_image","twitter_creator":"@reporteroshoy","twitter_site":"@reporteroshoy","twitter_misc":{"Escrito por":"Reporteros Hoy WP","Tiempo de lectura":"2 minutos"},"schema":{"@context":"https:\/\/schema.org","@graph":[{"@type":"Article","@id":"https:\/\/reporteroshoy.mx\/noticias\/crisis-de-empleo-en-america-latina-se-prolongaria-hasta-el-2024\/#article","isPartOf":{"@id":"https:\/\/reporteroshoy.mx\/noticias\/crisis-de-empleo-en-america-latina-se-prolongaria-hasta-el-2024\/"},"author":{"name":"Reporteros Hoy WP","@id":"https:\/\/reporteroshoy.mx\/noticias\/#\/schema\/person\/c977527e57c958a62c5cefe8fe47876e"},"headline":"Crisis de empleo en Am\u00e9rica Latina se prolongar\u00eda hasta el 2024","datePublished":"2022-02-02T16:27:45+00:00","mainEntityOfPage":{"@id":"https:\/\/reporteroshoy.mx\/noticias\/crisis-de-empleo-en-america-latina-se-prolongaria-hasta-el-2024\/"},"wordCount":399,"commentCount":0,"image":{"@id":"https:\/\/reporteroshoy.mx\/noticias\/crisis-de-empleo-en-america-latina-se-prolongaria-hasta-el-2024\/#primaryimage"},"thumbnailUrl":"https:\/\/reporteroshoy.mx\/noticias\/wp-content\/uploads\/2022\/02\/Desempleo.jpg","keywords":["Desempleo","OIT","Pandemia"],"articleSection":["Internacional"],"inLanguage":"es","potentialAction":[{"@type":"CommentAction","name":"Comment","target":["https:\/\/reporteroshoy.mx\/noticias\/crisis-de-empleo-en-america-latina-se-prolongaria-hasta-el-2024\/#respond"]}]},{"@type":"WebPage","@id":"https:\/\/reporteroshoy.mx\/noticias\/crisis-de-empleo-en-america-latina-se-prolongaria-hasta-el-2024\/","url":"https:\/\/reporteroshoy.mx\/noticias\/crisis-de-empleo-en-america-latina-se-prolongaria-hasta-el-2024\/","name":"Crisis de empleo en Am\u00e9rica Latina se prolongar\u00eda hasta el 2024","isPartOf":{"@id":"https:\/\/reporteroshoy.mx\/noticias\/#website"},"primaryImageOfPage":{"@id":"https:\/\/reporteroshoy.mx\/noticias\/crisis-de-empleo-en-america-latina-se-prolongaria-hasta-el-2024\/#primaryimage"},"image":{"@id":"https:\/\/reporteroshoy.mx\/noticias\/crisis-de-empleo-en-america-latina-se-prolongaria-hasta-el-2024\/#primaryimage"},"thumbnailUrl":"https:\/\/reporteroshoy.mx\/noticias\/wp-content\/uploads\/2022\/02\/Desempleo.jpg","datePublished":"2022-02-02T16:27:45+00:00","author":{"@id":"https:\/\/reporteroshoy.mx\/noticias\/#\/schema\/person\/c977527e57c958a62c5cefe8fe47876e"},"description":"La Organizaci\u00f3n Internacional del Trabajo (OIT) advirti\u00f3 que el panorama de crecimiento para la regi\u00f3n no es tan alentador.","breadcrumb":{"@id":"https:\/\/reporteroshoy.mx\/noticias\/crisis-de-empleo-en-america-latina-se-prolongaria-hasta-el-2024\/#breadcrumb"},"inLanguage":"es","potentialAction":[{"@type":"ReadAction","target":["https:\/\/reporteroshoy.mx\/noticias\/crisis-de-empleo-en-america-latina-se-prolongaria-hasta-el-2024\/"]}]},{"@type":"ImageObject","inLanguage":"es","@id":"https:\/\/reporteroshoy.mx\/noticias\/crisis-de-empleo-en-america-latina-se-prolongaria-hasta-el-2024\/#primaryimage","url":"https:\/\/reporteroshoy.mx\/noticias\/wp-content\/uploads\/2022\/02\/Desempleo.jpg","contentUrl":"https:\/\/reporteroshoy.mx\/noticias\/wp-content\/uploads\/2022\/02\/Desempleo.jpg","width":768,"height":432,"caption":"Informalidad laboral en Yucat\u00e1n supera media nacional"},{"@type":"BreadcrumbList","@id":"https:\/\/reporteroshoy.mx\/noticias\/crisis-de-empleo-en-america-latina-se-prolongaria-hasta-el-2024\/#breadcrumb","itemListElement":[{"@type":"ListItem","position":1,"name":"Portada","item":"https:\/\/reporteroshoy.mx\/noticias\/"},{"@type":"ListItem","position":2,"name":"Crisis de empleo en Am\u00e9rica Latina se prolongar\u00eda hasta el 2024"}]},{"@type":"WebSite","@id":"https:\/\/reporteroshoy.mx\/noticias\/#website","url":"https:\/\/reporteroshoy.mx\/noticias\/","name":"Reporteros Hoy | Noticias de Yucat\u00e1n","description":"Peri\u00f3dico digital con noticias diarias desde M\u00e9rida, Yucat\u00e1n para el mundo.","potentialAction":[{"@type":"SearchAction","target":{"@type":"EntryPoint","urlTemplate":"https:\/\/reporteroshoy.mx\/noticias\/?s={search_term_string}"},"query-input":{"@type":"PropertyValueSpecification","valueRequired":true,"valueName":"search_term_string"}}],"inLanguage":"es"},{"@type":"Person","@id":"https:\/\/reporteroshoy.mx\/noticias\/#\/schema\/person\/c977527e57c958a62c5cefe8fe47876e","name":"Reporteros Hoy WP","image":{"@type":"ImageObject","inLanguage":"es","@id":"https:\/\/secure.gravatar.com\/avatar\/fd2917f79a7dae30f8ac9ddc2f35e1756bb59e25e01d1cd09deaa64df7b2f73e?s=96&d=mm&r=g","url":"https:\/\/secure.gravatar.com\/avatar\/fd2917f79a7dae30f8ac9ddc2f35e1756bb59e25e01d1cd09deaa64df7b2f73e?s=96&d=mm&r=g","contentUrl":"https:\/\/secure.gravatar.com\/avatar\/fd2917f79a7dae30f8ac9ddc2f35e1756bb59e25e01d1cd09deaa64df7b2f73e?s=96&d=mm&r=g","caption":"Reporteros Hoy WP"},"url":"https:\/\/reporteroshoy.mx\/noticias\/author\/walfer\/"}]}},"_links":{"self":[{"href":"https:\/\/reporteroshoy.mx\/noticias\/wp-json\/wp\/v2\/posts\/80376","targetHints":{"allow":["GET"]}}],"collection":[{"href":"https:\/\/reporteroshoy.mx\/noticias\/wp-json\/wp\/v2\/posts"}],"about":[{"href":"https:\/\/reporteroshoy.mx\/noticias\/wp-json\/wp\/v2\/types\/post"}],"author":[{"embeddable":true,"href":"https:\/\/reporteroshoy.mx\/noticias\/wp-json\/wp\/v2\/users\/9"}],"replies":[{"embeddable":true,"href":"https:\/\/reporteroshoy.mx\/noticias\/wp-json\/wp\/v2\/comments?post=80376"}],"version-history":[{"count":0,"href":"https:\/\/reporteroshoy.mx\/noticias\/wp-json\/wp\/v2\/posts\/80376\/revisions"}],"wp:featuredmedia":[{"embeddable":true,"href":"https:\/\/reporteroshoy.mx\/noticias\/wp-json\/wp\/v2\/media\/80377"}],"wp:attachment":[{"href":"https:\/\/reporteroshoy.mx\/noticias\/wp-json\/wp\/v2\/media?parent=80376"}],"wp:term":[{"taxonomy":"category","embeddable":true,"href":"https:\/\/reporteroshoy.mx\/noticias\/wp-json\/wp\/v2\/categories?post=80376"},{"taxonomy":"post_tag","embeddable":true,"href":"https:\/\/reporteroshoy.mx\/noticias\/wp-json\/wp\/v2\/tags?post=80376"}],"curies":[{"name":"wp","href":"https:\/\/api.w.org\/{rel}","templated":true}]}}