{"id":80947,"date":"2022-02-13T00:15:32","date_gmt":"2022-02-13T06:15:32","guid":{"rendered":"https:\/\/reporteroshoy.mx\/noticias\/?p=80947"},"modified":"2022-02-13T00:15:32","modified_gmt":"2022-02-13T06:15:32","slug":"ciclista-muere-atropellado-por-una-van-en-la-carretera-merida-campeche","status":"publish","type":"post","link":"https:\/\/reporteroshoy.mx\/noticias\/ciclista-muere-atropellado-por-una-van-en-la-carretera-merida-campeche\/","title":{"rendered":"Ciclista muere atropellado por una van en la carretera M\u00e9rida-Campeche"},"content":{"rendered":"<p style=\"text-align: justify;\"><span style=\"color: #000000;\">M\u00e9rida, Yucat\u00e1n; 13 de febrero de 2022 (ACOM).- Un ciclista que transitaba sobre la carretera M\u00e9rida-Campeche fue arrollado por el conductor de una camioneta de renta que al parecer transportaba pasajeros hacia una boda.<\/span><\/p>\n<p style=\"text-align: justify;\"><span style=\"color: #000000;\">El infortunado qued\u00f3 tirado sin vida en plena v\u00eda federal, a la altura del kil\u00f3metro 151.\u00a0Tras el brutal impacto, la unidad continu\u00f3 su marcha hasta detenerse a m\u00e1s de 100 metros de distancia y el conductor qued\u00f3 en espera de las autoridades.<\/span><\/p>\n<p style=\"text-align: justify;\"><img loading=\"lazy\" decoding=\"async\" class=\"wp-image-80948 aligncenter\" src=\"https:\/\/reporteroshoy.mx\/noticias\/wp-content\/uploads\/2022\/02\/ATROPELLADO-MERIDA-CAMPECHE-2-scaled.jpeg\" alt=\"\" width=\"632\" height=\"403\" \/> <span style=\"color: #000000;\">MTestigos y automovilistas abanderaron el cuerpo para evitar que otros veh\u00edculos lo despedazaran. A un lado del cad\u00e1ver qued\u00f3 una mochila con varias naranjas. Al parecer la v\u00edctima regresaba a casa luego de una jornada de trabajo.<\/span><\/p>\n<p><img loading=\"lazy\" decoding=\"async\" class=\"wp-image-80949 aligncenter\" src=\"https:\/\/reporteroshoy.mx\/noticias\/wp-content\/uploads\/2022\/02\/ATROPELLADO-MERIDA-CAMPECHE-1-scaled.jpeg\" alt=\"\" width=\"625\" height=\"469\" \/><\/p>\n<p style=\"text-align: justify;\"><span style=\"color: #000000;\">Aunque param\u00e9dicos de la Secretar\u00eda de Seguridad P\u00fablica (SSP) en su auxilio, \u00fanicamente pudieron certificar el deceso.\u00a0La Guardia Nacional se hizo cargo de las diligencias y del deslinde de responsabilidades.<\/span><\/p>\n","protected":false},"excerpt":{"rendered":"<p>Un ciclista perdi\u00f3 la vida en la v\u00eda federal tras ser arrollado por el chofer de una camioneta de renta que al parecer transportaba pasajeros hacia una boda.<\/p>\n","protected":false},"author":2,"featured_media":80949,"comment_status":"open","ping_status":"closed","sticky":false,"template":"","format":"standard","meta":{"footnotes":""},"categories":[14],"tags":[1181,2543,3904,776],"class_list":["post-80947","post","type-post","status-publish","format-standard","has-post-thumbnail","hentry","category-policia","tag-atropellado","tag-ciclista","tag-ciclista-atropellado","tag-merida-campeche"],"yoast_head":"<!-- This site is optimized with the Yoast SEO plugin v28.4 - https:\/\/yoast.com\/product\/yoast-seo-wordpress\/ -->\n<title>Ciclista muere atropellado por una van en la carretera M\u00e9rida-Campeche<\/title>\n<meta name=\"description\" content=\"Un ciclista perdi\u00f3 la vida en la v\u00eda federal tras ser arrollado por el chofer de una camioneta de renta que al parecer transportaba pasajeros hacia una boda.\" \/>\n<meta name=\"robots\" content=\"index, follow, max-snippet:-1, max-image-preview:large, max-video-preview:-1\" \/>\n<link rel=\"canonical\" href=\"https:\/\/reporteroshoy.mx\/noticias\/ciclista-muere-atropellado-por-una-van-en-la-carretera-merida-campeche\/\" \/>\n<meta property=\"og:locale\" content=\"es_ES\" \/>\n<meta property=\"og:type\" content=\"article\" \/>\n<meta property=\"og:title\" content=\"Ciclista muere atropellado por una van en la carretera M\u00e9rida-Campeche\" \/>\n<meta property=\"og:description\" content=\"Un ciclista perdi\u00f3 la vida en la v\u00eda federal tras ser arrollado por el chofer de una camioneta de renta que al parecer transportaba pasajeros hacia una boda.\" \/>\n<meta property=\"og:url\" content=\"https:\/\/reporteroshoy.mx\/noticias\/ciclista-muere-atropellado-por-una-van-en-la-carretera-merida-campeche\/\" \/>\n<meta property=\"og:site_name\" content=\"Reporteros Hoy | Noticias de Yucat\u00e1n\" \/>\n<meta property=\"article:publisher\" content=\"http:\/\/www.facebook.com\/reporteroshoymx\" \/>\n<meta property=\"article:published_time\" content=\"2022-02-13T06:15:32+00:00\" \/>\n<meta property=\"og:image\" content=\"https:\/\/reporteroshoy.mx\/noticias\/wp-content\/uploads\/2022\/02\/ATROPELLADO-MERIDA-CAMPECHE-1-scaled.jpeg\" \/>\n\t<meta property=\"og:image:width\" content=\"768\" \/>\n\t<meta property=\"og:image:height\" content=\"576\" \/>\n\t<meta property=\"og:image:type\" content=\"image\/jpeg\" \/>\n<meta name=\"author\" content=\"Reporteros Hoy HY\" \/>\n<meta name=\"twitter:card\" content=\"summary_large_image\" \/>\n<meta name=\"twitter:creator\" content=\"@reporteroshoy\" \/>\n<meta name=\"twitter:site\" content=\"@reporteroshoy\" \/>\n<meta name=\"twitter:label1\" content=\"Escrito por\" \/>\n\t<meta name=\"twitter:data1\" content=\"Reporteros Hoy HY\" \/>\n\t<meta name=\"twitter:label2\" content=\"Tiempo de lectura\" \/>\n\t<meta name=\"twitter:data2\" content=\"1 minuto\" \/>\n<script type=\"application\/ld+json\" class=\"yoast-schema-graph\">{\"@context\":\"https:\\\/\\\/schema.org\",\"@graph\":[{\"@type\":\"Article\",\"@id\":\"https:\\\/\\\/reporteroshoy.mx\\\/noticias\\\/ciclista-muere-atropellado-por-una-van-en-la-carretera-merida-campeche\\\/#article\",\"isPartOf\":{\"@id\":\"https:\\\/\\\/reporteroshoy.mx\\\/noticias\\\/ciclista-muere-atropellado-por-una-van-en-la-carretera-merida-campeche\\\/\"},\"author\":{\"name\":\"Reporteros Hoy HY\",\"@id\":\"https:\\\/\\\/reporteroshoy.mx\\\/noticias\\\/#\\\/schema\\\/person\\\/d32189074678a9d41498d4248e29aac3\"},\"headline\":\"Ciclista muere atropellado por una van en la carretera M\u00e9rida-Campeche\",\"datePublished\":\"2022-02-13T06:15:32+00:00\",\"mainEntityOfPage\":{\"@id\":\"https:\\\/\\\/reporteroshoy.mx\\\/noticias\\\/ciclista-muere-atropellado-por-una-van-en-la-carretera-merida-campeche\\\/\"},\"wordCount\":165,\"commentCount\":0,\"image\":{\"@id\":\"https:\\\/\\\/reporteroshoy.mx\\\/noticias\\\/ciclista-muere-atropellado-por-una-van-en-la-carretera-merida-campeche\\\/#primaryimage\"},\"thumbnailUrl\":\"https:\\\/\\\/reporteroshoy.mx\\\/noticias\\\/wp-content\\\/uploads\\\/2022\\\/02\\\/ATROPELLADO-MERIDA-CAMPECHE-1-scaled.jpeg\",\"keywords\":[\"atropellado\",\"Ciclista\",\"ciclista atropellado\",\"M\u00e9rida-Campeche\"],\"articleSection\":[\"Polic\u00eda\"],\"inLanguage\":\"es\",\"potentialAction\":[{\"@type\":\"CommentAction\",\"name\":\"Comment\",\"target\":[\"https:\\\/\\\/reporteroshoy.mx\\\/noticias\\\/ciclista-muere-atropellado-por-una-van-en-la-carretera-merida-campeche\\\/#respond\"]}]},{\"@type\":\"WebPage\",\"@id\":\"https:\\\/\\\/reporteroshoy.mx\\\/noticias\\\/ciclista-muere-atropellado-por-una-van-en-la-carretera-merida-campeche\\\/\",\"url\":\"https:\\\/\\\/reporteroshoy.mx\\\/noticias\\\/ciclista-muere-atropellado-por-una-van-en-la-carretera-merida-campeche\\\/\",\"name\":\"Ciclista muere atropellado por una van en la carretera M\u00e9rida-Campeche\",\"isPartOf\":{\"@id\":\"https:\\\/\\\/reporteroshoy.mx\\\/noticias\\\/#website\"},\"primaryImageOfPage\":{\"@id\":\"https:\\\/\\\/reporteroshoy.mx\\\/noticias\\\/ciclista-muere-atropellado-por-una-van-en-la-carretera-merida-campeche\\\/#primaryimage\"},\"image\":{\"@id\":\"https:\\\/\\\/reporteroshoy.mx\\\/noticias\\\/ciclista-muere-atropellado-por-una-van-en-la-carretera-merida-campeche\\\/#primaryimage\"},\"thumbnailUrl\":\"https:\\\/\\\/reporteroshoy.mx\\\/noticias\\\/wp-content\\\/uploads\\\/2022\\\/02\\\/ATROPELLADO-MERIDA-CAMPECHE-1-scaled.jpeg\",\"datePublished\":\"2022-02-13T06:15:32+00:00\",\"author\":{\"@id\":\"https:\\\/\\\/reporteroshoy.mx\\\/noticias\\\/#\\\/schema\\\/person\\\/d32189074678a9d41498d4248e29aac3\"},\"description\":\"Un ciclista perdi\u00f3 la vida en la v\u00eda federal tras ser arrollado por el chofer de una camioneta de renta que al parecer transportaba pasajeros hacia una boda.\",\"breadcrumb\":{\"@id\":\"https:\\\/\\\/reporteroshoy.mx\\\/noticias\\\/ciclista-muere-atropellado-por-una-van-en-la-carretera-merida-campeche\\\/#breadcrumb\"},\"inLanguage\":\"es\",\"potentialAction\":[{\"@type\":\"ReadAction\",\"target\":[\"https:\\\/\\\/reporteroshoy.mx\\\/noticias\\\/ciclista-muere-atropellado-por-una-van-en-la-carretera-merida-campeche\\\/\"]}]},{\"@type\":\"ImageObject\",\"inLanguage\":\"es\",\"@id\":\"https:\\\/\\\/reporteroshoy.mx\\\/noticias\\\/ciclista-muere-atropellado-por-una-van-en-la-carretera-merida-campeche\\\/#primaryimage\",\"url\":\"https:\\\/\\\/reporteroshoy.mx\\\/noticias\\\/wp-content\\\/uploads\\\/2022\\\/02\\\/ATROPELLADO-MERIDA-CAMPECHE-1-scaled.jpeg\",\"contentUrl\":\"https:\\\/\\\/reporteroshoy.mx\\\/noticias\\\/wp-content\\\/uploads\\\/2022\\\/02\\\/ATROPELLADO-MERIDA-CAMPECHE-1-scaled.jpeg\",\"width\":768,\"height\":576},{\"@type\":\"BreadcrumbList\",\"@id\":\"https:\\\/\\\/reporteroshoy.mx\\\/noticias\\\/ciclista-muere-atropellado-por-una-van-en-la-carretera-merida-campeche\\\/#breadcrumb\",\"itemListElement\":[{\"@type\":\"ListItem\",\"position\":1,\"name\":\"Portada\",\"item\":\"https:\\\/\\\/reporteroshoy.mx\\\/noticias\\\/\"},{\"@type\":\"ListItem\",\"position\":2,\"name\":\"Ciclista muere atropellado por una van en la carretera M\u00e9rida-Campeche\"}]},{\"@type\":\"WebSite\",\"@id\":\"https:\\\/\\\/reporteroshoy.mx\\\/noticias\\\/#website\",\"url\":\"https:\\\/\\\/reporteroshoy.mx\\\/noticias\\\/\",\"name\":\"Reporteros Hoy | Noticias de Yucat\u00e1n\",\"description\":\"Peri\u00f3dico digital con noticias diarias desde M\u00e9rida, Yucat\u00e1n para el mundo.\",\"potentialAction\":[{\"@type\":\"SearchAction\",\"target\":{\"@type\":\"EntryPoint\",\"urlTemplate\":\"https:\\\/\\\/reporteroshoy.mx\\\/noticias\\\/?s={search_term_string}\"},\"query-input\":{\"@type\":\"PropertyValueSpecification\",\"valueRequired\":true,\"valueName\":\"search_term_string\"}}],\"inLanguage\":\"es\"},{\"@type\":\"Person\",\"@id\":\"https:\\\/\\\/reporteroshoy.mx\\\/noticias\\\/#\\\/schema\\\/person\\\/d32189074678a9d41498d4248e29aac3\",\"name\":\"Reporteros Hoy HY\",\"image\":{\"@type\":\"ImageObject\",\"inLanguage\":\"es\",\"@id\":\"https:\\\/\\\/secure.gravatar.com\\\/avatar\\\/c539a82770f256437b35bda44650bb50f5fd4b7017f8b29672ed9f27a43cec47?s=96&d=mm&r=g\",\"url\":\"https:\\\/\\\/secure.gravatar.com\\\/avatar\\\/c539a82770f256437b35bda44650bb50f5fd4b7017f8b29672ed9f27a43cec47?s=96&d=mm&r=g\",\"contentUrl\":\"https:\\\/\\\/secure.gravatar.com\\\/avatar\\\/c539a82770f256437b35bda44650bb50f5fd4b7017f8b29672ed9f27a43cec47?s=96&d=mm&r=g\",\"caption\":\"Reporteros Hoy HY\"},\"url\":\"https:\\\/\\\/reporteroshoy.mx\\\/noticias\\\/author\\\/thelmo\\\/\"}]}<\/script>\n<!-- \/ Yoast SEO plugin. -->","yoast_head_json":{"title":"Ciclista muere atropellado por una van en la carretera M\u00e9rida-Campeche","description":"Un ciclista perdi\u00f3 la vida en la v\u00eda federal tras ser arrollado por el chofer de una camioneta de renta que al parecer transportaba pasajeros hacia una boda.","robots":{"index":"index","follow":"follow","max-snippet":"max-snippet:-1","max-image-preview":"max-image-preview:large","max-video-preview":"max-video-preview:-1"},"canonical":"https:\/\/reporteroshoy.mx\/noticias\/ciclista-muere-atropellado-por-una-van-en-la-carretera-merida-campeche\/","og_locale":"es_ES","og_type":"article","og_title":"Ciclista muere atropellado por una van en la carretera M\u00e9rida-Campeche","og_description":"Un ciclista perdi\u00f3 la vida en la v\u00eda federal tras ser arrollado por el chofer de una camioneta de renta que al parecer transportaba pasajeros hacia una boda.","og_url":"https:\/\/reporteroshoy.mx\/noticias\/ciclista-muere-atropellado-por-una-van-en-la-carretera-merida-campeche\/","og_site_name":"Reporteros Hoy | Noticias de Yucat\u00e1n","article_publisher":"http:\/\/www.facebook.com\/reporteroshoymx","article_published_time":"2022-02-13T06:15:32+00:00","og_image":[{"width":768,"height":576,"url":"https:\/\/reporteroshoy.mx\/noticias\/wp-content\/uploads\/2022\/02\/ATROPELLADO-MERIDA-CAMPECHE-1-scaled.jpeg","type":"image\/jpeg"}],"author":"Reporteros Hoy HY","twitter_card":"summary_large_image","twitter_creator":"@reporteroshoy","twitter_site":"@reporteroshoy","twitter_misc":{"Escrito por":"Reporteros Hoy HY","Tiempo de lectura":"1 minuto"},"schema":{"@context":"https:\/\/schema.org","@graph":[{"@type":"Article","@id":"https:\/\/reporteroshoy.mx\/noticias\/ciclista-muere-atropellado-por-una-van-en-la-carretera-merida-campeche\/#article","isPartOf":{"@id":"https:\/\/reporteroshoy.mx\/noticias\/ciclista-muere-atropellado-por-una-van-en-la-carretera-merida-campeche\/"},"author":{"name":"Reporteros Hoy HY","@id":"https:\/\/reporteroshoy.mx\/noticias\/#\/schema\/person\/d32189074678a9d41498d4248e29aac3"},"headline":"Ciclista muere atropellado por una van en la carretera M\u00e9rida-Campeche","datePublished":"2022-02-13T06:15:32+00:00","mainEntityOfPage":{"@id":"https:\/\/reporteroshoy.mx\/noticias\/ciclista-muere-atropellado-por-una-van-en-la-carretera-merida-campeche\/"},"wordCount":165,"commentCount":0,"image":{"@id":"https:\/\/reporteroshoy.mx\/noticias\/ciclista-muere-atropellado-por-una-van-en-la-carretera-merida-campeche\/#primaryimage"},"thumbnailUrl":"https:\/\/reporteroshoy.mx\/noticias\/wp-content\/uploads\/2022\/02\/ATROPELLADO-MERIDA-CAMPECHE-1-scaled.jpeg","keywords":["atropellado","Ciclista","ciclista atropellado","M\u00e9rida-Campeche"],"articleSection":["Polic\u00eda"],"inLanguage":"es","potentialAction":[{"@type":"CommentAction","name":"Comment","target":["https:\/\/reporteroshoy.mx\/noticias\/ciclista-muere-atropellado-por-una-van-en-la-carretera-merida-campeche\/#respond"]}]},{"@type":"WebPage","@id":"https:\/\/reporteroshoy.mx\/noticias\/ciclista-muere-atropellado-por-una-van-en-la-carretera-merida-campeche\/","url":"https:\/\/reporteroshoy.mx\/noticias\/ciclista-muere-atropellado-por-una-van-en-la-carretera-merida-campeche\/","name":"Ciclista muere atropellado por una van en la carretera M\u00e9rida-Campeche","isPartOf":{"@id":"https:\/\/reporteroshoy.mx\/noticias\/#website"},"primaryImageOfPage":{"@id":"https:\/\/reporteroshoy.mx\/noticias\/ciclista-muere-atropellado-por-una-van-en-la-carretera-merida-campeche\/#primaryimage"},"image":{"@id":"https:\/\/reporteroshoy.mx\/noticias\/ciclista-muere-atropellado-por-una-van-en-la-carretera-merida-campeche\/#primaryimage"},"thumbnailUrl":"https:\/\/reporteroshoy.mx\/noticias\/wp-content\/uploads\/2022\/02\/ATROPELLADO-MERIDA-CAMPECHE-1-scaled.jpeg","datePublished":"2022-02-13T06:15:32+00:00","author":{"@id":"https:\/\/reporteroshoy.mx\/noticias\/#\/schema\/person\/d32189074678a9d41498d4248e29aac3"},"description":"Un ciclista perdi\u00f3 la vida en la v\u00eda federal tras ser arrollado por el chofer de una camioneta de renta que al parecer transportaba pasajeros hacia una boda.","breadcrumb":{"@id":"https:\/\/reporteroshoy.mx\/noticias\/ciclista-muere-atropellado-por-una-van-en-la-carretera-merida-campeche\/#breadcrumb"},"inLanguage":"es","potentialAction":[{"@type":"ReadAction","target":["https:\/\/reporteroshoy.mx\/noticias\/ciclista-muere-atropellado-por-una-van-en-la-carretera-merida-campeche\/"]}]},{"@type":"ImageObject","inLanguage":"es","@id":"https:\/\/reporteroshoy.mx\/noticias\/ciclista-muere-atropellado-por-una-van-en-la-carretera-merida-campeche\/#primaryimage","url":"https:\/\/reporteroshoy.mx\/noticias\/wp-content\/uploads\/2022\/02\/ATROPELLADO-MERIDA-CAMPECHE-1-scaled.jpeg","contentUrl":"https:\/\/reporteroshoy.mx\/noticias\/wp-content\/uploads\/2022\/02\/ATROPELLADO-MERIDA-CAMPECHE-1-scaled.jpeg","width":768,"height":576},{"@type":"BreadcrumbList","@id":"https:\/\/reporteroshoy.mx\/noticias\/ciclista-muere-atropellado-por-una-van-en-la-carretera-merida-campeche\/#breadcrumb","itemListElement":[{"@type":"ListItem","position":1,"name":"Portada","item":"https:\/\/reporteroshoy.mx\/noticias\/"},{"@type":"ListItem","position":2,"name":"Ciclista muere atropellado por una van en la carretera M\u00e9rida-Campeche"}]},{"@type":"WebSite","@id":"https:\/\/reporteroshoy.mx\/noticias\/#website","url":"https:\/\/reporteroshoy.mx\/noticias\/","name":"Reporteros Hoy | Noticias de Yucat\u00e1n","description":"Peri\u00f3dico digital con noticias diarias desde M\u00e9rida, Yucat\u00e1n para el mundo.","potentialAction":[{"@type":"SearchAction","target":{"@type":"EntryPoint","urlTemplate":"https:\/\/reporteroshoy.mx\/noticias\/?s={search_term_string}"},"query-input":{"@type":"PropertyValueSpecification","valueRequired":true,"valueName":"search_term_string"}}],"inLanguage":"es"},{"@type":"Person","@id":"https:\/\/reporteroshoy.mx\/noticias\/#\/schema\/person\/d32189074678a9d41498d4248e29aac3","name":"Reporteros Hoy HY","image":{"@type":"ImageObject","inLanguage":"es","@id":"https:\/\/secure.gravatar.com\/avatar\/c539a82770f256437b35bda44650bb50f5fd4b7017f8b29672ed9f27a43cec47?s=96&d=mm&r=g","url":"https:\/\/secure.gravatar.com\/avatar\/c539a82770f256437b35bda44650bb50f5fd4b7017f8b29672ed9f27a43cec47?s=96&d=mm&r=g","contentUrl":"https:\/\/secure.gravatar.com\/avatar\/c539a82770f256437b35bda44650bb50f5fd4b7017f8b29672ed9f27a43cec47?s=96&d=mm&r=g","caption":"Reporteros Hoy HY"},"url":"https:\/\/reporteroshoy.mx\/noticias\/author\/thelmo\/"}]}},"_links":{"self":[{"href":"https:\/\/reporteroshoy.mx\/noticias\/wp-json\/wp\/v2\/posts\/80947","targetHints":{"allow":["GET"]}}],"collection":[{"href":"https:\/\/reporteroshoy.mx\/noticias\/wp-json\/wp\/v2\/posts"}],"about":[{"href":"https:\/\/reporteroshoy.mx\/noticias\/wp-json\/wp\/v2\/types\/post"}],"author":[{"embeddable":true,"href":"https:\/\/reporteroshoy.mx\/noticias\/wp-json\/wp\/v2\/users\/2"}],"replies":[{"embeddable":true,"href":"https:\/\/reporteroshoy.mx\/noticias\/wp-json\/wp\/v2\/comments?post=80947"}],"version-history":[{"count":0,"href":"https:\/\/reporteroshoy.mx\/noticias\/wp-json\/wp\/v2\/posts\/80947\/revisions"}],"wp:featuredmedia":[{"embeddable":true,"href":"https:\/\/reporteroshoy.mx\/noticias\/wp-json\/wp\/v2\/media\/80949"}],"wp:attachment":[{"href":"https:\/\/reporteroshoy.mx\/noticias\/wp-json\/wp\/v2\/media?parent=80947"}],"wp:term":[{"taxonomy":"category","embeddable":true,"href":"https:\/\/reporteroshoy.mx\/noticias\/wp-json\/wp\/v2\/categories?post=80947"},{"taxonomy":"post_tag","embeddable":true,"href":"https:\/\/reporteroshoy.mx\/noticias\/wp-json\/wp\/v2\/tags?post=80947"}],"curies":[{"name":"wp","href":"https:\/\/api.w.org\/{rel}","templated":true}]}}