{"id":81261,"date":"2022-02-17T22:44:12","date_gmt":"2022-02-18T04:44:12","guid":{"rendered":"https:\/\/reporteroshoy.mx\/noticias\/?p=81261"},"modified":"2022-02-17T22:44:12","modified_gmt":"2022-02-18T04:44:12","slug":"verzaso-y-montada-en-la-avenida-fidel-velazquez","status":"publish","type":"post","link":"https:\/\/reporteroshoy.mx\/noticias\/verzaso-y-montada-en-la-avenida-fidel-velazquez\/","title":{"rendered":"\u2018Verzaso\u2019 y montada en la avenida Fidel Vel\u00e1zquez"},"content":{"rendered":"<p style=\"text-align: justify;\">M\u00e9rida, Yucat\u00e1n, 17 de febrero de 2022 (ACOM). \u2013 Un veh\u00edculo qued\u00f3 montado sobre otro en la avenida Fidel Vel\u00e1zquez cuando el conductor del primero intent\u00f3 agandallarse y doblar a toda velocidad en la intersecci\u00f3n vial.<\/p>\n<p><img loading=\"lazy\" decoding=\"async\" class=\"alignnone size-full wp-image-81258\" src=\"https:\/\/reporteroshoy.mx\/noticias\/wp-content\/uploads\/2022\/02\/VERSA-Y-AVEO_AVENIDA-FIDEL-VELAZQUEZ-2.jpeg\" alt=\"\" width=\"768\" height=\"432\" \/><\/p>\n<p style=\"text-align: justify;\">Ambos conductores transitaban en la calle 14 del fraccionamiento del Parque y al llegar al cruce para incorporarse a la mencionada avenida, un Versa hizo su alto entre camellones y justo cuando iba a salir el Aveo le cerr\u00f3 el paso y choc\u00f3 con la parte delantera del otro coche.<\/p>\n<p style=\"text-align: justify;\">Lo anterior hizo que el autom\u00f3vil del intr\u00e9pido guiador quede montado en el Versa. Las dos partes involucradas se echaban la culpa mutuamente.<\/p>\n<p><img loading=\"lazy\" decoding=\"async\" class=\"alignnone size-full wp-image-81260\" src=\"https:\/\/reporteroshoy.mx\/noticias\/wp-content\/uploads\/2022\/02\/VERSA-Y-AVEO_AVENIDA-FIDEL-VELAZQUEZ-3.jpeg\" alt=\"\" width=\"768\" height=\"432\" \/><\/p>\n<p style=\"text-align: justify;\">Minutos m\u00e1s tarde llegaron peritos de la Secretar\u00eda de Seguridad P\u00fablica que determinaron que el conductor del Aveo fue responsable del siniestro. \u00a0Se aseguradora pagar\u00e1 los desperfectos.<\/p>\n","protected":false},"excerpt":{"rendered":"<p>Otro cafre: el conductor de un Aveo quiso cerrarle el paso al Nissan, pero termin\u00f3 encima de \u00e9l en un conflictivo cruce vial en el fraccionamiento del parque, frente al Oxxo. <\/p>\n","protected":false},"author":5,"featured_media":0,"comment_status":"open","ping_status":"closed","sticky":false,"template":"","format":"standard","meta":{"footnotes":""},"categories":[14],"tags":[20829,9098,437,2860],"class_list":["post-81261","post","type-post","status-publish","format-standard","hentry","category-policia","tag-avenida-fidel-velazquez","tag-aveo","tag-choque","tag-versa"],"yoast_head":"<!-- This site is optimized with the Yoast SEO plugin v28.4 - https:\/\/yoast.com\/product\/yoast-seo-wordpress\/ -->\n<title>\u2018Verzaso\u2019 y montada en la avenida Fidel Vel\u00e1zquez<\/title>\n<meta name=\"description\" content=\"Otro cafre: el conductor de un Aveo quiso cerrarle el paso al Nissan, pero termin\u00f3 encima de \u00e9l en un conflictivo cruce vial en el fraccionamiento del parque, frente al Oxxo.\" \/>\n<meta name=\"robots\" content=\"index, follow, max-snippet:-1, max-image-preview:large, max-video-preview:-1\" \/>\n<link rel=\"canonical\" href=\"https:\/\/reporteroshoy.mx\/noticias\/verzaso-y-montada-en-la-avenida-fidel-velazquez\/\" \/>\n<meta property=\"og:locale\" content=\"es_ES\" \/>\n<meta property=\"og:type\" content=\"article\" \/>\n<meta property=\"og:title\" content=\"\u2018Verzaso\u2019 y montada en la avenida Fidel Vel\u00e1zquez\" \/>\n<meta property=\"og:description\" content=\"Otro cafre: el conductor de un Aveo quiso cerrarle el paso al Nissan, pero termin\u00f3 encima de \u00e9l en un conflictivo cruce vial en el fraccionamiento del parque, frente al Oxxo.\" \/>\n<meta property=\"og:url\" content=\"https:\/\/reporteroshoy.mx\/noticias\/verzaso-y-montada-en-la-avenida-fidel-velazquez\/\" \/>\n<meta property=\"og:site_name\" content=\"Reporteros Hoy | Noticias de Yucat\u00e1n\" \/>\n<meta property=\"article:publisher\" content=\"http:\/\/www.facebook.com\/reporteroshoymx\" \/>\n<meta property=\"article:published_time\" content=\"2022-02-18T04:44:12+00:00\" \/>\n<meta property=\"og:image\" content=\"https:\/\/reporteroshoy.mx\/noticias\/wp-content\/uploads\/2022\/02\/VERSA-Y-AVEO_AVENIDA-FIDEL-VELAZQUEZ-1.jpeg\" \/>\n\t<meta property=\"og:image:width\" content=\"768\" \/>\n\t<meta property=\"og:image:height\" content=\"576\" \/>\n\t<meta property=\"og:image:type\" content=\"image\/jpeg\" \/>\n<meta name=\"author\" content=\"Reporteros Hoy IM\" \/>\n<meta name=\"twitter:card\" content=\"summary_large_image\" \/>\n<meta name=\"twitter:creator\" content=\"@reporteroshoy\" \/>\n<meta name=\"twitter:site\" content=\"@reporteroshoy\" \/>\n<meta name=\"twitter:label1\" content=\"Escrito por\" \/>\n\t<meta name=\"twitter:data1\" content=\"Reporteros Hoy IM\" \/>\n\t<meta name=\"twitter:label2\" content=\"Tiempo de lectura\" \/>\n\t<meta name=\"twitter:data2\" content=\"2 minutos\" \/>\n<script type=\"application\/ld+json\" class=\"yoast-schema-graph\">{\"@context\":\"https:\\\/\\\/schema.org\",\"@graph\":[{\"@type\":\"Article\",\"@id\":\"https:\\\/\\\/reporteroshoy.mx\\\/noticias\\\/verzaso-y-montada-en-la-avenida-fidel-velazquez\\\/#article\",\"isPartOf\":{\"@id\":\"https:\\\/\\\/reporteroshoy.mx\\\/noticias\\\/verzaso-y-montada-en-la-avenida-fidel-velazquez\\\/\"},\"author\":{\"name\":\"Reporteros Hoy IM\",\"@id\":\"https:\\\/\\\/reporteroshoy.mx\\\/noticias\\\/#\\\/schema\\\/person\\\/948520f0d88b01be2e5266bc4acbbc15\"},\"headline\":\"\u2018Verzaso\u2019 y montada en la avenida Fidel Vel\u00e1zquez\",\"datePublished\":\"2022-02-18T04:44:12+00:00\",\"mainEntityOfPage\":{\"@id\":\"https:\\\/\\\/reporteroshoy.mx\\\/noticias\\\/verzaso-y-montada-en-la-avenida-fidel-velazquez\\\/\"},\"wordCount\":151,\"commentCount\":0,\"image\":{\"@id\":\"https:\\\/\\\/reporteroshoy.mx\\\/noticias\\\/verzaso-y-montada-en-la-avenida-fidel-velazquez\\\/#primaryimage\"},\"thumbnailUrl\":\"https:\\\/\\\/reporteroshoy.mx\\\/noticias\\\/wp-content\\\/uploads\\\/2022\\\/02\\\/VERSA-Y-AVEO_AVENIDA-FIDEL-VELAZQUEZ-2.jpeg\",\"keywords\":[\"Avenida Fidel Vel\u00e1zquez\",\"Aveo\",\"Choque\",\"Versa\"],\"articleSection\":[\"Polic\u00eda\"],\"inLanguage\":\"es\",\"potentialAction\":[{\"@type\":\"CommentAction\",\"name\":\"Comment\",\"target\":[\"https:\\\/\\\/reporteroshoy.mx\\\/noticias\\\/verzaso-y-montada-en-la-avenida-fidel-velazquez\\\/#respond\"]}]},{\"@type\":\"WebPage\",\"@id\":\"https:\\\/\\\/reporteroshoy.mx\\\/noticias\\\/verzaso-y-montada-en-la-avenida-fidel-velazquez\\\/\",\"url\":\"https:\\\/\\\/reporteroshoy.mx\\\/noticias\\\/verzaso-y-montada-en-la-avenida-fidel-velazquez\\\/\",\"name\":\"\u2018Verzaso\u2019 y montada en la avenida Fidel Vel\u00e1zquez\",\"isPartOf\":{\"@id\":\"https:\\\/\\\/reporteroshoy.mx\\\/noticias\\\/#website\"},\"primaryImageOfPage\":{\"@id\":\"https:\\\/\\\/reporteroshoy.mx\\\/noticias\\\/verzaso-y-montada-en-la-avenida-fidel-velazquez\\\/#primaryimage\"},\"image\":{\"@id\":\"https:\\\/\\\/reporteroshoy.mx\\\/noticias\\\/verzaso-y-montada-en-la-avenida-fidel-velazquez\\\/#primaryimage\"},\"thumbnailUrl\":\"https:\\\/\\\/reporteroshoy.mx\\\/noticias\\\/wp-content\\\/uploads\\\/2022\\\/02\\\/VERSA-Y-AVEO_AVENIDA-FIDEL-VELAZQUEZ-2.jpeg\",\"datePublished\":\"2022-02-18T04:44:12+00:00\",\"author\":{\"@id\":\"https:\\\/\\\/reporteroshoy.mx\\\/noticias\\\/#\\\/schema\\\/person\\\/948520f0d88b01be2e5266bc4acbbc15\"},\"description\":\"Otro cafre: el conductor de un Aveo quiso cerrarle el paso al Nissan, pero termin\u00f3 encima de \u00e9l en un conflictivo cruce vial en el fraccionamiento del parque, frente al Oxxo.\",\"breadcrumb\":{\"@id\":\"https:\\\/\\\/reporteroshoy.mx\\\/noticias\\\/verzaso-y-montada-en-la-avenida-fidel-velazquez\\\/#breadcrumb\"},\"inLanguage\":\"es\",\"potentialAction\":[{\"@type\":\"ReadAction\",\"target\":[\"https:\\\/\\\/reporteroshoy.mx\\\/noticias\\\/verzaso-y-montada-en-la-avenida-fidel-velazquez\\\/\"]}]},{\"@type\":\"ImageObject\",\"inLanguage\":\"es\",\"@id\":\"https:\\\/\\\/reporteroshoy.mx\\\/noticias\\\/verzaso-y-montada-en-la-avenida-fidel-velazquez\\\/#primaryimage\",\"url\":\"https:\\\/\\\/reporteroshoy.mx\\\/noticias\\\/wp-content\\\/uploads\\\/2022\\\/02\\\/VERSA-Y-AVEO_AVENIDA-FIDEL-VELAZQUEZ-2.jpeg\",\"contentUrl\":\"https:\\\/\\\/reporteroshoy.mx\\\/noticias\\\/wp-content\\\/uploads\\\/2022\\\/02\\\/VERSA-Y-AVEO_AVENIDA-FIDEL-VELAZQUEZ-2.jpeg\",\"width\":768,\"height\":432},{\"@type\":\"BreadcrumbList\",\"@id\":\"https:\\\/\\\/reporteroshoy.mx\\\/noticias\\\/verzaso-y-montada-en-la-avenida-fidel-velazquez\\\/#breadcrumb\",\"itemListElement\":[{\"@type\":\"ListItem\",\"position\":1,\"name\":\"Portada\",\"item\":\"https:\\\/\\\/reporteroshoy.mx\\\/noticias\\\/\"},{\"@type\":\"ListItem\",\"position\":2,\"name\":\"\u2018Verzaso\u2019 y montada en la avenida Fidel Vel\u00e1zquez\"}]},{\"@type\":\"WebSite\",\"@id\":\"https:\\\/\\\/reporteroshoy.mx\\\/noticias\\\/#website\",\"url\":\"https:\\\/\\\/reporteroshoy.mx\\\/noticias\\\/\",\"name\":\"Reporteros Hoy | Noticias de Yucat\u00e1n\",\"description\":\"Peri\u00f3dico digital con noticias diarias desde M\u00e9rida, Yucat\u00e1n para el mundo.\",\"potentialAction\":[{\"@type\":\"SearchAction\",\"target\":{\"@type\":\"EntryPoint\",\"urlTemplate\":\"https:\\\/\\\/reporteroshoy.mx\\\/noticias\\\/?s={search_term_string}\"},\"query-input\":{\"@type\":\"PropertyValueSpecification\",\"valueRequired\":true,\"valueName\":\"search_term_string\"}}],\"inLanguage\":\"es\"},{\"@type\":\"Person\",\"@id\":\"https:\\\/\\\/reporteroshoy.mx\\\/noticias\\\/#\\\/schema\\\/person\\\/948520f0d88b01be2e5266bc4acbbc15\",\"name\":\"Reporteros Hoy IM\",\"image\":{\"@type\":\"ImageObject\",\"inLanguage\":\"es\",\"@id\":\"https:\\\/\\\/secure.gravatar.com\\\/avatar\\\/d843030b96552826ac048bdfe26f2895604b800ed0c880ee55765a74d95dfc65?s=96&d=mm&r=g\",\"url\":\"https:\\\/\\\/secure.gravatar.com\\\/avatar\\\/d843030b96552826ac048bdfe26f2895604b800ed0c880ee55765a74d95dfc65?s=96&d=mm&r=g\",\"contentUrl\":\"https:\\\/\\\/secure.gravatar.com\\\/avatar\\\/d843030b96552826ac048bdfe26f2895604b800ed0c880ee55765a74d95dfc65?s=96&d=mm&r=g\",\"caption\":\"Reporteros Hoy IM\"},\"url\":\"https:\\\/\\\/reporteroshoy.mx\\\/noticias\\\/author\\\/israel\\\/\"}]}<\/script>\n<!-- \/ Yoast SEO plugin. -->","yoast_head_json":{"title":"\u2018Verzaso\u2019 y montada en la avenida Fidel Vel\u00e1zquez","description":"Otro cafre: el conductor de un Aveo quiso cerrarle el paso al Nissan, pero termin\u00f3 encima de \u00e9l en un conflictivo cruce vial en el fraccionamiento del parque, frente al Oxxo.","robots":{"index":"index","follow":"follow","max-snippet":"max-snippet:-1","max-image-preview":"max-image-preview:large","max-video-preview":"max-video-preview:-1"},"canonical":"https:\/\/reporteroshoy.mx\/noticias\/verzaso-y-montada-en-la-avenida-fidel-velazquez\/","og_locale":"es_ES","og_type":"article","og_title":"\u2018Verzaso\u2019 y montada en la avenida Fidel Vel\u00e1zquez","og_description":"Otro cafre: el conductor de un Aveo quiso cerrarle el paso al Nissan, pero termin\u00f3 encima de \u00e9l en un conflictivo cruce vial en el fraccionamiento del parque, frente al Oxxo.","og_url":"https:\/\/reporteroshoy.mx\/noticias\/verzaso-y-montada-en-la-avenida-fidel-velazquez\/","og_site_name":"Reporteros Hoy | Noticias de Yucat\u00e1n","article_publisher":"http:\/\/www.facebook.com\/reporteroshoymx","article_published_time":"2022-02-18T04:44:12+00:00","og_image":[{"width":768,"height":576,"url":"https:\/\/reporteroshoy.mx\/noticias\/wp-content\/uploads\/2022\/02\/VERSA-Y-AVEO_AVENIDA-FIDEL-VELAZQUEZ-1.jpeg","type":"image\/jpeg"}],"author":"Reporteros Hoy IM","twitter_card":"summary_large_image","twitter_creator":"@reporteroshoy","twitter_site":"@reporteroshoy","twitter_misc":{"Escrito por":"Reporteros Hoy IM","Tiempo de lectura":"2 minutos"},"schema":{"@context":"https:\/\/schema.org","@graph":[{"@type":"Article","@id":"https:\/\/reporteroshoy.mx\/noticias\/verzaso-y-montada-en-la-avenida-fidel-velazquez\/#article","isPartOf":{"@id":"https:\/\/reporteroshoy.mx\/noticias\/verzaso-y-montada-en-la-avenida-fidel-velazquez\/"},"author":{"name":"Reporteros Hoy IM","@id":"https:\/\/reporteroshoy.mx\/noticias\/#\/schema\/person\/948520f0d88b01be2e5266bc4acbbc15"},"headline":"\u2018Verzaso\u2019 y montada en la avenida Fidel Vel\u00e1zquez","datePublished":"2022-02-18T04:44:12+00:00","mainEntityOfPage":{"@id":"https:\/\/reporteroshoy.mx\/noticias\/verzaso-y-montada-en-la-avenida-fidel-velazquez\/"},"wordCount":151,"commentCount":0,"image":{"@id":"https:\/\/reporteroshoy.mx\/noticias\/verzaso-y-montada-en-la-avenida-fidel-velazquez\/#primaryimage"},"thumbnailUrl":"https:\/\/reporteroshoy.mx\/noticias\/wp-content\/uploads\/2022\/02\/VERSA-Y-AVEO_AVENIDA-FIDEL-VELAZQUEZ-2.jpeg","keywords":["Avenida Fidel Vel\u00e1zquez","Aveo","Choque","Versa"],"articleSection":["Polic\u00eda"],"inLanguage":"es","potentialAction":[{"@type":"CommentAction","name":"Comment","target":["https:\/\/reporteroshoy.mx\/noticias\/verzaso-y-montada-en-la-avenida-fidel-velazquez\/#respond"]}]},{"@type":"WebPage","@id":"https:\/\/reporteroshoy.mx\/noticias\/verzaso-y-montada-en-la-avenida-fidel-velazquez\/","url":"https:\/\/reporteroshoy.mx\/noticias\/verzaso-y-montada-en-la-avenida-fidel-velazquez\/","name":"\u2018Verzaso\u2019 y montada en la avenida Fidel Vel\u00e1zquez","isPartOf":{"@id":"https:\/\/reporteroshoy.mx\/noticias\/#website"},"primaryImageOfPage":{"@id":"https:\/\/reporteroshoy.mx\/noticias\/verzaso-y-montada-en-la-avenida-fidel-velazquez\/#primaryimage"},"image":{"@id":"https:\/\/reporteroshoy.mx\/noticias\/verzaso-y-montada-en-la-avenida-fidel-velazquez\/#primaryimage"},"thumbnailUrl":"https:\/\/reporteroshoy.mx\/noticias\/wp-content\/uploads\/2022\/02\/VERSA-Y-AVEO_AVENIDA-FIDEL-VELAZQUEZ-2.jpeg","datePublished":"2022-02-18T04:44:12+00:00","author":{"@id":"https:\/\/reporteroshoy.mx\/noticias\/#\/schema\/person\/948520f0d88b01be2e5266bc4acbbc15"},"description":"Otro cafre: el conductor de un Aveo quiso cerrarle el paso al Nissan, pero termin\u00f3 encima de \u00e9l en un conflictivo cruce vial en el fraccionamiento del parque, frente al Oxxo.","breadcrumb":{"@id":"https:\/\/reporteroshoy.mx\/noticias\/verzaso-y-montada-en-la-avenida-fidel-velazquez\/#breadcrumb"},"inLanguage":"es","potentialAction":[{"@type":"ReadAction","target":["https:\/\/reporteroshoy.mx\/noticias\/verzaso-y-montada-en-la-avenida-fidel-velazquez\/"]}]},{"@type":"ImageObject","inLanguage":"es","@id":"https:\/\/reporteroshoy.mx\/noticias\/verzaso-y-montada-en-la-avenida-fidel-velazquez\/#primaryimage","url":"https:\/\/reporteroshoy.mx\/noticias\/wp-content\/uploads\/2022\/02\/VERSA-Y-AVEO_AVENIDA-FIDEL-VELAZQUEZ-2.jpeg","contentUrl":"https:\/\/reporteroshoy.mx\/noticias\/wp-content\/uploads\/2022\/02\/VERSA-Y-AVEO_AVENIDA-FIDEL-VELAZQUEZ-2.jpeg","width":768,"height":432},{"@type":"BreadcrumbList","@id":"https:\/\/reporteroshoy.mx\/noticias\/verzaso-y-montada-en-la-avenida-fidel-velazquez\/#breadcrumb","itemListElement":[{"@type":"ListItem","position":1,"name":"Portada","item":"https:\/\/reporteroshoy.mx\/noticias\/"},{"@type":"ListItem","position":2,"name":"\u2018Verzaso\u2019 y montada en la avenida Fidel Vel\u00e1zquez"}]},{"@type":"WebSite","@id":"https:\/\/reporteroshoy.mx\/noticias\/#website","url":"https:\/\/reporteroshoy.mx\/noticias\/","name":"Reporteros Hoy | Noticias de Yucat\u00e1n","description":"Peri\u00f3dico digital con noticias diarias desde M\u00e9rida, Yucat\u00e1n para el mundo.","potentialAction":[{"@type":"SearchAction","target":{"@type":"EntryPoint","urlTemplate":"https:\/\/reporteroshoy.mx\/noticias\/?s={search_term_string}"},"query-input":{"@type":"PropertyValueSpecification","valueRequired":true,"valueName":"search_term_string"}}],"inLanguage":"es"},{"@type":"Person","@id":"https:\/\/reporteroshoy.mx\/noticias\/#\/schema\/person\/948520f0d88b01be2e5266bc4acbbc15","name":"Reporteros Hoy IM","image":{"@type":"ImageObject","inLanguage":"es","@id":"https:\/\/secure.gravatar.com\/avatar\/d843030b96552826ac048bdfe26f2895604b800ed0c880ee55765a74d95dfc65?s=96&d=mm&r=g","url":"https:\/\/secure.gravatar.com\/avatar\/d843030b96552826ac048bdfe26f2895604b800ed0c880ee55765a74d95dfc65?s=96&d=mm&r=g","contentUrl":"https:\/\/secure.gravatar.com\/avatar\/d843030b96552826ac048bdfe26f2895604b800ed0c880ee55765a74d95dfc65?s=96&d=mm&r=g","caption":"Reporteros Hoy IM"},"url":"https:\/\/reporteroshoy.mx\/noticias\/author\/israel\/"}]}},"_links":{"self":[{"href":"https:\/\/reporteroshoy.mx\/noticias\/wp-json\/wp\/v2\/posts\/81261","targetHints":{"allow":["GET"]}}],"collection":[{"href":"https:\/\/reporteroshoy.mx\/noticias\/wp-json\/wp\/v2\/posts"}],"about":[{"href":"https:\/\/reporteroshoy.mx\/noticias\/wp-json\/wp\/v2\/types\/post"}],"author":[{"embeddable":true,"href":"https:\/\/reporteroshoy.mx\/noticias\/wp-json\/wp\/v2\/users\/5"}],"replies":[{"embeddable":true,"href":"https:\/\/reporteroshoy.mx\/noticias\/wp-json\/wp\/v2\/comments?post=81261"}],"version-history":[{"count":0,"href":"https:\/\/reporteroshoy.mx\/noticias\/wp-json\/wp\/v2\/posts\/81261\/revisions"}],"wp:attachment":[{"href":"https:\/\/reporteroshoy.mx\/noticias\/wp-json\/wp\/v2\/media?parent=81261"}],"wp:term":[{"taxonomy":"category","embeddable":true,"href":"https:\/\/reporteroshoy.mx\/noticias\/wp-json\/wp\/v2\/categories?post=81261"},{"taxonomy":"post_tag","embeddable":true,"href":"https:\/\/reporteroshoy.mx\/noticias\/wp-json\/wp\/v2\/tags?post=81261"}],"curies":[{"name":"wp","href":"https:\/\/api.w.org\/{rel}","templated":true}]}}