{"id":81491,"date":"2022-02-22T18:41:23","date_gmt":"2022-02-23T00:41:23","guid":{"rendered":"https:\/\/reporteroshoy.mx\/noticias\/?p=81491"},"modified":"2022-02-22T20:47:15","modified_gmt":"2022-02-23T02:47:15","slug":"liberan-a-payaso-acusado-de-secuestro-pero-ahora-esta-desaparecido","status":"publish","type":"post","link":"https:\/\/reporteroshoy.mx\/noticias\/liberan-a-payaso-acusado-de-secuestro-pero-ahora-esta-desaparecido\/","title":{"rendered":"Liberan a payaso acusado de secuestro, pero ahora est\u00e1 desaparecido"},"content":{"rendered":"<p style=\"text-align: justify;\">M\u00e9rida, Yucat\u00e1n, 22 de febrero de 2022 (ACOM).- El payaso oriundo de Kanas\u00edn acusado por vecinas del municipio de Progreso del intento de secuestro de dos menores fue puesto en libertad, al no encontrarse elementos para procesarlo y tampoco haberse interpuesto una denuncia formal.<\/p>\n<p style=\"text-align: justify;\">Jes\u00fas V. fue detenido en la colonia Ismael Garc\u00eda del puerto luego de que una vecina sospech\u00f3 que el vendedor de globos quer\u00eda sustraer a los infantes, uno de 4 y otro de 2 a\u00f1os de edad.<\/p>\n<p><img loading=\"lazy\" decoding=\"async\" class=\"alignnone size-full wp-image-81492\" src=\"https:\/\/reporteroshoy.mx\/noticias\/wp-content\/uploads\/2022\/02\/PAYASO_KANASIN_DETENIDO.jpg\" alt=\"\" width=\"768\" height=\"432\" \/><\/p>\n<p style=\"text-align: justify;\">El joven de 21 a\u00f1os fue enviado a los separos de la Secretar\u00eda de Seguridad P\u00fablica (SSP) y posteriormente ante la Fiscal\u00eda General del Estado (FGE) por el delito de intento de secuestro.<\/p>\n<p style=\"text-align: justify;\">Sin embargo, al no contar con pruebas contundentes y una queja formal, el sujeto fue puesto en libertad cerca de las 11:30 de la ma\u00f1ana de hoy martes.<\/p>\n<p style=\"text-align: justify;\">Sin embargo, su madre, Diana V\u00e1rguez Can, inform\u00f3 que Jes\u00fas no se ha reportado con su familia y no pueden localizarlo porque carece de tel\u00e9fono m\u00f3vil.<\/p>\n","protected":false},"excerpt":{"rendered":"<p>Por falta de pruebas, recuper\u00f3 la libertad desde el mediod\u00eda. Sin embargo, no se ha reportado con su familia y no pueden localizarlo porque carece de tel\u00e9fono m\u00f3vil. <\/p>\n","protected":false},"author":5,"featured_media":81492,"comment_status":"open","ping_status":"closed","sticky":false,"template":"","format":"standard","meta":{"footnotes":""},"categories":[11],"tags":[20875,20874,113,3117],"class_list":["post-81491","post","type-post","status-publish","format-standard","has-post-thumbnail","hentry","category-municipios-de-yucatan","tag-colonia-ismael-garcia","tag-payaso-detenido","tag-progreso","tag-secuestro"],"yoast_head":"<!-- This site is optimized with the Yoast SEO plugin v28.3 - https:\/\/yoast.com\/product\/yoast-seo-wordpress\/ -->\n<title>Liberan a payaso acusado de secuestro, pero ahora est\u00e1 desaparecido<\/title>\n<meta name=\"description\" content=\"Por falta de pruebas, recuper\u00f3 la libertad desde el mediod\u00eda. Sin embargo, no se ha reportado con su familia y no pueden localizarlo porque carece de tel\u00e9fono m\u00f3vil.\" \/>\n<meta name=\"robots\" content=\"index, follow, max-snippet:-1, max-image-preview:large, max-video-preview:-1\" \/>\n<link rel=\"canonical\" href=\"https:\/\/reporteroshoy.mx\/noticias\/liberan-a-payaso-acusado-de-secuestro-pero-ahora-esta-desaparecido\/\" \/>\n<meta property=\"og:locale\" content=\"es_ES\" \/>\n<meta property=\"og:type\" content=\"article\" \/>\n<meta property=\"og:title\" content=\"Liberan a payaso acusado de secuestro, pero ahora est\u00e1 desaparecido\" \/>\n<meta property=\"og:description\" content=\"Por falta de pruebas, recuper\u00f3 la libertad desde el mediod\u00eda. Sin embargo, no se ha reportado con su familia y no pueden localizarlo porque carece de tel\u00e9fono m\u00f3vil.\" \/>\n<meta property=\"og:url\" content=\"https:\/\/reporteroshoy.mx\/noticias\/liberan-a-payaso-acusado-de-secuestro-pero-ahora-esta-desaparecido\/\" \/>\n<meta property=\"og:site_name\" content=\"Reporteros Hoy | Noticias de Yucat\u00e1n\" \/>\n<meta property=\"article:publisher\" content=\"http:\/\/www.facebook.com\/reporteroshoymx\" \/>\n<meta property=\"article:published_time\" content=\"2022-02-23T00:41:23+00:00\" \/>\n<meta property=\"article:modified_time\" content=\"2022-02-23T02:47:15+00:00\" \/>\n<meta property=\"og:image\" content=\"https:\/\/reporteroshoy.mx\/noticias\/wp-content\/uploads\/2022\/02\/PAYASO_KANASIN_DETENIDO.jpg\" \/>\n\t<meta property=\"og:image:width\" content=\"768\" \/>\n\t<meta property=\"og:image:height\" content=\"432\" \/>\n\t<meta property=\"og:image:type\" content=\"image\/jpeg\" \/>\n<meta name=\"author\" content=\"Reporteros Hoy IM\" \/>\n<meta name=\"twitter:card\" content=\"summary_large_image\" \/>\n<meta name=\"twitter:creator\" content=\"@reporteroshoy\" \/>\n<meta name=\"twitter:site\" content=\"@reporteroshoy\" \/>\n<meta name=\"twitter:label1\" content=\"Escrito por\" \/>\n\t<meta name=\"twitter:data1\" content=\"Reporteros Hoy IM\" \/>\n\t<meta name=\"twitter:label2\" content=\"Tiempo de lectura\" \/>\n\t<meta name=\"twitter:data2\" content=\"1 minuto\" \/>\n<script type=\"application\/ld+json\" class=\"yoast-schema-graph\">{\"@context\":\"https:\\\/\\\/schema.org\",\"@graph\":[{\"@type\":\"Article\",\"@id\":\"https:\\\/\\\/reporteroshoy.mx\\\/noticias\\\/liberan-a-payaso-acusado-de-secuestro-pero-ahora-esta-desaparecido\\\/#article\",\"isPartOf\":{\"@id\":\"https:\\\/\\\/reporteroshoy.mx\\\/noticias\\\/liberan-a-payaso-acusado-de-secuestro-pero-ahora-esta-desaparecido\\\/\"},\"author\":{\"name\":\"Reporteros Hoy IM\",\"@id\":\"https:\\\/\\\/reporteroshoy.mx\\\/noticias\\\/#\\\/schema\\\/person\\\/948520f0d88b01be2e5266bc4acbbc15\"},\"headline\":\"Liberan a payaso acusado de secuestro, pero ahora est\u00e1 desaparecido\",\"datePublished\":\"2022-02-23T00:41:23+00:00\",\"dateModified\":\"2022-02-23T02:47:15+00:00\",\"mainEntityOfPage\":{\"@id\":\"https:\\\/\\\/reporteroshoy.mx\\\/noticias\\\/liberan-a-payaso-acusado-de-secuestro-pero-ahora-esta-desaparecido\\\/\"},\"wordCount\":189,\"commentCount\":0,\"image\":{\"@id\":\"https:\\\/\\\/reporteroshoy.mx\\\/noticias\\\/liberan-a-payaso-acusado-de-secuestro-pero-ahora-esta-desaparecido\\\/#primaryimage\"},\"thumbnailUrl\":\"https:\\\/\\\/reporteroshoy.mx\\\/noticias\\\/wp-content\\\/uploads\\\/2022\\\/02\\\/PAYASO_KANASIN_DETENIDO.jpg\",\"keywords\":[\"colonia Ismael Garc\u00eda\",\"Payaso detenido\",\"Progreso\",\"Secuestro\"],\"articleSection\":[\"Municipios\"],\"inLanguage\":\"es\",\"potentialAction\":[{\"@type\":\"CommentAction\",\"name\":\"Comment\",\"target\":[\"https:\\\/\\\/reporteroshoy.mx\\\/noticias\\\/liberan-a-payaso-acusado-de-secuestro-pero-ahora-esta-desaparecido\\\/#respond\"]}]},{\"@type\":\"WebPage\",\"@id\":\"https:\\\/\\\/reporteroshoy.mx\\\/noticias\\\/liberan-a-payaso-acusado-de-secuestro-pero-ahora-esta-desaparecido\\\/\",\"url\":\"https:\\\/\\\/reporteroshoy.mx\\\/noticias\\\/liberan-a-payaso-acusado-de-secuestro-pero-ahora-esta-desaparecido\\\/\",\"name\":\"Liberan a payaso acusado de secuestro, pero ahora est\u00e1 desaparecido\",\"isPartOf\":{\"@id\":\"https:\\\/\\\/reporteroshoy.mx\\\/noticias\\\/#website\"},\"primaryImageOfPage\":{\"@id\":\"https:\\\/\\\/reporteroshoy.mx\\\/noticias\\\/liberan-a-payaso-acusado-de-secuestro-pero-ahora-esta-desaparecido\\\/#primaryimage\"},\"image\":{\"@id\":\"https:\\\/\\\/reporteroshoy.mx\\\/noticias\\\/liberan-a-payaso-acusado-de-secuestro-pero-ahora-esta-desaparecido\\\/#primaryimage\"},\"thumbnailUrl\":\"https:\\\/\\\/reporteroshoy.mx\\\/noticias\\\/wp-content\\\/uploads\\\/2022\\\/02\\\/PAYASO_KANASIN_DETENIDO.jpg\",\"datePublished\":\"2022-02-23T00:41:23+00:00\",\"dateModified\":\"2022-02-23T02:47:15+00:00\",\"author\":{\"@id\":\"https:\\\/\\\/reporteroshoy.mx\\\/noticias\\\/#\\\/schema\\\/person\\\/948520f0d88b01be2e5266bc4acbbc15\"},\"description\":\"Por falta de pruebas, recuper\u00f3 la libertad desde el mediod\u00eda. Sin embargo, no se ha reportado con su familia y no pueden localizarlo porque carece de tel\u00e9fono m\u00f3vil.\",\"breadcrumb\":{\"@id\":\"https:\\\/\\\/reporteroshoy.mx\\\/noticias\\\/liberan-a-payaso-acusado-de-secuestro-pero-ahora-esta-desaparecido\\\/#breadcrumb\"},\"inLanguage\":\"es\",\"potentialAction\":[{\"@type\":\"ReadAction\",\"target\":[\"https:\\\/\\\/reporteroshoy.mx\\\/noticias\\\/liberan-a-payaso-acusado-de-secuestro-pero-ahora-esta-desaparecido\\\/\"]}]},{\"@type\":\"ImageObject\",\"inLanguage\":\"es\",\"@id\":\"https:\\\/\\\/reporteroshoy.mx\\\/noticias\\\/liberan-a-payaso-acusado-de-secuestro-pero-ahora-esta-desaparecido\\\/#primaryimage\",\"url\":\"https:\\\/\\\/reporteroshoy.mx\\\/noticias\\\/wp-content\\\/uploads\\\/2022\\\/02\\\/PAYASO_KANASIN_DETENIDO.jpg\",\"contentUrl\":\"https:\\\/\\\/reporteroshoy.mx\\\/noticias\\\/wp-content\\\/uploads\\\/2022\\\/02\\\/PAYASO_KANASIN_DETENIDO.jpg\",\"width\":768,\"height\":432},{\"@type\":\"BreadcrumbList\",\"@id\":\"https:\\\/\\\/reporteroshoy.mx\\\/noticias\\\/liberan-a-payaso-acusado-de-secuestro-pero-ahora-esta-desaparecido\\\/#breadcrumb\",\"itemListElement\":[{\"@type\":\"ListItem\",\"position\":1,\"name\":\"Portada\",\"item\":\"https:\\\/\\\/reporteroshoy.mx\\\/noticias\\\/\"},{\"@type\":\"ListItem\",\"position\":2,\"name\":\"Liberan a payaso acusado de secuestro, pero ahora est\u00e1 desaparecido\"}]},{\"@type\":\"WebSite\",\"@id\":\"https:\\\/\\\/reporteroshoy.mx\\\/noticias\\\/#website\",\"url\":\"https:\\\/\\\/reporteroshoy.mx\\\/noticias\\\/\",\"name\":\"Reporteros Hoy | Noticias de Yucat\u00e1n\",\"description\":\"Peri\u00f3dico digital con noticias diarias desde M\u00e9rida, Yucat\u00e1n para el mundo.\",\"potentialAction\":[{\"@type\":\"SearchAction\",\"target\":{\"@type\":\"EntryPoint\",\"urlTemplate\":\"https:\\\/\\\/reporteroshoy.mx\\\/noticias\\\/?s={search_term_string}\"},\"query-input\":{\"@type\":\"PropertyValueSpecification\",\"valueRequired\":true,\"valueName\":\"search_term_string\"}}],\"inLanguage\":\"es\"},{\"@type\":\"Person\",\"@id\":\"https:\\\/\\\/reporteroshoy.mx\\\/noticias\\\/#\\\/schema\\\/person\\\/948520f0d88b01be2e5266bc4acbbc15\",\"name\":\"Reporteros Hoy IM\",\"image\":{\"@type\":\"ImageObject\",\"inLanguage\":\"es\",\"@id\":\"https:\\\/\\\/secure.gravatar.com\\\/avatar\\\/d843030b96552826ac048bdfe26f2895604b800ed0c880ee55765a74d95dfc65?s=96&d=mm&r=g\",\"url\":\"https:\\\/\\\/secure.gravatar.com\\\/avatar\\\/d843030b96552826ac048bdfe26f2895604b800ed0c880ee55765a74d95dfc65?s=96&d=mm&r=g\",\"contentUrl\":\"https:\\\/\\\/secure.gravatar.com\\\/avatar\\\/d843030b96552826ac048bdfe26f2895604b800ed0c880ee55765a74d95dfc65?s=96&d=mm&r=g\",\"caption\":\"Reporteros Hoy IM\"},\"url\":\"https:\\\/\\\/reporteroshoy.mx\\\/noticias\\\/author\\\/israel\\\/\"}]}<\/script>\n<!-- \/ Yoast SEO plugin. -->","yoast_head_json":{"title":"Liberan a payaso acusado de secuestro, pero ahora est\u00e1 desaparecido","description":"Por falta de pruebas, recuper\u00f3 la libertad desde el mediod\u00eda. Sin embargo, no se ha reportado con su familia y no pueden localizarlo porque carece de tel\u00e9fono m\u00f3vil.","robots":{"index":"index","follow":"follow","max-snippet":"max-snippet:-1","max-image-preview":"max-image-preview:large","max-video-preview":"max-video-preview:-1"},"canonical":"https:\/\/reporteroshoy.mx\/noticias\/liberan-a-payaso-acusado-de-secuestro-pero-ahora-esta-desaparecido\/","og_locale":"es_ES","og_type":"article","og_title":"Liberan a payaso acusado de secuestro, pero ahora est\u00e1 desaparecido","og_description":"Por falta de pruebas, recuper\u00f3 la libertad desde el mediod\u00eda. Sin embargo, no se ha reportado con su familia y no pueden localizarlo porque carece de tel\u00e9fono m\u00f3vil.","og_url":"https:\/\/reporteroshoy.mx\/noticias\/liberan-a-payaso-acusado-de-secuestro-pero-ahora-esta-desaparecido\/","og_site_name":"Reporteros Hoy | Noticias de Yucat\u00e1n","article_publisher":"http:\/\/www.facebook.com\/reporteroshoymx","article_published_time":"2022-02-23T00:41:23+00:00","article_modified_time":"2022-02-23T02:47:15+00:00","og_image":[{"width":768,"height":432,"url":"https:\/\/reporteroshoy.mx\/noticias\/wp-content\/uploads\/2022\/02\/PAYASO_KANASIN_DETENIDO.jpg","type":"image\/jpeg"}],"author":"Reporteros Hoy IM","twitter_card":"summary_large_image","twitter_creator":"@reporteroshoy","twitter_site":"@reporteroshoy","twitter_misc":{"Escrito por":"Reporteros Hoy IM","Tiempo de lectura":"1 minuto"},"schema":{"@context":"https:\/\/schema.org","@graph":[{"@type":"Article","@id":"https:\/\/reporteroshoy.mx\/noticias\/liberan-a-payaso-acusado-de-secuestro-pero-ahora-esta-desaparecido\/#article","isPartOf":{"@id":"https:\/\/reporteroshoy.mx\/noticias\/liberan-a-payaso-acusado-de-secuestro-pero-ahora-esta-desaparecido\/"},"author":{"name":"Reporteros Hoy IM","@id":"https:\/\/reporteroshoy.mx\/noticias\/#\/schema\/person\/948520f0d88b01be2e5266bc4acbbc15"},"headline":"Liberan a payaso acusado de secuestro, pero ahora est\u00e1 desaparecido","datePublished":"2022-02-23T00:41:23+00:00","dateModified":"2022-02-23T02:47:15+00:00","mainEntityOfPage":{"@id":"https:\/\/reporteroshoy.mx\/noticias\/liberan-a-payaso-acusado-de-secuestro-pero-ahora-esta-desaparecido\/"},"wordCount":189,"commentCount":0,"image":{"@id":"https:\/\/reporteroshoy.mx\/noticias\/liberan-a-payaso-acusado-de-secuestro-pero-ahora-esta-desaparecido\/#primaryimage"},"thumbnailUrl":"https:\/\/reporteroshoy.mx\/noticias\/wp-content\/uploads\/2022\/02\/PAYASO_KANASIN_DETENIDO.jpg","keywords":["colonia Ismael Garc\u00eda","Payaso detenido","Progreso","Secuestro"],"articleSection":["Municipios"],"inLanguage":"es","potentialAction":[{"@type":"CommentAction","name":"Comment","target":["https:\/\/reporteroshoy.mx\/noticias\/liberan-a-payaso-acusado-de-secuestro-pero-ahora-esta-desaparecido\/#respond"]}]},{"@type":"WebPage","@id":"https:\/\/reporteroshoy.mx\/noticias\/liberan-a-payaso-acusado-de-secuestro-pero-ahora-esta-desaparecido\/","url":"https:\/\/reporteroshoy.mx\/noticias\/liberan-a-payaso-acusado-de-secuestro-pero-ahora-esta-desaparecido\/","name":"Liberan a payaso acusado de secuestro, pero ahora est\u00e1 desaparecido","isPartOf":{"@id":"https:\/\/reporteroshoy.mx\/noticias\/#website"},"primaryImageOfPage":{"@id":"https:\/\/reporteroshoy.mx\/noticias\/liberan-a-payaso-acusado-de-secuestro-pero-ahora-esta-desaparecido\/#primaryimage"},"image":{"@id":"https:\/\/reporteroshoy.mx\/noticias\/liberan-a-payaso-acusado-de-secuestro-pero-ahora-esta-desaparecido\/#primaryimage"},"thumbnailUrl":"https:\/\/reporteroshoy.mx\/noticias\/wp-content\/uploads\/2022\/02\/PAYASO_KANASIN_DETENIDO.jpg","datePublished":"2022-02-23T00:41:23+00:00","dateModified":"2022-02-23T02:47:15+00:00","author":{"@id":"https:\/\/reporteroshoy.mx\/noticias\/#\/schema\/person\/948520f0d88b01be2e5266bc4acbbc15"},"description":"Por falta de pruebas, recuper\u00f3 la libertad desde el mediod\u00eda. Sin embargo, no se ha reportado con su familia y no pueden localizarlo porque carece de tel\u00e9fono m\u00f3vil.","breadcrumb":{"@id":"https:\/\/reporteroshoy.mx\/noticias\/liberan-a-payaso-acusado-de-secuestro-pero-ahora-esta-desaparecido\/#breadcrumb"},"inLanguage":"es","potentialAction":[{"@type":"ReadAction","target":["https:\/\/reporteroshoy.mx\/noticias\/liberan-a-payaso-acusado-de-secuestro-pero-ahora-esta-desaparecido\/"]}]},{"@type":"ImageObject","inLanguage":"es","@id":"https:\/\/reporteroshoy.mx\/noticias\/liberan-a-payaso-acusado-de-secuestro-pero-ahora-esta-desaparecido\/#primaryimage","url":"https:\/\/reporteroshoy.mx\/noticias\/wp-content\/uploads\/2022\/02\/PAYASO_KANASIN_DETENIDO.jpg","contentUrl":"https:\/\/reporteroshoy.mx\/noticias\/wp-content\/uploads\/2022\/02\/PAYASO_KANASIN_DETENIDO.jpg","width":768,"height":432},{"@type":"BreadcrumbList","@id":"https:\/\/reporteroshoy.mx\/noticias\/liberan-a-payaso-acusado-de-secuestro-pero-ahora-esta-desaparecido\/#breadcrumb","itemListElement":[{"@type":"ListItem","position":1,"name":"Portada","item":"https:\/\/reporteroshoy.mx\/noticias\/"},{"@type":"ListItem","position":2,"name":"Liberan a payaso acusado de secuestro, pero ahora est\u00e1 desaparecido"}]},{"@type":"WebSite","@id":"https:\/\/reporteroshoy.mx\/noticias\/#website","url":"https:\/\/reporteroshoy.mx\/noticias\/","name":"Reporteros Hoy | Noticias de Yucat\u00e1n","description":"Peri\u00f3dico digital con noticias diarias desde M\u00e9rida, Yucat\u00e1n para el mundo.","potentialAction":[{"@type":"SearchAction","target":{"@type":"EntryPoint","urlTemplate":"https:\/\/reporteroshoy.mx\/noticias\/?s={search_term_string}"},"query-input":{"@type":"PropertyValueSpecification","valueRequired":true,"valueName":"search_term_string"}}],"inLanguage":"es"},{"@type":"Person","@id":"https:\/\/reporteroshoy.mx\/noticias\/#\/schema\/person\/948520f0d88b01be2e5266bc4acbbc15","name":"Reporteros Hoy IM","image":{"@type":"ImageObject","inLanguage":"es","@id":"https:\/\/secure.gravatar.com\/avatar\/d843030b96552826ac048bdfe26f2895604b800ed0c880ee55765a74d95dfc65?s=96&d=mm&r=g","url":"https:\/\/secure.gravatar.com\/avatar\/d843030b96552826ac048bdfe26f2895604b800ed0c880ee55765a74d95dfc65?s=96&d=mm&r=g","contentUrl":"https:\/\/secure.gravatar.com\/avatar\/d843030b96552826ac048bdfe26f2895604b800ed0c880ee55765a74d95dfc65?s=96&d=mm&r=g","caption":"Reporteros Hoy IM"},"url":"https:\/\/reporteroshoy.mx\/noticias\/author\/israel\/"}]}},"_links":{"self":[{"href":"https:\/\/reporteroshoy.mx\/noticias\/wp-json\/wp\/v2\/posts\/81491","targetHints":{"allow":["GET"]}}],"collection":[{"href":"https:\/\/reporteroshoy.mx\/noticias\/wp-json\/wp\/v2\/posts"}],"about":[{"href":"https:\/\/reporteroshoy.mx\/noticias\/wp-json\/wp\/v2\/types\/post"}],"author":[{"embeddable":true,"href":"https:\/\/reporteroshoy.mx\/noticias\/wp-json\/wp\/v2\/users\/5"}],"replies":[{"embeddable":true,"href":"https:\/\/reporteroshoy.mx\/noticias\/wp-json\/wp\/v2\/comments?post=81491"}],"version-history":[{"count":0,"href":"https:\/\/reporteroshoy.mx\/noticias\/wp-json\/wp\/v2\/posts\/81491\/revisions"}],"wp:featuredmedia":[{"embeddable":true,"href":"https:\/\/reporteroshoy.mx\/noticias\/wp-json\/wp\/v2\/media\/81492"}],"wp:attachment":[{"href":"https:\/\/reporteroshoy.mx\/noticias\/wp-json\/wp\/v2\/media?parent=81491"}],"wp:term":[{"taxonomy":"category","embeddable":true,"href":"https:\/\/reporteroshoy.mx\/noticias\/wp-json\/wp\/v2\/categories?post=81491"},{"taxonomy":"post_tag","embeddable":true,"href":"https:\/\/reporteroshoy.mx\/noticias\/wp-json\/wp\/v2\/tags?post=81491"}],"curies":[{"name":"wp","href":"https:\/\/api.w.org\/{rel}","templated":true}]}}