{"id":81505,"date":"2022-02-22T21:18:10","date_gmt":"2022-02-23T03:18:10","guid":{"rendered":"https:\/\/reporteroshoy.mx\/noticias\/?p=81505"},"modified":"2022-02-22T21:18:10","modified_gmt":"2022-02-23T03:18:10","slug":"ebrio-vuelca-la-camioneta-del-trabajo-y-abandona-a-su-companero-lesionado","status":"publish","type":"post","link":"https:\/\/reporteroshoy.mx\/noticias\/ebrio-vuelca-la-camioneta-del-trabajo-y-abandona-a-su-companero-lesionado\/","title":{"rendered":"Ebrio vuelca la camioneta del trabajo y abandona a su compa\u00f1ero lesionado"},"content":{"rendered":"<p style=\"text-align: justify;\">M\u00e9rida Yucat\u00e1n, 22 de febrero de 2022 (ACOM). &#8211; Una persona lesionada fue el saldo de la aparatosa volcadura de una camioneta de la empresa \u00abMateriales Lira\u00bb, en el perif\u00e9rico de M\u00e9rida, cerca del puente de Kanas\u00edn.<\/p>\n<p style=\"text-align: justify;\">Los hechos se registraron a la altura del kil\u00f3metro 15+ 500 del carril exterior, cuando un sujeto conduc\u00eda en estado de ebriedad y con exceso de velocidad una camioneta Mitsubishi L200.<\/p>\n<p><img loading=\"lazy\" decoding=\"async\" class=\"alignnone size-full wp-image-81506\" src=\"https:\/\/reporteroshoy.mx\/noticias\/wp-content\/uploads\/2022\/02\/VOLCADURA_PERIFERICO.jpeg\" alt=\"\" width=\"768\" height=\"488\" \/><\/p>\n<p style=\"text-align: justify;\">De repente, perdi\u00f3 el control del volante, se sali\u00f3 de la v\u00eda, choc\u00f3 contra un poste del alumbrado p\u00fablico, para seguidamente volcar con las cuatro llantas hacia arriba en la cuneta central.<\/p>\n<p style=\"text-align: justify;\">\u00a0El guiador al ver lo que ocasion\u00f3 sali\u00f3 como pudo y se dio a la fuga, dejando abandonado a su compa\u00f1ero de trabajo, que result\u00f3 lesionado por la volcadura.<\/p>\n<p style=\"text-align: justify;\">Param\u00e9dicos de la Secretar\u00eda de Seguridad P\u00fablica atendieron al lesionado, pero no amerit\u00f3 traslado a un hospital.<\/p>\n<p style=\"text-align: justify;\">\u00a0Al lugar lleg\u00f3 el due\u00f1o de la unidad, quien proporcion\u00f3 datos a las autoridades polic\u00edacas para ubicar al sujeto ebrio que conduc\u00eda la camioneta.<\/p>\n<p style=\"text-align: justify;\">\n","protected":false},"excerpt":{"rendered":"<p>Un empleado de la empresa \u00abMateriales Lira\u00bb comenz\u00f3 temprano la fiesta y termin\u00f3 con las cuatro llantas hacia arriba en la cuneta central del perif\u00e9rico. <\/p>\n","protected":false},"author":5,"featured_media":81506,"comment_status":"open","ping_status":"closed","sticky":false,"template":"","format":"standard","meta":{"footnotes":""},"categories":[14],"tags":[5510,20878,1179,1376],"class_list":["post-81505","post","type-post","status-publish","format-standard","has-post-thumbnail","hentry","category-policia","tag-conductor-ebrio","tag-materiales-lira","tag-periferico","tag-volcadura"],"yoast_head":"<!-- This site is optimized with the Yoast SEO plugin v28.4 - https:\/\/yoast.com\/product\/yoast-seo-wordpress\/ -->\n<title>Ebrio vuelca la camioneta del trabajo y abandona a su compa\u00f1ero lesionado<\/title>\n<meta name=\"description\" content=\"Un empleado de la empresa &quot;Materiales Lira&quot; comenz\u00f3 temprano la fiesta y termin\u00f3 con las cuatro llantas hacia arriba en la cuneta central del perif\u00e9rico.\" \/>\n<meta name=\"robots\" content=\"index, follow, max-snippet:-1, max-image-preview:large, max-video-preview:-1\" \/>\n<link rel=\"canonical\" href=\"https:\/\/reporteroshoy.mx\/noticias\/ebrio-vuelca-la-camioneta-del-trabajo-y-abandona-a-su-companero-lesionado\/\" \/>\n<meta property=\"og:locale\" content=\"es_ES\" \/>\n<meta property=\"og:type\" content=\"article\" \/>\n<meta property=\"og:title\" content=\"Ebrio vuelca la camioneta del trabajo y abandona a su compa\u00f1ero lesionado\" \/>\n<meta property=\"og:description\" content=\"Un empleado de la empresa &quot;Materiales Lira&quot; comenz\u00f3 temprano la fiesta y termin\u00f3 con las cuatro llantas hacia arriba en la cuneta central del perif\u00e9rico.\" \/>\n<meta property=\"og:url\" content=\"https:\/\/reporteroshoy.mx\/noticias\/ebrio-vuelca-la-camioneta-del-trabajo-y-abandona-a-su-companero-lesionado\/\" \/>\n<meta property=\"og:site_name\" content=\"Reporteros Hoy | Noticias de Yucat\u00e1n\" \/>\n<meta property=\"article:publisher\" content=\"http:\/\/www.facebook.com\/reporteroshoymx\" \/>\n<meta property=\"article:published_time\" content=\"2022-02-23T03:18:10+00:00\" \/>\n<meta property=\"og:image\" content=\"https:\/\/reporteroshoy.mx\/noticias\/wp-content\/uploads\/2022\/02\/VOLCADURA_PERIFERICO.jpeg\" \/>\n\t<meta property=\"og:image:width\" content=\"768\" \/>\n\t<meta property=\"og:image:height\" content=\"488\" \/>\n\t<meta property=\"og:image:type\" content=\"image\/jpeg\" \/>\n<meta name=\"author\" content=\"Reporteros Hoy IM\" \/>\n<meta name=\"twitter:card\" content=\"summary_large_image\" \/>\n<meta name=\"twitter:creator\" content=\"@reporteroshoy\" \/>\n<meta name=\"twitter:site\" content=\"@reporteroshoy\" \/>\n<meta name=\"twitter:label1\" content=\"Escrito por\" \/>\n\t<meta name=\"twitter:data1\" content=\"Reporteros Hoy IM\" \/>\n\t<meta name=\"twitter:label2\" content=\"Tiempo de lectura\" \/>\n\t<meta name=\"twitter:data2\" content=\"1 minuto\" \/>\n<script type=\"application\/ld+json\" class=\"yoast-schema-graph\">{\"@context\":\"https:\\\/\\\/schema.org\",\"@graph\":[{\"@type\":\"Article\",\"@id\":\"https:\\\/\\\/reporteroshoy.mx\\\/noticias\\\/ebrio-vuelca-la-camioneta-del-trabajo-y-abandona-a-su-companero-lesionado\\\/#article\",\"isPartOf\":{\"@id\":\"https:\\\/\\\/reporteroshoy.mx\\\/noticias\\\/ebrio-vuelca-la-camioneta-del-trabajo-y-abandona-a-su-companero-lesionado\\\/\"},\"author\":{\"name\":\"Reporteros Hoy IM\",\"@id\":\"https:\\\/\\\/reporteroshoy.mx\\\/noticias\\\/#\\\/schema\\\/person\\\/948520f0d88b01be2e5266bc4acbbc15\"},\"headline\":\"Ebrio vuelca la camioneta del trabajo y abandona a su compa\u00f1ero lesionado\",\"datePublished\":\"2022-02-23T03:18:10+00:00\",\"mainEntityOfPage\":{\"@id\":\"https:\\\/\\\/reporteroshoy.mx\\\/noticias\\\/ebrio-vuelca-la-camioneta-del-trabajo-y-abandona-a-su-companero-lesionado\\\/\"},\"wordCount\":195,\"commentCount\":0,\"image\":{\"@id\":\"https:\\\/\\\/reporteroshoy.mx\\\/noticias\\\/ebrio-vuelca-la-camioneta-del-trabajo-y-abandona-a-su-companero-lesionado\\\/#primaryimage\"},\"thumbnailUrl\":\"https:\\\/\\\/reporteroshoy.mx\\\/noticias\\\/wp-content\\\/uploads\\\/2022\\\/02\\\/VOLCADURA_PERIFERICO.jpeg\",\"keywords\":[\"Conductor ebrio\",\"Materiales Lira\",\"perif\u00e9rico\",\"Volcadura\"],\"articleSection\":[\"Polic\u00eda\"],\"inLanguage\":\"es\",\"potentialAction\":[{\"@type\":\"CommentAction\",\"name\":\"Comment\",\"target\":[\"https:\\\/\\\/reporteroshoy.mx\\\/noticias\\\/ebrio-vuelca-la-camioneta-del-trabajo-y-abandona-a-su-companero-lesionado\\\/#respond\"]}]},{\"@type\":\"WebPage\",\"@id\":\"https:\\\/\\\/reporteroshoy.mx\\\/noticias\\\/ebrio-vuelca-la-camioneta-del-trabajo-y-abandona-a-su-companero-lesionado\\\/\",\"url\":\"https:\\\/\\\/reporteroshoy.mx\\\/noticias\\\/ebrio-vuelca-la-camioneta-del-trabajo-y-abandona-a-su-companero-lesionado\\\/\",\"name\":\"Ebrio vuelca la camioneta del trabajo y abandona a su compa\u00f1ero lesionado\",\"isPartOf\":{\"@id\":\"https:\\\/\\\/reporteroshoy.mx\\\/noticias\\\/#website\"},\"primaryImageOfPage\":{\"@id\":\"https:\\\/\\\/reporteroshoy.mx\\\/noticias\\\/ebrio-vuelca-la-camioneta-del-trabajo-y-abandona-a-su-companero-lesionado\\\/#primaryimage\"},\"image\":{\"@id\":\"https:\\\/\\\/reporteroshoy.mx\\\/noticias\\\/ebrio-vuelca-la-camioneta-del-trabajo-y-abandona-a-su-companero-lesionado\\\/#primaryimage\"},\"thumbnailUrl\":\"https:\\\/\\\/reporteroshoy.mx\\\/noticias\\\/wp-content\\\/uploads\\\/2022\\\/02\\\/VOLCADURA_PERIFERICO.jpeg\",\"datePublished\":\"2022-02-23T03:18:10+00:00\",\"author\":{\"@id\":\"https:\\\/\\\/reporteroshoy.mx\\\/noticias\\\/#\\\/schema\\\/person\\\/948520f0d88b01be2e5266bc4acbbc15\"},\"description\":\"Un empleado de la empresa \\\"Materiales Lira\\\" comenz\u00f3 temprano la fiesta y termin\u00f3 con las cuatro llantas hacia arriba en la cuneta central del perif\u00e9rico.\",\"breadcrumb\":{\"@id\":\"https:\\\/\\\/reporteroshoy.mx\\\/noticias\\\/ebrio-vuelca-la-camioneta-del-trabajo-y-abandona-a-su-companero-lesionado\\\/#breadcrumb\"},\"inLanguage\":\"es\",\"potentialAction\":[{\"@type\":\"ReadAction\",\"target\":[\"https:\\\/\\\/reporteroshoy.mx\\\/noticias\\\/ebrio-vuelca-la-camioneta-del-trabajo-y-abandona-a-su-companero-lesionado\\\/\"]}]},{\"@type\":\"ImageObject\",\"inLanguage\":\"es\",\"@id\":\"https:\\\/\\\/reporteroshoy.mx\\\/noticias\\\/ebrio-vuelca-la-camioneta-del-trabajo-y-abandona-a-su-companero-lesionado\\\/#primaryimage\",\"url\":\"https:\\\/\\\/reporteroshoy.mx\\\/noticias\\\/wp-content\\\/uploads\\\/2022\\\/02\\\/VOLCADURA_PERIFERICO.jpeg\",\"contentUrl\":\"https:\\\/\\\/reporteroshoy.mx\\\/noticias\\\/wp-content\\\/uploads\\\/2022\\\/02\\\/VOLCADURA_PERIFERICO.jpeg\",\"width\":768,\"height\":488},{\"@type\":\"BreadcrumbList\",\"@id\":\"https:\\\/\\\/reporteroshoy.mx\\\/noticias\\\/ebrio-vuelca-la-camioneta-del-trabajo-y-abandona-a-su-companero-lesionado\\\/#breadcrumb\",\"itemListElement\":[{\"@type\":\"ListItem\",\"position\":1,\"name\":\"Portada\",\"item\":\"https:\\\/\\\/reporteroshoy.mx\\\/noticias\\\/\"},{\"@type\":\"ListItem\",\"position\":2,\"name\":\"Ebrio vuelca la camioneta del trabajo y abandona a su compa\u00f1ero lesionado\"}]},{\"@type\":\"WebSite\",\"@id\":\"https:\\\/\\\/reporteroshoy.mx\\\/noticias\\\/#website\",\"url\":\"https:\\\/\\\/reporteroshoy.mx\\\/noticias\\\/\",\"name\":\"Reporteros Hoy | Noticias de Yucat\u00e1n\",\"description\":\"Peri\u00f3dico digital con noticias diarias desde M\u00e9rida, Yucat\u00e1n para el mundo.\",\"potentialAction\":[{\"@type\":\"SearchAction\",\"target\":{\"@type\":\"EntryPoint\",\"urlTemplate\":\"https:\\\/\\\/reporteroshoy.mx\\\/noticias\\\/?s={search_term_string}\"},\"query-input\":{\"@type\":\"PropertyValueSpecification\",\"valueRequired\":true,\"valueName\":\"search_term_string\"}}],\"inLanguage\":\"es\"},{\"@type\":\"Person\",\"@id\":\"https:\\\/\\\/reporteroshoy.mx\\\/noticias\\\/#\\\/schema\\\/person\\\/948520f0d88b01be2e5266bc4acbbc15\",\"name\":\"Reporteros Hoy IM\",\"image\":{\"@type\":\"ImageObject\",\"inLanguage\":\"es\",\"@id\":\"https:\\\/\\\/secure.gravatar.com\\\/avatar\\\/d843030b96552826ac048bdfe26f2895604b800ed0c880ee55765a74d95dfc65?s=96&d=mm&r=g\",\"url\":\"https:\\\/\\\/secure.gravatar.com\\\/avatar\\\/d843030b96552826ac048bdfe26f2895604b800ed0c880ee55765a74d95dfc65?s=96&d=mm&r=g\",\"contentUrl\":\"https:\\\/\\\/secure.gravatar.com\\\/avatar\\\/d843030b96552826ac048bdfe26f2895604b800ed0c880ee55765a74d95dfc65?s=96&d=mm&r=g\",\"caption\":\"Reporteros Hoy IM\"},\"url\":\"https:\\\/\\\/reporteroshoy.mx\\\/noticias\\\/author\\\/israel\\\/\"}]}<\/script>\n<!-- \/ Yoast SEO plugin. -->","yoast_head_json":{"title":"Ebrio vuelca la camioneta del trabajo y abandona a su compa\u00f1ero lesionado","description":"Un empleado de la empresa \"Materiales Lira\" comenz\u00f3 temprano la fiesta y termin\u00f3 con las cuatro llantas hacia arriba en la cuneta central del perif\u00e9rico.","robots":{"index":"index","follow":"follow","max-snippet":"max-snippet:-1","max-image-preview":"max-image-preview:large","max-video-preview":"max-video-preview:-1"},"canonical":"https:\/\/reporteroshoy.mx\/noticias\/ebrio-vuelca-la-camioneta-del-trabajo-y-abandona-a-su-companero-lesionado\/","og_locale":"es_ES","og_type":"article","og_title":"Ebrio vuelca la camioneta del trabajo y abandona a su compa\u00f1ero lesionado","og_description":"Un empleado de la empresa \"Materiales Lira\" comenz\u00f3 temprano la fiesta y termin\u00f3 con las cuatro llantas hacia arriba en la cuneta central del perif\u00e9rico.","og_url":"https:\/\/reporteroshoy.mx\/noticias\/ebrio-vuelca-la-camioneta-del-trabajo-y-abandona-a-su-companero-lesionado\/","og_site_name":"Reporteros Hoy | Noticias de Yucat\u00e1n","article_publisher":"http:\/\/www.facebook.com\/reporteroshoymx","article_published_time":"2022-02-23T03:18:10+00:00","og_image":[{"width":768,"height":488,"url":"https:\/\/reporteroshoy.mx\/noticias\/wp-content\/uploads\/2022\/02\/VOLCADURA_PERIFERICO.jpeg","type":"image\/jpeg"}],"author":"Reporteros Hoy IM","twitter_card":"summary_large_image","twitter_creator":"@reporteroshoy","twitter_site":"@reporteroshoy","twitter_misc":{"Escrito por":"Reporteros Hoy IM","Tiempo de lectura":"1 minuto"},"schema":{"@context":"https:\/\/schema.org","@graph":[{"@type":"Article","@id":"https:\/\/reporteroshoy.mx\/noticias\/ebrio-vuelca-la-camioneta-del-trabajo-y-abandona-a-su-companero-lesionado\/#article","isPartOf":{"@id":"https:\/\/reporteroshoy.mx\/noticias\/ebrio-vuelca-la-camioneta-del-trabajo-y-abandona-a-su-companero-lesionado\/"},"author":{"name":"Reporteros Hoy IM","@id":"https:\/\/reporteroshoy.mx\/noticias\/#\/schema\/person\/948520f0d88b01be2e5266bc4acbbc15"},"headline":"Ebrio vuelca la camioneta del trabajo y abandona a su compa\u00f1ero lesionado","datePublished":"2022-02-23T03:18:10+00:00","mainEntityOfPage":{"@id":"https:\/\/reporteroshoy.mx\/noticias\/ebrio-vuelca-la-camioneta-del-trabajo-y-abandona-a-su-companero-lesionado\/"},"wordCount":195,"commentCount":0,"image":{"@id":"https:\/\/reporteroshoy.mx\/noticias\/ebrio-vuelca-la-camioneta-del-trabajo-y-abandona-a-su-companero-lesionado\/#primaryimage"},"thumbnailUrl":"https:\/\/reporteroshoy.mx\/noticias\/wp-content\/uploads\/2022\/02\/VOLCADURA_PERIFERICO.jpeg","keywords":["Conductor ebrio","Materiales Lira","perif\u00e9rico","Volcadura"],"articleSection":["Polic\u00eda"],"inLanguage":"es","potentialAction":[{"@type":"CommentAction","name":"Comment","target":["https:\/\/reporteroshoy.mx\/noticias\/ebrio-vuelca-la-camioneta-del-trabajo-y-abandona-a-su-companero-lesionado\/#respond"]}]},{"@type":"WebPage","@id":"https:\/\/reporteroshoy.mx\/noticias\/ebrio-vuelca-la-camioneta-del-trabajo-y-abandona-a-su-companero-lesionado\/","url":"https:\/\/reporteroshoy.mx\/noticias\/ebrio-vuelca-la-camioneta-del-trabajo-y-abandona-a-su-companero-lesionado\/","name":"Ebrio vuelca la camioneta del trabajo y abandona a su compa\u00f1ero lesionado","isPartOf":{"@id":"https:\/\/reporteroshoy.mx\/noticias\/#website"},"primaryImageOfPage":{"@id":"https:\/\/reporteroshoy.mx\/noticias\/ebrio-vuelca-la-camioneta-del-trabajo-y-abandona-a-su-companero-lesionado\/#primaryimage"},"image":{"@id":"https:\/\/reporteroshoy.mx\/noticias\/ebrio-vuelca-la-camioneta-del-trabajo-y-abandona-a-su-companero-lesionado\/#primaryimage"},"thumbnailUrl":"https:\/\/reporteroshoy.mx\/noticias\/wp-content\/uploads\/2022\/02\/VOLCADURA_PERIFERICO.jpeg","datePublished":"2022-02-23T03:18:10+00:00","author":{"@id":"https:\/\/reporteroshoy.mx\/noticias\/#\/schema\/person\/948520f0d88b01be2e5266bc4acbbc15"},"description":"Un empleado de la empresa \"Materiales Lira\" comenz\u00f3 temprano la fiesta y termin\u00f3 con las cuatro llantas hacia arriba en la cuneta central del perif\u00e9rico.","breadcrumb":{"@id":"https:\/\/reporteroshoy.mx\/noticias\/ebrio-vuelca-la-camioneta-del-trabajo-y-abandona-a-su-companero-lesionado\/#breadcrumb"},"inLanguage":"es","potentialAction":[{"@type":"ReadAction","target":["https:\/\/reporteroshoy.mx\/noticias\/ebrio-vuelca-la-camioneta-del-trabajo-y-abandona-a-su-companero-lesionado\/"]}]},{"@type":"ImageObject","inLanguage":"es","@id":"https:\/\/reporteroshoy.mx\/noticias\/ebrio-vuelca-la-camioneta-del-trabajo-y-abandona-a-su-companero-lesionado\/#primaryimage","url":"https:\/\/reporteroshoy.mx\/noticias\/wp-content\/uploads\/2022\/02\/VOLCADURA_PERIFERICO.jpeg","contentUrl":"https:\/\/reporteroshoy.mx\/noticias\/wp-content\/uploads\/2022\/02\/VOLCADURA_PERIFERICO.jpeg","width":768,"height":488},{"@type":"BreadcrumbList","@id":"https:\/\/reporteroshoy.mx\/noticias\/ebrio-vuelca-la-camioneta-del-trabajo-y-abandona-a-su-companero-lesionado\/#breadcrumb","itemListElement":[{"@type":"ListItem","position":1,"name":"Portada","item":"https:\/\/reporteroshoy.mx\/noticias\/"},{"@type":"ListItem","position":2,"name":"Ebrio vuelca la camioneta del trabajo y abandona a su compa\u00f1ero lesionado"}]},{"@type":"WebSite","@id":"https:\/\/reporteroshoy.mx\/noticias\/#website","url":"https:\/\/reporteroshoy.mx\/noticias\/","name":"Reporteros Hoy | Noticias de Yucat\u00e1n","description":"Peri\u00f3dico digital con noticias diarias desde M\u00e9rida, Yucat\u00e1n para el mundo.","potentialAction":[{"@type":"SearchAction","target":{"@type":"EntryPoint","urlTemplate":"https:\/\/reporteroshoy.mx\/noticias\/?s={search_term_string}"},"query-input":{"@type":"PropertyValueSpecification","valueRequired":true,"valueName":"search_term_string"}}],"inLanguage":"es"},{"@type":"Person","@id":"https:\/\/reporteroshoy.mx\/noticias\/#\/schema\/person\/948520f0d88b01be2e5266bc4acbbc15","name":"Reporteros Hoy IM","image":{"@type":"ImageObject","inLanguage":"es","@id":"https:\/\/secure.gravatar.com\/avatar\/d843030b96552826ac048bdfe26f2895604b800ed0c880ee55765a74d95dfc65?s=96&d=mm&r=g","url":"https:\/\/secure.gravatar.com\/avatar\/d843030b96552826ac048bdfe26f2895604b800ed0c880ee55765a74d95dfc65?s=96&d=mm&r=g","contentUrl":"https:\/\/secure.gravatar.com\/avatar\/d843030b96552826ac048bdfe26f2895604b800ed0c880ee55765a74d95dfc65?s=96&d=mm&r=g","caption":"Reporteros Hoy IM"},"url":"https:\/\/reporteroshoy.mx\/noticias\/author\/israel\/"}]}},"_links":{"self":[{"href":"https:\/\/reporteroshoy.mx\/noticias\/wp-json\/wp\/v2\/posts\/81505","targetHints":{"allow":["GET"]}}],"collection":[{"href":"https:\/\/reporteroshoy.mx\/noticias\/wp-json\/wp\/v2\/posts"}],"about":[{"href":"https:\/\/reporteroshoy.mx\/noticias\/wp-json\/wp\/v2\/types\/post"}],"author":[{"embeddable":true,"href":"https:\/\/reporteroshoy.mx\/noticias\/wp-json\/wp\/v2\/users\/5"}],"replies":[{"embeddable":true,"href":"https:\/\/reporteroshoy.mx\/noticias\/wp-json\/wp\/v2\/comments?post=81505"}],"version-history":[{"count":0,"href":"https:\/\/reporteroshoy.mx\/noticias\/wp-json\/wp\/v2\/posts\/81505\/revisions"}],"wp:featuredmedia":[{"embeddable":true,"href":"https:\/\/reporteroshoy.mx\/noticias\/wp-json\/wp\/v2\/media\/81506"}],"wp:attachment":[{"href":"https:\/\/reporteroshoy.mx\/noticias\/wp-json\/wp\/v2\/media?parent=81505"}],"wp:term":[{"taxonomy":"category","embeddable":true,"href":"https:\/\/reporteroshoy.mx\/noticias\/wp-json\/wp\/v2\/categories?post=81505"},{"taxonomy":"post_tag","embeddable":true,"href":"https:\/\/reporteroshoy.mx\/noticias\/wp-json\/wp\/v2\/tags?post=81505"}],"curies":[{"name":"wp","href":"https:\/\/api.w.org\/{rel}","templated":true}]}}