{"id":81704,"date":"2022-02-27T11:22:27","date_gmt":"2022-02-27T17:22:27","guid":{"rendered":"https:\/\/reporteroshoy.mx\/noticias\/?p=81704"},"modified":"2022-02-27T11:22:27","modified_gmt":"2022-02-27T17:22:27","slug":"ine-da-ultimatum-a-yucatecos-tienen-hasta-manana-para-recoger-sus-credenciales","status":"publish","type":"post","link":"https:\/\/reporteroshoy.mx\/noticias\/ine-da-ultimatum-a-yucatecos-tienen-hasta-manana-para-recoger-sus-credenciales\/","title":{"rendered":"INE da &#8216;ultim\u00e1tum&#8217; a yucatecos: tienen hasta ma\u00f1ana para recoger sus credenciales"},"content":{"rendered":"<p class=\"x_MsoNormal\" style=\"text-align: justify;\"><span style=\"color: #000000;\">M\u00e9rida, Yucat\u00e1n; 27 de febrero de 2022.- El Instituto Nacional Electoral (INE) en el estado de Yucat\u00e1n alerta a aquellas personas que durante el a\u00f1o 2020 acudieron a alg\u00fan m\u00f3dulo de atenci\u00f3n ciudadana a realizar un tr\u00e1mite y a\u00fan no van por su nueva Credencial para Votar, para que regresen a recogerla a m\u00e1s tardar el lunes 28 de febrero de 2022 y evitar que sea destruida, acorde con lo establecido en el art\u00edculo 155 de la Ley General de Instituciones y Procedimientos Electorales. \u00a0<\/span><\/p>\n<p class=\"x_MsoNormal\" style=\"text-align: justify;\"><span style=\"color: #000000;\">La delegaci\u00f3n del INE en Yucat\u00e1n informa que los registros de las y los ciudadanos que solicitaron una credencial hace dos a\u00f1os y que a\u00fan no regresan por su documento, corren el riesgo de ser dados de baja del padr\u00f3n, as\u00ed como que su credencial sea cancelada y destruida, con lo cual quedar\u00edan imposibilitados para votar.\u00a0 \u00a0<\/span><\/p>\n<p style=\"text-align: justify;\"><img loading=\"lazy\" decoding=\"async\" class=\"wp-image-81705 aligncenter\" src=\"https:\/\/reporteroshoy.mx\/noticias\/wp-content\/uploads\/2022\/02\/INE-MODULOS-1-scaled.jpg\" alt=\"\" width=\"641\" height=\"427\" \/> <span style=\"color: #000000;\">En Yucat\u00e1n, de acuerdo al m\u00e1s reciente corte de informaci\u00f3n, se tienen 479 credenciales en esa situaci\u00f3n, del tal forma que al finalizar la jornada laboral del pr\u00f3ximo lunes 28 de febrero esos documentos electorales ser\u00e1n retirados de los m\u00f3dulos y en los pr\u00f3ximos d\u00edas sean objeto de destrucci\u00f3n.\u00a0<\/span><\/p>\n<p class=\"x_MsoNormal\" style=\"text-align: justify;\"><span style=\"color: #000000;\">Estas acciones, conforme a lo previsto en la ley electoral, se realizar\u00e1 con el acompa\u00f1amiento de las representaciones de los partidos pol\u00edticos con acreditaci\u00f3n antes las comisiones distritales y local de vigilancia del Registro Federal de Electores (RFE). \u00a0<\/span><\/p>\n<p><img loading=\"lazy\" decoding=\"async\" class=\"wp-image-81706 aligncenter\" src=\"https:\/\/reporteroshoy.mx\/noticias\/wp-content\/uploads\/2022\/02\/INE-MODULOS-2-scaled.jpg\" alt=\"\" width=\"652\" height=\"396\" \/><\/p>\n<p class=\"x_MsoNormal\" style=\"text-align: justify;\"><span style=\"color: #000000;\">Se recuerda que para recoger la credencial no se requiere hacer cita para acudir al m\u00f3dulo donde se realiz\u00f3 el tr\u00e1mite. \u00a0<\/span><\/p>\n<p class=\"x_MsoNormal\" style=\"text-align: justify;\"><span style=\"color: #000000;\">Finalmente, cabe recordar que el a\u00f1o pasado se cancelaron y destruyeron por dicha causa un total de 446 credenciales<\/span><\/p>\n","protected":false},"excerpt":{"rendered":"<p>Se trata de 479 micas que fueron &#8216;abandonadas&#8217; por sus titulares. De no acudir por ellas, ser\u00e1n dados de baja del padr\u00f3n y quedar\u00e1n imposibilitados para votar.<\/p>\n","protected":false},"author":2,"featured_media":81706,"comment_status":"open","ping_status":"closed","sticky":false,"template":"","format":"standard","meta":{"footnotes":""},"categories":[17],"tags":[20915,20916,1742],"class_list":["post-81704","post","type-post","status-publish","format-standard","has-post-thumbnail","hentry","category-yucatan","tag-credencial-para-votar","tag-credencial-para-votar-en-yucatan","tag-ine"],"yoast_head":"<!-- This site is optimized with the Yoast SEO plugin v28.4 - https:\/\/yoast.com\/product\/yoast-seo-wordpress\/ -->\n<title>INE da &#039;ultim\u00e1tum&#039; a yucatecos: tienen hasta ma\u00f1ana para recoger sus credenciales<\/title>\n<meta name=\"description\" content=\"Se trata de 479 micas que fueron &#039;abandonadas&#039; por sus titulares. De no acudir por ellas, ser\u00e1n dados de baja del padr\u00f3n y quedar\u00e1n imposibilitados para votar.\" \/>\n<meta name=\"robots\" content=\"index, follow, max-snippet:-1, max-image-preview:large, max-video-preview:-1\" \/>\n<link rel=\"canonical\" href=\"https:\/\/reporteroshoy.mx\/noticias\/ine-da-ultimatum-a-yucatecos-tienen-hasta-manana-para-recoger-sus-credenciales\/\" \/>\n<meta property=\"og:locale\" content=\"es_ES\" \/>\n<meta property=\"og:type\" content=\"article\" \/>\n<meta property=\"og:title\" content=\"INE da &#039;ultim\u00e1tum&#039; a yucatecos: tienen hasta ma\u00f1ana para recoger sus credenciales\" \/>\n<meta property=\"og:description\" content=\"Se trata de 479 micas que fueron &#039;abandonadas&#039; por sus titulares. De no acudir por ellas, ser\u00e1n dados de baja del padr\u00f3n y quedar\u00e1n imposibilitados para votar.\" \/>\n<meta property=\"og:url\" content=\"https:\/\/reporteroshoy.mx\/noticias\/ine-da-ultimatum-a-yucatecos-tienen-hasta-manana-para-recoger-sus-credenciales\/\" \/>\n<meta property=\"og:site_name\" content=\"Reporteros Hoy | Noticias de Yucat\u00e1n\" \/>\n<meta property=\"article:publisher\" content=\"http:\/\/www.facebook.com\/reporteroshoymx\" \/>\n<meta property=\"article:published_time\" content=\"2022-02-27T17:22:27+00:00\" \/>\n<meta property=\"og:image\" content=\"https:\/\/reporteroshoy.mx\/noticias\/wp-content\/uploads\/2022\/02\/INE-MODULOS-2-scaled.jpg\" \/>\n\t<meta property=\"og:image:width\" content=\"768\" \/>\n\t<meta property=\"og:image:height\" content=\"467\" \/>\n\t<meta property=\"og:image:type\" content=\"image\/jpeg\" \/>\n<meta name=\"author\" content=\"Reporteros Hoy HY\" \/>\n<meta name=\"twitter:card\" content=\"summary_large_image\" \/>\n<meta name=\"twitter:creator\" content=\"@reporteroshoy\" \/>\n<meta name=\"twitter:site\" content=\"@reporteroshoy\" \/>\n<meta name=\"twitter:label1\" content=\"Escrito por\" \/>\n\t<meta name=\"twitter:data1\" content=\"Reporteros Hoy HY\" \/>\n\t<meta name=\"twitter:label2\" content=\"Tiempo de lectura\" \/>\n\t<meta name=\"twitter:data2\" content=\"1 minuto\" \/>\n<script type=\"application\/ld+json\" class=\"yoast-schema-graph\">{\"@context\":\"https:\\\/\\\/schema.org\",\"@graph\":[{\"@type\":\"Article\",\"@id\":\"https:\\\/\\\/reporteroshoy.mx\\\/noticias\\\/ine-da-ultimatum-a-yucatecos-tienen-hasta-manana-para-recoger-sus-credenciales\\\/#article\",\"isPartOf\":{\"@id\":\"https:\\\/\\\/reporteroshoy.mx\\\/noticias\\\/ine-da-ultimatum-a-yucatecos-tienen-hasta-manana-para-recoger-sus-credenciales\\\/\"},\"author\":{\"name\":\"Reporteros Hoy HY\",\"@id\":\"https:\\\/\\\/reporteroshoy.mx\\\/noticias\\\/#\\\/schema\\\/person\\\/d32189074678a9d41498d4248e29aac3\"},\"headline\":\"INE da &#8216;ultim\u00e1tum&#8217; a yucatecos: tienen hasta ma\u00f1ana para recoger sus credenciales\",\"datePublished\":\"2022-02-27T17:22:27+00:00\",\"mainEntityOfPage\":{\"@id\":\"https:\\\/\\\/reporteroshoy.mx\\\/noticias\\\/ine-da-ultimatum-a-yucatecos-tienen-hasta-manana-para-recoger-sus-credenciales\\\/\"},\"wordCount\":306,\"commentCount\":0,\"image\":{\"@id\":\"https:\\\/\\\/reporteroshoy.mx\\\/noticias\\\/ine-da-ultimatum-a-yucatecos-tienen-hasta-manana-para-recoger-sus-credenciales\\\/#primaryimage\"},\"thumbnailUrl\":\"https:\\\/\\\/reporteroshoy.mx\\\/noticias\\\/wp-content\\\/uploads\\\/2022\\\/02\\\/INE-MODULOS-2-scaled.jpg\",\"keywords\":[\"credencial para votar\",\"credencial para votar en Yucat\u00e1n\",\"INE\"],\"articleSection\":[\"Yucat\u00e1n\"],\"inLanguage\":\"es\",\"potentialAction\":[{\"@type\":\"CommentAction\",\"name\":\"Comment\",\"target\":[\"https:\\\/\\\/reporteroshoy.mx\\\/noticias\\\/ine-da-ultimatum-a-yucatecos-tienen-hasta-manana-para-recoger-sus-credenciales\\\/#respond\"]}]},{\"@type\":\"WebPage\",\"@id\":\"https:\\\/\\\/reporteroshoy.mx\\\/noticias\\\/ine-da-ultimatum-a-yucatecos-tienen-hasta-manana-para-recoger-sus-credenciales\\\/\",\"url\":\"https:\\\/\\\/reporteroshoy.mx\\\/noticias\\\/ine-da-ultimatum-a-yucatecos-tienen-hasta-manana-para-recoger-sus-credenciales\\\/\",\"name\":\"INE da 'ultim\u00e1tum' a yucatecos: tienen hasta ma\u00f1ana para recoger sus credenciales\",\"isPartOf\":{\"@id\":\"https:\\\/\\\/reporteroshoy.mx\\\/noticias\\\/#website\"},\"primaryImageOfPage\":{\"@id\":\"https:\\\/\\\/reporteroshoy.mx\\\/noticias\\\/ine-da-ultimatum-a-yucatecos-tienen-hasta-manana-para-recoger-sus-credenciales\\\/#primaryimage\"},\"image\":{\"@id\":\"https:\\\/\\\/reporteroshoy.mx\\\/noticias\\\/ine-da-ultimatum-a-yucatecos-tienen-hasta-manana-para-recoger-sus-credenciales\\\/#primaryimage\"},\"thumbnailUrl\":\"https:\\\/\\\/reporteroshoy.mx\\\/noticias\\\/wp-content\\\/uploads\\\/2022\\\/02\\\/INE-MODULOS-2-scaled.jpg\",\"datePublished\":\"2022-02-27T17:22:27+00:00\",\"author\":{\"@id\":\"https:\\\/\\\/reporteroshoy.mx\\\/noticias\\\/#\\\/schema\\\/person\\\/d32189074678a9d41498d4248e29aac3\"},\"description\":\"Se trata de 479 micas que fueron 'abandonadas' por sus titulares. De no acudir por ellas, ser\u00e1n dados de baja del padr\u00f3n y quedar\u00e1n imposibilitados para votar.\",\"breadcrumb\":{\"@id\":\"https:\\\/\\\/reporteroshoy.mx\\\/noticias\\\/ine-da-ultimatum-a-yucatecos-tienen-hasta-manana-para-recoger-sus-credenciales\\\/#breadcrumb\"},\"inLanguage\":\"es\",\"potentialAction\":[{\"@type\":\"ReadAction\",\"target\":[\"https:\\\/\\\/reporteroshoy.mx\\\/noticias\\\/ine-da-ultimatum-a-yucatecos-tienen-hasta-manana-para-recoger-sus-credenciales\\\/\"]}]},{\"@type\":\"ImageObject\",\"inLanguage\":\"es\",\"@id\":\"https:\\\/\\\/reporteroshoy.mx\\\/noticias\\\/ine-da-ultimatum-a-yucatecos-tienen-hasta-manana-para-recoger-sus-credenciales\\\/#primaryimage\",\"url\":\"https:\\\/\\\/reporteroshoy.mx\\\/noticias\\\/wp-content\\\/uploads\\\/2022\\\/02\\\/INE-MODULOS-2-scaled.jpg\",\"contentUrl\":\"https:\\\/\\\/reporteroshoy.mx\\\/noticias\\\/wp-content\\\/uploads\\\/2022\\\/02\\\/INE-MODULOS-2-scaled.jpg\",\"width\":768,\"height\":467},{\"@type\":\"BreadcrumbList\",\"@id\":\"https:\\\/\\\/reporteroshoy.mx\\\/noticias\\\/ine-da-ultimatum-a-yucatecos-tienen-hasta-manana-para-recoger-sus-credenciales\\\/#breadcrumb\",\"itemListElement\":[{\"@type\":\"ListItem\",\"position\":1,\"name\":\"Portada\",\"item\":\"https:\\\/\\\/reporteroshoy.mx\\\/noticias\\\/\"},{\"@type\":\"ListItem\",\"position\":2,\"name\":\"INE da &#8216;ultim\u00e1tum&#8217; a yucatecos: tienen hasta ma\u00f1ana para recoger sus credenciales\"}]},{\"@type\":\"WebSite\",\"@id\":\"https:\\\/\\\/reporteroshoy.mx\\\/noticias\\\/#website\",\"url\":\"https:\\\/\\\/reporteroshoy.mx\\\/noticias\\\/\",\"name\":\"Reporteros Hoy | Noticias de Yucat\u00e1n\",\"description\":\"Peri\u00f3dico digital con noticias diarias desde M\u00e9rida, Yucat\u00e1n para el mundo.\",\"potentialAction\":[{\"@type\":\"SearchAction\",\"target\":{\"@type\":\"EntryPoint\",\"urlTemplate\":\"https:\\\/\\\/reporteroshoy.mx\\\/noticias\\\/?s={search_term_string}\"},\"query-input\":{\"@type\":\"PropertyValueSpecification\",\"valueRequired\":true,\"valueName\":\"search_term_string\"}}],\"inLanguage\":\"es\"},{\"@type\":\"Person\",\"@id\":\"https:\\\/\\\/reporteroshoy.mx\\\/noticias\\\/#\\\/schema\\\/person\\\/d32189074678a9d41498d4248e29aac3\",\"name\":\"Reporteros Hoy HY\",\"image\":{\"@type\":\"ImageObject\",\"inLanguage\":\"es\",\"@id\":\"https:\\\/\\\/secure.gravatar.com\\\/avatar\\\/c539a82770f256437b35bda44650bb50f5fd4b7017f8b29672ed9f27a43cec47?s=96&d=mm&r=g\",\"url\":\"https:\\\/\\\/secure.gravatar.com\\\/avatar\\\/c539a82770f256437b35bda44650bb50f5fd4b7017f8b29672ed9f27a43cec47?s=96&d=mm&r=g\",\"contentUrl\":\"https:\\\/\\\/secure.gravatar.com\\\/avatar\\\/c539a82770f256437b35bda44650bb50f5fd4b7017f8b29672ed9f27a43cec47?s=96&d=mm&r=g\",\"caption\":\"Reporteros Hoy HY\"},\"url\":\"https:\\\/\\\/reporteroshoy.mx\\\/noticias\\\/author\\\/thelmo\\\/\"}]}<\/script>\n<!-- \/ Yoast SEO plugin. -->","yoast_head_json":{"title":"INE da 'ultim\u00e1tum' a yucatecos: tienen hasta ma\u00f1ana para recoger sus credenciales","description":"Se trata de 479 micas que fueron 'abandonadas' por sus titulares. De no acudir por ellas, ser\u00e1n dados de baja del padr\u00f3n y quedar\u00e1n imposibilitados para votar.","robots":{"index":"index","follow":"follow","max-snippet":"max-snippet:-1","max-image-preview":"max-image-preview:large","max-video-preview":"max-video-preview:-1"},"canonical":"https:\/\/reporteroshoy.mx\/noticias\/ine-da-ultimatum-a-yucatecos-tienen-hasta-manana-para-recoger-sus-credenciales\/","og_locale":"es_ES","og_type":"article","og_title":"INE da 'ultim\u00e1tum' a yucatecos: tienen hasta ma\u00f1ana para recoger sus credenciales","og_description":"Se trata de 479 micas que fueron 'abandonadas' por sus titulares. De no acudir por ellas, ser\u00e1n dados de baja del padr\u00f3n y quedar\u00e1n imposibilitados para votar.","og_url":"https:\/\/reporteroshoy.mx\/noticias\/ine-da-ultimatum-a-yucatecos-tienen-hasta-manana-para-recoger-sus-credenciales\/","og_site_name":"Reporteros Hoy | Noticias de Yucat\u00e1n","article_publisher":"http:\/\/www.facebook.com\/reporteroshoymx","article_published_time":"2022-02-27T17:22:27+00:00","og_image":[{"width":768,"height":467,"url":"https:\/\/reporteroshoy.mx\/noticias\/wp-content\/uploads\/2022\/02\/INE-MODULOS-2-scaled.jpg","type":"image\/jpeg"}],"author":"Reporteros Hoy HY","twitter_card":"summary_large_image","twitter_creator":"@reporteroshoy","twitter_site":"@reporteroshoy","twitter_misc":{"Escrito por":"Reporteros Hoy HY","Tiempo de lectura":"1 minuto"},"schema":{"@context":"https:\/\/schema.org","@graph":[{"@type":"Article","@id":"https:\/\/reporteroshoy.mx\/noticias\/ine-da-ultimatum-a-yucatecos-tienen-hasta-manana-para-recoger-sus-credenciales\/#article","isPartOf":{"@id":"https:\/\/reporteroshoy.mx\/noticias\/ine-da-ultimatum-a-yucatecos-tienen-hasta-manana-para-recoger-sus-credenciales\/"},"author":{"name":"Reporteros Hoy HY","@id":"https:\/\/reporteroshoy.mx\/noticias\/#\/schema\/person\/d32189074678a9d41498d4248e29aac3"},"headline":"INE da &#8216;ultim\u00e1tum&#8217; a yucatecos: tienen hasta ma\u00f1ana para recoger sus credenciales","datePublished":"2022-02-27T17:22:27+00:00","mainEntityOfPage":{"@id":"https:\/\/reporteroshoy.mx\/noticias\/ine-da-ultimatum-a-yucatecos-tienen-hasta-manana-para-recoger-sus-credenciales\/"},"wordCount":306,"commentCount":0,"image":{"@id":"https:\/\/reporteroshoy.mx\/noticias\/ine-da-ultimatum-a-yucatecos-tienen-hasta-manana-para-recoger-sus-credenciales\/#primaryimage"},"thumbnailUrl":"https:\/\/reporteroshoy.mx\/noticias\/wp-content\/uploads\/2022\/02\/INE-MODULOS-2-scaled.jpg","keywords":["credencial para votar","credencial para votar en Yucat\u00e1n","INE"],"articleSection":["Yucat\u00e1n"],"inLanguage":"es","potentialAction":[{"@type":"CommentAction","name":"Comment","target":["https:\/\/reporteroshoy.mx\/noticias\/ine-da-ultimatum-a-yucatecos-tienen-hasta-manana-para-recoger-sus-credenciales\/#respond"]}]},{"@type":"WebPage","@id":"https:\/\/reporteroshoy.mx\/noticias\/ine-da-ultimatum-a-yucatecos-tienen-hasta-manana-para-recoger-sus-credenciales\/","url":"https:\/\/reporteroshoy.mx\/noticias\/ine-da-ultimatum-a-yucatecos-tienen-hasta-manana-para-recoger-sus-credenciales\/","name":"INE da 'ultim\u00e1tum' a yucatecos: tienen hasta ma\u00f1ana para recoger sus credenciales","isPartOf":{"@id":"https:\/\/reporteroshoy.mx\/noticias\/#website"},"primaryImageOfPage":{"@id":"https:\/\/reporteroshoy.mx\/noticias\/ine-da-ultimatum-a-yucatecos-tienen-hasta-manana-para-recoger-sus-credenciales\/#primaryimage"},"image":{"@id":"https:\/\/reporteroshoy.mx\/noticias\/ine-da-ultimatum-a-yucatecos-tienen-hasta-manana-para-recoger-sus-credenciales\/#primaryimage"},"thumbnailUrl":"https:\/\/reporteroshoy.mx\/noticias\/wp-content\/uploads\/2022\/02\/INE-MODULOS-2-scaled.jpg","datePublished":"2022-02-27T17:22:27+00:00","author":{"@id":"https:\/\/reporteroshoy.mx\/noticias\/#\/schema\/person\/d32189074678a9d41498d4248e29aac3"},"description":"Se trata de 479 micas que fueron 'abandonadas' por sus titulares. De no acudir por ellas, ser\u00e1n dados de baja del padr\u00f3n y quedar\u00e1n imposibilitados para votar.","breadcrumb":{"@id":"https:\/\/reporteroshoy.mx\/noticias\/ine-da-ultimatum-a-yucatecos-tienen-hasta-manana-para-recoger-sus-credenciales\/#breadcrumb"},"inLanguage":"es","potentialAction":[{"@type":"ReadAction","target":["https:\/\/reporteroshoy.mx\/noticias\/ine-da-ultimatum-a-yucatecos-tienen-hasta-manana-para-recoger-sus-credenciales\/"]}]},{"@type":"ImageObject","inLanguage":"es","@id":"https:\/\/reporteroshoy.mx\/noticias\/ine-da-ultimatum-a-yucatecos-tienen-hasta-manana-para-recoger-sus-credenciales\/#primaryimage","url":"https:\/\/reporteroshoy.mx\/noticias\/wp-content\/uploads\/2022\/02\/INE-MODULOS-2-scaled.jpg","contentUrl":"https:\/\/reporteroshoy.mx\/noticias\/wp-content\/uploads\/2022\/02\/INE-MODULOS-2-scaled.jpg","width":768,"height":467},{"@type":"BreadcrumbList","@id":"https:\/\/reporteroshoy.mx\/noticias\/ine-da-ultimatum-a-yucatecos-tienen-hasta-manana-para-recoger-sus-credenciales\/#breadcrumb","itemListElement":[{"@type":"ListItem","position":1,"name":"Portada","item":"https:\/\/reporteroshoy.mx\/noticias\/"},{"@type":"ListItem","position":2,"name":"INE da &#8216;ultim\u00e1tum&#8217; a yucatecos: tienen hasta ma\u00f1ana para recoger sus credenciales"}]},{"@type":"WebSite","@id":"https:\/\/reporteroshoy.mx\/noticias\/#website","url":"https:\/\/reporteroshoy.mx\/noticias\/","name":"Reporteros Hoy | Noticias de Yucat\u00e1n","description":"Peri\u00f3dico digital con noticias diarias desde M\u00e9rida, Yucat\u00e1n para el mundo.","potentialAction":[{"@type":"SearchAction","target":{"@type":"EntryPoint","urlTemplate":"https:\/\/reporteroshoy.mx\/noticias\/?s={search_term_string}"},"query-input":{"@type":"PropertyValueSpecification","valueRequired":true,"valueName":"search_term_string"}}],"inLanguage":"es"},{"@type":"Person","@id":"https:\/\/reporteroshoy.mx\/noticias\/#\/schema\/person\/d32189074678a9d41498d4248e29aac3","name":"Reporteros Hoy HY","image":{"@type":"ImageObject","inLanguage":"es","@id":"https:\/\/secure.gravatar.com\/avatar\/c539a82770f256437b35bda44650bb50f5fd4b7017f8b29672ed9f27a43cec47?s=96&d=mm&r=g","url":"https:\/\/secure.gravatar.com\/avatar\/c539a82770f256437b35bda44650bb50f5fd4b7017f8b29672ed9f27a43cec47?s=96&d=mm&r=g","contentUrl":"https:\/\/secure.gravatar.com\/avatar\/c539a82770f256437b35bda44650bb50f5fd4b7017f8b29672ed9f27a43cec47?s=96&d=mm&r=g","caption":"Reporteros Hoy HY"},"url":"https:\/\/reporteroshoy.mx\/noticias\/author\/thelmo\/"}]}},"_links":{"self":[{"href":"https:\/\/reporteroshoy.mx\/noticias\/wp-json\/wp\/v2\/posts\/81704","targetHints":{"allow":["GET"]}}],"collection":[{"href":"https:\/\/reporteroshoy.mx\/noticias\/wp-json\/wp\/v2\/posts"}],"about":[{"href":"https:\/\/reporteroshoy.mx\/noticias\/wp-json\/wp\/v2\/types\/post"}],"author":[{"embeddable":true,"href":"https:\/\/reporteroshoy.mx\/noticias\/wp-json\/wp\/v2\/users\/2"}],"replies":[{"embeddable":true,"href":"https:\/\/reporteroshoy.mx\/noticias\/wp-json\/wp\/v2\/comments?post=81704"}],"version-history":[{"count":0,"href":"https:\/\/reporteroshoy.mx\/noticias\/wp-json\/wp\/v2\/posts\/81704\/revisions"}],"wp:featuredmedia":[{"embeddable":true,"href":"https:\/\/reporteroshoy.mx\/noticias\/wp-json\/wp\/v2\/media\/81706"}],"wp:attachment":[{"href":"https:\/\/reporteroshoy.mx\/noticias\/wp-json\/wp\/v2\/media?parent=81704"}],"wp:term":[{"taxonomy":"category","embeddable":true,"href":"https:\/\/reporteroshoy.mx\/noticias\/wp-json\/wp\/v2\/categories?post=81704"},{"taxonomy":"post_tag","embeddable":true,"href":"https:\/\/reporteroshoy.mx\/noticias\/wp-json\/wp\/v2\/tags?post=81704"}],"curies":[{"name":"wp","href":"https:\/\/api.w.org\/{rel}","templated":true}]}}