{"id":82378,"date":"2022-03-12T10:08:10","date_gmt":"2022-03-12T16:08:10","guid":{"rendered":"https:\/\/reporteroshoy.mx\/noticias\/?p=82378"},"modified":"2022-03-12T10:25:34","modified_gmt":"2022-03-12T16:25:34","slug":"yucatan-entre-los-estados-en-los-que-se-retiraran-espectaculares","status":"publish","type":"post","link":"https:\/\/reporteroshoy.mx\/noticias\/yucatan-entre-los-estados-en-los-que-se-retiraran-espectaculares\/","title":{"rendered":"Yucat\u00e1n, entre los estados en los que se retirar\u00e1n espectaculares"},"content":{"rendered":"<p style=\"text-align: justify;\">M\u00e9xico, 12 de marzo de 2022.- La Comisi\u00f3n de Quejas y Denuncias del Instituto Nacional Electoral (INE) declar\u00f3 procedentes las medidas cautelares solicitadas por los partidos pol\u00edticos Acci\u00f3n Nacional, de la Revoluci\u00f3n Democr\u00e1tica y Revolucionario Institucional y diversos ciudadanos en contra del partido Morena, la asociaci\u00f3n civil <em>Que siga la Democracia<\/em> y quien resulte responsable, por la colocaci\u00f3n de propaganda en espectaculares, lonas, bardas y adheridas en postes, en 15 entidades de la Rep\u00fablica Mexicana, cuyo contenido, seg\u00fan los quejosos, pretende influir indebidamente al Titular del Ejecutivo Federal durante el proceso de Revocaci\u00f3n de Mandato, en contravenci\u00f3n a la Constituci\u00f3n y a la ley reglamentaria.<\/p>\n<p><img loading=\"lazy\" decoding=\"async\" class=\"wp-image-82379 aligncenter\" src=\"https:\/\/reporteroshoy.mx\/noticias\/wp-content\/uploads\/2022\/03\/QUE-SIGA-LA-DEMOCRACIA-scaled.jpg\" alt=\"\" width=\"658\" height=\"291\" \/><\/p>\n<p style=\"text-align: justify;\">Los integrantes del colegiado, en un an\u00e1lisis preliminar, razonaron que si bien la ciudadan\u00eda se encuentra en plena libertad para externar su posici\u00f3n en torno al proceso de revocaci\u00f3n de mandato y hacer p\u00fablico su apoyo al presidente de la Rep\u00fablica para que contin\u00fae en el cargo, ello debe estar libres de injerencias, financiamiento p\u00fablico y de intervenciones partidistas o gubernamentales.<\/p>\n<p style=\"text-align: justify;\">De la investigaci\u00f3n realizada por el INE se refleja, en una perspectiva preliminar, que la propaganda consiste en 278 anuncios espectaculares, 21 elementos de propaganda adherida en equipamiento urbano, 36 bardas y 11 lonas, guardan exacta identidad gr\u00e1fica, tipo, costo, magnitud y ubicaci\u00f3n, misma que resulta coincidente con la propaganda difundida por <em>Que Siga la Democracia A.C.<\/em> en su portal de internet, la cual fue desplegada en 15 entidades federativas: Aguascalientes, Baja California, Ciudad de M\u00e9xico, Colima, Durango, Hidalgo, Michoac\u00e1n, Nayarit, Oaxaca, Quintana Roo, Tamaulipas, Estado de M\u00e9xico, Guerrero, Veracruz y Yucat\u00e1n.<\/p>\n<p style=\"text-align: justify;\">As\u00ed, de manera preliminar, la Comisi\u00f3n lleg\u00f3 a la conclusi\u00f3n que la propaganda denunciada no puede tenerse como genuinamente ciudadana, sino que es resultado de una posible simulaci\u00f3n en forma de estrategia a nivel nacional ajena al derecho de la ciudadan\u00eda para participar en este ejercicio, esto es, una campa\u00f1a orquestada. Adem\u00e1s, advirti\u00f3 que hasta este momento existe una falta de certeza sobre la autor\u00eda y recursos involucrados para la elaboraci\u00f3n y difusi\u00f3n de la propaganda en cuesti\u00f3n.<\/p>\n<p style=\"text-align: justify;\">En consecuencia, la Comisi\u00f3n estim\u00f3 pertinente ordenar a distintas personas f\u00edsicas y morales, as\u00ed como a personas f\u00edsicas y morales del Registro Nacional de Proveedores de este Instituto, para que informen al INE toda lo relativo a la contrataci\u00f3n de esos espacios de publicidad. De tener la documentaci\u00f3n que acredite la legalidad de la misma, la publicidad podr\u00e1 permanecer, en caso contrario, deber\u00e1 ser retirada. Orden\u00e1ndose lo siguiente:<\/p>\n<ol style=\"text-align: justify;\">\n<li>A 61 municipios en un plazo m\u00e1ximo de 72 horas, el retiro de la propaganda que no se ubique en propiedad privada;<\/li>\n<li>A las personas f\u00edsicas o morales que se\u00f1ala el Acuerdo, para que, en un plazo m\u00e1ximo de 72 horas, retiren los anuncios espectaculares sobre los que tengan derecho, debiendo presentar al INE la documentaci\u00f3n que acredite la contrataci\u00f3n legal del espacio;<\/li>\n<li>A las personas f\u00edsicas o morales del Registro Nacional de Proveedores, para que, en un plazo m\u00e1ximo de 72 horas, retiren la propagada, debiendo presentar ante el INE la documentaci\u00f3n que acredite la contrataci\u00f3n legal del espacio; y<\/li>\n<li>A la asociaci\u00f3n civil \u201cQue siga la Democracia\u201d para que, en un plazo m\u00e1ximo de 24 horas, publique en su p\u00e1gina de internet <a href=\"https:\/\/www.quesigalademocracia.mx\/\"><span style=\"background-color: #ffffff; color: #0000ff;\"><span style=\"text-decoration: underline;\"><strong>https:\/\/www.quesigalademocracia.mx\/<\/strong><\/span><\/span><\/a>, de forma visible, el siguiente texto:\u00a0<em>\u201cEl INE orden\u00f3 el retiro de propaganda sobre revocaci\u00f3n de mandato a trav\u00e9s de anuncios espectaculares que contenga o incluya el dise\u00f1o, formato o herramientas que en esta p\u00e1gina se pone a disposici\u00f3n para su uso, con excepci\u00f3n de aquella propaganda que tenga soporte en un contrato legalmente v\u00e1lido, en cuyo caso se deber\u00e1 presentar la documentaci\u00f3n correspondiente ante cualquier oficina del INE.\u201d\u00a0<\/em><\/li>\n<\/ol>\n<p style=\"text-align: justify;\">La justificaci\u00f3n de estas medidas es para preservar el orden constitucional y legal, as\u00ed como los principios de legalidad, certeza, imparcialidad y m\u00e1xima publicidad en el contexto del actual proceso de Revocaci\u00f3n de Mandato cuya jornada ser\u00e1 en pr\u00f3ximo 10 de abril.<\/p>\n<p style=\"text-align: justify;\">El proyecto fue aprobado por unanimidad de votos de la consejera Claudia Zavala y el consejero Ciro Murayama, as\u00ed como de la consejera presidenta de la Comisi\u00f3n de Quejas y Denuncias, Adriana Favela Herrera.<\/p>\n","protected":false},"excerpt":{"rendered":"<p>INE observa que se trata de una estrategia publicitaria y no de una expresi\u00f3n genuina de la ciudadan\u00eda <\/p>\n","protected":false},"author":5,"featured_media":82379,"comment_status":"open","ping_status":"closed","sticky":false,"template":"","format":"standard","meta":{"footnotes":""},"categories":[2],"tags":[21032,1742,20453],"class_list":["post-82378","post","type-post","status-publish","format-standard","has-post-thumbnail","hentry","category-boletines","tag-espectaculares","tag-ine","tag-que-siga-la-democracia"],"yoast_head":"<!-- This site is optimized with the Yoast SEO plugin v28.4 - https:\/\/yoast.com\/product\/yoast-seo-wordpress\/ -->\n<title>Yucat\u00e1n, entre los estados en los que se retirar\u00e1n espectaculares<\/title>\n<meta name=\"description\" content=\"INE observa que se trata de una estrategia publicitaria y no de una expresi\u00f3n genuina de la ciudadan\u00eda\" \/>\n<meta name=\"robots\" content=\"index, follow, max-snippet:-1, max-image-preview:large, max-video-preview:-1\" \/>\n<link rel=\"canonical\" href=\"https:\/\/reporteroshoy.mx\/noticias\/yucatan-entre-los-estados-en-los-que-se-retiraran-espectaculares\/\" \/>\n<meta property=\"og:locale\" content=\"es_ES\" \/>\n<meta property=\"og:type\" content=\"article\" \/>\n<meta property=\"og:title\" content=\"Yucat\u00e1n, entre los estados en los que se retirar\u00e1n espectaculares\" \/>\n<meta property=\"og:description\" content=\"INE observa que se trata de una estrategia publicitaria y no de una expresi\u00f3n genuina de la ciudadan\u00eda\" \/>\n<meta property=\"og:url\" content=\"https:\/\/reporteroshoy.mx\/noticias\/yucatan-entre-los-estados-en-los-que-se-retiraran-espectaculares\/\" \/>\n<meta property=\"og:site_name\" content=\"Reporteros Hoy | Noticias de Yucat\u00e1n\" \/>\n<meta property=\"article:publisher\" content=\"http:\/\/www.facebook.com\/reporteroshoymx\" \/>\n<meta property=\"article:published_time\" content=\"2022-03-12T16:08:10+00:00\" \/>\n<meta property=\"article:modified_time\" content=\"2022-03-12T16:25:34+00:00\" \/>\n<meta property=\"og:image\" content=\"https:\/\/reporteroshoy.mx\/noticias\/wp-content\/uploads\/2022\/03\/QUE-SIGA-LA-DEMOCRACIA-scaled.jpg\" \/>\n\t<meta property=\"og:image:width\" content=\"768\" \/>\n\t<meta property=\"og:image:height\" content=\"340\" \/>\n\t<meta property=\"og:image:type\" content=\"image\/jpeg\" \/>\n<meta name=\"author\" content=\"Reporteros Hoy IM\" \/>\n<meta name=\"twitter:card\" content=\"summary_large_image\" \/>\n<meta name=\"twitter:creator\" content=\"@reporteroshoy\" \/>\n<meta name=\"twitter:site\" content=\"@reporteroshoy\" \/>\n<meta name=\"twitter:label1\" content=\"Escrito por\" \/>\n\t<meta name=\"twitter:data1\" content=\"Reporteros Hoy IM\" \/>\n\t<meta name=\"twitter:label2\" content=\"Tiempo de lectura\" \/>\n\t<meta name=\"twitter:data2\" content=\"4 minutos\" \/>\n<script type=\"application\/ld+json\" class=\"yoast-schema-graph\">{\"@context\":\"https:\\\/\\\/schema.org\",\"@graph\":[{\"@type\":\"Article\",\"@id\":\"https:\\\/\\\/reporteroshoy.mx\\\/noticias\\\/yucatan-entre-los-estados-en-los-que-se-retiraran-espectaculares\\\/#article\",\"isPartOf\":{\"@id\":\"https:\\\/\\\/reporteroshoy.mx\\\/noticias\\\/yucatan-entre-los-estados-en-los-que-se-retiraran-espectaculares\\\/\"},\"author\":{\"name\":\"Reporteros Hoy IM\",\"@id\":\"https:\\\/\\\/reporteroshoy.mx\\\/noticias\\\/#\\\/schema\\\/person\\\/948520f0d88b01be2e5266bc4acbbc15\"},\"headline\":\"Yucat\u00e1n, entre los estados en los que se retirar\u00e1n espectaculares\",\"datePublished\":\"2022-03-12T16:08:10+00:00\",\"dateModified\":\"2022-03-12T16:25:34+00:00\",\"mainEntityOfPage\":{\"@id\":\"https:\\\/\\\/reporteroshoy.mx\\\/noticias\\\/yucatan-entre-los-estados-en-los-que-se-retiraran-espectaculares\\\/\"},\"wordCount\":747,\"commentCount\":0,\"image\":{\"@id\":\"https:\\\/\\\/reporteroshoy.mx\\\/noticias\\\/yucatan-entre-los-estados-en-los-que-se-retiraran-espectaculares\\\/#primaryimage\"},\"thumbnailUrl\":\"https:\\\/\\\/reporteroshoy.mx\\\/noticias\\\/wp-content\\\/uploads\\\/2022\\\/03\\\/QUE-SIGA-LA-DEMOCRACIA-scaled.jpg\",\"keywords\":[\"Espectaculares\",\"INE\",\"Que siga la Democracia\"],\"articleSection\":[\"Boletines\"],\"inLanguage\":\"es\",\"potentialAction\":[{\"@type\":\"CommentAction\",\"name\":\"Comment\",\"target\":[\"https:\\\/\\\/reporteroshoy.mx\\\/noticias\\\/yucatan-entre-los-estados-en-los-que-se-retiraran-espectaculares\\\/#respond\"]}]},{\"@type\":\"WebPage\",\"@id\":\"https:\\\/\\\/reporteroshoy.mx\\\/noticias\\\/yucatan-entre-los-estados-en-los-que-se-retiraran-espectaculares\\\/\",\"url\":\"https:\\\/\\\/reporteroshoy.mx\\\/noticias\\\/yucatan-entre-los-estados-en-los-que-se-retiraran-espectaculares\\\/\",\"name\":\"Yucat\u00e1n, entre los estados en los que se retirar\u00e1n espectaculares\",\"isPartOf\":{\"@id\":\"https:\\\/\\\/reporteroshoy.mx\\\/noticias\\\/#website\"},\"primaryImageOfPage\":{\"@id\":\"https:\\\/\\\/reporteroshoy.mx\\\/noticias\\\/yucatan-entre-los-estados-en-los-que-se-retiraran-espectaculares\\\/#primaryimage\"},\"image\":{\"@id\":\"https:\\\/\\\/reporteroshoy.mx\\\/noticias\\\/yucatan-entre-los-estados-en-los-que-se-retiraran-espectaculares\\\/#primaryimage\"},\"thumbnailUrl\":\"https:\\\/\\\/reporteroshoy.mx\\\/noticias\\\/wp-content\\\/uploads\\\/2022\\\/03\\\/QUE-SIGA-LA-DEMOCRACIA-scaled.jpg\",\"datePublished\":\"2022-03-12T16:08:10+00:00\",\"dateModified\":\"2022-03-12T16:25:34+00:00\",\"author\":{\"@id\":\"https:\\\/\\\/reporteroshoy.mx\\\/noticias\\\/#\\\/schema\\\/person\\\/948520f0d88b01be2e5266bc4acbbc15\"},\"description\":\"INE observa que se trata de una estrategia publicitaria y no de una expresi\u00f3n genuina de la ciudadan\u00eda\",\"breadcrumb\":{\"@id\":\"https:\\\/\\\/reporteroshoy.mx\\\/noticias\\\/yucatan-entre-los-estados-en-los-que-se-retiraran-espectaculares\\\/#breadcrumb\"},\"inLanguage\":\"es\",\"potentialAction\":[{\"@type\":\"ReadAction\",\"target\":[\"https:\\\/\\\/reporteroshoy.mx\\\/noticias\\\/yucatan-entre-los-estados-en-los-que-se-retiraran-espectaculares\\\/\"]}]},{\"@type\":\"ImageObject\",\"inLanguage\":\"es\",\"@id\":\"https:\\\/\\\/reporteroshoy.mx\\\/noticias\\\/yucatan-entre-los-estados-en-los-que-se-retiraran-espectaculares\\\/#primaryimage\",\"url\":\"https:\\\/\\\/reporteroshoy.mx\\\/noticias\\\/wp-content\\\/uploads\\\/2022\\\/03\\\/QUE-SIGA-LA-DEMOCRACIA-scaled.jpg\",\"contentUrl\":\"https:\\\/\\\/reporteroshoy.mx\\\/noticias\\\/wp-content\\\/uploads\\\/2022\\\/03\\\/QUE-SIGA-LA-DEMOCRACIA-scaled.jpg\",\"width\":768,\"height\":340},{\"@type\":\"BreadcrumbList\",\"@id\":\"https:\\\/\\\/reporteroshoy.mx\\\/noticias\\\/yucatan-entre-los-estados-en-los-que-se-retiraran-espectaculares\\\/#breadcrumb\",\"itemListElement\":[{\"@type\":\"ListItem\",\"position\":1,\"name\":\"Portada\",\"item\":\"https:\\\/\\\/reporteroshoy.mx\\\/noticias\\\/\"},{\"@type\":\"ListItem\",\"position\":2,\"name\":\"Yucat\u00e1n, entre los estados en los que se retirar\u00e1n espectaculares\"}]},{\"@type\":\"WebSite\",\"@id\":\"https:\\\/\\\/reporteroshoy.mx\\\/noticias\\\/#website\",\"url\":\"https:\\\/\\\/reporteroshoy.mx\\\/noticias\\\/\",\"name\":\"Reporteros Hoy | Noticias de Yucat\u00e1n\",\"description\":\"Peri\u00f3dico digital con noticias diarias desde M\u00e9rida, Yucat\u00e1n para el mundo.\",\"potentialAction\":[{\"@type\":\"SearchAction\",\"target\":{\"@type\":\"EntryPoint\",\"urlTemplate\":\"https:\\\/\\\/reporteroshoy.mx\\\/noticias\\\/?s={search_term_string}\"},\"query-input\":{\"@type\":\"PropertyValueSpecification\",\"valueRequired\":true,\"valueName\":\"search_term_string\"}}],\"inLanguage\":\"es\"},{\"@type\":\"Person\",\"@id\":\"https:\\\/\\\/reporteroshoy.mx\\\/noticias\\\/#\\\/schema\\\/person\\\/948520f0d88b01be2e5266bc4acbbc15\",\"name\":\"Reporteros Hoy IM\",\"image\":{\"@type\":\"ImageObject\",\"inLanguage\":\"es\",\"@id\":\"https:\\\/\\\/secure.gravatar.com\\\/avatar\\\/d843030b96552826ac048bdfe26f2895604b800ed0c880ee55765a74d95dfc65?s=96&d=mm&r=g\",\"url\":\"https:\\\/\\\/secure.gravatar.com\\\/avatar\\\/d843030b96552826ac048bdfe26f2895604b800ed0c880ee55765a74d95dfc65?s=96&d=mm&r=g\",\"contentUrl\":\"https:\\\/\\\/secure.gravatar.com\\\/avatar\\\/d843030b96552826ac048bdfe26f2895604b800ed0c880ee55765a74d95dfc65?s=96&d=mm&r=g\",\"caption\":\"Reporteros Hoy IM\"},\"url\":\"https:\\\/\\\/reporteroshoy.mx\\\/noticias\\\/author\\\/israel\\\/\"}]}<\/script>\n<!-- \/ Yoast SEO plugin. -->","yoast_head_json":{"title":"Yucat\u00e1n, entre los estados en los que se retirar\u00e1n espectaculares","description":"INE observa que se trata de una estrategia publicitaria y no de una expresi\u00f3n genuina de la ciudadan\u00eda","robots":{"index":"index","follow":"follow","max-snippet":"max-snippet:-1","max-image-preview":"max-image-preview:large","max-video-preview":"max-video-preview:-1"},"canonical":"https:\/\/reporteroshoy.mx\/noticias\/yucatan-entre-los-estados-en-los-que-se-retiraran-espectaculares\/","og_locale":"es_ES","og_type":"article","og_title":"Yucat\u00e1n, entre los estados en los que se retirar\u00e1n espectaculares","og_description":"INE observa que se trata de una estrategia publicitaria y no de una expresi\u00f3n genuina de la ciudadan\u00eda","og_url":"https:\/\/reporteroshoy.mx\/noticias\/yucatan-entre-los-estados-en-los-que-se-retiraran-espectaculares\/","og_site_name":"Reporteros Hoy | Noticias de Yucat\u00e1n","article_publisher":"http:\/\/www.facebook.com\/reporteroshoymx","article_published_time":"2022-03-12T16:08:10+00:00","article_modified_time":"2022-03-12T16:25:34+00:00","og_image":[{"width":768,"height":340,"url":"https:\/\/reporteroshoy.mx\/noticias\/wp-content\/uploads\/2022\/03\/QUE-SIGA-LA-DEMOCRACIA-scaled.jpg","type":"image\/jpeg"}],"author":"Reporteros Hoy IM","twitter_card":"summary_large_image","twitter_creator":"@reporteroshoy","twitter_site":"@reporteroshoy","twitter_misc":{"Escrito por":"Reporteros Hoy IM","Tiempo de lectura":"4 minutos"},"schema":{"@context":"https:\/\/schema.org","@graph":[{"@type":"Article","@id":"https:\/\/reporteroshoy.mx\/noticias\/yucatan-entre-los-estados-en-los-que-se-retiraran-espectaculares\/#article","isPartOf":{"@id":"https:\/\/reporteroshoy.mx\/noticias\/yucatan-entre-los-estados-en-los-que-se-retiraran-espectaculares\/"},"author":{"name":"Reporteros Hoy IM","@id":"https:\/\/reporteroshoy.mx\/noticias\/#\/schema\/person\/948520f0d88b01be2e5266bc4acbbc15"},"headline":"Yucat\u00e1n, entre los estados en los que se retirar\u00e1n espectaculares","datePublished":"2022-03-12T16:08:10+00:00","dateModified":"2022-03-12T16:25:34+00:00","mainEntityOfPage":{"@id":"https:\/\/reporteroshoy.mx\/noticias\/yucatan-entre-los-estados-en-los-que-se-retiraran-espectaculares\/"},"wordCount":747,"commentCount":0,"image":{"@id":"https:\/\/reporteroshoy.mx\/noticias\/yucatan-entre-los-estados-en-los-que-se-retiraran-espectaculares\/#primaryimage"},"thumbnailUrl":"https:\/\/reporteroshoy.mx\/noticias\/wp-content\/uploads\/2022\/03\/QUE-SIGA-LA-DEMOCRACIA-scaled.jpg","keywords":["Espectaculares","INE","Que siga la Democracia"],"articleSection":["Boletines"],"inLanguage":"es","potentialAction":[{"@type":"CommentAction","name":"Comment","target":["https:\/\/reporteroshoy.mx\/noticias\/yucatan-entre-los-estados-en-los-que-se-retiraran-espectaculares\/#respond"]}]},{"@type":"WebPage","@id":"https:\/\/reporteroshoy.mx\/noticias\/yucatan-entre-los-estados-en-los-que-se-retiraran-espectaculares\/","url":"https:\/\/reporteroshoy.mx\/noticias\/yucatan-entre-los-estados-en-los-que-se-retiraran-espectaculares\/","name":"Yucat\u00e1n, entre los estados en los que se retirar\u00e1n espectaculares","isPartOf":{"@id":"https:\/\/reporteroshoy.mx\/noticias\/#website"},"primaryImageOfPage":{"@id":"https:\/\/reporteroshoy.mx\/noticias\/yucatan-entre-los-estados-en-los-que-se-retiraran-espectaculares\/#primaryimage"},"image":{"@id":"https:\/\/reporteroshoy.mx\/noticias\/yucatan-entre-los-estados-en-los-que-se-retiraran-espectaculares\/#primaryimage"},"thumbnailUrl":"https:\/\/reporteroshoy.mx\/noticias\/wp-content\/uploads\/2022\/03\/QUE-SIGA-LA-DEMOCRACIA-scaled.jpg","datePublished":"2022-03-12T16:08:10+00:00","dateModified":"2022-03-12T16:25:34+00:00","author":{"@id":"https:\/\/reporteroshoy.mx\/noticias\/#\/schema\/person\/948520f0d88b01be2e5266bc4acbbc15"},"description":"INE observa que se trata de una estrategia publicitaria y no de una expresi\u00f3n genuina de la ciudadan\u00eda","breadcrumb":{"@id":"https:\/\/reporteroshoy.mx\/noticias\/yucatan-entre-los-estados-en-los-que-se-retiraran-espectaculares\/#breadcrumb"},"inLanguage":"es","potentialAction":[{"@type":"ReadAction","target":["https:\/\/reporteroshoy.mx\/noticias\/yucatan-entre-los-estados-en-los-que-se-retiraran-espectaculares\/"]}]},{"@type":"ImageObject","inLanguage":"es","@id":"https:\/\/reporteroshoy.mx\/noticias\/yucatan-entre-los-estados-en-los-que-se-retiraran-espectaculares\/#primaryimage","url":"https:\/\/reporteroshoy.mx\/noticias\/wp-content\/uploads\/2022\/03\/QUE-SIGA-LA-DEMOCRACIA-scaled.jpg","contentUrl":"https:\/\/reporteroshoy.mx\/noticias\/wp-content\/uploads\/2022\/03\/QUE-SIGA-LA-DEMOCRACIA-scaled.jpg","width":768,"height":340},{"@type":"BreadcrumbList","@id":"https:\/\/reporteroshoy.mx\/noticias\/yucatan-entre-los-estados-en-los-que-se-retiraran-espectaculares\/#breadcrumb","itemListElement":[{"@type":"ListItem","position":1,"name":"Portada","item":"https:\/\/reporteroshoy.mx\/noticias\/"},{"@type":"ListItem","position":2,"name":"Yucat\u00e1n, entre los estados en los que se retirar\u00e1n espectaculares"}]},{"@type":"WebSite","@id":"https:\/\/reporteroshoy.mx\/noticias\/#website","url":"https:\/\/reporteroshoy.mx\/noticias\/","name":"Reporteros Hoy | Noticias de Yucat\u00e1n","description":"Peri\u00f3dico digital con noticias diarias desde M\u00e9rida, Yucat\u00e1n para el mundo.","potentialAction":[{"@type":"SearchAction","target":{"@type":"EntryPoint","urlTemplate":"https:\/\/reporteroshoy.mx\/noticias\/?s={search_term_string}"},"query-input":{"@type":"PropertyValueSpecification","valueRequired":true,"valueName":"search_term_string"}}],"inLanguage":"es"},{"@type":"Person","@id":"https:\/\/reporteroshoy.mx\/noticias\/#\/schema\/person\/948520f0d88b01be2e5266bc4acbbc15","name":"Reporteros Hoy IM","image":{"@type":"ImageObject","inLanguage":"es","@id":"https:\/\/secure.gravatar.com\/avatar\/d843030b96552826ac048bdfe26f2895604b800ed0c880ee55765a74d95dfc65?s=96&d=mm&r=g","url":"https:\/\/secure.gravatar.com\/avatar\/d843030b96552826ac048bdfe26f2895604b800ed0c880ee55765a74d95dfc65?s=96&d=mm&r=g","contentUrl":"https:\/\/secure.gravatar.com\/avatar\/d843030b96552826ac048bdfe26f2895604b800ed0c880ee55765a74d95dfc65?s=96&d=mm&r=g","caption":"Reporteros Hoy IM"},"url":"https:\/\/reporteroshoy.mx\/noticias\/author\/israel\/"}]}},"_links":{"self":[{"href":"https:\/\/reporteroshoy.mx\/noticias\/wp-json\/wp\/v2\/posts\/82378","targetHints":{"allow":["GET"]}}],"collection":[{"href":"https:\/\/reporteroshoy.mx\/noticias\/wp-json\/wp\/v2\/posts"}],"about":[{"href":"https:\/\/reporteroshoy.mx\/noticias\/wp-json\/wp\/v2\/types\/post"}],"author":[{"embeddable":true,"href":"https:\/\/reporteroshoy.mx\/noticias\/wp-json\/wp\/v2\/users\/5"}],"replies":[{"embeddable":true,"href":"https:\/\/reporteroshoy.mx\/noticias\/wp-json\/wp\/v2\/comments?post=82378"}],"version-history":[{"count":0,"href":"https:\/\/reporteroshoy.mx\/noticias\/wp-json\/wp\/v2\/posts\/82378\/revisions"}],"wp:featuredmedia":[{"embeddable":true,"href":"https:\/\/reporteroshoy.mx\/noticias\/wp-json\/wp\/v2\/media\/82379"}],"wp:attachment":[{"href":"https:\/\/reporteroshoy.mx\/noticias\/wp-json\/wp\/v2\/media?parent=82378"}],"wp:term":[{"taxonomy":"category","embeddable":true,"href":"https:\/\/reporteroshoy.mx\/noticias\/wp-json\/wp\/v2\/categories?post=82378"},{"taxonomy":"post_tag","embeddable":true,"href":"https:\/\/reporteroshoy.mx\/noticias\/wp-json\/wp\/v2\/tags?post=82378"}],"curies":[{"name":"wp","href":"https:\/\/api.w.org\/{rel}","templated":true}]}}