{"id":83032,"date":"2022-03-23T20:51:37","date_gmt":"2022-03-24T02:51:37","guid":{"rendered":"https:\/\/reporteroshoy.mx\/noticias\/?p=83032"},"modified":"2022-03-23T23:33:03","modified_gmt":"2022-03-24T05:33:03","slug":"murio-en-el-tsuru-camino-al-hospital","status":"publish","type":"post","link":"https:\/\/reporteroshoy.mx\/noticias\/murio-en-el-tsuru-camino-al-hospital\/","title":{"rendered":"Fallece en el Tsuru que la llevaba al hospital"},"content":{"rendered":"<p style=\"text-align: justify;\">Kanas\u00edn, Yucat\u00e1n; 23 de marzo de 2022 (ACOM).- La se\u00f1ora Emilia, de Yaxcab\u00e1, no alcanz\u00f3 a llegar a un hospital, ya que falleci\u00f3 en el trayecto a bordo de un veh\u00edculo justo cuando llegaban al puente de San Pedro Noh Pat, Kanas\u00edn.<\/p>\n<p style=\"text-align: justify;\">El suceso se report\u00f3 este mi\u00e9rcoles cuando la se\u00f1ora Emilia H. de 84 a\u00f1os, solicit\u00f3 a su hija llevarla a un m\u00e9dico ya que se sent\u00eda muy mal de salud.<\/p>\n<p><img loading=\"lazy\" decoding=\"async\" class=\"alignnone size-full wp-image-83034\" src=\"https:\/\/reporteroshoy.mx\/noticias\/wp-content\/uploads\/2022\/03\/tusuru-2-scaled.jpeg\" alt=\"\" width=\"768\" height=\"432\" \/><\/p>\n<p style=\"text-align: justify;\">Su hija solicit\u00f3 un autom\u00f3vil Nissan Tsuru, donde la abordaron para realizar su traslado, pero al llegar al puente de San Pedro Noh Pat, qued\u00f3 inconsciente por lo que el conductor se estacion\u00f3 en la lateral para pedir apoyo al 9-1\u20131.<\/p>\n<p style=\"text-align: justify;\">R\u00e1pidamente llegaron param\u00e9dicos de la SSP quienes, al atender a la se\u00f1ora, le informaron a su hija Ernestina, que su mam\u00e1 ya hab\u00eda fallecido.<\/p>\n<p style=\"text-align: justify;\">El \u00e1rea fue procesada para las diligencias correspondientes de la Fiscal\u00eda General del Estado.<\/p>\n","protected":false},"excerpt":{"rendered":"<p>Do\u00f1a Emilia ni chance tuvo de llegar, iba al hospital y justo en el puente de San Pedro Noh Pat perdi\u00f3 la vida. Descanse en paz.<\/p>\n","protected":false},"author":6,"featured_media":83033,"comment_status":"open","ping_status":"closed","sticky":false,"template":"","format":"standard","meta":{"footnotes":""},"categories":[14],"tags":[1020,4940],"class_list":["post-83032","post","type-post","status-publish","format-standard","has-post-thumbnail","hentry","category-policia","tag-kanasin","tag-tsuru"],"yoast_head":"<!-- This site is optimized with the Yoast SEO plugin v28.4 - https:\/\/yoast.com\/product\/yoast-seo-wordpress\/ -->\n<title>Fallece en el Tsuru que la llevaba al hospital<\/title>\n<meta name=\"description\" content=\"Do\u00f1a Emilia ni chance tuvo de llegar, iba al hospital y justo en el puente de San Pedro Noh Pat perdi\u00f3 la vida. Descanse en paz.\" \/>\n<meta name=\"robots\" content=\"index, follow, max-snippet:-1, max-image-preview:large, max-video-preview:-1\" \/>\n<link rel=\"canonical\" href=\"https:\/\/reporteroshoy.mx\/noticias\/murio-en-el-tsuru-camino-al-hospital\/\" \/>\n<meta property=\"og:locale\" content=\"es_ES\" \/>\n<meta property=\"og:type\" content=\"article\" \/>\n<meta property=\"og:title\" content=\"Fallece en el Tsuru que la llevaba al hospital\" \/>\n<meta property=\"og:description\" content=\"Do\u00f1a Emilia ni chance tuvo de llegar, iba al hospital y justo en el puente de San Pedro Noh Pat perdi\u00f3 la vida. Descanse en paz.\" \/>\n<meta property=\"og:url\" content=\"https:\/\/reporteroshoy.mx\/noticias\/murio-en-el-tsuru-camino-al-hospital\/\" \/>\n<meta property=\"og:site_name\" content=\"Reporteros Hoy | Noticias de Yucat\u00e1n\" \/>\n<meta property=\"article:publisher\" content=\"http:\/\/www.facebook.com\/reporteroshoymx\" \/>\n<meta property=\"article:published_time\" content=\"2022-03-24T02:51:37+00:00\" \/>\n<meta property=\"article:modified_time\" content=\"2022-03-24T05:33:03+00:00\" \/>\n<meta property=\"og:image\" content=\"https:\/\/reporteroshoy.mx\/noticias\/wp-content\/uploads\/2022\/03\/tusuru-1-scaled.jpeg\" \/>\n\t<meta property=\"og:image:width\" content=\"768\" \/>\n\t<meta property=\"og:image:height\" content=\"447\" \/>\n\t<meta property=\"og:image:type\" content=\"image\/jpeg\" \/>\n<meta name=\"author\" content=\"Reporteros Hoy GS\" \/>\n<meta name=\"twitter:card\" content=\"summary_large_image\" \/>\n<meta name=\"twitter:creator\" content=\"@reporteroshoy\" \/>\n<meta name=\"twitter:site\" content=\"@reporteroshoy\" \/>\n<meta name=\"twitter:label1\" content=\"Escrito por\" \/>\n\t<meta name=\"twitter:data1\" content=\"Reporteros Hoy GS\" \/>\n\t<meta name=\"twitter:label2\" content=\"Tiempo de lectura\" \/>\n\t<meta name=\"twitter:data2\" content=\"1 minuto\" \/>\n<script type=\"application\/ld+json\" class=\"yoast-schema-graph\">{\"@context\":\"https:\\\/\\\/schema.org\",\"@graph\":[{\"@type\":\"Article\",\"@id\":\"https:\\\/\\\/reporteroshoy.mx\\\/noticias\\\/murio-en-el-tsuru-camino-al-hospital\\\/#article\",\"isPartOf\":{\"@id\":\"https:\\\/\\\/reporteroshoy.mx\\\/noticias\\\/murio-en-el-tsuru-camino-al-hospital\\\/\"},\"author\":{\"name\":\"Reporteros Hoy GS\",\"@id\":\"https:\\\/\\\/reporteroshoy.mx\\\/noticias\\\/#\\\/schema\\\/person\\\/49ae631fc906b44554e4ba3866c505d7\"},\"headline\":\"Fallece en el Tsuru que la llevaba al hospital\",\"datePublished\":\"2022-03-24T02:51:37+00:00\",\"dateModified\":\"2022-03-24T05:33:03+00:00\",\"mainEntityOfPage\":{\"@id\":\"https:\\\/\\\/reporteroshoy.mx\\\/noticias\\\/murio-en-el-tsuru-camino-al-hospital\\\/\"},\"wordCount\":174,\"commentCount\":0,\"image\":{\"@id\":\"https:\\\/\\\/reporteroshoy.mx\\\/noticias\\\/murio-en-el-tsuru-camino-al-hospital\\\/#primaryimage\"},\"thumbnailUrl\":\"https:\\\/\\\/reporteroshoy.mx\\\/noticias\\\/wp-content\\\/uploads\\\/2022\\\/03\\\/tusuru-1-scaled.jpeg\",\"keywords\":[\"Kanas\u00edn\",\"Tsuru\"],\"articleSection\":[\"Polic\u00eda\"],\"inLanguage\":\"es\",\"potentialAction\":[{\"@type\":\"CommentAction\",\"name\":\"Comment\",\"target\":[\"https:\\\/\\\/reporteroshoy.mx\\\/noticias\\\/murio-en-el-tsuru-camino-al-hospital\\\/#respond\"]}]},{\"@type\":\"WebPage\",\"@id\":\"https:\\\/\\\/reporteroshoy.mx\\\/noticias\\\/murio-en-el-tsuru-camino-al-hospital\\\/\",\"url\":\"https:\\\/\\\/reporteroshoy.mx\\\/noticias\\\/murio-en-el-tsuru-camino-al-hospital\\\/\",\"name\":\"Fallece en el Tsuru que la llevaba al hospital\",\"isPartOf\":{\"@id\":\"https:\\\/\\\/reporteroshoy.mx\\\/noticias\\\/#website\"},\"primaryImageOfPage\":{\"@id\":\"https:\\\/\\\/reporteroshoy.mx\\\/noticias\\\/murio-en-el-tsuru-camino-al-hospital\\\/#primaryimage\"},\"image\":{\"@id\":\"https:\\\/\\\/reporteroshoy.mx\\\/noticias\\\/murio-en-el-tsuru-camino-al-hospital\\\/#primaryimage\"},\"thumbnailUrl\":\"https:\\\/\\\/reporteroshoy.mx\\\/noticias\\\/wp-content\\\/uploads\\\/2022\\\/03\\\/tusuru-1-scaled.jpeg\",\"datePublished\":\"2022-03-24T02:51:37+00:00\",\"dateModified\":\"2022-03-24T05:33:03+00:00\",\"author\":{\"@id\":\"https:\\\/\\\/reporteroshoy.mx\\\/noticias\\\/#\\\/schema\\\/person\\\/49ae631fc906b44554e4ba3866c505d7\"},\"description\":\"Do\u00f1a Emilia ni chance tuvo de llegar, iba al hospital y justo en el puente de San Pedro Noh Pat perdi\u00f3 la vida. Descanse en paz.\",\"breadcrumb\":{\"@id\":\"https:\\\/\\\/reporteroshoy.mx\\\/noticias\\\/murio-en-el-tsuru-camino-al-hospital\\\/#breadcrumb\"},\"inLanguage\":\"es\",\"potentialAction\":[{\"@type\":\"ReadAction\",\"target\":[\"https:\\\/\\\/reporteroshoy.mx\\\/noticias\\\/murio-en-el-tsuru-camino-al-hospital\\\/\"]}]},{\"@type\":\"ImageObject\",\"inLanguage\":\"es\",\"@id\":\"https:\\\/\\\/reporteroshoy.mx\\\/noticias\\\/murio-en-el-tsuru-camino-al-hospital\\\/#primaryimage\",\"url\":\"https:\\\/\\\/reporteroshoy.mx\\\/noticias\\\/wp-content\\\/uploads\\\/2022\\\/03\\\/tusuru-1-scaled.jpeg\",\"contentUrl\":\"https:\\\/\\\/reporteroshoy.mx\\\/noticias\\\/wp-content\\\/uploads\\\/2022\\\/03\\\/tusuru-1-scaled.jpeg\",\"width\":768,\"height\":447},{\"@type\":\"BreadcrumbList\",\"@id\":\"https:\\\/\\\/reporteroshoy.mx\\\/noticias\\\/murio-en-el-tsuru-camino-al-hospital\\\/#breadcrumb\",\"itemListElement\":[{\"@type\":\"ListItem\",\"position\":1,\"name\":\"Portada\",\"item\":\"https:\\\/\\\/reporteroshoy.mx\\\/noticias\\\/\"},{\"@type\":\"ListItem\",\"position\":2,\"name\":\"Fallece en el Tsuru que la llevaba al hospital\"}]},{\"@type\":\"WebSite\",\"@id\":\"https:\\\/\\\/reporteroshoy.mx\\\/noticias\\\/#website\",\"url\":\"https:\\\/\\\/reporteroshoy.mx\\\/noticias\\\/\",\"name\":\"Reporteros Hoy | Noticias de Yucat\u00e1n\",\"description\":\"Peri\u00f3dico digital con noticias diarias desde M\u00e9rida, Yucat\u00e1n para el mundo.\",\"potentialAction\":[{\"@type\":\"SearchAction\",\"target\":{\"@type\":\"EntryPoint\",\"urlTemplate\":\"https:\\\/\\\/reporteroshoy.mx\\\/noticias\\\/?s={search_term_string}\"},\"query-input\":{\"@type\":\"PropertyValueSpecification\",\"valueRequired\":true,\"valueName\":\"search_term_string\"}}],\"inLanguage\":\"es\"},{\"@type\":\"Person\",\"@id\":\"https:\\\/\\\/reporteroshoy.mx\\\/noticias\\\/#\\\/schema\\\/person\\\/49ae631fc906b44554e4ba3866c505d7\",\"name\":\"Reporteros Hoy GS\",\"image\":{\"@type\":\"ImageObject\",\"inLanguage\":\"es\",\"@id\":\"https:\\\/\\\/secure.gravatar.com\\\/avatar\\\/00d32adb620345c3db2cfc175917f65c584e1e338fdc49ad126aa1f9830eb6a9?s=96&d=mm&r=g\",\"url\":\"https:\\\/\\\/secure.gravatar.com\\\/avatar\\\/00d32adb620345c3db2cfc175917f65c584e1e338fdc49ad126aa1f9830eb6a9?s=96&d=mm&r=g\",\"contentUrl\":\"https:\\\/\\\/secure.gravatar.com\\\/avatar\\\/00d32adb620345c3db2cfc175917f65c584e1e338fdc49ad126aa1f9830eb6a9?s=96&d=mm&r=g\",\"caption\":\"Reporteros Hoy GS\"},\"url\":\"https:\\\/\\\/reporteroshoy.mx\\\/noticias\\\/author\\\/lupis\\\/\"}]}<\/script>\n<!-- \/ Yoast SEO plugin. -->","yoast_head_json":{"title":"Fallece en el Tsuru que la llevaba al hospital","description":"Do\u00f1a Emilia ni chance tuvo de llegar, iba al hospital y justo en el puente de San Pedro Noh Pat perdi\u00f3 la vida. Descanse en paz.","robots":{"index":"index","follow":"follow","max-snippet":"max-snippet:-1","max-image-preview":"max-image-preview:large","max-video-preview":"max-video-preview:-1"},"canonical":"https:\/\/reporteroshoy.mx\/noticias\/murio-en-el-tsuru-camino-al-hospital\/","og_locale":"es_ES","og_type":"article","og_title":"Fallece en el Tsuru que la llevaba al hospital","og_description":"Do\u00f1a Emilia ni chance tuvo de llegar, iba al hospital y justo en el puente de San Pedro Noh Pat perdi\u00f3 la vida. Descanse en paz.","og_url":"https:\/\/reporteroshoy.mx\/noticias\/murio-en-el-tsuru-camino-al-hospital\/","og_site_name":"Reporteros Hoy | Noticias de Yucat\u00e1n","article_publisher":"http:\/\/www.facebook.com\/reporteroshoymx","article_published_time":"2022-03-24T02:51:37+00:00","article_modified_time":"2022-03-24T05:33:03+00:00","og_image":[{"width":768,"height":447,"url":"https:\/\/reporteroshoy.mx\/noticias\/wp-content\/uploads\/2022\/03\/tusuru-1-scaled.jpeg","type":"image\/jpeg"}],"author":"Reporteros Hoy GS","twitter_card":"summary_large_image","twitter_creator":"@reporteroshoy","twitter_site":"@reporteroshoy","twitter_misc":{"Escrito por":"Reporteros Hoy GS","Tiempo de lectura":"1 minuto"},"schema":{"@context":"https:\/\/schema.org","@graph":[{"@type":"Article","@id":"https:\/\/reporteroshoy.mx\/noticias\/murio-en-el-tsuru-camino-al-hospital\/#article","isPartOf":{"@id":"https:\/\/reporteroshoy.mx\/noticias\/murio-en-el-tsuru-camino-al-hospital\/"},"author":{"name":"Reporteros Hoy GS","@id":"https:\/\/reporteroshoy.mx\/noticias\/#\/schema\/person\/49ae631fc906b44554e4ba3866c505d7"},"headline":"Fallece en el Tsuru que la llevaba al hospital","datePublished":"2022-03-24T02:51:37+00:00","dateModified":"2022-03-24T05:33:03+00:00","mainEntityOfPage":{"@id":"https:\/\/reporteroshoy.mx\/noticias\/murio-en-el-tsuru-camino-al-hospital\/"},"wordCount":174,"commentCount":0,"image":{"@id":"https:\/\/reporteroshoy.mx\/noticias\/murio-en-el-tsuru-camino-al-hospital\/#primaryimage"},"thumbnailUrl":"https:\/\/reporteroshoy.mx\/noticias\/wp-content\/uploads\/2022\/03\/tusuru-1-scaled.jpeg","keywords":["Kanas\u00edn","Tsuru"],"articleSection":["Polic\u00eda"],"inLanguage":"es","potentialAction":[{"@type":"CommentAction","name":"Comment","target":["https:\/\/reporteroshoy.mx\/noticias\/murio-en-el-tsuru-camino-al-hospital\/#respond"]}]},{"@type":"WebPage","@id":"https:\/\/reporteroshoy.mx\/noticias\/murio-en-el-tsuru-camino-al-hospital\/","url":"https:\/\/reporteroshoy.mx\/noticias\/murio-en-el-tsuru-camino-al-hospital\/","name":"Fallece en el Tsuru que la llevaba al hospital","isPartOf":{"@id":"https:\/\/reporteroshoy.mx\/noticias\/#website"},"primaryImageOfPage":{"@id":"https:\/\/reporteroshoy.mx\/noticias\/murio-en-el-tsuru-camino-al-hospital\/#primaryimage"},"image":{"@id":"https:\/\/reporteroshoy.mx\/noticias\/murio-en-el-tsuru-camino-al-hospital\/#primaryimage"},"thumbnailUrl":"https:\/\/reporteroshoy.mx\/noticias\/wp-content\/uploads\/2022\/03\/tusuru-1-scaled.jpeg","datePublished":"2022-03-24T02:51:37+00:00","dateModified":"2022-03-24T05:33:03+00:00","author":{"@id":"https:\/\/reporteroshoy.mx\/noticias\/#\/schema\/person\/49ae631fc906b44554e4ba3866c505d7"},"description":"Do\u00f1a Emilia ni chance tuvo de llegar, iba al hospital y justo en el puente de San Pedro Noh Pat perdi\u00f3 la vida. Descanse en paz.","breadcrumb":{"@id":"https:\/\/reporteroshoy.mx\/noticias\/murio-en-el-tsuru-camino-al-hospital\/#breadcrumb"},"inLanguage":"es","potentialAction":[{"@type":"ReadAction","target":["https:\/\/reporteroshoy.mx\/noticias\/murio-en-el-tsuru-camino-al-hospital\/"]}]},{"@type":"ImageObject","inLanguage":"es","@id":"https:\/\/reporteroshoy.mx\/noticias\/murio-en-el-tsuru-camino-al-hospital\/#primaryimage","url":"https:\/\/reporteroshoy.mx\/noticias\/wp-content\/uploads\/2022\/03\/tusuru-1-scaled.jpeg","contentUrl":"https:\/\/reporteroshoy.mx\/noticias\/wp-content\/uploads\/2022\/03\/tusuru-1-scaled.jpeg","width":768,"height":447},{"@type":"BreadcrumbList","@id":"https:\/\/reporteroshoy.mx\/noticias\/murio-en-el-tsuru-camino-al-hospital\/#breadcrumb","itemListElement":[{"@type":"ListItem","position":1,"name":"Portada","item":"https:\/\/reporteroshoy.mx\/noticias\/"},{"@type":"ListItem","position":2,"name":"Fallece en el Tsuru que la llevaba al hospital"}]},{"@type":"WebSite","@id":"https:\/\/reporteroshoy.mx\/noticias\/#website","url":"https:\/\/reporteroshoy.mx\/noticias\/","name":"Reporteros Hoy | Noticias de Yucat\u00e1n","description":"Peri\u00f3dico digital con noticias diarias desde M\u00e9rida, Yucat\u00e1n para el mundo.","potentialAction":[{"@type":"SearchAction","target":{"@type":"EntryPoint","urlTemplate":"https:\/\/reporteroshoy.mx\/noticias\/?s={search_term_string}"},"query-input":{"@type":"PropertyValueSpecification","valueRequired":true,"valueName":"search_term_string"}}],"inLanguage":"es"},{"@type":"Person","@id":"https:\/\/reporteroshoy.mx\/noticias\/#\/schema\/person\/49ae631fc906b44554e4ba3866c505d7","name":"Reporteros Hoy GS","image":{"@type":"ImageObject","inLanguage":"es","@id":"https:\/\/secure.gravatar.com\/avatar\/00d32adb620345c3db2cfc175917f65c584e1e338fdc49ad126aa1f9830eb6a9?s=96&d=mm&r=g","url":"https:\/\/secure.gravatar.com\/avatar\/00d32adb620345c3db2cfc175917f65c584e1e338fdc49ad126aa1f9830eb6a9?s=96&d=mm&r=g","contentUrl":"https:\/\/secure.gravatar.com\/avatar\/00d32adb620345c3db2cfc175917f65c584e1e338fdc49ad126aa1f9830eb6a9?s=96&d=mm&r=g","caption":"Reporteros Hoy GS"},"url":"https:\/\/reporteroshoy.mx\/noticias\/author\/lupis\/"}]}},"_links":{"self":[{"href":"https:\/\/reporteroshoy.mx\/noticias\/wp-json\/wp\/v2\/posts\/83032","targetHints":{"allow":["GET"]}}],"collection":[{"href":"https:\/\/reporteroshoy.mx\/noticias\/wp-json\/wp\/v2\/posts"}],"about":[{"href":"https:\/\/reporteroshoy.mx\/noticias\/wp-json\/wp\/v2\/types\/post"}],"author":[{"embeddable":true,"href":"https:\/\/reporteroshoy.mx\/noticias\/wp-json\/wp\/v2\/users\/6"}],"replies":[{"embeddable":true,"href":"https:\/\/reporteroshoy.mx\/noticias\/wp-json\/wp\/v2\/comments?post=83032"}],"version-history":[{"count":0,"href":"https:\/\/reporteroshoy.mx\/noticias\/wp-json\/wp\/v2\/posts\/83032\/revisions"}],"wp:featuredmedia":[{"embeddable":true,"href":"https:\/\/reporteroshoy.mx\/noticias\/wp-json\/wp\/v2\/media\/83033"}],"wp:attachment":[{"href":"https:\/\/reporteroshoy.mx\/noticias\/wp-json\/wp\/v2\/media?parent=83032"}],"wp:term":[{"taxonomy":"category","embeddable":true,"href":"https:\/\/reporteroshoy.mx\/noticias\/wp-json\/wp\/v2\/categories?post=83032"},{"taxonomy":"post_tag","embeddable":true,"href":"https:\/\/reporteroshoy.mx\/noticias\/wp-json\/wp\/v2\/tags?post=83032"}],"curies":[{"name":"wp","href":"https:\/\/api.w.org\/{rel}","templated":true}]}}