{"id":83196,"date":"2022-03-26T11:45:46","date_gmt":"2022-03-26T17:45:46","guid":{"rendered":"https:\/\/reporteroshoy.mx\/noticias\/?p=83196"},"modified":"2022-03-26T11:45:46","modified_gmt":"2022-03-26T17:45:46","slug":"comerciantes-meridanos-ven-con-optimismo-la-reactivacion-economica","status":"publish","type":"post","link":"https:\/\/reporteroshoy.mx\/noticias\/comerciantes-meridanos-ven-con-optimismo-la-reactivacion-economica\/","title":{"rendered":"Comerciantes meridanos ven con optimismo la reactivaci\u00f3n econ\u00f3mica"},"content":{"rendered":"<p style=\"text-align: justify;\">M\u00e9rida, Yucat\u00e1n; 26 de marzo de 2022 (ACOM).- El presidente de la C\u00e1mara Nacional de Comercio (Canaco) de M\u00e9rida, Iv\u00e1n Rodr\u00edguez Gasque, confirm\u00f3 que en las \u00faltimas semanas redujo de manera importante el n\u00famero de locales cerrados, principalmente en el centro hist\u00f3rico, como parte del proceso de reactivaci\u00f3n de la econom\u00eda que han emprendido los diversos rubros productivos de la entidad.<\/p>\n<p style=\"text-align: justify;\">\u201cHubo sucursales, empresas grandes y comercios grandes, que tuvieron sucursales que cerraron y fueron reduciendo, y que ya han abierto estas sucursales y en el Centro Hist\u00f3rico, ya vemos una reapertura de cortinas, a diferencia de lo que llegamos a tener en el punto m\u00e1ximo de cierre, un tiempo atr\u00e1s\u201d, se\u00f1al\u00f3.<\/p>\n<p><img loading=\"lazy\" decoding=\"async\" class=\"alignnone size-full wp-image-64079\" src=\"https:\/\/reporteroshoy.mx\/noticias\/wp-content\/uploads\/2021\/05\/Comercios-Merida.jpg\" alt=\"\" width=\"768\" height=\"432\" \/><\/p>\n<p style=\"text-align: justify;\">El informe de la Canaco indica que la \u00faltima semana se contabilizaron 40 establecimientos cerrados en el centro de M\u00e9rida, cifra alejada a los 200 comercios que llegaron a estar sin operar, ante la crisis econ\u00f3mica que gener\u00f3 la emergencia sanitaria por coronavirus.<\/p>\n<p style=\"text-align: justify;\">El l\u00edder de la agrupaci\u00f3n empresarial reconoci\u00f3 que si bien ya inici\u00f3 la recuperaci\u00f3n econ\u00f3mica, a\u00fan no se ha logrado alcanzar las cifras del a\u00f1o previo a la pandemia, algo que podr\u00eda estarse logrando en el 2022, siempre y cuando no exista una nueva ola de contagios de COVID-19.<\/p>\n<p style=\"text-align: justify;\">\u201cTodav\u00eda falta una recuperaci\u00f3n, pero en general la econom\u00eda va en forma positiva y yo espero que se vaya terminando de fortalecer. El segundo semestre del 2022, lo veo como un semestre que, si no tenemos una sorpresa, va a ser muy positivo para todos\u201d, apunt\u00f3.<\/p>\n<p style=\"text-align: justify;\">El sector comercio tambi\u00e9n hizo un exhorto a la poblaci\u00f3n a no bajar la guardia y mantener sus medidas de prevenci\u00f3n del coronavirus, como estrategia para no frenar la reactivaci\u00f3n de la econom\u00eda en el estado.<\/p>\n","protected":false},"excerpt":{"rendered":"<p>El presidente de la Canaco M\u00e9rida, Iv\u00e1n Rodr\u00edguez Gasque, confirm\u00f3 que en las \u00faltimas semanas redujo de manera importante el n\u00famero de locales cerrados, principalmente en el Centro Hist\u00f3rico.<\/p>\n","protected":false},"author":2,"featured_media":64079,"comment_status":"open","ping_status":"closed","sticky":false,"template":"","format":"standard","meta":{"footnotes":""},"categories":[17],"tags":[293,21216,11418],"class_list":["post-83196","post","type-post","status-publish","format-standard","has-post-thumbnail","hentry","category-yucatan","tag-canaco-merida","tag-comercios-en-merida","tag-reactivacion-economica"],"yoast_head":"<!-- This site is optimized with the Yoast SEO plugin v28.4 - https:\/\/yoast.com\/product\/yoast-seo-wordpress\/ -->\n<title>Comerciantes meridanos ven con optimismo la reactivaci\u00f3n econ\u00f3mica<\/title>\n<meta name=\"description\" content=\"El presidente de la Canaco M\u00e9rida, Iv\u00e1n Rodr\u00edguez Gasque, confirm\u00f3 que en las \u00faltimas semanas redujo de manera importante el n\u00famero de locales cerrados, principalmente en el Centro Hist\u00f3rico.\" \/>\n<meta name=\"robots\" content=\"index, follow, max-snippet:-1, max-image-preview:large, max-video-preview:-1\" \/>\n<link rel=\"canonical\" href=\"https:\/\/reporteroshoy.mx\/noticias\/comerciantes-meridanos-ven-con-optimismo-la-reactivacion-economica\/\" \/>\n<meta property=\"og:locale\" content=\"es_ES\" \/>\n<meta property=\"og:type\" content=\"article\" \/>\n<meta property=\"og:title\" content=\"Comerciantes meridanos ven con optimismo la reactivaci\u00f3n econ\u00f3mica\" \/>\n<meta property=\"og:description\" content=\"El presidente de la Canaco M\u00e9rida, Iv\u00e1n Rodr\u00edguez Gasque, confirm\u00f3 que en las \u00faltimas semanas redujo de manera importante el n\u00famero de locales cerrados, principalmente en el Centro Hist\u00f3rico.\" \/>\n<meta property=\"og:url\" content=\"https:\/\/reporteroshoy.mx\/noticias\/comerciantes-meridanos-ven-con-optimismo-la-reactivacion-economica\/\" \/>\n<meta property=\"og:site_name\" content=\"Reporteros Hoy | Noticias de Yucat\u00e1n\" \/>\n<meta property=\"article:publisher\" content=\"http:\/\/www.facebook.com\/reporteroshoymx\" \/>\n<meta property=\"article:published_time\" content=\"2022-03-26T17:45:46+00:00\" \/>\n<meta property=\"og:image\" content=\"https:\/\/reporteroshoy.mx\/noticias\/wp-content\/uploads\/2021\/05\/Comercios-Merida.jpg\" \/>\n\t<meta property=\"og:image:width\" content=\"768\" \/>\n\t<meta property=\"og:image:height\" content=\"432\" \/>\n\t<meta property=\"og:image:type\" content=\"image\/jpeg\" \/>\n<meta name=\"author\" content=\"Reporteros Hoy HY\" \/>\n<meta name=\"twitter:card\" content=\"summary_large_image\" \/>\n<meta name=\"twitter:creator\" content=\"@reporteroshoy\" \/>\n<meta name=\"twitter:site\" content=\"@reporteroshoy\" \/>\n<meta name=\"twitter:label1\" content=\"Escrito por\" \/>\n\t<meta name=\"twitter:data1\" content=\"Reporteros Hoy HY\" \/>\n\t<meta name=\"twitter:label2\" content=\"Tiempo de lectura\" \/>\n\t<meta name=\"twitter:data2\" content=\"2 minutos\" \/>\n<script type=\"application\/ld+json\" class=\"yoast-schema-graph\">{\"@context\":\"https:\\\/\\\/schema.org\",\"@graph\":[{\"@type\":\"Article\",\"@id\":\"https:\\\/\\\/reporteroshoy.mx\\\/noticias\\\/comerciantes-meridanos-ven-con-optimismo-la-reactivacion-economica\\\/#article\",\"isPartOf\":{\"@id\":\"https:\\\/\\\/reporteroshoy.mx\\\/noticias\\\/comerciantes-meridanos-ven-con-optimismo-la-reactivacion-economica\\\/\"},\"author\":{\"name\":\"Reporteros Hoy HY\",\"@id\":\"https:\\\/\\\/reporteroshoy.mx\\\/noticias\\\/#\\\/schema\\\/person\\\/d32189074678a9d41498d4248e29aac3\"},\"headline\":\"Comerciantes meridanos ven con optimismo la reactivaci\u00f3n econ\u00f3mica\",\"datePublished\":\"2022-03-26T17:45:46+00:00\",\"mainEntityOfPage\":{\"@id\":\"https:\\\/\\\/reporteroshoy.mx\\\/noticias\\\/comerciantes-meridanos-ven-con-optimismo-la-reactivacion-economica\\\/\"},\"wordCount\":322,\"commentCount\":0,\"image\":{\"@id\":\"https:\\\/\\\/reporteroshoy.mx\\\/noticias\\\/comerciantes-meridanos-ven-con-optimismo-la-reactivacion-economica\\\/#primaryimage\"},\"thumbnailUrl\":\"https:\\\/\\\/reporteroshoy.mx\\\/noticias\\\/wp-content\\\/uploads\\\/2021\\\/05\\\/Comercios-Merida.jpg\",\"keywords\":[\"Canaco M\u00e9rida\",\"comercios en M\u00e9rida\",\"Reactivaci\u00f3n Econ\u00f3mica\"],\"articleSection\":[\"Yucat\u00e1n\"],\"inLanguage\":\"es\",\"potentialAction\":[{\"@type\":\"CommentAction\",\"name\":\"Comment\",\"target\":[\"https:\\\/\\\/reporteroshoy.mx\\\/noticias\\\/comerciantes-meridanos-ven-con-optimismo-la-reactivacion-economica\\\/#respond\"]}]},{\"@type\":\"WebPage\",\"@id\":\"https:\\\/\\\/reporteroshoy.mx\\\/noticias\\\/comerciantes-meridanos-ven-con-optimismo-la-reactivacion-economica\\\/\",\"url\":\"https:\\\/\\\/reporteroshoy.mx\\\/noticias\\\/comerciantes-meridanos-ven-con-optimismo-la-reactivacion-economica\\\/\",\"name\":\"Comerciantes meridanos ven con optimismo la reactivaci\u00f3n econ\u00f3mica\",\"isPartOf\":{\"@id\":\"https:\\\/\\\/reporteroshoy.mx\\\/noticias\\\/#website\"},\"primaryImageOfPage\":{\"@id\":\"https:\\\/\\\/reporteroshoy.mx\\\/noticias\\\/comerciantes-meridanos-ven-con-optimismo-la-reactivacion-economica\\\/#primaryimage\"},\"image\":{\"@id\":\"https:\\\/\\\/reporteroshoy.mx\\\/noticias\\\/comerciantes-meridanos-ven-con-optimismo-la-reactivacion-economica\\\/#primaryimage\"},\"thumbnailUrl\":\"https:\\\/\\\/reporteroshoy.mx\\\/noticias\\\/wp-content\\\/uploads\\\/2021\\\/05\\\/Comercios-Merida.jpg\",\"datePublished\":\"2022-03-26T17:45:46+00:00\",\"author\":{\"@id\":\"https:\\\/\\\/reporteroshoy.mx\\\/noticias\\\/#\\\/schema\\\/person\\\/d32189074678a9d41498d4248e29aac3\"},\"description\":\"El presidente de la Canaco M\u00e9rida, Iv\u00e1n Rodr\u00edguez Gasque, confirm\u00f3 que en las \u00faltimas semanas redujo de manera importante el n\u00famero de locales cerrados, principalmente en el Centro Hist\u00f3rico.\",\"breadcrumb\":{\"@id\":\"https:\\\/\\\/reporteroshoy.mx\\\/noticias\\\/comerciantes-meridanos-ven-con-optimismo-la-reactivacion-economica\\\/#breadcrumb\"},\"inLanguage\":\"es\",\"potentialAction\":[{\"@type\":\"ReadAction\",\"target\":[\"https:\\\/\\\/reporteroshoy.mx\\\/noticias\\\/comerciantes-meridanos-ven-con-optimismo-la-reactivacion-economica\\\/\"]}]},{\"@type\":\"ImageObject\",\"inLanguage\":\"es\",\"@id\":\"https:\\\/\\\/reporteroshoy.mx\\\/noticias\\\/comerciantes-meridanos-ven-con-optimismo-la-reactivacion-economica\\\/#primaryimage\",\"url\":\"https:\\\/\\\/reporteroshoy.mx\\\/noticias\\\/wp-content\\\/uploads\\\/2021\\\/05\\\/Comercios-Merida.jpg\",\"contentUrl\":\"https:\\\/\\\/reporteroshoy.mx\\\/noticias\\\/wp-content\\\/uploads\\\/2021\\\/05\\\/Comercios-Merida.jpg\",\"width\":768,\"height\":432},{\"@type\":\"BreadcrumbList\",\"@id\":\"https:\\\/\\\/reporteroshoy.mx\\\/noticias\\\/comerciantes-meridanos-ven-con-optimismo-la-reactivacion-economica\\\/#breadcrumb\",\"itemListElement\":[{\"@type\":\"ListItem\",\"position\":1,\"name\":\"Portada\",\"item\":\"https:\\\/\\\/reporteroshoy.mx\\\/noticias\\\/\"},{\"@type\":\"ListItem\",\"position\":2,\"name\":\"Comerciantes meridanos ven con optimismo la reactivaci\u00f3n econ\u00f3mica\"}]},{\"@type\":\"WebSite\",\"@id\":\"https:\\\/\\\/reporteroshoy.mx\\\/noticias\\\/#website\",\"url\":\"https:\\\/\\\/reporteroshoy.mx\\\/noticias\\\/\",\"name\":\"Reporteros Hoy | Noticias de Yucat\u00e1n\",\"description\":\"Peri\u00f3dico digital con noticias diarias desde M\u00e9rida, Yucat\u00e1n para el mundo.\",\"potentialAction\":[{\"@type\":\"SearchAction\",\"target\":{\"@type\":\"EntryPoint\",\"urlTemplate\":\"https:\\\/\\\/reporteroshoy.mx\\\/noticias\\\/?s={search_term_string}\"},\"query-input\":{\"@type\":\"PropertyValueSpecification\",\"valueRequired\":true,\"valueName\":\"search_term_string\"}}],\"inLanguage\":\"es\"},{\"@type\":\"Person\",\"@id\":\"https:\\\/\\\/reporteroshoy.mx\\\/noticias\\\/#\\\/schema\\\/person\\\/d32189074678a9d41498d4248e29aac3\",\"name\":\"Reporteros Hoy HY\",\"image\":{\"@type\":\"ImageObject\",\"inLanguage\":\"es\",\"@id\":\"https:\\\/\\\/secure.gravatar.com\\\/avatar\\\/c539a82770f256437b35bda44650bb50f5fd4b7017f8b29672ed9f27a43cec47?s=96&d=mm&r=g\",\"url\":\"https:\\\/\\\/secure.gravatar.com\\\/avatar\\\/c539a82770f256437b35bda44650bb50f5fd4b7017f8b29672ed9f27a43cec47?s=96&d=mm&r=g\",\"contentUrl\":\"https:\\\/\\\/secure.gravatar.com\\\/avatar\\\/c539a82770f256437b35bda44650bb50f5fd4b7017f8b29672ed9f27a43cec47?s=96&d=mm&r=g\",\"caption\":\"Reporteros Hoy HY\"},\"url\":\"https:\\\/\\\/reporteroshoy.mx\\\/noticias\\\/author\\\/thelmo\\\/\"}]}<\/script>\n<!-- \/ Yoast SEO plugin. -->","yoast_head_json":{"title":"Comerciantes meridanos ven con optimismo la reactivaci\u00f3n econ\u00f3mica","description":"El presidente de la Canaco M\u00e9rida, Iv\u00e1n Rodr\u00edguez Gasque, confirm\u00f3 que en las \u00faltimas semanas redujo de manera importante el n\u00famero de locales cerrados, principalmente en el Centro Hist\u00f3rico.","robots":{"index":"index","follow":"follow","max-snippet":"max-snippet:-1","max-image-preview":"max-image-preview:large","max-video-preview":"max-video-preview:-1"},"canonical":"https:\/\/reporteroshoy.mx\/noticias\/comerciantes-meridanos-ven-con-optimismo-la-reactivacion-economica\/","og_locale":"es_ES","og_type":"article","og_title":"Comerciantes meridanos ven con optimismo la reactivaci\u00f3n econ\u00f3mica","og_description":"El presidente de la Canaco M\u00e9rida, Iv\u00e1n Rodr\u00edguez Gasque, confirm\u00f3 que en las \u00faltimas semanas redujo de manera importante el n\u00famero de locales cerrados, principalmente en el Centro Hist\u00f3rico.","og_url":"https:\/\/reporteroshoy.mx\/noticias\/comerciantes-meridanos-ven-con-optimismo-la-reactivacion-economica\/","og_site_name":"Reporteros Hoy | Noticias de Yucat\u00e1n","article_publisher":"http:\/\/www.facebook.com\/reporteroshoymx","article_published_time":"2022-03-26T17:45:46+00:00","og_image":[{"width":768,"height":432,"url":"https:\/\/reporteroshoy.mx\/noticias\/wp-content\/uploads\/2021\/05\/Comercios-Merida.jpg","type":"image\/jpeg"}],"author":"Reporteros Hoy HY","twitter_card":"summary_large_image","twitter_creator":"@reporteroshoy","twitter_site":"@reporteroshoy","twitter_misc":{"Escrito por":"Reporteros Hoy HY","Tiempo de lectura":"2 minutos"},"schema":{"@context":"https:\/\/schema.org","@graph":[{"@type":"Article","@id":"https:\/\/reporteroshoy.mx\/noticias\/comerciantes-meridanos-ven-con-optimismo-la-reactivacion-economica\/#article","isPartOf":{"@id":"https:\/\/reporteroshoy.mx\/noticias\/comerciantes-meridanos-ven-con-optimismo-la-reactivacion-economica\/"},"author":{"name":"Reporteros Hoy HY","@id":"https:\/\/reporteroshoy.mx\/noticias\/#\/schema\/person\/d32189074678a9d41498d4248e29aac3"},"headline":"Comerciantes meridanos ven con optimismo la reactivaci\u00f3n econ\u00f3mica","datePublished":"2022-03-26T17:45:46+00:00","mainEntityOfPage":{"@id":"https:\/\/reporteroshoy.mx\/noticias\/comerciantes-meridanos-ven-con-optimismo-la-reactivacion-economica\/"},"wordCount":322,"commentCount":0,"image":{"@id":"https:\/\/reporteroshoy.mx\/noticias\/comerciantes-meridanos-ven-con-optimismo-la-reactivacion-economica\/#primaryimage"},"thumbnailUrl":"https:\/\/reporteroshoy.mx\/noticias\/wp-content\/uploads\/2021\/05\/Comercios-Merida.jpg","keywords":["Canaco M\u00e9rida","comercios en M\u00e9rida","Reactivaci\u00f3n Econ\u00f3mica"],"articleSection":["Yucat\u00e1n"],"inLanguage":"es","potentialAction":[{"@type":"CommentAction","name":"Comment","target":["https:\/\/reporteroshoy.mx\/noticias\/comerciantes-meridanos-ven-con-optimismo-la-reactivacion-economica\/#respond"]}]},{"@type":"WebPage","@id":"https:\/\/reporteroshoy.mx\/noticias\/comerciantes-meridanos-ven-con-optimismo-la-reactivacion-economica\/","url":"https:\/\/reporteroshoy.mx\/noticias\/comerciantes-meridanos-ven-con-optimismo-la-reactivacion-economica\/","name":"Comerciantes meridanos ven con optimismo la reactivaci\u00f3n econ\u00f3mica","isPartOf":{"@id":"https:\/\/reporteroshoy.mx\/noticias\/#website"},"primaryImageOfPage":{"@id":"https:\/\/reporteroshoy.mx\/noticias\/comerciantes-meridanos-ven-con-optimismo-la-reactivacion-economica\/#primaryimage"},"image":{"@id":"https:\/\/reporteroshoy.mx\/noticias\/comerciantes-meridanos-ven-con-optimismo-la-reactivacion-economica\/#primaryimage"},"thumbnailUrl":"https:\/\/reporteroshoy.mx\/noticias\/wp-content\/uploads\/2021\/05\/Comercios-Merida.jpg","datePublished":"2022-03-26T17:45:46+00:00","author":{"@id":"https:\/\/reporteroshoy.mx\/noticias\/#\/schema\/person\/d32189074678a9d41498d4248e29aac3"},"description":"El presidente de la Canaco M\u00e9rida, Iv\u00e1n Rodr\u00edguez Gasque, confirm\u00f3 que en las \u00faltimas semanas redujo de manera importante el n\u00famero de locales cerrados, principalmente en el Centro Hist\u00f3rico.","breadcrumb":{"@id":"https:\/\/reporteroshoy.mx\/noticias\/comerciantes-meridanos-ven-con-optimismo-la-reactivacion-economica\/#breadcrumb"},"inLanguage":"es","potentialAction":[{"@type":"ReadAction","target":["https:\/\/reporteroshoy.mx\/noticias\/comerciantes-meridanos-ven-con-optimismo-la-reactivacion-economica\/"]}]},{"@type":"ImageObject","inLanguage":"es","@id":"https:\/\/reporteroshoy.mx\/noticias\/comerciantes-meridanos-ven-con-optimismo-la-reactivacion-economica\/#primaryimage","url":"https:\/\/reporteroshoy.mx\/noticias\/wp-content\/uploads\/2021\/05\/Comercios-Merida.jpg","contentUrl":"https:\/\/reporteroshoy.mx\/noticias\/wp-content\/uploads\/2021\/05\/Comercios-Merida.jpg","width":768,"height":432},{"@type":"BreadcrumbList","@id":"https:\/\/reporteroshoy.mx\/noticias\/comerciantes-meridanos-ven-con-optimismo-la-reactivacion-economica\/#breadcrumb","itemListElement":[{"@type":"ListItem","position":1,"name":"Portada","item":"https:\/\/reporteroshoy.mx\/noticias\/"},{"@type":"ListItem","position":2,"name":"Comerciantes meridanos ven con optimismo la reactivaci\u00f3n econ\u00f3mica"}]},{"@type":"WebSite","@id":"https:\/\/reporteroshoy.mx\/noticias\/#website","url":"https:\/\/reporteroshoy.mx\/noticias\/","name":"Reporteros Hoy | Noticias de Yucat\u00e1n","description":"Peri\u00f3dico digital con noticias diarias desde M\u00e9rida, Yucat\u00e1n para el mundo.","potentialAction":[{"@type":"SearchAction","target":{"@type":"EntryPoint","urlTemplate":"https:\/\/reporteroshoy.mx\/noticias\/?s={search_term_string}"},"query-input":{"@type":"PropertyValueSpecification","valueRequired":true,"valueName":"search_term_string"}}],"inLanguage":"es"},{"@type":"Person","@id":"https:\/\/reporteroshoy.mx\/noticias\/#\/schema\/person\/d32189074678a9d41498d4248e29aac3","name":"Reporteros Hoy HY","image":{"@type":"ImageObject","inLanguage":"es","@id":"https:\/\/secure.gravatar.com\/avatar\/c539a82770f256437b35bda44650bb50f5fd4b7017f8b29672ed9f27a43cec47?s=96&d=mm&r=g","url":"https:\/\/secure.gravatar.com\/avatar\/c539a82770f256437b35bda44650bb50f5fd4b7017f8b29672ed9f27a43cec47?s=96&d=mm&r=g","contentUrl":"https:\/\/secure.gravatar.com\/avatar\/c539a82770f256437b35bda44650bb50f5fd4b7017f8b29672ed9f27a43cec47?s=96&d=mm&r=g","caption":"Reporteros Hoy HY"},"url":"https:\/\/reporteroshoy.mx\/noticias\/author\/thelmo\/"}]}},"_links":{"self":[{"href":"https:\/\/reporteroshoy.mx\/noticias\/wp-json\/wp\/v2\/posts\/83196","targetHints":{"allow":["GET"]}}],"collection":[{"href":"https:\/\/reporteroshoy.mx\/noticias\/wp-json\/wp\/v2\/posts"}],"about":[{"href":"https:\/\/reporteroshoy.mx\/noticias\/wp-json\/wp\/v2\/types\/post"}],"author":[{"embeddable":true,"href":"https:\/\/reporteroshoy.mx\/noticias\/wp-json\/wp\/v2\/users\/2"}],"replies":[{"embeddable":true,"href":"https:\/\/reporteroshoy.mx\/noticias\/wp-json\/wp\/v2\/comments?post=83196"}],"version-history":[{"count":0,"href":"https:\/\/reporteroshoy.mx\/noticias\/wp-json\/wp\/v2\/posts\/83196\/revisions"}],"wp:featuredmedia":[{"embeddable":true,"href":"https:\/\/reporteroshoy.mx\/noticias\/wp-json\/wp\/v2\/media\/64079"}],"wp:attachment":[{"href":"https:\/\/reporteroshoy.mx\/noticias\/wp-json\/wp\/v2\/media?parent=83196"}],"wp:term":[{"taxonomy":"category","embeddable":true,"href":"https:\/\/reporteroshoy.mx\/noticias\/wp-json\/wp\/v2\/categories?post=83196"},{"taxonomy":"post_tag","embeddable":true,"href":"https:\/\/reporteroshoy.mx\/noticias\/wp-json\/wp\/v2\/tags?post=83196"}],"curies":[{"name":"wp","href":"https:\/\/api.w.org\/{rel}","templated":true}]}}