{"id":85412,"date":"2022-05-04T20:34:10","date_gmt":"2022-05-05T01:34:10","guid":{"rendered":"https:\/\/reporteroshoy.mx\/noticias\/?p=85412"},"modified":"2022-05-04T20:34:10","modified_gmt":"2022-05-05T01:34:10","slug":"renan-se-compromete-a-reforzar-la-seguridad-alimentaria-en-merida","status":"publish","type":"post","link":"https:\/\/reporteroshoy.mx\/noticias\/renan-se-compromete-a-reforzar-la-seguridad-alimentaria-en-merida\/","title":{"rendered":"Ren\u00e1n se compromete a reforzar la seguridad alimentaria en M\u00e9rida"},"content":{"rendered":"<p style=\"text-align: justify;\"><span style=\"color: #000000;\">M\u00e9rida, Yucat\u00e1n; 4 de mayo de 2022.- M\u00e9rida no es solo una ciudad con paz social y arm\u00f3nica, tambi\u00e9n es un municipio donde se privilegia la seguridad alimentaria para generar bienestar, procesos de paz, reconstruir nuestro tejido social y ser el eje transversal del desarrollo de nuestras comunidades, manifest\u00f3 el alcalde Ren\u00e1n Barrera Concha.<\/span><\/p>\n<p style=\"text-align: justify;\"><span style=\"color: #000000;\">Al encabezar el primer aniversario de la Asociaci\u00f3n denominada Programa Alimentario Yucat\u00e1n (PAY), el Presidente Municipal reconoci\u00f3 el esfuerzo que hace esta agrupaci\u00f3n para generar un bien com\u00fan, as\u00ed como destac\u00f3 que realizar colaboraciones con este tipo de esquemas permite continuar impulsando acciones que fortalezcan a la capital yucateca en un tema de relevancia como es el de la seguridad alimentaria.<\/span><\/p>\n<p style=\"text-align: justify;\"><span style=\"color: #000000;\">\u201cEsta es una acci\u00f3n solidaria y coordinada de este Ayuntamiento con la sociedad civil que no se circunscribe solamente a tiempos de campa\u00f1a pol\u00edtica, sino que, adem\u00e1s de cumplir con el ofrecimiento de este tipo de ayuda, se mantienen como programas referentes para garantizar la seguridad alimentaria de M\u00e9rida, cuya colaboraci\u00f3n solidaria, encuentra un fuerte impacto positivo en los sectores desprotegidos y vulnerables\u201d, dijo.<\/span><\/p>\n<p style=\"text-align: justify;\"><img loading=\"lazy\" decoding=\"async\" class=\"wp-image-85413 aligncenter\" src=\"https:\/\/reporteroshoy.mx\/noticias\/wp-content\/uploads\/2022\/05\/4MAYO22-1-scaled.jpeg\" alt=\"\" width=\"608\" height=\"405\" \/> <span style=\"color: #000000;\">Por su parte, Irving Cob P\u00e9rez, coordinador del PAY, explic\u00f3 que el objetivo del programa es otorgar apoyo alimentario en especie con la finalidad de contribuir a mejorar el acceso a la alimentaci\u00f3n de las personas que se encuentran en las Zonas de Atenci\u00f3n Prioritaria (ZAP) mediante la distribuci\u00f3n y recuperaci\u00f3n econ\u00f3mica para la sustentabilidad del programa.<\/span><\/p>\n<p style=\"text-align: justify;\"><span style=\"color: #000000;\">Acompa\u00f1ado de El\u00edas Lixa Abimerhi, diputado Federal; Karem Achach Ram\u00edrez, diputada local y Alejandro Ruz Castro, secretario Municipal, Barrera Concha indic\u00f3 que para coadyuvar con este tema, se ha impulsado programas como el de huertos urbanos, en el que ha sido decisiva la participaci\u00f3n de las mujeres meridanas quienes han demostrado gran inter\u00e9s por adoptar esta forma de cultivo, tanto para autoconsumo como para apoyar a la econom\u00eda familiar a trav\u00e9s de la venta de sus productos.<\/span><\/p>\n<p><img loading=\"lazy\" decoding=\"async\" class=\"wp-image-85414 aligncenter\" src=\"https:\/\/reporteroshoy.mx\/noticias\/wp-content\/uploads\/2022\/05\/4MAYO22-2-scaled.jpeg\" alt=\"\" width=\"641\" height=\"427\" \/><\/p>\n<p style=\"text-align: justify;\"><span style=\"color: #000000;\">De igual manera mencion\u00f3 que esta visi\u00f3n alimentaria tambi\u00e9n se ha puesto en marcha con programas como el C\u00edrculo 47, campa\u00f1as de concientizaci\u00f3n para una sana alimentaci\u00f3n, programas de nutrici\u00f3n del Centro Municipal de Atenci\u00f3n y Nutrici\u00f3n y Diabetes (CEMANUD) y un censo agropecuario en las 47 comisar\u00edas de M\u00e9rida para contar con productos alimentarios de calidad y reactivar la econom\u00eda de los productores locales.<\/span><\/p>\n<p style=\"text-align: justify;\"><span style=\"color: #000000;\">\u201cCon este tipo de acciones esperamos alcanzar de una manera m\u00e1s r\u00e1pida los objetivos de proveer tanto de alimentos saludables a la poblaci\u00f3n, como de ir formando una adecuada cultura alimentaria entre la ciudadan\u00eda\u201d, destac\u00f3.<\/span><\/p>\n<p style=\"text-align: justify;\"><span style=\"color: #000000;\">Finalmente, Barrera Concha mencion\u00f3 que se comprometi\u00f3 a continuar apostando por sistemas alimentarios sostenibles, resilientes e inclusivos, para asegurar una comida sana y accesible para todas las personas m\u00e1s vulnerables.<\/span><\/p>\n","protected":false},"excerpt":{"rendered":"<p>Al acudir al primer aniversario de la Asociaci\u00f3n Programa Alimentario Yucat\u00e1n, asegur\u00f3 que se busca proporcionar no solo cantidad, sino calidad en los alimentos entre la ciudadan\u00eda.<\/p>\n","protected":false},"author":2,"featured_media":85414,"comment_status":"open","ping_status":"closed","sticky":false,"template":"","format":"standard","meta":{"footnotes":""},"categories":[7],"tags":[51,26,12381],"class_list":["post-85412","post","type-post","status-publish","format-standard","has-post-thumbnail","hentry","category-gobierno","tag-merida","tag-renan-barrera","tag-seguridad-alimentaria"],"yoast_head":"<!-- This site is optimized with the Yoast SEO plugin v28.4 - https:\/\/yoast.com\/product\/yoast-seo-wordpress\/ -->\n<title>Ren\u00e1n se compromete a reforzar la seguridad alimentaria en M\u00e9rida<\/title>\n<meta name=\"description\" content=\"Al acudir al primer aniversario de la Asociaci\u00f3n Programa Alimentario Yucat\u00e1n, asegur\u00f3 que se busca proporcionar no solo cantidad, sino calidad en los alimentos entre la ciudadan\u00eda.\" \/>\n<meta name=\"robots\" content=\"index, follow, max-snippet:-1, max-image-preview:large, max-video-preview:-1\" \/>\n<link rel=\"canonical\" href=\"https:\/\/reporteroshoy.mx\/noticias\/renan-se-compromete-a-reforzar-la-seguridad-alimentaria-en-merida\/\" \/>\n<meta property=\"og:locale\" content=\"es_ES\" \/>\n<meta property=\"og:type\" content=\"article\" \/>\n<meta property=\"og:title\" content=\"Ren\u00e1n se compromete a reforzar la seguridad alimentaria en M\u00e9rida\" \/>\n<meta property=\"og:description\" content=\"Al acudir al primer aniversario de la Asociaci\u00f3n Programa Alimentario Yucat\u00e1n, asegur\u00f3 que se busca proporcionar no solo cantidad, sino calidad en los alimentos entre la ciudadan\u00eda.\" \/>\n<meta property=\"og:url\" content=\"https:\/\/reporteroshoy.mx\/noticias\/renan-se-compromete-a-reforzar-la-seguridad-alimentaria-en-merida\/\" \/>\n<meta property=\"og:site_name\" content=\"Reporteros Hoy | Noticias de Yucat\u00e1n\" \/>\n<meta property=\"article:publisher\" content=\"http:\/\/www.facebook.com\/reporteroshoymx\" \/>\n<meta property=\"article:published_time\" content=\"2022-05-05T01:34:10+00:00\" \/>\n<meta property=\"og:image\" content=\"https:\/\/reporteroshoy.mx\/noticias\/wp-content\/uploads\/2022\/05\/4MAYO22-2-scaled.jpeg\" \/>\n\t<meta property=\"og:image:width\" content=\"768\" \/>\n\t<meta property=\"og:image:height\" content=\"512\" \/>\n\t<meta property=\"og:image:type\" content=\"image\/jpeg\" \/>\n<meta name=\"author\" content=\"Reporteros Hoy HY\" \/>\n<meta name=\"twitter:card\" content=\"summary_large_image\" \/>\n<meta name=\"twitter:creator\" content=\"@reporteroshoy\" \/>\n<meta name=\"twitter:site\" content=\"@reporteroshoy\" \/>\n<meta name=\"twitter:label1\" content=\"Escrito por\" \/>\n\t<meta name=\"twitter:data1\" content=\"Reporteros Hoy HY\" \/>\n\t<meta name=\"twitter:label2\" content=\"Tiempo de lectura\" \/>\n\t<meta name=\"twitter:data2\" content=\"2 minutos\" \/>\n<script type=\"application\/ld+json\" class=\"yoast-schema-graph\">{\"@context\":\"https:\\\/\\\/schema.org\",\"@graph\":[{\"@type\":\"Article\",\"@id\":\"https:\\\/\\\/reporteroshoy.mx\\\/noticias\\\/renan-se-compromete-a-reforzar-la-seguridad-alimentaria-en-merida\\\/#article\",\"isPartOf\":{\"@id\":\"https:\\\/\\\/reporteroshoy.mx\\\/noticias\\\/renan-se-compromete-a-reforzar-la-seguridad-alimentaria-en-merida\\\/\"},\"author\":{\"name\":\"Reporteros Hoy HY\",\"@id\":\"https:\\\/\\\/reporteroshoy.mx\\\/noticias\\\/#\\\/schema\\\/person\\\/d32189074678a9d41498d4248e29aac3\"},\"headline\":\"Ren\u00e1n se compromete a reforzar la seguridad alimentaria en M\u00e9rida\",\"datePublished\":\"2022-05-05T01:34:10+00:00\",\"mainEntityOfPage\":{\"@id\":\"https:\\\/\\\/reporteroshoy.mx\\\/noticias\\\/renan-se-compromete-a-reforzar-la-seguridad-alimentaria-en-merida\\\/\"},\"wordCount\":498,\"commentCount\":0,\"image\":{\"@id\":\"https:\\\/\\\/reporteroshoy.mx\\\/noticias\\\/renan-se-compromete-a-reforzar-la-seguridad-alimentaria-en-merida\\\/#primaryimage\"},\"thumbnailUrl\":\"https:\\\/\\\/reporteroshoy.mx\\\/noticias\\\/wp-content\\\/uploads\\\/2022\\\/05\\\/4MAYO22-2-scaled.jpeg\",\"keywords\":[\"M\u00e9rida\",\"Renan Barrera\",\"Seguridad alimentaria\"],\"articleSection\":[\"Gobierno\"],\"inLanguage\":\"es\",\"potentialAction\":[{\"@type\":\"CommentAction\",\"name\":\"Comment\",\"target\":[\"https:\\\/\\\/reporteroshoy.mx\\\/noticias\\\/renan-se-compromete-a-reforzar-la-seguridad-alimentaria-en-merida\\\/#respond\"]}]},{\"@type\":\"WebPage\",\"@id\":\"https:\\\/\\\/reporteroshoy.mx\\\/noticias\\\/renan-se-compromete-a-reforzar-la-seguridad-alimentaria-en-merida\\\/\",\"url\":\"https:\\\/\\\/reporteroshoy.mx\\\/noticias\\\/renan-se-compromete-a-reforzar-la-seguridad-alimentaria-en-merida\\\/\",\"name\":\"Ren\u00e1n se compromete a reforzar la seguridad alimentaria en M\u00e9rida\",\"isPartOf\":{\"@id\":\"https:\\\/\\\/reporteroshoy.mx\\\/noticias\\\/#website\"},\"primaryImageOfPage\":{\"@id\":\"https:\\\/\\\/reporteroshoy.mx\\\/noticias\\\/renan-se-compromete-a-reforzar-la-seguridad-alimentaria-en-merida\\\/#primaryimage\"},\"image\":{\"@id\":\"https:\\\/\\\/reporteroshoy.mx\\\/noticias\\\/renan-se-compromete-a-reforzar-la-seguridad-alimentaria-en-merida\\\/#primaryimage\"},\"thumbnailUrl\":\"https:\\\/\\\/reporteroshoy.mx\\\/noticias\\\/wp-content\\\/uploads\\\/2022\\\/05\\\/4MAYO22-2-scaled.jpeg\",\"datePublished\":\"2022-05-05T01:34:10+00:00\",\"author\":{\"@id\":\"https:\\\/\\\/reporteroshoy.mx\\\/noticias\\\/#\\\/schema\\\/person\\\/d32189074678a9d41498d4248e29aac3\"},\"description\":\"Al acudir al primer aniversario de la Asociaci\u00f3n Programa Alimentario Yucat\u00e1n, asegur\u00f3 que se busca proporcionar no solo cantidad, sino calidad en los alimentos entre la ciudadan\u00eda.\",\"breadcrumb\":{\"@id\":\"https:\\\/\\\/reporteroshoy.mx\\\/noticias\\\/renan-se-compromete-a-reforzar-la-seguridad-alimentaria-en-merida\\\/#breadcrumb\"},\"inLanguage\":\"es\",\"potentialAction\":[{\"@type\":\"ReadAction\",\"target\":[\"https:\\\/\\\/reporteroshoy.mx\\\/noticias\\\/renan-se-compromete-a-reforzar-la-seguridad-alimentaria-en-merida\\\/\"]}]},{\"@type\":\"ImageObject\",\"inLanguage\":\"es\",\"@id\":\"https:\\\/\\\/reporteroshoy.mx\\\/noticias\\\/renan-se-compromete-a-reforzar-la-seguridad-alimentaria-en-merida\\\/#primaryimage\",\"url\":\"https:\\\/\\\/reporteroshoy.mx\\\/noticias\\\/wp-content\\\/uploads\\\/2022\\\/05\\\/4MAYO22-2-scaled.jpeg\",\"contentUrl\":\"https:\\\/\\\/reporteroshoy.mx\\\/noticias\\\/wp-content\\\/uploads\\\/2022\\\/05\\\/4MAYO22-2-scaled.jpeg\",\"width\":768,\"height\":512},{\"@type\":\"BreadcrumbList\",\"@id\":\"https:\\\/\\\/reporteroshoy.mx\\\/noticias\\\/renan-se-compromete-a-reforzar-la-seguridad-alimentaria-en-merida\\\/#breadcrumb\",\"itemListElement\":[{\"@type\":\"ListItem\",\"position\":1,\"name\":\"Portada\",\"item\":\"https:\\\/\\\/reporteroshoy.mx\\\/noticias\\\/\"},{\"@type\":\"ListItem\",\"position\":2,\"name\":\"Ren\u00e1n se compromete a reforzar la seguridad alimentaria en M\u00e9rida\"}]},{\"@type\":\"WebSite\",\"@id\":\"https:\\\/\\\/reporteroshoy.mx\\\/noticias\\\/#website\",\"url\":\"https:\\\/\\\/reporteroshoy.mx\\\/noticias\\\/\",\"name\":\"Reporteros Hoy | Noticias de Yucat\u00e1n\",\"description\":\"Peri\u00f3dico digital con noticias diarias desde M\u00e9rida, Yucat\u00e1n para el mundo.\",\"potentialAction\":[{\"@type\":\"SearchAction\",\"target\":{\"@type\":\"EntryPoint\",\"urlTemplate\":\"https:\\\/\\\/reporteroshoy.mx\\\/noticias\\\/?s={search_term_string}\"},\"query-input\":{\"@type\":\"PropertyValueSpecification\",\"valueRequired\":true,\"valueName\":\"search_term_string\"}}],\"inLanguage\":\"es\"},{\"@type\":\"Person\",\"@id\":\"https:\\\/\\\/reporteroshoy.mx\\\/noticias\\\/#\\\/schema\\\/person\\\/d32189074678a9d41498d4248e29aac3\",\"name\":\"Reporteros Hoy HY\",\"image\":{\"@type\":\"ImageObject\",\"inLanguage\":\"es\",\"@id\":\"https:\\\/\\\/secure.gravatar.com\\\/avatar\\\/c539a82770f256437b35bda44650bb50f5fd4b7017f8b29672ed9f27a43cec47?s=96&d=mm&r=g\",\"url\":\"https:\\\/\\\/secure.gravatar.com\\\/avatar\\\/c539a82770f256437b35bda44650bb50f5fd4b7017f8b29672ed9f27a43cec47?s=96&d=mm&r=g\",\"contentUrl\":\"https:\\\/\\\/secure.gravatar.com\\\/avatar\\\/c539a82770f256437b35bda44650bb50f5fd4b7017f8b29672ed9f27a43cec47?s=96&d=mm&r=g\",\"caption\":\"Reporteros Hoy HY\"},\"url\":\"https:\\\/\\\/reporteroshoy.mx\\\/noticias\\\/author\\\/thelmo\\\/\"}]}<\/script>\n<!-- \/ Yoast SEO plugin. -->","yoast_head_json":{"title":"Ren\u00e1n se compromete a reforzar la seguridad alimentaria en M\u00e9rida","description":"Al acudir al primer aniversario de la Asociaci\u00f3n Programa Alimentario Yucat\u00e1n, asegur\u00f3 que se busca proporcionar no solo cantidad, sino calidad en los alimentos entre la ciudadan\u00eda.","robots":{"index":"index","follow":"follow","max-snippet":"max-snippet:-1","max-image-preview":"max-image-preview:large","max-video-preview":"max-video-preview:-1"},"canonical":"https:\/\/reporteroshoy.mx\/noticias\/renan-se-compromete-a-reforzar-la-seguridad-alimentaria-en-merida\/","og_locale":"es_ES","og_type":"article","og_title":"Ren\u00e1n se compromete a reforzar la seguridad alimentaria en M\u00e9rida","og_description":"Al acudir al primer aniversario de la Asociaci\u00f3n Programa Alimentario Yucat\u00e1n, asegur\u00f3 que se busca proporcionar no solo cantidad, sino calidad en los alimentos entre la ciudadan\u00eda.","og_url":"https:\/\/reporteroshoy.mx\/noticias\/renan-se-compromete-a-reforzar-la-seguridad-alimentaria-en-merida\/","og_site_name":"Reporteros Hoy | Noticias de Yucat\u00e1n","article_publisher":"http:\/\/www.facebook.com\/reporteroshoymx","article_published_time":"2022-05-05T01:34:10+00:00","og_image":[{"width":768,"height":512,"url":"https:\/\/reporteroshoy.mx\/noticias\/wp-content\/uploads\/2022\/05\/4MAYO22-2-scaled.jpeg","type":"image\/jpeg"}],"author":"Reporteros Hoy HY","twitter_card":"summary_large_image","twitter_creator":"@reporteroshoy","twitter_site":"@reporteroshoy","twitter_misc":{"Escrito por":"Reporteros Hoy HY","Tiempo de lectura":"2 minutos"},"schema":{"@context":"https:\/\/schema.org","@graph":[{"@type":"Article","@id":"https:\/\/reporteroshoy.mx\/noticias\/renan-se-compromete-a-reforzar-la-seguridad-alimentaria-en-merida\/#article","isPartOf":{"@id":"https:\/\/reporteroshoy.mx\/noticias\/renan-se-compromete-a-reforzar-la-seguridad-alimentaria-en-merida\/"},"author":{"name":"Reporteros Hoy HY","@id":"https:\/\/reporteroshoy.mx\/noticias\/#\/schema\/person\/d32189074678a9d41498d4248e29aac3"},"headline":"Ren\u00e1n se compromete a reforzar la seguridad alimentaria en M\u00e9rida","datePublished":"2022-05-05T01:34:10+00:00","mainEntityOfPage":{"@id":"https:\/\/reporteroshoy.mx\/noticias\/renan-se-compromete-a-reforzar-la-seguridad-alimentaria-en-merida\/"},"wordCount":498,"commentCount":0,"image":{"@id":"https:\/\/reporteroshoy.mx\/noticias\/renan-se-compromete-a-reforzar-la-seguridad-alimentaria-en-merida\/#primaryimage"},"thumbnailUrl":"https:\/\/reporteroshoy.mx\/noticias\/wp-content\/uploads\/2022\/05\/4MAYO22-2-scaled.jpeg","keywords":["M\u00e9rida","Renan Barrera","Seguridad alimentaria"],"articleSection":["Gobierno"],"inLanguage":"es","potentialAction":[{"@type":"CommentAction","name":"Comment","target":["https:\/\/reporteroshoy.mx\/noticias\/renan-se-compromete-a-reforzar-la-seguridad-alimentaria-en-merida\/#respond"]}]},{"@type":"WebPage","@id":"https:\/\/reporteroshoy.mx\/noticias\/renan-se-compromete-a-reforzar-la-seguridad-alimentaria-en-merida\/","url":"https:\/\/reporteroshoy.mx\/noticias\/renan-se-compromete-a-reforzar-la-seguridad-alimentaria-en-merida\/","name":"Ren\u00e1n se compromete a reforzar la seguridad alimentaria en M\u00e9rida","isPartOf":{"@id":"https:\/\/reporteroshoy.mx\/noticias\/#website"},"primaryImageOfPage":{"@id":"https:\/\/reporteroshoy.mx\/noticias\/renan-se-compromete-a-reforzar-la-seguridad-alimentaria-en-merida\/#primaryimage"},"image":{"@id":"https:\/\/reporteroshoy.mx\/noticias\/renan-se-compromete-a-reforzar-la-seguridad-alimentaria-en-merida\/#primaryimage"},"thumbnailUrl":"https:\/\/reporteroshoy.mx\/noticias\/wp-content\/uploads\/2022\/05\/4MAYO22-2-scaled.jpeg","datePublished":"2022-05-05T01:34:10+00:00","author":{"@id":"https:\/\/reporteroshoy.mx\/noticias\/#\/schema\/person\/d32189074678a9d41498d4248e29aac3"},"description":"Al acudir al primer aniversario de la Asociaci\u00f3n Programa Alimentario Yucat\u00e1n, asegur\u00f3 que se busca proporcionar no solo cantidad, sino calidad en los alimentos entre la ciudadan\u00eda.","breadcrumb":{"@id":"https:\/\/reporteroshoy.mx\/noticias\/renan-se-compromete-a-reforzar-la-seguridad-alimentaria-en-merida\/#breadcrumb"},"inLanguage":"es","potentialAction":[{"@type":"ReadAction","target":["https:\/\/reporteroshoy.mx\/noticias\/renan-se-compromete-a-reforzar-la-seguridad-alimentaria-en-merida\/"]}]},{"@type":"ImageObject","inLanguage":"es","@id":"https:\/\/reporteroshoy.mx\/noticias\/renan-se-compromete-a-reforzar-la-seguridad-alimentaria-en-merida\/#primaryimage","url":"https:\/\/reporteroshoy.mx\/noticias\/wp-content\/uploads\/2022\/05\/4MAYO22-2-scaled.jpeg","contentUrl":"https:\/\/reporteroshoy.mx\/noticias\/wp-content\/uploads\/2022\/05\/4MAYO22-2-scaled.jpeg","width":768,"height":512},{"@type":"BreadcrumbList","@id":"https:\/\/reporteroshoy.mx\/noticias\/renan-se-compromete-a-reforzar-la-seguridad-alimentaria-en-merida\/#breadcrumb","itemListElement":[{"@type":"ListItem","position":1,"name":"Portada","item":"https:\/\/reporteroshoy.mx\/noticias\/"},{"@type":"ListItem","position":2,"name":"Ren\u00e1n se compromete a reforzar la seguridad alimentaria en M\u00e9rida"}]},{"@type":"WebSite","@id":"https:\/\/reporteroshoy.mx\/noticias\/#website","url":"https:\/\/reporteroshoy.mx\/noticias\/","name":"Reporteros Hoy | Noticias de Yucat\u00e1n","description":"Peri\u00f3dico digital con noticias diarias desde M\u00e9rida, Yucat\u00e1n para el mundo.","potentialAction":[{"@type":"SearchAction","target":{"@type":"EntryPoint","urlTemplate":"https:\/\/reporteroshoy.mx\/noticias\/?s={search_term_string}"},"query-input":{"@type":"PropertyValueSpecification","valueRequired":true,"valueName":"search_term_string"}}],"inLanguage":"es"},{"@type":"Person","@id":"https:\/\/reporteroshoy.mx\/noticias\/#\/schema\/person\/d32189074678a9d41498d4248e29aac3","name":"Reporteros Hoy HY","image":{"@type":"ImageObject","inLanguage":"es","@id":"https:\/\/secure.gravatar.com\/avatar\/c539a82770f256437b35bda44650bb50f5fd4b7017f8b29672ed9f27a43cec47?s=96&d=mm&r=g","url":"https:\/\/secure.gravatar.com\/avatar\/c539a82770f256437b35bda44650bb50f5fd4b7017f8b29672ed9f27a43cec47?s=96&d=mm&r=g","contentUrl":"https:\/\/secure.gravatar.com\/avatar\/c539a82770f256437b35bda44650bb50f5fd4b7017f8b29672ed9f27a43cec47?s=96&d=mm&r=g","caption":"Reporteros Hoy HY"},"url":"https:\/\/reporteroshoy.mx\/noticias\/author\/thelmo\/"}]}},"_links":{"self":[{"href":"https:\/\/reporteroshoy.mx\/noticias\/wp-json\/wp\/v2\/posts\/85412","targetHints":{"allow":["GET"]}}],"collection":[{"href":"https:\/\/reporteroshoy.mx\/noticias\/wp-json\/wp\/v2\/posts"}],"about":[{"href":"https:\/\/reporteroshoy.mx\/noticias\/wp-json\/wp\/v2\/types\/post"}],"author":[{"embeddable":true,"href":"https:\/\/reporteroshoy.mx\/noticias\/wp-json\/wp\/v2\/users\/2"}],"replies":[{"embeddable":true,"href":"https:\/\/reporteroshoy.mx\/noticias\/wp-json\/wp\/v2\/comments?post=85412"}],"version-history":[{"count":0,"href":"https:\/\/reporteroshoy.mx\/noticias\/wp-json\/wp\/v2\/posts\/85412\/revisions"}],"wp:featuredmedia":[{"embeddable":true,"href":"https:\/\/reporteroshoy.mx\/noticias\/wp-json\/wp\/v2\/media\/85414"}],"wp:attachment":[{"href":"https:\/\/reporteroshoy.mx\/noticias\/wp-json\/wp\/v2\/media?parent=85412"}],"wp:term":[{"taxonomy":"category","embeddable":true,"href":"https:\/\/reporteroshoy.mx\/noticias\/wp-json\/wp\/v2\/categories?post=85412"},{"taxonomy":"post_tag","embeddable":true,"href":"https:\/\/reporteroshoy.mx\/noticias\/wp-json\/wp\/v2\/tags?post=85412"}],"curies":[{"name":"wp","href":"https:\/\/api.w.org\/{rel}","templated":true}]}}