{"id":85422,"date":"2022-05-04T21:06:41","date_gmt":"2022-05-05T02:06:41","guid":{"rendered":"https:\/\/reporteroshoy.mx\/noticias\/?p=85422"},"modified":"2022-05-04T21:06:41","modified_gmt":"2022-05-05T02:06:41","slug":"tricitaxista-de-uman-queda-viendo-estrellas-se-estampo-contra-una-reja","status":"publish","type":"post","link":"https:\/\/reporteroshoy.mx\/noticias\/tricitaxista-de-uman-queda-viendo-estrellas-se-estampo-contra-una-reja\/","title":{"rendered":"Tricitaxista de Um\u00e1n queda viendo estrellas: se estamp\u00f3 contra una reja"},"content":{"rendered":"<p style=\"text-align: justify;\">Um\u00e1n, Yucat\u00e1n; 4 de mayo de 2022 (ACOM).- Viendo estrellitas acab\u00f3 ayer por la tarde el se\u00f1or Luis S., pues cuando iba a bordo de su tricimoto perdi\u00f3 el control del manubrio para subirse a la banqueta e impactarse en un predio de este municipio, la tarde de ayer.<\/p>\n<p style=\"text-align: justify;\">Don Licho se dirig\u00eda rumbo a su casa, pero presuntamente estaba con unas copas encima, lo que en un momento dado hizo que pierda el control del veh\u00edculo en la calle 26 por 23 y 25 de la colonia Santiago.<\/p>\n<p><img loading=\"lazy\" decoding=\"async\" class=\"wp-image-85423 aligncenter\" src=\"https:\/\/reporteroshoy.mx\/noticias\/wp-content\/uploads\/2022\/05\/MOTOTAXI-UMAN-scaled.jpeg\" alt=\"\" width=\"622\" height=\"482\" srcset=\"https:\/\/reporteroshoy.mx\/noticias\/wp-content\/uploads\/2022\/05\/MOTOTAXI-UMAN-scaled.jpeg 768w, https:\/\/reporteroshoy.mx\/noticias\/wp-content\/uploads\/2022\/05\/MOTOTAXI-UMAN-1536x1191.jpeg 1536w\" sizes=\"auto, (max-width: 622px) 100vw, 622px\" \/><\/p>\n<p style=\"text-align: justify;\">Ante el porrazo contra la entrada de una vivienda, se qued\u00f3 por un rato sentado, ya que se llev\u00f3 un fuerte golpe en la cabeza. Incluso, su casco protector sali\u00f3 despedido a varios metros de donde colision\u00f3.<span class=\"Apple-converted-space\">\u00a0<\/span><\/p>\n<p style=\"text-align: justify;\">Al final param\u00e9dicos y agentes de la Polic\u00eda Municipal se hicieron cargo del lesionado, as\u00ed como de la moto adaptada, para fincar responsabilidades con la vecina afectada.<\/p>\n","protected":false},"excerpt":{"rendered":"<p>Don Luis se dirig\u00eda a su casa, pero al parecer estaba pasado de copas y perdi\u00f3 el control del manubrio, hasta que se estamp\u00f3 afuera de una casa de la colonia Santiago.<\/p>\n","protected":false},"author":2,"featured_media":85423,"comment_status":"open","ping_status":"closed","sticky":false,"template":"","format":"standard","meta":{"footnotes":""},"categories":[11],"tags":[9913,69,123],"class_list":["post-85422","post","type-post","status-publish","format-standard","has-post-thumbnail","hentry","category-municipios-de-yucatan","tag-choque-en-uman","tag-uman","tag-yucatan-poniente"],"yoast_head":"<!-- This site is optimized with the Yoast SEO plugin v28.4 - https:\/\/yoast.com\/product\/yoast-seo-wordpress\/ -->\n<title>Tricitaxista de Um\u00e1n queda viendo estrellas: se estamp\u00f3 contra una reja<\/title>\n<meta name=\"description\" content=\"Don Luis se dirig\u00eda a su casa, pero al parecer estaba pasado de copas y perdi\u00f3 el control del manubrio, hasta que se estamp\u00f3 afuera de una casa de la colonia Santiago.\" \/>\n<meta name=\"robots\" content=\"index, follow, max-snippet:-1, max-image-preview:large, max-video-preview:-1\" \/>\n<link rel=\"canonical\" href=\"https:\/\/reporteroshoy.mx\/noticias\/tricitaxista-de-uman-queda-viendo-estrellas-se-estampo-contra-una-reja\/\" \/>\n<meta property=\"og:locale\" content=\"es_ES\" \/>\n<meta property=\"og:type\" content=\"article\" \/>\n<meta property=\"og:title\" content=\"Tricitaxista de Um\u00e1n queda viendo estrellas: se estamp\u00f3 contra una reja\" \/>\n<meta property=\"og:description\" content=\"Don Luis se dirig\u00eda a su casa, pero al parecer estaba pasado de copas y perdi\u00f3 el control del manubrio, hasta que se estamp\u00f3 afuera de una casa de la colonia Santiago.\" \/>\n<meta property=\"og:url\" content=\"https:\/\/reporteroshoy.mx\/noticias\/tricitaxista-de-uman-queda-viendo-estrellas-se-estampo-contra-una-reja\/\" \/>\n<meta property=\"og:site_name\" content=\"Reporteros Hoy | Noticias de Yucat\u00e1n\" \/>\n<meta property=\"article:publisher\" content=\"http:\/\/www.facebook.com\/reporteroshoymx\" \/>\n<meta property=\"article:published_time\" content=\"2022-05-05T02:06:41+00:00\" \/>\n<meta property=\"og:image\" content=\"https:\/\/reporteroshoy.mx\/noticias\/wp-content\/uploads\/2022\/05\/MOTOTAXI-UMAN-scaled.jpeg\" \/>\n\t<meta property=\"og:image:width\" content=\"768\" \/>\n\t<meta property=\"og:image:height\" content=\"595\" \/>\n\t<meta property=\"og:image:type\" content=\"image\/jpeg\" \/>\n<meta name=\"author\" content=\"Reporteros Hoy HY\" \/>\n<meta name=\"twitter:card\" content=\"summary_large_image\" \/>\n<meta name=\"twitter:creator\" content=\"@reporteroshoy\" \/>\n<meta name=\"twitter:site\" content=\"@reporteroshoy\" \/>\n<meta name=\"twitter:label1\" content=\"Escrito por\" \/>\n\t<meta name=\"twitter:data1\" content=\"Reporteros Hoy HY\" \/>\n\t<meta name=\"twitter:label2\" content=\"Tiempo de lectura\" \/>\n\t<meta name=\"twitter:data2\" content=\"1 minuto\" \/>\n<script type=\"application\/ld+json\" class=\"yoast-schema-graph\">{\"@context\":\"https:\\\/\\\/schema.org\",\"@graph\":[{\"@type\":\"Article\",\"@id\":\"https:\\\/\\\/reporteroshoy.mx\\\/noticias\\\/tricitaxista-de-uman-queda-viendo-estrellas-se-estampo-contra-una-reja\\\/#article\",\"isPartOf\":{\"@id\":\"https:\\\/\\\/reporteroshoy.mx\\\/noticias\\\/tricitaxista-de-uman-queda-viendo-estrellas-se-estampo-contra-una-reja\\\/\"},\"author\":{\"name\":\"Reporteros Hoy HY\",\"@id\":\"https:\\\/\\\/reporteroshoy.mx\\\/noticias\\\/#\\\/schema\\\/person\\\/d32189074678a9d41498d4248e29aac3\"},\"headline\":\"Tricitaxista de Um\u00e1n queda viendo estrellas: se estamp\u00f3 contra una reja\",\"datePublished\":\"2022-05-05T02:06:41+00:00\",\"mainEntityOfPage\":{\"@id\":\"https:\\\/\\\/reporteroshoy.mx\\\/noticias\\\/tricitaxista-de-uman-queda-viendo-estrellas-se-estampo-contra-una-reja\\\/\"},\"wordCount\":168,\"commentCount\":0,\"image\":{\"@id\":\"https:\\\/\\\/reporteroshoy.mx\\\/noticias\\\/tricitaxista-de-uman-queda-viendo-estrellas-se-estampo-contra-una-reja\\\/#primaryimage\"},\"thumbnailUrl\":\"https:\\\/\\\/reporteroshoy.mx\\\/noticias\\\/wp-content\\\/uploads\\\/2022\\\/05\\\/MOTOTAXI-UMAN-scaled.jpeg\",\"keywords\":[\"Choque en Um\u00e1n\",\"Uman\",\"Yucatan Poniente\"],\"articleSection\":[\"Municipios\"],\"inLanguage\":\"es\",\"potentialAction\":[{\"@type\":\"CommentAction\",\"name\":\"Comment\",\"target\":[\"https:\\\/\\\/reporteroshoy.mx\\\/noticias\\\/tricitaxista-de-uman-queda-viendo-estrellas-se-estampo-contra-una-reja\\\/#respond\"]}]},{\"@type\":\"WebPage\",\"@id\":\"https:\\\/\\\/reporteroshoy.mx\\\/noticias\\\/tricitaxista-de-uman-queda-viendo-estrellas-se-estampo-contra-una-reja\\\/\",\"url\":\"https:\\\/\\\/reporteroshoy.mx\\\/noticias\\\/tricitaxista-de-uman-queda-viendo-estrellas-se-estampo-contra-una-reja\\\/\",\"name\":\"Tricitaxista de Um\u00e1n queda viendo estrellas: se estamp\u00f3 contra una reja\",\"isPartOf\":{\"@id\":\"https:\\\/\\\/reporteroshoy.mx\\\/noticias\\\/#website\"},\"primaryImageOfPage\":{\"@id\":\"https:\\\/\\\/reporteroshoy.mx\\\/noticias\\\/tricitaxista-de-uman-queda-viendo-estrellas-se-estampo-contra-una-reja\\\/#primaryimage\"},\"image\":{\"@id\":\"https:\\\/\\\/reporteroshoy.mx\\\/noticias\\\/tricitaxista-de-uman-queda-viendo-estrellas-se-estampo-contra-una-reja\\\/#primaryimage\"},\"thumbnailUrl\":\"https:\\\/\\\/reporteroshoy.mx\\\/noticias\\\/wp-content\\\/uploads\\\/2022\\\/05\\\/MOTOTAXI-UMAN-scaled.jpeg\",\"datePublished\":\"2022-05-05T02:06:41+00:00\",\"author\":{\"@id\":\"https:\\\/\\\/reporteroshoy.mx\\\/noticias\\\/#\\\/schema\\\/person\\\/d32189074678a9d41498d4248e29aac3\"},\"description\":\"Don Luis se dirig\u00eda a su casa, pero al parecer estaba pasado de copas y perdi\u00f3 el control del manubrio, hasta que se estamp\u00f3 afuera de una casa de la colonia Santiago.\",\"breadcrumb\":{\"@id\":\"https:\\\/\\\/reporteroshoy.mx\\\/noticias\\\/tricitaxista-de-uman-queda-viendo-estrellas-se-estampo-contra-una-reja\\\/#breadcrumb\"},\"inLanguage\":\"es\",\"potentialAction\":[{\"@type\":\"ReadAction\",\"target\":[\"https:\\\/\\\/reporteroshoy.mx\\\/noticias\\\/tricitaxista-de-uman-queda-viendo-estrellas-se-estampo-contra-una-reja\\\/\"]}]},{\"@type\":\"ImageObject\",\"inLanguage\":\"es\",\"@id\":\"https:\\\/\\\/reporteroshoy.mx\\\/noticias\\\/tricitaxista-de-uman-queda-viendo-estrellas-se-estampo-contra-una-reja\\\/#primaryimage\",\"url\":\"https:\\\/\\\/reporteroshoy.mx\\\/noticias\\\/wp-content\\\/uploads\\\/2022\\\/05\\\/MOTOTAXI-UMAN-scaled.jpeg\",\"contentUrl\":\"https:\\\/\\\/reporteroshoy.mx\\\/noticias\\\/wp-content\\\/uploads\\\/2022\\\/05\\\/MOTOTAXI-UMAN-scaled.jpeg\",\"width\":768,\"height\":595},{\"@type\":\"BreadcrumbList\",\"@id\":\"https:\\\/\\\/reporteroshoy.mx\\\/noticias\\\/tricitaxista-de-uman-queda-viendo-estrellas-se-estampo-contra-una-reja\\\/#breadcrumb\",\"itemListElement\":[{\"@type\":\"ListItem\",\"position\":1,\"name\":\"Portada\",\"item\":\"https:\\\/\\\/reporteroshoy.mx\\\/noticias\\\/\"},{\"@type\":\"ListItem\",\"position\":2,\"name\":\"Tricitaxista de Um\u00e1n queda viendo estrellas: se estamp\u00f3 contra una reja\"}]},{\"@type\":\"WebSite\",\"@id\":\"https:\\\/\\\/reporteroshoy.mx\\\/noticias\\\/#website\",\"url\":\"https:\\\/\\\/reporteroshoy.mx\\\/noticias\\\/\",\"name\":\"Reporteros Hoy | Noticias de Yucat\u00e1n\",\"description\":\"Peri\u00f3dico digital con noticias diarias desde M\u00e9rida, Yucat\u00e1n para el mundo.\",\"potentialAction\":[{\"@type\":\"SearchAction\",\"target\":{\"@type\":\"EntryPoint\",\"urlTemplate\":\"https:\\\/\\\/reporteroshoy.mx\\\/noticias\\\/?s={search_term_string}\"},\"query-input\":{\"@type\":\"PropertyValueSpecification\",\"valueRequired\":true,\"valueName\":\"search_term_string\"}}],\"inLanguage\":\"es\"},{\"@type\":\"Person\",\"@id\":\"https:\\\/\\\/reporteroshoy.mx\\\/noticias\\\/#\\\/schema\\\/person\\\/d32189074678a9d41498d4248e29aac3\",\"name\":\"Reporteros Hoy HY\",\"image\":{\"@type\":\"ImageObject\",\"inLanguage\":\"es\",\"@id\":\"https:\\\/\\\/secure.gravatar.com\\\/avatar\\\/c539a82770f256437b35bda44650bb50f5fd4b7017f8b29672ed9f27a43cec47?s=96&d=mm&r=g\",\"url\":\"https:\\\/\\\/secure.gravatar.com\\\/avatar\\\/c539a82770f256437b35bda44650bb50f5fd4b7017f8b29672ed9f27a43cec47?s=96&d=mm&r=g\",\"contentUrl\":\"https:\\\/\\\/secure.gravatar.com\\\/avatar\\\/c539a82770f256437b35bda44650bb50f5fd4b7017f8b29672ed9f27a43cec47?s=96&d=mm&r=g\",\"caption\":\"Reporteros Hoy HY\"},\"url\":\"https:\\\/\\\/reporteroshoy.mx\\\/noticias\\\/author\\\/thelmo\\\/\"}]}<\/script>\n<!-- \/ Yoast SEO plugin. -->","yoast_head_json":{"title":"Tricitaxista de Um\u00e1n queda viendo estrellas: se estamp\u00f3 contra una reja","description":"Don Luis se dirig\u00eda a su casa, pero al parecer estaba pasado de copas y perdi\u00f3 el control del manubrio, hasta que se estamp\u00f3 afuera de una casa de la colonia Santiago.","robots":{"index":"index","follow":"follow","max-snippet":"max-snippet:-1","max-image-preview":"max-image-preview:large","max-video-preview":"max-video-preview:-1"},"canonical":"https:\/\/reporteroshoy.mx\/noticias\/tricitaxista-de-uman-queda-viendo-estrellas-se-estampo-contra-una-reja\/","og_locale":"es_ES","og_type":"article","og_title":"Tricitaxista de Um\u00e1n queda viendo estrellas: se estamp\u00f3 contra una reja","og_description":"Don Luis se dirig\u00eda a su casa, pero al parecer estaba pasado de copas y perdi\u00f3 el control del manubrio, hasta que se estamp\u00f3 afuera de una casa de la colonia Santiago.","og_url":"https:\/\/reporteroshoy.mx\/noticias\/tricitaxista-de-uman-queda-viendo-estrellas-se-estampo-contra-una-reja\/","og_site_name":"Reporteros Hoy | Noticias de Yucat\u00e1n","article_publisher":"http:\/\/www.facebook.com\/reporteroshoymx","article_published_time":"2022-05-05T02:06:41+00:00","og_image":[{"width":768,"height":595,"url":"https:\/\/reporteroshoy.mx\/noticias\/wp-content\/uploads\/2022\/05\/MOTOTAXI-UMAN-scaled.jpeg","type":"image\/jpeg"}],"author":"Reporteros Hoy HY","twitter_card":"summary_large_image","twitter_creator":"@reporteroshoy","twitter_site":"@reporteroshoy","twitter_misc":{"Escrito por":"Reporteros Hoy HY","Tiempo de lectura":"1 minuto"},"schema":{"@context":"https:\/\/schema.org","@graph":[{"@type":"Article","@id":"https:\/\/reporteroshoy.mx\/noticias\/tricitaxista-de-uman-queda-viendo-estrellas-se-estampo-contra-una-reja\/#article","isPartOf":{"@id":"https:\/\/reporteroshoy.mx\/noticias\/tricitaxista-de-uman-queda-viendo-estrellas-se-estampo-contra-una-reja\/"},"author":{"name":"Reporteros Hoy HY","@id":"https:\/\/reporteroshoy.mx\/noticias\/#\/schema\/person\/d32189074678a9d41498d4248e29aac3"},"headline":"Tricitaxista de Um\u00e1n queda viendo estrellas: se estamp\u00f3 contra una reja","datePublished":"2022-05-05T02:06:41+00:00","mainEntityOfPage":{"@id":"https:\/\/reporteroshoy.mx\/noticias\/tricitaxista-de-uman-queda-viendo-estrellas-se-estampo-contra-una-reja\/"},"wordCount":168,"commentCount":0,"image":{"@id":"https:\/\/reporteroshoy.mx\/noticias\/tricitaxista-de-uman-queda-viendo-estrellas-se-estampo-contra-una-reja\/#primaryimage"},"thumbnailUrl":"https:\/\/reporteroshoy.mx\/noticias\/wp-content\/uploads\/2022\/05\/MOTOTAXI-UMAN-scaled.jpeg","keywords":["Choque en Um\u00e1n","Uman","Yucatan Poniente"],"articleSection":["Municipios"],"inLanguage":"es","potentialAction":[{"@type":"CommentAction","name":"Comment","target":["https:\/\/reporteroshoy.mx\/noticias\/tricitaxista-de-uman-queda-viendo-estrellas-se-estampo-contra-una-reja\/#respond"]}]},{"@type":"WebPage","@id":"https:\/\/reporteroshoy.mx\/noticias\/tricitaxista-de-uman-queda-viendo-estrellas-se-estampo-contra-una-reja\/","url":"https:\/\/reporteroshoy.mx\/noticias\/tricitaxista-de-uman-queda-viendo-estrellas-se-estampo-contra-una-reja\/","name":"Tricitaxista de Um\u00e1n queda viendo estrellas: se estamp\u00f3 contra una reja","isPartOf":{"@id":"https:\/\/reporteroshoy.mx\/noticias\/#website"},"primaryImageOfPage":{"@id":"https:\/\/reporteroshoy.mx\/noticias\/tricitaxista-de-uman-queda-viendo-estrellas-se-estampo-contra-una-reja\/#primaryimage"},"image":{"@id":"https:\/\/reporteroshoy.mx\/noticias\/tricitaxista-de-uman-queda-viendo-estrellas-se-estampo-contra-una-reja\/#primaryimage"},"thumbnailUrl":"https:\/\/reporteroshoy.mx\/noticias\/wp-content\/uploads\/2022\/05\/MOTOTAXI-UMAN-scaled.jpeg","datePublished":"2022-05-05T02:06:41+00:00","author":{"@id":"https:\/\/reporteroshoy.mx\/noticias\/#\/schema\/person\/d32189074678a9d41498d4248e29aac3"},"description":"Don Luis se dirig\u00eda a su casa, pero al parecer estaba pasado de copas y perdi\u00f3 el control del manubrio, hasta que se estamp\u00f3 afuera de una casa de la colonia Santiago.","breadcrumb":{"@id":"https:\/\/reporteroshoy.mx\/noticias\/tricitaxista-de-uman-queda-viendo-estrellas-se-estampo-contra-una-reja\/#breadcrumb"},"inLanguage":"es","potentialAction":[{"@type":"ReadAction","target":["https:\/\/reporteroshoy.mx\/noticias\/tricitaxista-de-uman-queda-viendo-estrellas-se-estampo-contra-una-reja\/"]}]},{"@type":"ImageObject","inLanguage":"es","@id":"https:\/\/reporteroshoy.mx\/noticias\/tricitaxista-de-uman-queda-viendo-estrellas-se-estampo-contra-una-reja\/#primaryimage","url":"https:\/\/reporteroshoy.mx\/noticias\/wp-content\/uploads\/2022\/05\/MOTOTAXI-UMAN-scaled.jpeg","contentUrl":"https:\/\/reporteroshoy.mx\/noticias\/wp-content\/uploads\/2022\/05\/MOTOTAXI-UMAN-scaled.jpeg","width":768,"height":595},{"@type":"BreadcrumbList","@id":"https:\/\/reporteroshoy.mx\/noticias\/tricitaxista-de-uman-queda-viendo-estrellas-se-estampo-contra-una-reja\/#breadcrumb","itemListElement":[{"@type":"ListItem","position":1,"name":"Portada","item":"https:\/\/reporteroshoy.mx\/noticias\/"},{"@type":"ListItem","position":2,"name":"Tricitaxista de Um\u00e1n queda viendo estrellas: se estamp\u00f3 contra una reja"}]},{"@type":"WebSite","@id":"https:\/\/reporteroshoy.mx\/noticias\/#website","url":"https:\/\/reporteroshoy.mx\/noticias\/","name":"Reporteros Hoy | Noticias de Yucat\u00e1n","description":"Peri\u00f3dico digital con noticias diarias desde M\u00e9rida, Yucat\u00e1n para el mundo.","potentialAction":[{"@type":"SearchAction","target":{"@type":"EntryPoint","urlTemplate":"https:\/\/reporteroshoy.mx\/noticias\/?s={search_term_string}"},"query-input":{"@type":"PropertyValueSpecification","valueRequired":true,"valueName":"search_term_string"}}],"inLanguage":"es"},{"@type":"Person","@id":"https:\/\/reporteroshoy.mx\/noticias\/#\/schema\/person\/d32189074678a9d41498d4248e29aac3","name":"Reporteros Hoy HY","image":{"@type":"ImageObject","inLanguage":"es","@id":"https:\/\/secure.gravatar.com\/avatar\/c539a82770f256437b35bda44650bb50f5fd4b7017f8b29672ed9f27a43cec47?s=96&d=mm&r=g","url":"https:\/\/secure.gravatar.com\/avatar\/c539a82770f256437b35bda44650bb50f5fd4b7017f8b29672ed9f27a43cec47?s=96&d=mm&r=g","contentUrl":"https:\/\/secure.gravatar.com\/avatar\/c539a82770f256437b35bda44650bb50f5fd4b7017f8b29672ed9f27a43cec47?s=96&d=mm&r=g","caption":"Reporteros Hoy HY"},"url":"https:\/\/reporteroshoy.mx\/noticias\/author\/thelmo\/"}]}},"_links":{"self":[{"href":"https:\/\/reporteroshoy.mx\/noticias\/wp-json\/wp\/v2\/posts\/85422","targetHints":{"allow":["GET"]}}],"collection":[{"href":"https:\/\/reporteroshoy.mx\/noticias\/wp-json\/wp\/v2\/posts"}],"about":[{"href":"https:\/\/reporteroshoy.mx\/noticias\/wp-json\/wp\/v2\/types\/post"}],"author":[{"embeddable":true,"href":"https:\/\/reporteroshoy.mx\/noticias\/wp-json\/wp\/v2\/users\/2"}],"replies":[{"embeddable":true,"href":"https:\/\/reporteroshoy.mx\/noticias\/wp-json\/wp\/v2\/comments?post=85422"}],"version-history":[{"count":0,"href":"https:\/\/reporteroshoy.mx\/noticias\/wp-json\/wp\/v2\/posts\/85422\/revisions"}],"wp:featuredmedia":[{"embeddable":true,"href":"https:\/\/reporteroshoy.mx\/noticias\/wp-json\/wp\/v2\/media\/85423"}],"wp:attachment":[{"href":"https:\/\/reporteroshoy.mx\/noticias\/wp-json\/wp\/v2\/media?parent=85422"}],"wp:term":[{"taxonomy":"category","embeddable":true,"href":"https:\/\/reporteroshoy.mx\/noticias\/wp-json\/wp\/v2\/categories?post=85422"},{"taxonomy":"post_tag","embeddable":true,"href":"https:\/\/reporteroshoy.mx\/noticias\/wp-json\/wp\/v2\/tags?post=85422"}],"curies":[{"name":"wp","href":"https:\/\/api.w.org\/{rel}","templated":true}]}}