{"id":85503,"date":"2022-05-05T20:15:37","date_gmt":"2022-05-06T01:15:37","guid":{"rendered":"https:\/\/reporteroshoy.mx\/noticias\/?p=85503"},"modified":"2022-05-05T20:15:37","modified_gmt":"2022-05-06T01:15:37","slug":"prerifio-la-carcel-que-pagar-mil-600-al-mes-de-pension-a-sus-dos-hijos","status":"publish","type":"post","link":"https:\/\/reporteroshoy.mx\/noticias\/prerifio-la-carcel-que-pagar-mil-600-al-mes-de-pension-a-sus-dos-hijos\/","title":{"rendered":"Prerifi\u00f3 la c\u00e1rcel que pagar mil 600 al mes de pensi\u00f3n a sus dos hijos"},"content":{"rendered":"<div class=\"njsxSjojhQEKONZAPHKO qhSqO7VoA6AkPzWWtEbg TiApUvaZOn0aLkSUHRf7 allowTextSelection\" tabindex=\"-1\" role=\"region\" aria-label=\"Cuerpo del mensaje\">\n<div>\n<div class=\"rps_f74a\">\n<div>\n<div dir=\"ltr\">\n<p dir=\"ltr\" style=\"text-align: justify;\">M\u00e9rida, Yucat\u00e1n a 05 de mayo de 2022.- Tras ser encontrado penalmente responsable del delito de incumplimiento de las obligaciones de asistencia familiar, A.H.B., fue sentenciado a dos a\u00f1os y tres meses de prisi\u00f3n, al realizarse la individualizaci\u00f3n de sanciones en el Centro de Justicia Oral de M\u00e9rida.<\/p>\n<p dir=\"ltr\" style=\"text-align: justify;\">Despu\u00e9s de ser valoradas las pruebas periciales, documentales y testimoniales aportadas por la Fiscal\u00eda General del Estado (FGE), el Tribunal Segundo de Enjuiciamiento otorg\u00f3 el fallo condenatorio y sentenci\u00f3 al acusado adem\u00e1s de la pena privativa de la libertad se\u00f1alada, a realizar el pago de la reparaci\u00f3n del da\u00f1o y 90 d\u00edas de multa.<\/p>\n<p dir=\"ltr\"><img loading=\"lazy\" decoding=\"async\" class=\"alignnone size-full wp-image-36185\" src=\"https:\/\/reporteroshoy.mx\/noticias\/wp-content\/uploads\/2020\/05\/Cereso.jpg\" alt=\"\" width=\"768\" height=\"431\" \/><\/p>\n<p dir=\"ltr\" style=\"text-align: justify;\">Cabe recordar que durante la etapa inicial, el caso se desahog\u00f3 en el Juzgado Segundo de Control, donde esta representaci\u00f3n social estableci\u00f3 que el encausado y la denunciante se divorciaron, por lo que el Juzgado Familiar estableci\u00f3 en agosto de 2018 el pago de mil 600 mensuales por concepto de pensi\u00f3n alimenticia para sus dos hijos menores de edad, pero no cumpli\u00f3 y fue denunciado penalmente derivando en la causa penal 188\/2021.<\/p>\n<p dir=\"ltr\" style=\"text-align: justify;\">Durante la diligencia judicial, se convoc\u00f3 a las partes para el pr\u00f3ximo 11 de mayo, fecha en que se realizar\u00e1 la audiencia de lectura de sentencia.<\/p>\n<\/div>\n<\/div>\n<\/div>\n<\/div>\n<\/div>\n","protected":false},"excerpt":{"rendered":"<p>A.H.B., fue sentenciado a dos a\u00f1os y tres meses de prisi\u00f3n porque desde 2018 que se divorci\u00f3 y le fijaron el monto de la pensi\u00f3n, se neg\u00f3 a pagar. <\/p>\n","protected":false},"author":6,"featured_media":67947,"comment_status":"open","ping_status":"closed","sticky":false,"template":"","format":"standard","meta":{"footnotes":""},"categories":[14],"tags":[2564,13523],"class_list":["post-85503","post","type-post","status-publish","format-standard","has-post-thumbnail","hentry","category-policia","tag-cereso","tag-pension-alimenticia"],"yoast_head":"<!-- This site is optimized with the Yoast SEO plugin v28.3 - https:\/\/yoast.com\/product\/yoast-seo-wordpress\/ -->\n<title>Prerifi\u00f3 la c\u00e1rcel que pagar mil 600 al mes de pensi\u00f3n a sus dos hijos<\/title>\n<meta name=\"description\" content=\"A.H.B., fue sentenciado a dos a\u00f1os y tres meses de prisi\u00f3n porque desde 2018 que se divorci\u00f3 y le fijaron el monto de la pensi\u00f3n, se neg\u00f3 a pagar.\" \/>\n<meta name=\"robots\" content=\"index, follow, max-snippet:-1, max-image-preview:large, max-video-preview:-1\" \/>\n<link rel=\"canonical\" href=\"https:\/\/reporteroshoy.mx\/noticias\/prerifio-la-carcel-que-pagar-mil-600-al-mes-de-pension-a-sus-dos-hijos\/\" \/>\n<meta property=\"og:locale\" content=\"es_ES\" \/>\n<meta property=\"og:type\" content=\"article\" \/>\n<meta property=\"og:title\" content=\"Prerifi\u00f3 la c\u00e1rcel que pagar mil 600 al mes de pensi\u00f3n a sus dos hijos\" \/>\n<meta property=\"og:description\" content=\"A.H.B., fue sentenciado a dos a\u00f1os y tres meses de prisi\u00f3n porque desde 2018 que se divorci\u00f3 y le fijaron el monto de la pensi\u00f3n, se neg\u00f3 a pagar.\" \/>\n<meta property=\"og:url\" content=\"https:\/\/reporteroshoy.mx\/noticias\/prerifio-la-carcel-que-pagar-mil-600-al-mes-de-pension-a-sus-dos-hijos\/\" \/>\n<meta property=\"og:site_name\" content=\"Reporteros Hoy | Noticias de Yucat\u00e1n\" \/>\n<meta property=\"article:publisher\" content=\"http:\/\/www.facebook.com\/reporteroshoymx\" \/>\n<meta property=\"article:published_time\" content=\"2022-05-06T01:15:37+00:00\" \/>\n<meta property=\"og:image\" content=\"https:\/\/reporteroshoy.mx\/noticias\/wp-content\/uploads\/2021\/07\/Cereso.jpg\" \/>\n\t<meta property=\"og:image:width\" content=\"768\" \/>\n\t<meta property=\"og:image:height\" content=\"432\" \/>\n\t<meta property=\"og:image:type\" content=\"image\/jpeg\" \/>\n<meta name=\"author\" content=\"Reporteros Hoy GS\" \/>\n<meta name=\"twitter:card\" content=\"summary_large_image\" \/>\n<meta name=\"twitter:creator\" content=\"@reporteroshoy\" \/>\n<meta name=\"twitter:site\" content=\"@reporteroshoy\" \/>\n<meta name=\"twitter:label1\" content=\"Escrito por\" \/>\n\t<meta name=\"twitter:data1\" content=\"Reporteros Hoy GS\" \/>\n\t<meta name=\"twitter:label2\" content=\"Tiempo de lectura\" \/>\n\t<meta name=\"twitter:data2\" content=\"1 minuto\" \/>\n<script type=\"application\/ld+json\" class=\"yoast-schema-graph\">{\"@context\":\"https:\\\/\\\/schema.org\",\"@graph\":[{\"@type\":\"Article\",\"@id\":\"https:\\\/\\\/reporteroshoy.mx\\\/noticias\\\/prerifio-la-carcel-que-pagar-mil-600-al-mes-de-pension-a-sus-dos-hijos\\\/#article\",\"isPartOf\":{\"@id\":\"https:\\\/\\\/reporteroshoy.mx\\\/noticias\\\/prerifio-la-carcel-que-pagar-mil-600-al-mes-de-pension-a-sus-dos-hijos\\\/\"},\"author\":{\"name\":\"Reporteros Hoy GS\",\"@id\":\"https:\\\/\\\/reporteroshoy.mx\\\/noticias\\\/#\\\/schema\\\/person\\\/49ae631fc906b44554e4ba3866c505d7\"},\"headline\":\"Prerifi\u00f3 la c\u00e1rcel que pagar mil 600 al mes de pensi\u00f3n a sus dos hijos\",\"datePublished\":\"2022-05-06T01:15:37+00:00\",\"mainEntityOfPage\":{\"@id\":\"https:\\\/\\\/reporteroshoy.mx\\\/noticias\\\/prerifio-la-carcel-que-pagar-mil-600-al-mes-de-pension-a-sus-dos-hijos\\\/\"},\"wordCount\":228,\"commentCount\":0,\"image\":{\"@id\":\"https:\\\/\\\/reporteroshoy.mx\\\/noticias\\\/prerifio-la-carcel-que-pagar-mil-600-al-mes-de-pension-a-sus-dos-hijos\\\/#primaryimage\"},\"thumbnailUrl\":\"https:\\\/\\\/reporteroshoy.mx\\\/noticias\\\/wp-content\\\/uploads\\\/2021\\\/07\\\/Cereso.jpg\",\"keywords\":[\"cereso\",\"pensi\u00f3n alimenticia\"],\"articleSection\":[\"Polic\u00eda\"],\"inLanguage\":\"es\",\"potentialAction\":[{\"@type\":\"CommentAction\",\"name\":\"Comment\",\"target\":[\"https:\\\/\\\/reporteroshoy.mx\\\/noticias\\\/prerifio-la-carcel-que-pagar-mil-600-al-mes-de-pension-a-sus-dos-hijos\\\/#respond\"]}]},{\"@type\":\"WebPage\",\"@id\":\"https:\\\/\\\/reporteroshoy.mx\\\/noticias\\\/prerifio-la-carcel-que-pagar-mil-600-al-mes-de-pension-a-sus-dos-hijos\\\/\",\"url\":\"https:\\\/\\\/reporteroshoy.mx\\\/noticias\\\/prerifio-la-carcel-que-pagar-mil-600-al-mes-de-pension-a-sus-dos-hijos\\\/\",\"name\":\"Prerifi\u00f3 la c\u00e1rcel que pagar mil 600 al mes de pensi\u00f3n a sus dos hijos\",\"isPartOf\":{\"@id\":\"https:\\\/\\\/reporteroshoy.mx\\\/noticias\\\/#website\"},\"primaryImageOfPage\":{\"@id\":\"https:\\\/\\\/reporteroshoy.mx\\\/noticias\\\/prerifio-la-carcel-que-pagar-mil-600-al-mes-de-pension-a-sus-dos-hijos\\\/#primaryimage\"},\"image\":{\"@id\":\"https:\\\/\\\/reporteroshoy.mx\\\/noticias\\\/prerifio-la-carcel-que-pagar-mil-600-al-mes-de-pension-a-sus-dos-hijos\\\/#primaryimage\"},\"thumbnailUrl\":\"https:\\\/\\\/reporteroshoy.mx\\\/noticias\\\/wp-content\\\/uploads\\\/2021\\\/07\\\/Cereso.jpg\",\"datePublished\":\"2022-05-06T01:15:37+00:00\",\"author\":{\"@id\":\"https:\\\/\\\/reporteroshoy.mx\\\/noticias\\\/#\\\/schema\\\/person\\\/49ae631fc906b44554e4ba3866c505d7\"},\"description\":\"A.H.B., fue sentenciado a dos a\u00f1os y tres meses de prisi\u00f3n porque desde 2018 que se divorci\u00f3 y le fijaron el monto de la pensi\u00f3n, se neg\u00f3 a pagar.\",\"breadcrumb\":{\"@id\":\"https:\\\/\\\/reporteroshoy.mx\\\/noticias\\\/prerifio-la-carcel-que-pagar-mil-600-al-mes-de-pension-a-sus-dos-hijos\\\/#breadcrumb\"},\"inLanguage\":\"es\",\"potentialAction\":[{\"@type\":\"ReadAction\",\"target\":[\"https:\\\/\\\/reporteroshoy.mx\\\/noticias\\\/prerifio-la-carcel-que-pagar-mil-600-al-mes-de-pension-a-sus-dos-hijos\\\/\"]}]},{\"@type\":\"ImageObject\",\"inLanguage\":\"es\",\"@id\":\"https:\\\/\\\/reporteroshoy.mx\\\/noticias\\\/prerifio-la-carcel-que-pagar-mil-600-al-mes-de-pension-a-sus-dos-hijos\\\/#primaryimage\",\"url\":\"https:\\\/\\\/reporteroshoy.mx\\\/noticias\\\/wp-content\\\/uploads\\\/2021\\\/07\\\/Cereso.jpg\",\"contentUrl\":\"https:\\\/\\\/reporteroshoy.mx\\\/noticias\\\/wp-content\\\/uploads\\\/2021\\\/07\\\/Cereso.jpg\",\"width\":768,\"height\":432},{\"@type\":\"BreadcrumbList\",\"@id\":\"https:\\\/\\\/reporteroshoy.mx\\\/noticias\\\/prerifio-la-carcel-que-pagar-mil-600-al-mes-de-pension-a-sus-dos-hijos\\\/#breadcrumb\",\"itemListElement\":[{\"@type\":\"ListItem\",\"position\":1,\"name\":\"Portada\",\"item\":\"https:\\\/\\\/reporteroshoy.mx\\\/noticias\\\/\"},{\"@type\":\"ListItem\",\"position\":2,\"name\":\"Prerifi\u00f3 la c\u00e1rcel que pagar mil 600 al mes de pensi\u00f3n a sus dos hijos\"}]},{\"@type\":\"WebSite\",\"@id\":\"https:\\\/\\\/reporteroshoy.mx\\\/noticias\\\/#website\",\"url\":\"https:\\\/\\\/reporteroshoy.mx\\\/noticias\\\/\",\"name\":\"Reporteros Hoy | Noticias de Yucat\u00e1n\",\"description\":\"Peri\u00f3dico digital con noticias diarias desde M\u00e9rida, Yucat\u00e1n para el mundo.\",\"potentialAction\":[{\"@type\":\"SearchAction\",\"target\":{\"@type\":\"EntryPoint\",\"urlTemplate\":\"https:\\\/\\\/reporteroshoy.mx\\\/noticias\\\/?s={search_term_string}\"},\"query-input\":{\"@type\":\"PropertyValueSpecification\",\"valueRequired\":true,\"valueName\":\"search_term_string\"}}],\"inLanguage\":\"es\"},{\"@type\":\"Person\",\"@id\":\"https:\\\/\\\/reporteroshoy.mx\\\/noticias\\\/#\\\/schema\\\/person\\\/49ae631fc906b44554e4ba3866c505d7\",\"name\":\"Reporteros Hoy GS\",\"image\":{\"@type\":\"ImageObject\",\"inLanguage\":\"es\",\"@id\":\"https:\\\/\\\/secure.gravatar.com\\\/avatar\\\/00d32adb620345c3db2cfc175917f65c584e1e338fdc49ad126aa1f9830eb6a9?s=96&d=mm&r=g\",\"url\":\"https:\\\/\\\/secure.gravatar.com\\\/avatar\\\/00d32adb620345c3db2cfc175917f65c584e1e338fdc49ad126aa1f9830eb6a9?s=96&d=mm&r=g\",\"contentUrl\":\"https:\\\/\\\/secure.gravatar.com\\\/avatar\\\/00d32adb620345c3db2cfc175917f65c584e1e338fdc49ad126aa1f9830eb6a9?s=96&d=mm&r=g\",\"caption\":\"Reporteros Hoy GS\"},\"url\":\"https:\\\/\\\/reporteroshoy.mx\\\/noticias\\\/author\\\/lupis\\\/\"}]}<\/script>\n<!-- \/ Yoast SEO plugin. -->","yoast_head_json":{"title":"Prerifi\u00f3 la c\u00e1rcel que pagar mil 600 al mes de pensi\u00f3n a sus dos hijos","description":"A.H.B., fue sentenciado a dos a\u00f1os y tres meses de prisi\u00f3n porque desde 2018 que se divorci\u00f3 y le fijaron el monto de la pensi\u00f3n, se neg\u00f3 a pagar.","robots":{"index":"index","follow":"follow","max-snippet":"max-snippet:-1","max-image-preview":"max-image-preview:large","max-video-preview":"max-video-preview:-1"},"canonical":"https:\/\/reporteroshoy.mx\/noticias\/prerifio-la-carcel-que-pagar-mil-600-al-mes-de-pension-a-sus-dos-hijos\/","og_locale":"es_ES","og_type":"article","og_title":"Prerifi\u00f3 la c\u00e1rcel que pagar mil 600 al mes de pensi\u00f3n a sus dos hijos","og_description":"A.H.B., fue sentenciado a dos a\u00f1os y tres meses de prisi\u00f3n porque desde 2018 que se divorci\u00f3 y le fijaron el monto de la pensi\u00f3n, se neg\u00f3 a pagar.","og_url":"https:\/\/reporteroshoy.mx\/noticias\/prerifio-la-carcel-que-pagar-mil-600-al-mes-de-pension-a-sus-dos-hijos\/","og_site_name":"Reporteros Hoy | Noticias de Yucat\u00e1n","article_publisher":"http:\/\/www.facebook.com\/reporteroshoymx","article_published_time":"2022-05-06T01:15:37+00:00","og_image":[{"width":768,"height":432,"url":"https:\/\/reporteroshoy.mx\/noticias\/wp-content\/uploads\/2021\/07\/Cereso.jpg","type":"image\/jpeg"}],"author":"Reporteros Hoy GS","twitter_card":"summary_large_image","twitter_creator":"@reporteroshoy","twitter_site":"@reporteroshoy","twitter_misc":{"Escrito por":"Reporteros Hoy GS","Tiempo de lectura":"1 minuto"},"schema":{"@context":"https:\/\/schema.org","@graph":[{"@type":"Article","@id":"https:\/\/reporteroshoy.mx\/noticias\/prerifio-la-carcel-que-pagar-mil-600-al-mes-de-pension-a-sus-dos-hijos\/#article","isPartOf":{"@id":"https:\/\/reporteroshoy.mx\/noticias\/prerifio-la-carcel-que-pagar-mil-600-al-mes-de-pension-a-sus-dos-hijos\/"},"author":{"name":"Reporteros Hoy GS","@id":"https:\/\/reporteroshoy.mx\/noticias\/#\/schema\/person\/49ae631fc906b44554e4ba3866c505d7"},"headline":"Prerifi\u00f3 la c\u00e1rcel que pagar mil 600 al mes de pensi\u00f3n a sus dos hijos","datePublished":"2022-05-06T01:15:37+00:00","mainEntityOfPage":{"@id":"https:\/\/reporteroshoy.mx\/noticias\/prerifio-la-carcel-que-pagar-mil-600-al-mes-de-pension-a-sus-dos-hijos\/"},"wordCount":228,"commentCount":0,"image":{"@id":"https:\/\/reporteroshoy.mx\/noticias\/prerifio-la-carcel-que-pagar-mil-600-al-mes-de-pension-a-sus-dos-hijos\/#primaryimage"},"thumbnailUrl":"https:\/\/reporteroshoy.mx\/noticias\/wp-content\/uploads\/2021\/07\/Cereso.jpg","keywords":["cereso","pensi\u00f3n alimenticia"],"articleSection":["Polic\u00eda"],"inLanguage":"es","potentialAction":[{"@type":"CommentAction","name":"Comment","target":["https:\/\/reporteroshoy.mx\/noticias\/prerifio-la-carcel-que-pagar-mil-600-al-mes-de-pension-a-sus-dos-hijos\/#respond"]}]},{"@type":"WebPage","@id":"https:\/\/reporteroshoy.mx\/noticias\/prerifio-la-carcel-que-pagar-mil-600-al-mes-de-pension-a-sus-dos-hijos\/","url":"https:\/\/reporteroshoy.mx\/noticias\/prerifio-la-carcel-que-pagar-mil-600-al-mes-de-pension-a-sus-dos-hijos\/","name":"Prerifi\u00f3 la c\u00e1rcel que pagar mil 600 al mes de pensi\u00f3n a sus dos hijos","isPartOf":{"@id":"https:\/\/reporteroshoy.mx\/noticias\/#website"},"primaryImageOfPage":{"@id":"https:\/\/reporteroshoy.mx\/noticias\/prerifio-la-carcel-que-pagar-mil-600-al-mes-de-pension-a-sus-dos-hijos\/#primaryimage"},"image":{"@id":"https:\/\/reporteroshoy.mx\/noticias\/prerifio-la-carcel-que-pagar-mil-600-al-mes-de-pension-a-sus-dos-hijos\/#primaryimage"},"thumbnailUrl":"https:\/\/reporteroshoy.mx\/noticias\/wp-content\/uploads\/2021\/07\/Cereso.jpg","datePublished":"2022-05-06T01:15:37+00:00","author":{"@id":"https:\/\/reporteroshoy.mx\/noticias\/#\/schema\/person\/49ae631fc906b44554e4ba3866c505d7"},"description":"A.H.B., fue sentenciado a dos a\u00f1os y tres meses de prisi\u00f3n porque desde 2018 que se divorci\u00f3 y le fijaron el monto de la pensi\u00f3n, se neg\u00f3 a pagar.","breadcrumb":{"@id":"https:\/\/reporteroshoy.mx\/noticias\/prerifio-la-carcel-que-pagar-mil-600-al-mes-de-pension-a-sus-dos-hijos\/#breadcrumb"},"inLanguage":"es","potentialAction":[{"@type":"ReadAction","target":["https:\/\/reporteroshoy.mx\/noticias\/prerifio-la-carcel-que-pagar-mil-600-al-mes-de-pension-a-sus-dos-hijos\/"]}]},{"@type":"ImageObject","inLanguage":"es","@id":"https:\/\/reporteroshoy.mx\/noticias\/prerifio-la-carcel-que-pagar-mil-600-al-mes-de-pension-a-sus-dos-hijos\/#primaryimage","url":"https:\/\/reporteroshoy.mx\/noticias\/wp-content\/uploads\/2021\/07\/Cereso.jpg","contentUrl":"https:\/\/reporteroshoy.mx\/noticias\/wp-content\/uploads\/2021\/07\/Cereso.jpg","width":768,"height":432},{"@type":"BreadcrumbList","@id":"https:\/\/reporteroshoy.mx\/noticias\/prerifio-la-carcel-que-pagar-mil-600-al-mes-de-pension-a-sus-dos-hijos\/#breadcrumb","itemListElement":[{"@type":"ListItem","position":1,"name":"Portada","item":"https:\/\/reporteroshoy.mx\/noticias\/"},{"@type":"ListItem","position":2,"name":"Prerifi\u00f3 la c\u00e1rcel que pagar mil 600 al mes de pensi\u00f3n a sus dos hijos"}]},{"@type":"WebSite","@id":"https:\/\/reporteroshoy.mx\/noticias\/#website","url":"https:\/\/reporteroshoy.mx\/noticias\/","name":"Reporteros Hoy | Noticias de Yucat\u00e1n","description":"Peri\u00f3dico digital con noticias diarias desde M\u00e9rida, Yucat\u00e1n para el mundo.","potentialAction":[{"@type":"SearchAction","target":{"@type":"EntryPoint","urlTemplate":"https:\/\/reporteroshoy.mx\/noticias\/?s={search_term_string}"},"query-input":{"@type":"PropertyValueSpecification","valueRequired":true,"valueName":"search_term_string"}}],"inLanguage":"es"},{"@type":"Person","@id":"https:\/\/reporteroshoy.mx\/noticias\/#\/schema\/person\/49ae631fc906b44554e4ba3866c505d7","name":"Reporteros Hoy GS","image":{"@type":"ImageObject","inLanguage":"es","@id":"https:\/\/secure.gravatar.com\/avatar\/00d32adb620345c3db2cfc175917f65c584e1e338fdc49ad126aa1f9830eb6a9?s=96&d=mm&r=g","url":"https:\/\/secure.gravatar.com\/avatar\/00d32adb620345c3db2cfc175917f65c584e1e338fdc49ad126aa1f9830eb6a9?s=96&d=mm&r=g","contentUrl":"https:\/\/secure.gravatar.com\/avatar\/00d32adb620345c3db2cfc175917f65c584e1e338fdc49ad126aa1f9830eb6a9?s=96&d=mm&r=g","caption":"Reporteros Hoy GS"},"url":"https:\/\/reporteroshoy.mx\/noticias\/author\/lupis\/"}]}},"_links":{"self":[{"href":"https:\/\/reporteroshoy.mx\/noticias\/wp-json\/wp\/v2\/posts\/85503","targetHints":{"allow":["GET"]}}],"collection":[{"href":"https:\/\/reporteroshoy.mx\/noticias\/wp-json\/wp\/v2\/posts"}],"about":[{"href":"https:\/\/reporteroshoy.mx\/noticias\/wp-json\/wp\/v2\/types\/post"}],"author":[{"embeddable":true,"href":"https:\/\/reporteroshoy.mx\/noticias\/wp-json\/wp\/v2\/users\/6"}],"replies":[{"embeddable":true,"href":"https:\/\/reporteroshoy.mx\/noticias\/wp-json\/wp\/v2\/comments?post=85503"}],"version-history":[{"count":0,"href":"https:\/\/reporteroshoy.mx\/noticias\/wp-json\/wp\/v2\/posts\/85503\/revisions"}],"wp:featuredmedia":[{"embeddable":true,"href":"https:\/\/reporteroshoy.mx\/noticias\/wp-json\/wp\/v2\/media\/67947"}],"wp:attachment":[{"href":"https:\/\/reporteroshoy.mx\/noticias\/wp-json\/wp\/v2\/media?parent=85503"}],"wp:term":[{"taxonomy":"category","embeddable":true,"href":"https:\/\/reporteroshoy.mx\/noticias\/wp-json\/wp\/v2\/categories?post=85503"},{"taxonomy":"post_tag","embeddable":true,"href":"https:\/\/reporteroshoy.mx\/noticias\/wp-json\/wp\/v2\/tags?post=85503"}],"curies":[{"name":"wp","href":"https:\/\/api.w.org\/{rel}","templated":true}]}}