{"id":85924,"date":"2022-05-13T13:54:41","date_gmt":"2022-05-13T18:54:41","guid":{"rendered":"https:\/\/reporteroshoy.mx\/noticias\/?p=85924"},"modified":"2022-05-13T15:23:55","modified_gmt":"2022-05-13T20:23:55","slug":"turnan-a-comisiones-terna-para-designar-a-magistrada-del-tsjy","status":"publish","type":"post","link":"https:\/\/reporteroshoy.mx\/noticias\/turnan-a-comisiones-terna-para-designar-a-magistrada-del-tsjy\/","title":{"rendered":"Congreso nombrar\u00eda nueva magistrada la pr\u00f3xima semana"},"content":{"rendered":"<p class=\"elementToProof\" style=\"text-align: justify;\">M\u00e9rida, Yucat\u00e1n; 13 de mayo de 2022.- En sesi\u00f3n ordinaria, la Mesa Directiva turn\u00f3 a las comisiones correspondientes diversas iniciativas y oficios para su estudio, entre estas, el enviado por el Ejecutivo Estatal en el que se remite la terna para designar a la magistrada del Tribunal Superior de Justicia del Estado, entre las que figuran Teresita de Jes\u00fas Anguas Zapata, Adiver del Rub\u00ed Gonz\u00e1lez Alpuche y Lizette Mimenza Herrera. Este ser\u00e1 analizado por los diputados de las comisiones unidas de Puntos Constitucionales y Gobernaci\u00f3n y, de Justicia y Seguridad P\u00fablica.<\/p>\n<p class=\"elementToProof\" style=\"text-align: justify;\">En entrevista, el presidente de la Junta de Gobierno y Coordinaci\u00f3n Pol\u00edtica del Congreso del Estado, diputado V\u00edctor Hugo Lozano Poveda (PAN), explic\u00f3 que ser\u00e1 en las comisiones unidas en donde se determinar\u00e1 el proceso, en el que figurar\u00eda una reuni\u00f3n de trabajo entre las y los diputados y las candidatas al puesto como magistrada.<\/p>\n<p class=\"elementToProof\" style=\"text-align: justify;\">\u201cHay que recordar que desde el primer oficio enviado por el Magistrado Presidente Ricardo \u00c1vila Heredia, le dio un car\u00e1cter de urgente, entonces estamos en conocimiento tambi\u00e9n de que hay temas muy pendientes en la Sala Civil que es en donde se desempa\u00f1aba la magistrada y bueno, no queremos generar ning\u00fan atraso mayor en el Poder Judicial, entonces vamos a poner todo nuestro empe\u00f1o por salir lo m\u00e1s pronto posible de esto, que es un proceso, no vamos a legislar, vamos a procesar una solicitud y en ese sentido tomar las mejores decisiones\u201d, asever\u00f3.<\/p>\n<p><img loading=\"lazy\" decoding=\"async\" class=\"wp-image-85925 aligncenter\" src=\"https:\/\/reporteroshoy.mx\/noticias\/wp-content\/uploads\/2022\/05\/Congreso-de-Yucatan.jpg\" alt=\"\" width=\"598\" height=\"336\" \/><\/p>\n<p class=\"elementToProof\" style=\"text-align: justify;\">Entre los asuntos en cartera, se turn\u00f3 a la Junta de Gobierno y Coordinaci\u00f3n Pol\u00edtica, los oficios relativos a la sentencia dictada por el pleno del Tribunal Electoral del Estado.<\/p>\n<p class=\"elementToProof\" style=\"text-align: justify;\">A la comisi\u00f3n de Vigilancia de la Cuenta P\u00fablica, Transparencia y Anticorrupci\u00f3n, se turnaron los oficios del Ayuntamiento de Dzit\u00e1s en el que remite la cuenta p\u00fablica correspondiente a 2021 y el enviado por el auditor superior, Mario Can Mar\u00edn, con el que remite la tercera entrega de los informes individuales y el informe general ejecutivo del resultado de la fiscalizaci\u00f3n superior, de la cuenta p\u00fablica 2020.<\/p>\n<p class=\"elementToProof\" style=\"text-align: justify;\">En cuanto a las iniciativas, la comisi\u00f3n de Puntos Constitucionales analizar\u00e1 la presentada por la diputada Dafne L\u00f3pez Osorio relativa al lenguaje incluyente y no sexista para nombrar a hombres y mujeres en el quehacer p\u00fablico competente. Tambi\u00e9n, la iniciativa suscrita por el diputado de Morena, Rafael Echazarreta Torres, en materia de dict\u00e1menes.<\/p>\n<p class=\"elementToProof\" style=\"text-align: justify;\">La comisi\u00f3n de Justicia y Seguridad P\u00fablica analizar\u00e1 la iniciativa presentada por la diputada Karem Achach Ram\u00edrez y Manuela Cocom Bolio referente al feminicidio en grado de tentativa.<\/p>\n<p class=\"elementToProof\" style=\"text-align: justify;\">En la sesi\u00f3n se dio lectura a los oficios enviados por la Legislatura del estado de Hidalgo y el enviado por la secretaria de Administraci\u00f3n y Finanzas del Gobierno del Estado, Olga Rosas Moya.<\/p>\n<p class=\"elementToProof\" style=\"text-align: justify;\">En asuntos generales, el diputado Rafael Echazarreta Torres (Morena), entreg\u00f3 una iniciativa para expedir la Ley de Viajes con Cargo al Erario P\u00fablico del Estado de Yucat\u00e1n.<\/p>\n<p class=\"elementToProof\" style=\"text-align: justify;\">Por \u00faltimo, se convoc\u00f3 a los diputados a la Sesi\u00f3n Solemne que se realizar\u00e1 este domingo 15 de mayo a las 11:30 horas con motivo de la entrega del reconocimiento \u201cA la Excelencia Docente del Estado de Yucat\u00e1n\u201d, al doctor Carlos Alberto P\u00e9rez y P\u00e9rez.<\/p>\n","protected":false},"excerpt":{"rendered":"<p>Tambi\u00e9n se turno a comisiones la iniciativa referente al feminicidio en grado de tentativa.<\/p>\n","protected":false},"author":9,"featured_media":85925,"comment_status":"open","ping_status":"closed","sticky":false,"template":"","format":"standard","meta":{"footnotes":""},"categories":[7],"tags":[3799,321],"class_list":["post-85924","post","type-post","status-publish","format-standard","has-post-thumbnail","hentry","category-gobierno","tag-comisiones","tag-congreso-de-yucatan"],"yoast_head":"<!-- This site is optimized with the Yoast SEO plugin v28.3 - https:\/\/yoast.com\/product\/yoast-seo-wordpress\/ -->\n<title>Congreso nombrar\u00eda nueva magistrada la pr\u00f3xima semana<\/title>\n<meta name=\"description\" content=\"Tambi\u00e9n se turno a comisiones la iniciativa referente al feminicidio en grado de tentativa.\" \/>\n<meta name=\"robots\" content=\"index, follow, max-snippet:-1, max-image-preview:large, max-video-preview:-1\" \/>\n<link rel=\"canonical\" href=\"https:\/\/reporteroshoy.mx\/noticias\/turnan-a-comisiones-terna-para-designar-a-magistrada-del-tsjy\/\" \/>\n<meta property=\"og:locale\" content=\"es_ES\" \/>\n<meta property=\"og:type\" content=\"article\" \/>\n<meta property=\"og:title\" content=\"Congreso nombrar\u00eda nueva magistrada la pr\u00f3xima semana\" \/>\n<meta property=\"og:description\" content=\"Tambi\u00e9n se turno a comisiones la iniciativa referente al feminicidio en grado de tentativa.\" \/>\n<meta property=\"og:url\" content=\"https:\/\/reporteroshoy.mx\/noticias\/turnan-a-comisiones-terna-para-designar-a-magistrada-del-tsjy\/\" \/>\n<meta property=\"og:site_name\" content=\"Reporteros Hoy | Noticias de Yucat\u00e1n\" \/>\n<meta property=\"article:publisher\" content=\"http:\/\/www.facebook.com\/reporteroshoymx\" \/>\n<meta property=\"article:published_time\" content=\"2022-05-13T18:54:41+00:00\" \/>\n<meta property=\"article:modified_time\" content=\"2022-05-13T20:23:55+00:00\" \/>\n<meta property=\"og:image\" content=\"https:\/\/reporteroshoy.mx\/noticias\/wp-content\/uploads\/2022\/05\/Congreso-de-Yucatan.jpg\" \/>\n\t<meta property=\"og:image:width\" content=\"768\" \/>\n\t<meta property=\"og:image:height\" content=\"431\" \/>\n\t<meta property=\"og:image:type\" content=\"image\/jpeg\" \/>\n<meta name=\"author\" content=\"Reporteros Hoy WP\" \/>\n<meta name=\"twitter:card\" content=\"summary_large_image\" \/>\n<meta name=\"twitter:creator\" content=\"@reporteroshoy\" \/>\n<meta name=\"twitter:site\" content=\"@reporteroshoy\" \/>\n<meta name=\"twitter:label1\" content=\"Escrito por\" \/>\n\t<meta name=\"twitter:data1\" content=\"Reporteros Hoy WP\" \/>\n\t<meta name=\"twitter:label2\" content=\"Tiempo de lectura\" \/>\n\t<meta name=\"twitter:data2\" content=\"3 minutos\" \/>\n<script type=\"application\/ld+json\" class=\"yoast-schema-graph\">{\"@context\":\"https:\\\/\\\/schema.org\",\"@graph\":[{\"@type\":\"Article\",\"@id\":\"https:\\\/\\\/reporteroshoy.mx\\\/noticias\\\/turnan-a-comisiones-terna-para-designar-a-magistrada-del-tsjy\\\/#article\",\"isPartOf\":{\"@id\":\"https:\\\/\\\/reporteroshoy.mx\\\/noticias\\\/turnan-a-comisiones-terna-para-designar-a-magistrada-del-tsjy\\\/\"},\"author\":{\"name\":\"Reporteros Hoy WP\",\"@id\":\"https:\\\/\\\/reporteroshoy.mx\\\/noticias\\\/#\\\/schema\\\/person\\\/c977527e57c958a62c5cefe8fe47876e\"},\"headline\":\"Congreso nombrar\u00eda nueva magistrada la pr\u00f3xima semana\",\"datePublished\":\"2022-05-13T18:54:41+00:00\",\"dateModified\":\"2022-05-13T20:23:55+00:00\",\"mainEntityOfPage\":{\"@id\":\"https:\\\/\\\/reporteroshoy.mx\\\/noticias\\\/turnan-a-comisiones-terna-para-designar-a-magistrada-del-tsjy\\\/\"},\"wordCount\":572,\"commentCount\":0,\"image\":{\"@id\":\"https:\\\/\\\/reporteroshoy.mx\\\/noticias\\\/turnan-a-comisiones-terna-para-designar-a-magistrada-del-tsjy\\\/#primaryimage\"},\"thumbnailUrl\":\"https:\\\/\\\/reporteroshoy.mx\\\/noticias\\\/wp-content\\\/uploads\\\/2022\\\/05\\\/Congreso-de-Yucatan.jpg\",\"keywords\":[\"Comisiones\",\"congreso de yucat\u00e1n\"],\"articleSection\":[\"Gobierno\"],\"inLanguage\":\"es\",\"potentialAction\":[{\"@type\":\"CommentAction\",\"name\":\"Comment\",\"target\":[\"https:\\\/\\\/reporteroshoy.mx\\\/noticias\\\/turnan-a-comisiones-terna-para-designar-a-magistrada-del-tsjy\\\/#respond\"]}]},{\"@type\":\"WebPage\",\"@id\":\"https:\\\/\\\/reporteroshoy.mx\\\/noticias\\\/turnan-a-comisiones-terna-para-designar-a-magistrada-del-tsjy\\\/\",\"url\":\"https:\\\/\\\/reporteroshoy.mx\\\/noticias\\\/turnan-a-comisiones-terna-para-designar-a-magistrada-del-tsjy\\\/\",\"name\":\"Congreso nombrar\u00eda nueva magistrada la pr\u00f3xima semana\",\"isPartOf\":{\"@id\":\"https:\\\/\\\/reporteroshoy.mx\\\/noticias\\\/#website\"},\"primaryImageOfPage\":{\"@id\":\"https:\\\/\\\/reporteroshoy.mx\\\/noticias\\\/turnan-a-comisiones-terna-para-designar-a-magistrada-del-tsjy\\\/#primaryimage\"},\"image\":{\"@id\":\"https:\\\/\\\/reporteroshoy.mx\\\/noticias\\\/turnan-a-comisiones-terna-para-designar-a-magistrada-del-tsjy\\\/#primaryimage\"},\"thumbnailUrl\":\"https:\\\/\\\/reporteroshoy.mx\\\/noticias\\\/wp-content\\\/uploads\\\/2022\\\/05\\\/Congreso-de-Yucatan.jpg\",\"datePublished\":\"2022-05-13T18:54:41+00:00\",\"dateModified\":\"2022-05-13T20:23:55+00:00\",\"author\":{\"@id\":\"https:\\\/\\\/reporteroshoy.mx\\\/noticias\\\/#\\\/schema\\\/person\\\/c977527e57c958a62c5cefe8fe47876e\"},\"description\":\"Tambi\u00e9n se turno a comisiones la iniciativa referente al feminicidio en grado de tentativa.\",\"breadcrumb\":{\"@id\":\"https:\\\/\\\/reporteroshoy.mx\\\/noticias\\\/turnan-a-comisiones-terna-para-designar-a-magistrada-del-tsjy\\\/#breadcrumb\"},\"inLanguage\":\"es\",\"potentialAction\":[{\"@type\":\"ReadAction\",\"target\":[\"https:\\\/\\\/reporteroshoy.mx\\\/noticias\\\/turnan-a-comisiones-terna-para-designar-a-magistrada-del-tsjy\\\/\"]}]},{\"@type\":\"ImageObject\",\"inLanguage\":\"es\",\"@id\":\"https:\\\/\\\/reporteroshoy.mx\\\/noticias\\\/turnan-a-comisiones-terna-para-designar-a-magistrada-del-tsjy\\\/#primaryimage\",\"url\":\"https:\\\/\\\/reporteroshoy.mx\\\/noticias\\\/wp-content\\\/uploads\\\/2022\\\/05\\\/Congreso-de-Yucatan.jpg\",\"contentUrl\":\"https:\\\/\\\/reporteroshoy.mx\\\/noticias\\\/wp-content\\\/uploads\\\/2022\\\/05\\\/Congreso-de-Yucatan.jpg\",\"width\":768,\"height\":431},{\"@type\":\"BreadcrumbList\",\"@id\":\"https:\\\/\\\/reporteroshoy.mx\\\/noticias\\\/turnan-a-comisiones-terna-para-designar-a-magistrada-del-tsjy\\\/#breadcrumb\",\"itemListElement\":[{\"@type\":\"ListItem\",\"position\":1,\"name\":\"Portada\",\"item\":\"https:\\\/\\\/reporteroshoy.mx\\\/noticias\\\/\"},{\"@type\":\"ListItem\",\"position\":2,\"name\":\"Congreso nombrar\u00eda nueva magistrada la pr\u00f3xima semana\"}]},{\"@type\":\"WebSite\",\"@id\":\"https:\\\/\\\/reporteroshoy.mx\\\/noticias\\\/#website\",\"url\":\"https:\\\/\\\/reporteroshoy.mx\\\/noticias\\\/\",\"name\":\"Reporteros Hoy | Noticias de Yucat\u00e1n\",\"description\":\"Peri\u00f3dico digital con noticias diarias desde M\u00e9rida, Yucat\u00e1n para el mundo.\",\"potentialAction\":[{\"@type\":\"SearchAction\",\"target\":{\"@type\":\"EntryPoint\",\"urlTemplate\":\"https:\\\/\\\/reporteroshoy.mx\\\/noticias\\\/?s={search_term_string}\"},\"query-input\":{\"@type\":\"PropertyValueSpecification\",\"valueRequired\":true,\"valueName\":\"search_term_string\"}}],\"inLanguage\":\"es\"},{\"@type\":\"Person\",\"@id\":\"https:\\\/\\\/reporteroshoy.mx\\\/noticias\\\/#\\\/schema\\\/person\\\/c977527e57c958a62c5cefe8fe47876e\",\"name\":\"Reporteros Hoy WP\",\"image\":{\"@type\":\"ImageObject\",\"inLanguage\":\"es\",\"@id\":\"https:\\\/\\\/secure.gravatar.com\\\/avatar\\\/fd2917f79a7dae30f8ac9ddc2f35e1756bb59e25e01d1cd09deaa64df7b2f73e?s=96&d=mm&r=g\",\"url\":\"https:\\\/\\\/secure.gravatar.com\\\/avatar\\\/fd2917f79a7dae30f8ac9ddc2f35e1756bb59e25e01d1cd09deaa64df7b2f73e?s=96&d=mm&r=g\",\"contentUrl\":\"https:\\\/\\\/secure.gravatar.com\\\/avatar\\\/fd2917f79a7dae30f8ac9ddc2f35e1756bb59e25e01d1cd09deaa64df7b2f73e?s=96&d=mm&r=g\",\"caption\":\"Reporteros Hoy WP\"},\"url\":\"https:\\\/\\\/reporteroshoy.mx\\\/noticias\\\/author\\\/walfer\\\/\"}]}<\/script>\n<!-- \/ Yoast SEO plugin. -->","yoast_head_json":{"title":"Congreso nombrar\u00eda nueva magistrada la pr\u00f3xima semana","description":"Tambi\u00e9n se turno a comisiones la iniciativa referente al feminicidio en grado de tentativa.","robots":{"index":"index","follow":"follow","max-snippet":"max-snippet:-1","max-image-preview":"max-image-preview:large","max-video-preview":"max-video-preview:-1"},"canonical":"https:\/\/reporteroshoy.mx\/noticias\/turnan-a-comisiones-terna-para-designar-a-magistrada-del-tsjy\/","og_locale":"es_ES","og_type":"article","og_title":"Congreso nombrar\u00eda nueva magistrada la pr\u00f3xima semana","og_description":"Tambi\u00e9n se turno a comisiones la iniciativa referente al feminicidio en grado de tentativa.","og_url":"https:\/\/reporteroshoy.mx\/noticias\/turnan-a-comisiones-terna-para-designar-a-magistrada-del-tsjy\/","og_site_name":"Reporteros Hoy | Noticias de Yucat\u00e1n","article_publisher":"http:\/\/www.facebook.com\/reporteroshoymx","article_published_time":"2022-05-13T18:54:41+00:00","article_modified_time":"2022-05-13T20:23:55+00:00","og_image":[{"width":768,"height":431,"url":"https:\/\/reporteroshoy.mx\/noticias\/wp-content\/uploads\/2022\/05\/Congreso-de-Yucatan.jpg","type":"image\/jpeg"}],"author":"Reporteros Hoy WP","twitter_card":"summary_large_image","twitter_creator":"@reporteroshoy","twitter_site":"@reporteroshoy","twitter_misc":{"Escrito por":"Reporteros Hoy WP","Tiempo de lectura":"3 minutos"},"schema":{"@context":"https:\/\/schema.org","@graph":[{"@type":"Article","@id":"https:\/\/reporteroshoy.mx\/noticias\/turnan-a-comisiones-terna-para-designar-a-magistrada-del-tsjy\/#article","isPartOf":{"@id":"https:\/\/reporteroshoy.mx\/noticias\/turnan-a-comisiones-terna-para-designar-a-magistrada-del-tsjy\/"},"author":{"name":"Reporteros Hoy WP","@id":"https:\/\/reporteroshoy.mx\/noticias\/#\/schema\/person\/c977527e57c958a62c5cefe8fe47876e"},"headline":"Congreso nombrar\u00eda nueva magistrada la pr\u00f3xima semana","datePublished":"2022-05-13T18:54:41+00:00","dateModified":"2022-05-13T20:23:55+00:00","mainEntityOfPage":{"@id":"https:\/\/reporteroshoy.mx\/noticias\/turnan-a-comisiones-terna-para-designar-a-magistrada-del-tsjy\/"},"wordCount":572,"commentCount":0,"image":{"@id":"https:\/\/reporteroshoy.mx\/noticias\/turnan-a-comisiones-terna-para-designar-a-magistrada-del-tsjy\/#primaryimage"},"thumbnailUrl":"https:\/\/reporteroshoy.mx\/noticias\/wp-content\/uploads\/2022\/05\/Congreso-de-Yucatan.jpg","keywords":["Comisiones","congreso de yucat\u00e1n"],"articleSection":["Gobierno"],"inLanguage":"es","potentialAction":[{"@type":"CommentAction","name":"Comment","target":["https:\/\/reporteroshoy.mx\/noticias\/turnan-a-comisiones-terna-para-designar-a-magistrada-del-tsjy\/#respond"]}]},{"@type":"WebPage","@id":"https:\/\/reporteroshoy.mx\/noticias\/turnan-a-comisiones-terna-para-designar-a-magistrada-del-tsjy\/","url":"https:\/\/reporteroshoy.mx\/noticias\/turnan-a-comisiones-terna-para-designar-a-magistrada-del-tsjy\/","name":"Congreso nombrar\u00eda nueva magistrada la pr\u00f3xima semana","isPartOf":{"@id":"https:\/\/reporteroshoy.mx\/noticias\/#website"},"primaryImageOfPage":{"@id":"https:\/\/reporteroshoy.mx\/noticias\/turnan-a-comisiones-terna-para-designar-a-magistrada-del-tsjy\/#primaryimage"},"image":{"@id":"https:\/\/reporteroshoy.mx\/noticias\/turnan-a-comisiones-terna-para-designar-a-magistrada-del-tsjy\/#primaryimage"},"thumbnailUrl":"https:\/\/reporteroshoy.mx\/noticias\/wp-content\/uploads\/2022\/05\/Congreso-de-Yucatan.jpg","datePublished":"2022-05-13T18:54:41+00:00","dateModified":"2022-05-13T20:23:55+00:00","author":{"@id":"https:\/\/reporteroshoy.mx\/noticias\/#\/schema\/person\/c977527e57c958a62c5cefe8fe47876e"},"description":"Tambi\u00e9n se turno a comisiones la iniciativa referente al feminicidio en grado de tentativa.","breadcrumb":{"@id":"https:\/\/reporteroshoy.mx\/noticias\/turnan-a-comisiones-terna-para-designar-a-magistrada-del-tsjy\/#breadcrumb"},"inLanguage":"es","potentialAction":[{"@type":"ReadAction","target":["https:\/\/reporteroshoy.mx\/noticias\/turnan-a-comisiones-terna-para-designar-a-magistrada-del-tsjy\/"]}]},{"@type":"ImageObject","inLanguage":"es","@id":"https:\/\/reporteroshoy.mx\/noticias\/turnan-a-comisiones-terna-para-designar-a-magistrada-del-tsjy\/#primaryimage","url":"https:\/\/reporteroshoy.mx\/noticias\/wp-content\/uploads\/2022\/05\/Congreso-de-Yucatan.jpg","contentUrl":"https:\/\/reporteroshoy.mx\/noticias\/wp-content\/uploads\/2022\/05\/Congreso-de-Yucatan.jpg","width":768,"height":431},{"@type":"BreadcrumbList","@id":"https:\/\/reporteroshoy.mx\/noticias\/turnan-a-comisiones-terna-para-designar-a-magistrada-del-tsjy\/#breadcrumb","itemListElement":[{"@type":"ListItem","position":1,"name":"Portada","item":"https:\/\/reporteroshoy.mx\/noticias\/"},{"@type":"ListItem","position":2,"name":"Congreso nombrar\u00eda nueva magistrada la pr\u00f3xima semana"}]},{"@type":"WebSite","@id":"https:\/\/reporteroshoy.mx\/noticias\/#website","url":"https:\/\/reporteroshoy.mx\/noticias\/","name":"Reporteros Hoy | Noticias de Yucat\u00e1n","description":"Peri\u00f3dico digital con noticias diarias desde M\u00e9rida, Yucat\u00e1n para el mundo.","potentialAction":[{"@type":"SearchAction","target":{"@type":"EntryPoint","urlTemplate":"https:\/\/reporteroshoy.mx\/noticias\/?s={search_term_string}"},"query-input":{"@type":"PropertyValueSpecification","valueRequired":true,"valueName":"search_term_string"}}],"inLanguage":"es"},{"@type":"Person","@id":"https:\/\/reporteroshoy.mx\/noticias\/#\/schema\/person\/c977527e57c958a62c5cefe8fe47876e","name":"Reporteros Hoy WP","image":{"@type":"ImageObject","inLanguage":"es","@id":"https:\/\/secure.gravatar.com\/avatar\/fd2917f79a7dae30f8ac9ddc2f35e1756bb59e25e01d1cd09deaa64df7b2f73e?s=96&d=mm&r=g","url":"https:\/\/secure.gravatar.com\/avatar\/fd2917f79a7dae30f8ac9ddc2f35e1756bb59e25e01d1cd09deaa64df7b2f73e?s=96&d=mm&r=g","contentUrl":"https:\/\/secure.gravatar.com\/avatar\/fd2917f79a7dae30f8ac9ddc2f35e1756bb59e25e01d1cd09deaa64df7b2f73e?s=96&d=mm&r=g","caption":"Reporteros Hoy WP"},"url":"https:\/\/reporteroshoy.mx\/noticias\/author\/walfer\/"}]}},"_links":{"self":[{"href":"https:\/\/reporteroshoy.mx\/noticias\/wp-json\/wp\/v2\/posts\/85924","targetHints":{"allow":["GET"]}}],"collection":[{"href":"https:\/\/reporteroshoy.mx\/noticias\/wp-json\/wp\/v2\/posts"}],"about":[{"href":"https:\/\/reporteroshoy.mx\/noticias\/wp-json\/wp\/v2\/types\/post"}],"author":[{"embeddable":true,"href":"https:\/\/reporteroshoy.mx\/noticias\/wp-json\/wp\/v2\/users\/9"}],"replies":[{"embeddable":true,"href":"https:\/\/reporteroshoy.mx\/noticias\/wp-json\/wp\/v2\/comments?post=85924"}],"version-history":[{"count":0,"href":"https:\/\/reporteroshoy.mx\/noticias\/wp-json\/wp\/v2\/posts\/85924\/revisions"}],"wp:featuredmedia":[{"embeddable":true,"href":"https:\/\/reporteroshoy.mx\/noticias\/wp-json\/wp\/v2\/media\/85925"}],"wp:attachment":[{"href":"https:\/\/reporteroshoy.mx\/noticias\/wp-json\/wp\/v2\/media?parent=85924"}],"wp:term":[{"taxonomy":"category","embeddable":true,"href":"https:\/\/reporteroshoy.mx\/noticias\/wp-json\/wp\/v2\/categories?post=85924"},{"taxonomy":"post_tag","embeddable":true,"href":"https:\/\/reporteroshoy.mx\/noticias\/wp-json\/wp\/v2\/tags?post=85924"}],"curies":[{"name":"wp","href":"https:\/\/api.w.org\/{rel}","templated":true}]}}