{"id":86072,"date":"2022-05-16T14:44:30","date_gmt":"2022-05-16T19:44:30","guid":{"rendered":"https:\/\/reporteroshoy.mx\/noticias\/?p=86072"},"modified":"2022-05-16T14:44:30","modified_gmt":"2022-05-16T19:44:30","slug":"continuan-en-analisis-diferentes-iniciativas","status":"publish","type":"post","link":"https:\/\/reporteroshoy.mx\/noticias\/continuan-en-analisis-diferentes-iniciativas\/","title":{"rendered":"Contin\u00faan en an\u00e1lisis diferentes iniciativas"},"content":{"rendered":"<p style=\"text-align: justify;\">M\u00e9rida, Yucat\u00e1n; 16 de mayo de 2022.- En sesi\u00f3n de la comisi\u00f3n de Puntos Constitucionales y Gobernaci\u00f3n, se dio continuidad al an\u00e1lisis de iniciativas.<\/p>\n<p style=\"text-align: justify;\">Se distribuy\u00f3 el cuadro comparativo y la ficha t\u00e9cnica de la iniciativa presentada por el PRI, en materia de reconocimiento de los pueblos y comunidades afromexicanas y de otros pueblos originarios que tengan asentamiento en el estado.<\/p>\n<p style=\"text-align: justify;\">Igual, la iniciativa presentada por la diputada del PAN, Carmen Gonz\u00e1lez Mart\u00edn en materia de desarrollo integral de la juventud.<\/p>\n<p style=\"text-align: justify;\">En cuanto a la iniciativa sobre la despenalizaci\u00f3n del aborto, que entreg\u00f3 la diputada de Morena, Alejandra Novelo Segura, los diputados aprobaron las propuestas de la diputada Dafne L\u00f3pez Osorio para enviar un oficio solicitando la opini\u00f3n de los Servicios de Salud del Estado y la propuesta de la diputada Vida G\u00f3mez Herrera (MC), de enviar otro oficio para el mismo fin.<\/p>\n<p><img loading=\"lazy\" decoding=\"async\" class=\"alignnone size-full wp-image-86073\" src=\"https:\/\/reporteroshoy.mx\/noticias\/wp-content\/uploads\/2022\/05\/Comisiones.jpg\" alt=\"\" width=\"768\" height=\"432\" \/><\/p>\n<p style=\"text-align: justify;\">Por \u00faltimo, se entreg\u00f3 la ficha t\u00e9cnica y cuadro comparativo de la iniciativa del Ejecutivo Estatal para reformar la Ley del Notariado del Estado, entre otras Leyes y C\u00f3digos.<\/p>\n<p style=\"text-align: justify;\">En otra sesi\u00f3n, la de Desarrollo Urbano, Vivienda e Infraestructura, se llev\u00f3 a cabo el ejercicio de parlamento abierto en el cual se cont\u00f3 con la presencia de diversos especialistas que proporcionaron informaci\u00f3n en materia de movilidad.<\/p>\n<p style=\"text-align: justify;\">Esto con motivo de la presentaci\u00f3n de la iniciativa del diputado de Morena, Rafael Echazarreta Torres, en materia de sem\u00e1foros peatonales y seguridad vial.<\/p>\n<p style=\"text-align: justify;\">En la reuni\u00f3n se cont\u00f3 con la presencia de la Dr. Silvana Forti Sosa, directora del Laboratorio Urbano de la Universidad Modelo; el Lic. Eduardo Monreal Toraya, integrante del Observatorio de Movilidad Sostenible de M\u00e9rida y miembro del Consejo del Colegio de Dise\u00f1adores del H\u00e1bitat y Urbanistas de Yucat\u00e1n; Eduardo de Jes\u00fas P\u00e9rez Pech del Laboratorio Urbano de la Universidad Modelo; el Arq. Andr\u00e9s Gonz\u00e1lez Angulo, presidente del Colegio de Arquitectos de la Zona Metropolitana de M\u00e9rida A.C. y tambi\u00e9n el arquitecto Manuel Castillo Rend\u00f3n, miembro del Colegio de Especialistas en Dise\u00f1o Urbano de Yucat\u00e1n.<\/p>\n","protected":false},"excerpt":{"rendered":"<p>En Comisi\u00f3n se dio continuidad al an\u00e1lisis de iniciativas en materia de reconocimiento de los pueblos y comunidades afromexicanas y de otros pueblos originarios que tengan asentamiento en el estado.<\/p>\n","protected":false},"author":9,"featured_media":86073,"comment_status":"open","ping_status":"closed","sticky":false,"template":"","format":"standard","meta":{"footnotes":""},"categories":[7],"tags":[3799,1995,1571],"class_list":["post-86072","post","type-post","status-publish","format-standard","has-post-thumbnail","hentry","category-gobierno","tag-comisiones","tag-congreso-local","tag-iniciativas"],"yoast_head":"<!-- This site is optimized with the Yoast SEO plugin v28.3 - https:\/\/yoast.com\/product\/yoast-seo-wordpress\/ -->\n<title>Contin\u00faan en an\u00e1lisis diferentes iniciativas<\/title>\n<meta name=\"description\" content=\"En Comisi\u00f3n se dio continuidad al an\u00e1lisis de iniciativas en materia de reconocimiento de los pueblos y comunidades afromexicanas y de otros pueblos originarios que tengan asentamiento en el estado.\" \/>\n<meta name=\"robots\" content=\"index, follow, max-snippet:-1, max-image-preview:large, max-video-preview:-1\" \/>\n<link rel=\"canonical\" href=\"https:\/\/reporteroshoy.mx\/noticias\/continuan-en-analisis-diferentes-iniciativas\/\" \/>\n<meta property=\"og:locale\" content=\"es_ES\" \/>\n<meta property=\"og:type\" content=\"article\" \/>\n<meta property=\"og:title\" content=\"Contin\u00faan en an\u00e1lisis diferentes iniciativas\" \/>\n<meta property=\"og:description\" content=\"En Comisi\u00f3n se dio continuidad al an\u00e1lisis de iniciativas en materia de reconocimiento de los pueblos y comunidades afromexicanas y de otros pueblos originarios que tengan asentamiento en el estado.\" \/>\n<meta property=\"og:url\" content=\"https:\/\/reporteroshoy.mx\/noticias\/continuan-en-analisis-diferentes-iniciativas\/\" \/>\n<meta property=\"og:site_name\" content=\"Reporteros Hoy | Noticias de Yucat\u00e1n\" \/>\n<meta property=\"article:publisher\" content=\"http:\/\/www.facebook.com\/reporteroshoymx\" \/>\n<meta property=\"article:published_time\" content=\"2022-05-16T19:44:30+00:00\" \/>\n<meta property=\"og:image\" content=\"https:\/\/reporteroshoy.mx\/noticias\/wp-content\/uploads\/2022\/05\/Comisiones.jpg\" \/>\n\t<meta property=\"og:image:width\" content=\"768\" \/>\n\t<meta property=\"og:image:height\" content=\"432\" \/>\n\t<meta property=\"og:image:type\" content=\"image\/jpeg\" \/>\n<meta name=\"author\" content=\"Reporteros Hoy WP\" \/>\n<meta name=\"twitter:card\" content=\"summary_large_image\" \/>\n<meta name=\"twitter:creator\" content=\"@reporteroshoy\" \/>\n<meta name=\"twitter:site\" content=\"@reporteroshoy\" \/>\n<meta name=\"twitter:label1\" content=\"Escrito por\" \/>\n\t<meta name=\"twitter:data1\" content=\"Reporteros Hoy WP\" \/>\n\t<meta name=\"twitter:label2\" content=\"Tiempo de lectura\" \/>\n\t<meta name=\"twitter:data2\" content=\"2 minutos\" \/>\n<script type=\"application\/ld+json\" class=\"yoast-schema-graph\">{\"@context\":\"https:\\\/\\\/schema.org\",\"@graph\":[{\"@type\":\"Article\",\"@id\":\"https:\\\/\\\/reporteroshoy.mx\\\/noticias\\\/continuan-en-analisis-diferentes-iniciativas\\\/#article\",\"isPartOf\":{\"@id\":\"https:\\\/\\\/reporteroshoy.mx\\\/noticias\\\/continuan-en-analisis-diferentes-iniciativas\\\/\"},\"author\":{\"name\":\"Reporteros Hoy WP\",\"@id\":\"https:\\\/\\\/reporteroshoy.mx\\\/noticias\\\/#\\\/schema\\\/person\\\/c977527e57c958a62c5cefe8fe47876e\"},\"headline\":\"Contin\u00faan en an\u00e1lisis diferentes iniciativas\",\"datePublished\":\"2022-05-16T19:44:30+00:00\",\"mainEntityOfPage\":{\"@id\":\"https:\\\/\\\/reporteroshoy.mx\\\/noticias\\\/continuan-en-analisis-diferentes-iniciativas\\\/\"},\"wordCount\":368,\"commentCount\":0,\"image\":{\"@id\":\"https:\\\/\\\/reporteroshoy.mx\\\/noticias\\\/continuan-en-analisis-diferentes-iniciativas\\\/#primaryimage\"},\"thumbnailUrl\":\"https:\\\/\\\/reporteroshoy.mx\\\/noticias\\\/wp-content\\\/uploads\\\/2022\\\/05\\\/Comisiones.jpg\",\"keywords\":[\"Comisiones\",\"Congreso Local\",\"Iniciativas\"],\"articleSection\":[\"Gobierno\"],\"inLanguage\":\"es\",\"potentialAction\":[{\"@type\":\"CommentAction\",\"name\":\"Comment\",\"target\":[\"https:\\\/\\\/reporteroshoy.mx\\\/noticias\\\/continuan-en-analisis-diferentes-iniciativas\\\/#respond\"]}]},{\"@type\":\"WebPage\",\"@id\":\"https:\\\/\\\/reporteroshoy.mx\\\/noticias\\\/continuan-en-analisis-diferentes-iniciativas\\\/\",\"url\":\"https:\\\/\\\/reporteroshoy.mx\\\/noticias\\\/continuan-en-analisis-diferentes-iniciativas\\\/\",\"name\":\"Contin\u00faan en an\u00e1lisis diferentes iniciativas\",\"isPartOf\":{\"@id\":\"https:\\\/\\\/reporteroshoy.mx\\\/noticias\\\/#website\"},\"primaryImageOfPage\":{\"@id\":\"https:\\\/\\\/reporteroshoy.mx\\\/noticias\\\/continuan-en-analisis-diferentes-iniciativas\\\/#primaryimage\"},\"image\":{\"@id\":\"https:\\\/\\\/reporteroshoy.mx\\\/noticias\\\/continuan-en-analisis-diferentes-iniciativas\\\/#primaryimage\"},\"thumbnailUrl\":\"https:\\\/\\\/reporteroshoy.mx\\\/noticias\\\/wp-content\\\/uploads\\\/2022\\\/05\\\/Comisiones.jpg\",\"datePublished\":\"2022-05-16T19:44:30+00:00\",\"author\":{\"@id\":\"https:\\\/\\\/reporteroshoy.mx\\\/noticias\\\/#\\\/schema\\\/person\\\/c977527e57c958a62c5cefe8fe47876e\"},\"description\":\"En Comisi\u00f3n se dio continuidad al an\u00e1lisis de iniciativas en materia de reconocimiento de los pueblos y comunidades afromexicanas y de otros pueblos originarios que tengan asentamiento en el estado.\",\"breadcrumb\":{\"@id\":\"https:\\\/\\\/reporteroshoy.mx\\\/noticias\\\/continuan-en-analisis-diferentes-iniciativas\\\/#breadcrumb\"},\"inLanguage\":\"es\",\"potentialAction\":[{\"@type\":\"ReadAction\",\"target\":[\"https:\\\/\\\/reporteroshoy.mx\\\/noticias\\\/continuan-en-analisis-diferentes-iniciativas\\\/\"]}]},{\"@type\":\"ImageObject\",\"inLanguage\":\"es\",\"@id\":\"https:\\\/\\\/reporteroshoy.mx\\\/noticias\\\/continuan-en-analisis-diferentes-iniciativas\\\/#primaryimage\",\"url\":\"https:\\\/\\\/reporteroshoy.mx\\\/noticias\\\/wp-content\\\/uploads\\\/2022\\\/05\\\/Comisiones.jpg\",\"contentUrl\":\"https:\\\/\\\/reporteroshoy.mx\\\/noticias\\\/wp-content\\\/uploads\\\/2022\\\/05\\\/Comisiones.jpg\",\"width\":768,\"height\":432},{\"@type\":\"BreadcrumbList\",\"@id\":\"https:\\\/\\\/reporteroshoy.mx\\\/noticias\\\/continuan-en-analisis-diferentes-iniciativas\\\/#breadcrumb\",\"itemListElement\":[{\"@type\":\"ListItem\",\"position\":1,\"name\":\"Portada\",\"item\":\"https:\\\/\\\/reporteroshoy.mx\\\/noticias\\\/\"},{\"@type\":\"ListItem\",\"position\":2,\"name\":\"Contin\u00faan en an\u00e1lisis diferentes iniciativas\"}]},{\"@type\":\"WebSite\",\"@id\":\"https:\\\/\\\/reporteroshoy.mx\\\/noticias\\\/#website\",\"url\":\"https:\\\/\\\/reporteroshoy.mx\\\/noticias\\\/\",\"name\":\"Reporteros Hoy | Noticias de Yucat\u00e1n\",\"description\":\"Peri\u00f3dico digital con noticias diarias desde M\u00e9rida, Yucat\u00e1n para el mundo.\",\"potentialAction\":[{\"@type\":\"SearchAction\",\"target\":{\"@type\":\"EntryPoint\",\"urlTemplate\":\"https:\\\/\\\/reporteroshoy.mx\\\/noticias\\\/?s={search_term_string}\"},\"query-input\":{\"@type\":\"PropertyValueSpecification\",\"valueRequired\":true,\"valueName\":\"search_term_string\"}}],\"inLanguage\":\"es\"},{\"@type\":\"Person\",\"@id\":\"https:\\\/\\\/reporteroshoy.mx\\\/noticias\\\/#\\\/schema\\\/person\\\/c977527e57c958a62c5cefe8fe47876e\",\"name\":\"Reporteros Hoy WP\",\"image\":{\"@type\":\"ImageObject\",\"inLanguage\":\"es\",\"@id\":\"https:\\\/\\\/secure.gravatar.com\\\/avatar\\\/fd2917f79a7dae30f8ac9ddc2f35e1756bb59e25e01d1cd09deaa64df7b2f73e?s=96&d=mm&r=g\",\"url\":\"https:\\\/\\\/secure.gravatar.com\\\/avatar\\\/fd2917f79a7dae30f8ac9ddc2f35e1756bb59e25e01d1cd09deaa64df7b2f73e?s=96&d=mm&r=g\",\"contentUrl\":\"https:\\\/\\\/secure.gravatar.com\\\/avatar\\\/fd2917f79a7dae30f8ac9ddc2f35e1756bb59e25e01d1cd09deaa64df7b2f73e?s=96&d=mm&r=g\",\"caption\":\"Reporteros Hoy WP\"},\"url\":\"https:\\\/\\\/reporteroshoy.mx\\\/noticias\\\/author\\\/walfer\\\/\"}]}<\/script>\n<!-- \/ Yoast SEO plugin. -->","yoast_head_json":{"title":"Contin\u00faan en an\u00e1lisis diferentes iniciativas","description":"En Comisi\u00f3n se dio continuidad al an\u00e1lisis de iniciativas en materia de reconocimiento de los pueblos y comunidades afromexicanas y de otros pueblos originarios que tengan asentamiento en el estado.","robots":{"index":"index","follow":"follow","max-snippet":"max-snippet:-1","max-image-preview":"max-image-preview:large","max-video-preview":"max-video-preview:-1"},"canonical":"https:\/\/reporteroshoy.mx\/noticias\/continuan-en-analisis-diferentes-iniciativas\/","og_locale":"es_ES","og_type":"article","og_title":"Contin\u00faan en an\u00e1lisis diferentes iniciativas","og_description":"En Comisi\u00f3n se dio continuidad al an\u00e1lisis de iniciativas en materia de reconocimiento de los pueblos y comunidades afromexicanas y de otros pueblos originarios que tengan asentamiento en el estado.","og_url":"https:\/\/reporteroshoy.mx\/noticias\/continuan-en-analisis-diferentes-iniciativas\/","og_site_name":"Reporteros Hoy | Noticias de Yucat\u00e1n","article_publisher":"http:\/\/www.facebook.com\/reporteroshoymx","article_published_time":"2022-05-16T19:44:30+00:00","og_image":[{"width":768,"height":432,"url":"https:\/\/reporteroshoy.mx\/noticias\/wp-content\/uploads\/2022\/05\/Comisiones.jpg","type":"image\/jpeg"}],"author":"Reporteros Hoy WP","twitter_card":"summary_large_image","twitter_creator":"@reporteroshoy","twitter_site":"@reporteroshoy","twitter_misc":{"Escrito por":"Reporteros Hoy WP","Tiempo de lectura":"2 minutos"},"schema":{"@context":"https:\/\/schema.org","@graph":[{"@type":"Article","@id":"https:\/\/reporteroshoy.mx\/noticias\/continuan-en-analisis-diferentes-iniciativas\/#article","isPartOf":{"@id":"https:\/\/reporteroshoy.mx\/noticias\/continuan-en-analisis-diferentes-iniciativas\/"},"author":{"name":"Reporteros Hoy WP","@id":"https:\/\/reporteroshoy.mx\/noticias\/#\/schema\/person\/c977527e57c958a62c5cefe8fe47876e"},"headline":"Contin\u00faan en an\u00e1lisis diferentes iniciativas","datePublished":"2022-05-16T19:44:30+00:00","mainEntityOfPage":{"@id":"https:\/\/reporteroshoy.mx\/noticias\/continuan-en-analisis-diferentes-iniciativas\/"},"wordCount":368,"commentCount":0,"image":{"@id":"https:\/\/reporteroshoy.mx\/noticias\/continuan-en-analisis-diferentes-iniciativas\/#primaryimage"},"thumbnailUrl":"https:\/\/reporteroshoy.mx\/noticias\/wp-content\/uploads\/2022\/05\/Comisiones.jpg","keywords":["Comisiones","Congreso Local","Iniciativas"],"articleSection":["Gobierno"],"inLanguage":"es","potentialAction":[{"@type":"CommentAction","name":"Comment","target":["https:\/\/reporteroshoy.mx\/noticias\/continuan-en-analisis-diferentes-iniciativas\/#respond"]}]},{"@type":"WebPage","@id":"https:\/\/reporteroshoy.mx\/noticias\/continuan-en-analisis-diferentes-iniciativas\/","url":"https:\/\/reporteroshoy.mx\/noticias\/continuan-en-analisis-diferentes-iniciativas\/","name":"Contin\u00faan en an\u00e1lisis diferentes iniciativas","isPartOf":{"@id":"https:\/\/reporteroshoy.mx\/noticias\/#website"},"primaryImageOfPage":{"@id":"https:\/\/reporteroshoy.mx\/noticias\/continuan-en-analisis-diferentes-iniciativas\/#primaryimage"},"image":{"@id":"https:\/\/reporteroshoy.mx\/noticias\/continuan-en-analisis-diferentes-iniciativas\/#primaryimage"},"thumbnailUrl":"https:\/\/reporteroshoy.mx\/noticias\/wp-content\/uploads\/2022\/05\/Comisiones.jpg","datePublished":"2022-05-16T19:44:30+00:00","author":{"@id":"https:\/\/reporteroshoy.mx\/noticias\/#\/schema\/person\/c977527e57c958a62c5cefe8fe47876e"},"description":"En Comisi\u00f3n se dio continuidad al an\u00e1lisis de iniciativas en materia de reconocimiento de los pueblos y comunidades afromexicanas y de otros pueblos originarios que tengan asentamiento en el estado.","breadcrumb":{"@id":"https:\/\/reporteroshoy.mx\/noticias\/continuan-en-analisis-diferentes-iniciativas\/#breadcrumb"},"inLanguage":"es","potentialAction":[{"@type":"ReadAction","target":["https:\/\/reporteroshoy.mx\/noticias\/continuan-en-analisis-diferentes-iniciativas\/"]}]},{"@type":"ImageObject","inLanguage":"es","@id":"https:\/\/reporteroshoy.mx\/noticias\/continuan-en-analisis-diferentes-iniciativas\/#primaryimage","url":"https:\/\/reporteroshoy.mx\/noticias\/wp-content\/uploads\/2022\/05\/Comisiones.jpg","contentUrl":"https:\/\/reporteroshoy.mx\/noticias\/wp-content\/uploads\/2022\/05\/Comisiones.jpg","width":768,"height":432},{"@type":"BreadcrumbList","@id":"https:\/\/reporteroshoy.mx\/noticias\/continuan-en-analisis-diferentes-iniciativas\/#breadcrumb","itemListElement":[{"@type":"ListItem","position":1,"name":"Portada","item":"https:\/\/reporteroshoy.mx\/noticias\/"},{"@type":"ListItem","position":2,"name":"Contin\u00faan en an\u00e1lisis diferentes iniciativas"}]},{"@type":"WebSite","@id":"https:\/\/reporteroshoy.mx\/noticias\/#website","url":"https:\/\/reporteroshoy.mx\/noticias\/","name":"Reporteros Hoy | Noticias de Yucat\u00e1n","description":"Peri\u00f3dico digital con noticias diarias desde M\u00e9rida, Yucat\u00e1n para el mundo.","potentialAction":[{"@type":"SearchAction","target":{"@type":"EntryPoint","urlTemplate":"https:\/\/reporteroshoy.mx\/noticias\/?s={search_term_string}"},"query-input":{"@type":"PropertyValueSpecification","valueRequired":true,"valueName":"search_term_string"}}],"inLanguage":"es"},{"@type":"Person","@id":"https:\/\/reporteroshoy.mx\/noticias\/#\/schema\/person\/c977527e57c958a62c5cefe8fe47876e","name":"Reporteros Hoy WP","image":{"@type":"ImageObject","inLanguage":"es","@id":"https:\/\/secure.gravatar.com\/avatar\/fd2917f79a7dae30f8ac9ddc2f35e1756bb59e25e01d1cd09deaa64df7b2f73e?s=96&d=mm&r=g","url":"https:\/\/secure.gravatar.com\/avatar\/fd2917f79a7dae30f8ac9ddc2f35e1756bb59e25e01d1cd09deaa64df7b2f73e?s=96&d=mm&r=g","contentUrl":"https:\/\/secure.gravatar.com\/avatar\/fd2917f79a7dae30f8ac9ddc2f35e1756bb59e25e01d1cd09deaa64df7b2f73e?s=96&d=mm&r=g","caption":"Reporteros Hoy WP"},"url":"https:\/\/reporteroshoy.mx\/noticias\/author\/walfer\/"}]}},"_links":{"self":[{"href":"https:\/\/reporteroshoy.mx\/noticias\/wp-json\/wp\/v2\/posts\/86072","targetHints":{"allow":["GET"]}}],"collection":[{"href":"https:\/\/reporteroshoy.mx\/noticias\/wp-json\/wp\/v2\/posts"}],"about":[{"href":"https:\/\/reporteroshoy.mx\/noticias\/wp-json\/wp\/v2\/types\/post"}],"author":[{"embeddable":true,"href":"https:\/\/reporteroshoy.mx\/noticias\/wp-json\/wp\/v2\/users\/9"}],"replies":[{"embeddable":true,"href":"https:\/\/reporteroshoy.mx\/noticias\/wp-json\/wp\/v2\/comments?post=86072"}],"version-history":[{"count":0,"href":"https:\/\/reporteroshoy.mx\/noticias\/wp-json\/wp\/v2\/posts\/86072\/revisions"}],"wp:featuredmedia":[{"embeddable":true,"href":"https:\/\/reporteroshoy.mx\/noticias\/wp-json\/wp\/v2\/media\/86073"}],"wp:attachment":[{"href":"https:\/\/reporteroshoy.mx\/noticias\/wp-json\/wp\/v2\/media?parent=86072"}],"wp:term":[{"taxonomy":"category","embeddable":true,"href":"https:\/\/reporteroshoy.mx\/noticias\/wp-json\/wp\/v2\/categories?post=86072"},{"taxonomy":"post_tag","embeddable":true,"href":"https:\/\/reporteroshoy.mx\/noticias\/wp-json\/wp\/v2\/tags?post=86072"}],"curies":[{"name":"wp","href":"https:\/\/api.w.org\/{rel}","templated":true}]}}