{"id":86757,"date":"2022-05-27T19:35:40","date_gmt":"2022-05-28T00:35:40","guid":{"rendered":"https:\/\/reporteroshoy.mx\/noticias\/?p=86757"},"modified":"2022-05-27T19:35:40","modified_gmt":"2022-05-28T00:35:40","slug":"despedaza-su-platina-al-estamparse-contra-un-poste-en-la-via-kinchil-tetiz","status":"publish","type":"post","link":"https:\/\/reporteroshoy.mx\/noticias\/despedaza-su-platina-al-estamparse-contra-un-poste-en-la-via-kinchil-tetiz\/","title":{"rendered":"Despedaza su Platina al estamparse contra un poste en la v\u00eda Kinchil-Tetiz"},"content":{"rendered":"<p style=\"text-align: justify;\"><span style=\"color: #000000;\">Kinchil, Yucat\u00e1n; 27 de mayo de 2022 (ACOM).- Un fuerte choque contra un se\u00f1alamiento protagoniz\u00f3 en los primeros minutos de este viernes el conductor \u201cfantasma\u201d de un autom\u00f3vil Platina, en el tramo carretero Kinchil-Tetiz.<\/span><\/p>\n<p style=\"text-align: justify;\"><span style=\"color: #000000;\">El brutal percance ocurri\u00f3 poco despu\u00e9s de las 2 de la ma\u00f1ana, a la altura del entronque del libramiento Kinchil-Tetiz, en el kil\u00f3metro 30 de la carretera federal M\u00e9rida-Celest\u00fan, donde en las \u00faltimas semanas ya han ocurrido sendos \u2018trancazos\u2019.<span class=\"Apple-converted-space\">\u00a0<\/span><\/span><\/p>\n<p style=\"text-align: justify;\"><span style=\"color: #000000;\">Se trata de un autom\u00f3vil Nissan Platina, con placas YWV-183-C, que termin\u00f3 hecho papilla, al impactar de frente contra un se\u00f1alamiento tipo bandera.<\/span><\/p>\n<p style=\"text-align: justify;\"><span style=\"color: #000000;\"><img loading=\"lazy\" decoding=\"async\" class=\"wp-image-86759 aligncenter\" src=\"https:\/\/reporteroshoy.mx\/noticias\/wp-content\/uploads\/2022\/05\/CHOQUE-KINCHIL-2-scaled.jpeg\" alt=\"\" width=\"610\" height=\"506\" srcset=\"https:\/\/reporteroshoy.mx\/noticias\/wp-content\/uploads\/2022\/05\/CHOQUE-KINCHIL-2-scaled.jpeg 768w, https:\/\/reporteroshoy.mx\/noticias\/wp-content\/uploads\/2022\/05\/CHOQUE-KINCHIL-2-1536x1273.jpeg 1536w, https:\/\/reporteroshoy.mx\/noticias\/wp-content\/uploads\/2022\/05\/CHOQUE-KINCHIL-2-2048x1698.jpeg 2048w\" sizes=\"auto, (max-width: 610px) 100vw, 610px\" \/><\/span><\/p>\n<p style=\"text-align: justify;\"><span style=\"color: #000000;\">Al parecer, el conductor se encontraba alcoholizado, ya que cerca del compacto fueron halladas unas latas de cerveza. Todo indica que quien estaba al volante transitaba desde M\u00e9rida hacia Celest\u00fan, pero tambi\u00e9n por el quem\u00f3n de las llantas, tal vez quiso doblar hacia su derecha con rumbo al municipio de Tetiz.<\/span><\/p>\n<p style=\"text-align: justify;\"><span style=\"color: #000000;\"><img loading=\"lazy\" decoding=\"async\" class=\"wp-image-86760 aligncenter\" src=\"https:\/\/reporteroshoy.mx\/noticias\/wp-content\/uploads\/2022\/05\/CHOQUE-KINCHIL-3-scaled.jpeg\" alt=\"\" width=\"633\" height=\"508\" srcset=\"https:\/\/reporteroshoy.mx\/noticias\/wp-content\/uploads\/2022\/05\/CHOQUE-KINCHIL-3-scaled.jpeg 768w, https:\/\/reporteroshoy.mx\/noticias\/wp-content\/uploads\/2022\/05\/CHOQUE-KINCHIL-3-1536x1234.jpeg 1536w, https:\/\/reporteroshoy.mx\/noticias\/wp-content\/uploads\/2022\/05\/CHOQUE-KINCHIL-3-2048x1645.jpeg 2048w\" sizes=\"auto, (max-width: 633px) 100vw, 633px\" \/><\/span><\/p>\n<p style=\"text-align: justify;\"><span style=\"color: #000000;\">Hasta el cierre de la nota se ignora si hubo lesionados en el tremendo encontrado, pues el auto fue abandonado luego de la colisi\u00f3n.<\/span><\/p>\n<p><img loading=\"lazy\" decoding=\"async\" class=\"wp-image-86758 aligncenter\" src=\"https:\/\/reporteroshoy.mx\/noticias\/wp-content\/uploads\/2022\/05\/CHOQUE-KINCHIL-1-scaled.jpeg\" alt=\"\" width=\"592\" height=\"460\" srcset=\"https:\/\/reporteroshoy.mx\/noticias\/wp-content\/uploads\/2022\/05\/CHOQUE-KINCHIL-1-scaled.jpeg 768w, https:\/\/reporteroshoy.mx\/noticias\/wp-content\/uploads\/2022\/05\/CHOQUE-KINCHIL-1-1536x1194.jpeg 1536w, https:\/\/reporteroshoy.mx\/noticias\/wp-content\/uploads\/2022\/05\/CHOQUE-KINCHIL-1-2048x1592.jpeg 2048w\" sizes=\"auto, (max-width: 592px) 100vw, 592px\" \/><\/p>\n<p style=\"text-align: justify;\"><span style=\"color: #000000;\">Elementos de la Polic\u00eda Municipal de Kinchil arribaron al lugar del siniestro y abanderaron la zona, en espera de la llegada de los oficiales de la Guardia Nacional para el reconocimiento de los da\u00f1os a la v\u00eda de comunicaci\u00f3n y la posterior consigna del auto desbaratado al corral\u00f3n.<\/span><\/p>\n","protected":false},"excerpt":{"rendered":"<p>El conductor vivi\u00f3 de puro milagro, y hasta se dio el lujo de abandonar a medio camino su autom\u00f3vil luego de protagonizar el brutal choque poco antes de las dos de la ma\u00f1ana de este viernes.<\/p>\n","protected":false},"author":2,"featured_media":86760,"comment_status":"open","ping_status":"closed","sticky":false,"template":"","format":"standard","meta":{"footnotes":""},"categories":[11],"tags":[15354,10405,121,123],"class_list":["post-86757","post","type-post","status-publish","format-standard","has-post-thumbnail","hentry","category-municipios-de-yucatan","tag-choque-en-carretera","tag-choque-en-kinchil","tag-kinchil","tag-yucatan-poniente"],"yoast_head":"<!-- This site is optimized with the Yoast SEO plugin v28.4 - https:\/\/yoast.com\/product\/yoast-seo-wordpress\/ -->\n<title>Despedaza su Platina al estamparse contra un poste en la v\u00eda Kinchil-Tetiz<\/title>\n<meta name=\"description\" content=\"El conductor vivi\u00f3 de puro milagro, y hasta se dio el lujo de abandonar a medio camino su autom\u00f3vil luego de protagonizar el brutal choque poco antes de las dos de la ma\u00f1ana de este viernes.\" \/>\n<meta name=\"robots\" content=\"index, follow, max-snippet:-1, max-image-preview:large, max-video-preview:-1\" \/>\n<link rel=\"canonical\" href=\"https:\/\/reporteroshoy.mx\/noticias\/despedaza-su-platina-al-estamparse-contra-un-poste-en-la-via-kinchil-tetiz\/\" \/>\n<meta property=\"og:locale\" content=\"es_ES\" \/>\n<meta property=\"og:type\" content=\"article\" \/>\n<meta property=\"og:title\" content=\"Despedaza su Platina al estamparse contra un poste en la v\u00eda Kinchil-Tetiz\" \/>\n<meta property=\"og:description\" content=\"El conductor vivi\u00f3 de puro milagro, y hasta se dio el lujo de abandonar a medio camino su autom\u00f3vil luego de protagonizar el brutal choque poco antes de las dos de la ma\u00f1ana de este viernes.\" \/>\n<meta property=\"og:url\" content=\"https:\/\/reporteroshoy.mx\/noticias\/despedaza-su-platina-al-estamparse-contra-un-poste-en-la-via-kinchil-tetiz\/\" \/>\n<meta property=\"og:site_name\" content=\"Reporteros Hoy | Noticias de Yucat\u00e1n\" \/>\n<meta property=\"article:publisher\" content=\"http:\/\/www.facebook.com\/reporteroshoymx\" \/>\n<meta property=\"article:published_time\" content=\"2022-05-28T00:35:40+00:00\" \/>\n<meta property=\"og:image\" content=\"https:\/\/reporteroshoy.mx\/noticias\/wp-content\/uploads\/2022\/05\/CHOQUE-KINCHIL-3-scaled.jpeg\" \/>\n\t<meta property=\"og:image:width\" content=\"768\" \/>\n\t<meta property=\"og:image:height\" content=\"617\" \/>\n\t<meta property=\"og:image:type\" content=\"image\/jpeg\" \/>\n<meta name=\"author\" content=\"Reporteros Hoy HY\" \/>\n<meta name=\"twitter:card\" content=\"summary_large_image\" \/>\n<meta name=\"twitter:creator\" content=\"@reporteroshoy\" \/>\n<meta name=\"twitter:site\" content=\"@reporteroshoy\" \/>\n<meta name=\"twitter:label1\" content=\"Escrito por\" \/>\n\t<meta name=\"twitter:data1\" content=\"Reporteros Hoy HY\" \/>\n\t<meta name=\"twitter:label2\" content=\"Tiempo de lectura\" \/>\n\t<meta name=\"twitter:data2\" content=\"1 minuto\" \/>\n<script type=\"application\/ld+json\" class=\"yoast-schema-graph\">{\"@context\":\"https:\\\/\\\/schema.org\",\"@graph\":[{\"@type\":\"Article\",\"@id\":\"https:\\\/\\\/reporteroshoy.mx\\\/noticias\\\/despedaza-su-platina-al-estamparse-contra-un-poste-en-la-via-kinchil-tetiz\\\/#article\",\"isPartOf\":{\"@id\":\"https:\\\/\\\/reporteroshoy.mx\\\/noticias\\\/despedaza-su-platina-al-estamparse-contra-un-poste-en-la-via-kinchil-tetiz\\\/\"},\"author\":{\"name\":\"Reporteros Hoy HY\",\"@id\":\"https:\\\/\\\/reporteroshoy.mx\\\/noticias\\\/#\\\/schema\\\/person\\\/d32189074678a9d41498d4248e29aac3\"},\"headline\":\"Despedaza su Platina al estamparse contra un poste en la v\u00eda Kinchil-Tetiz\",\"datePublished\":\"2022-05-28T00:35:40+00:00\",\"mainEntityOfPage\":{\"@id\":\"https:\\\/\\\/reporteroshoy.mx\\\/noticias\\\/despedaza-su-platina-al-estamparse-contra-un-poste-en-la-via-kinchil-tetiz\\\/\"},\"wordCount\":250,\"commentCount\":0,\"image\":{\"@id\":\"https:\\\/\\\/reporteroshoy.mx\\\/noticias\\\/despedaza-su-platina-al-estamparse-contra-un-poste-en-la-via-kinchil-tetiz\\\/#primaryimage\"},\"thumbnailUrl\":\"https:\\\/\\\/reporteroshoy.mx\\\/noticias\\\/wp-content\\\/uploads\\\/2022\\\/05\\\/CHOQUE-KINCHIL-3-scaled.jpeg\",\"keywords\":[\"choque en carretera\",\"choque en Kinchil\",\"Kinchil\",\"Yucatan Poniente\"],\"articleSection\":[\"Municipios\"],\"inLanguage\":\"es\",\"potentialAction\":[{\"@type\":\"CommentAction\",\"name\":\"Comment\",\"target\":[\"https:\\\/\\\/reporteroshoy.mx\\\/noticias\\\/despedaza-su-platina-al-estamparse-contra-un-poste-en-la-via-kinchil-tetiz\\\/#respond\"]}]},{\"@type\":\"WebPage\",\"@id\":\"https:\\\/\\\/reporteroshoy.mx\\\/noticias\\\/despedaza-su-platina-al-estamparse-contra-un-poste-en-la-via-kinchil-tetiz\\\/\",\"url\":\"https:\\\/\\\/reporteroshoy.mx\\\/noticias\\\/despedaza-su-platina-al-estamparse-contra-un-poste-en-la-via-kinchil-tetiz\\\/\",\"name\":\"Despedaza su Platina al estamparse contra un poste en la v\u00eda Kinchil-Tetiz\",\"isPartOf\":{\"@id\":\"https:\\\/\\\/reporteroshoy.mx\\\/noticias\\\/#website\"},\"primaryImageOfPage\":{\"@id\":\"https:\\\/\\\/reporteroshoy.mx\\\/noticias\\\/despedaza-su-platina-al-estamparse-contra-un-poste-en-la-via-kinchil-tetiz\\\/#primaryimage\"},\"image\":{\"@id\":\"https:\\\/\\\/reporteroshoy.mx\\\/noticias\\\/despedaza-su-platina-al-estamparse-contra-un-poste-en-la-via-kinchil-tetiz\\\/#primaryimage\"},\"thumbnailUrl\":\"https:\\\/\\\/reporteroshoy.mx\\\/noticias\\\/wp-content\\\/uploads\\\/2022\\\/05\\\/CHOQUE-KINCHIL-3-scaled.jpeg\",\"datePublished\":\"2022-05-28T00:35:40+00:00\",\"author\":{\"@id\":\"https:\\\/\\\/reporteroshoy.mx\\\/noticias\\\/#\\\/schema\\\/person\\\/d32189074678a9d41498d4248e29aac3\"},\"description\":\"El conductor vivi\u00f3 de puro milagro, y hasta se dio el lujo de abandonar a medio camino su autom\u00f3vil luego de protagonizar el brutal choque poco antes de las dos de la ma\u00f1ana de este viernes.\",\"breadcrumb\":{\"@id\":\"https:\\\/\\\/reporteroshoy.mx\\\/noticias\\\/despedaza-su-platina-al-estamparse-contra-un-poste-en-la-via-kinchil-tetiz\\\/#breadcrumb\"},\"inLanguage\":\"es\",\"potentialAction\":[{\"@type\":\"ReadAction\",\"target\":[\"https:\\\/\\\/reporteroshoy.mx\\\/noticias\\\/despedaza-su-platina-al-estamparse-contra-un-poste-en-la-via-kinchil-tetiz\\\/\"]}]},{\"@type\":\"ImageObject\",\"inLanguage\":\"es\",\"@id\":\"https:\\\/\\\/reporteroshoy.mx\\\/noticias\\\/despedaza-su-platina-al-estamparse-contra-un-poste-en-la-via-kinchil-tetiz\\\/#primaryimage\",\"url\":\"https:\\\/\\\/reporteroshoy.mx\\\/noticias\\\/wp-content\\\/uploads\\\/2022\\\/05\\\/CHOQUE-KINCHIL-3-scaled.jpeg\",\"contentUrl\":\"https:\\\/\\\/reporteroshoy.mx\\\/noticias\\\/wp-content\\\/uploads\\\/2022\\\/05\\\/CHOQUE-KINCHIL-3-scaled.jpeg\",\"width\":768,\"height\":617},{\"@type\":\"BreadcrumbList\",\"@id\":\"https:\\\/\\\/reporteroshoy.mx\\\/noticias\\\/despedaza-su-platina-al-estamparse-contra-un-poste-en-la-via-kinchil-tetiz\\\/#breadcrumb\",\"itemListElement\":[{\"@type\":\"ListItem\",\"position\":1,\"name\":\"Portada\",\"item\":\"https:\\\/\\\/reporteroshoy.mx\\\/noticias\\\/\"},{\"@type\":\"ListItem\",\"position\":2,\"name\":\"Despedaza su Platina al estamparse contra un poste en la v\u00eda Kinchil-Tetiz\"}]},{\"@type\":\"WebSite\",\"@id\":\"https:\\\/\\\/reporteroshoy.mx\\\/noticias\\\/#website\",\"url\":\"https:\\\/\\\/reporteroshoy.mx\\\/noticias\\\/\",\"name\":\"Reporteros Hoy | Noticias de Yucat\u00e1n\",\"description\":\"Peri\u00f3dico digital con noticias diarias desde M\u00e9rida, Yucat\u00e1n para el mundo.\",\"potentialAction\":[{\"@type\":\"SearchAction\",\"target\":{\"@type\":\"EntryPoint\",\"urlTemplate\":\"https:\\\/\\\/reporteroshoy.mx\\\/noticias\\\/?s={search_term_string}\"},\"query-input\":{\"@type\":\"PropertyValueSpecification\",\"valueRequired\":true,\"valueName\":\"search_term_string\"}}],\"inLanguage\":\"es\"},{\"@type\":\"Person\",\"@id\":\"https:\\\/\\\/reporteroshoy.mx\\\/noticias\\\/#\\\/schema\\\/person\\\/d32189074678a9d41498d4248e29aac3\",\"name\":\"Reporteros Hoy HY\",\"image\":{\"@type\":\"ImageObject\",\"inLanguage\":\"es\",\"@id\":\"https:\\\/\\\/secure.gravatar.com\\\/avatar\\\/c539a82770f256437b35bda44650bb50f5fd4b7017f8b29672ed9f27a43cec47?s=96&d=mm&r=g\",\"url\":\"https:\\\/\\\/secure.gravatar.com\\\/avatar\\\/c539a82770f256437b35bda44650bb50f5fd4b7017f8b29672ed9f27a43cec47?s=96&d=mm&r=g\",\"contentUrl\":\"https:\\\/\\\/secure.gravatar.com\\\/avatar\\\/c539a82770f256437b35bda44650bb50f5fd4b7017f8b29672ed9f27a43cec47?s=96&d=mm&r=g\",\"caption\":\"Reporteros Hoy HY\"},\"url\":\"https:\\\/\\\/reporteroshoy.mx\\\/noticias\\\/author\\\/thelmo\\\/\"}]}<\/script>\n<!-- \/ Yoast SEO plugin. -->","yoast_head_json":{"title":"Despedaza su Platina al estamparse contra un poste en la v\u00eda Kinchil-Tetiz","description":"El conductor vivi\u00f3 de puro milagro, y hasta se dio el lujo de abandonar a medio camino su autom\u00f3vil luego de protagonizar el brutal choque poco antes de las dos de la ma\u00f1ana de este viernes.","robots":{"index":"index","follow":"follow","max-snippet":"max-snippet:-1","max-image-preview":"max-image-preview:large","max-video-preview":"max-video-preview:-1"},"canonical":"https:\/\/reporteroshoy.mx\/noticias\/despedaza-su-platina-al-estamparse-contra-un-poste-en-la-via-kinchil-tetiz\/","og_locale":"es_ES","og_type":"article","og_title":"Despedaza su Platina al estamparse contra un poste en la v\u00eda Kinchil-Tetiz","og_description":"El conductor vivi\u00f3 de puro milagro, y hasta se dio el lujo de abandonar a medio camino su autom\u00f3vil luego de protagonizar el brutal choque poco antes de las dos de la ma\u00f1ana de este viernes.","og_url":"https:\/\/reporteroshoy.mx\/noticias\/despedaza-su-platina-al-estamparse-contra-un-poste-en-la-via-kinchil-tetiz\/","og_site_name":"Reporteros Hoy | Noticias de Yucat\u00e1n","article_publisher":"http:\/\/www.facebook.com\/reporteroshoymx","article_published_time":"2022-05-28T00:35:40+00:00","og_image":[{"width":768,"height":617,"url":"https:\/\/reporteroshoy.mx\/noticias\/wp-content\/uploads\/2022\/05\/CHOQUE-KINCHIL-3-scaled.jpeg","type":"image\/jpeg"}],"author":"Reporteros Hoy HY","twitter_card":"summary_large_image","twitter_creator":"@reporteroshoy","twitter_site":"@reporteroshoy","twitter_misc":{"Escrito por":"Reporteros Hoy HY","Tiempo de lectura":"1 minuto"},"schema":{"@context":"https:\/\/schema.org","@graph":[{"@type":"Article","@id":"https:\/\/reporteroshoy.mx\/noticias\/despedaza-su-platina-al-estamparse-contra-un-poste-en-la-via-kinchil-tetiz\/#article","isPartOf":{"@id":"https:\/\/reporteroshoy.mx\/noticias\/despedaza-su-platina-al-estamparse-contra-un-poste-en-la-via-kinchil-tetiz\/"},"author":{"name":"Reporteros Hoy HY","@id":"https:\/\/reporteroshoy.mx\/noticias\/#\/schema\/person\/d32189074678a9d41498d4248e29aac3"},"headline":"Despedaza su Platina al estamparse contra un poste en la v\u00eda Kinchil-Tetiz","datePublished":"2022-05-28T00:35:40+00:00","mainEntityOfPage":{"@id":"https:\/\/reporteroshoy.mx\/noticias\/despedaza-su-platina-al-estamparse-contra-un-poste-en-la-via-kinchil-tetiz\/"},"wordCount":250,"commentCount":0,"image":{"@id":"https:\/\/reporteroshoy.mx\/noticias\/despedaza-su-platina-al-estamparse-contra-un-poste-en-la-via-kinchil-tetiz\/#primaryimage"},"thumbnailUrl":"https:\/\/reporteroshoy.mx\/noticias\/wp-content\/uploads\/2022\/05\/CHOQUE-KINCHIL-3-scaled.jpeg","keywords":["choque en carretera","choque en Kinchil","Kinchil","Yucatan Poniente"],"articleSection":["Municipios"],"inLanguage":"es","potentialAction":[{"@type":"CommentAction","name":"Comment","target":["https:\/\/reporteroshoy.mx\/noticias\/despedaza-su-platina-al-estamparse-contra-un-poste-en-la-via-kinchil-tetiz\/#respond"]}]},{"@type":"WebPage","@id":"https:\/\/reporteroshoy.mx\/noticias\/despedaza-su-platina-al-estamparse-contra-un-poste-en-la-via-kinchil-tetiz\/","url":"https:\/\/reporteroshoy.mx\/noticias\/despedaza-su-platina-al-estamparse-contra-un-poste-en-la-via-kinchil-tetiz\/","name":"Despedaza su Platina al estamparse contra un poste en la v\u00eda Kinchil-Tetiz","isPartOf":{"@id":"https:\/\/reporteroshoy.mx\/noticias\/#website"},"primaryImageOfPage":{"@id":"https:\/\/reporteroshoy.mx\/noticias\/despedaza-su-platina-al-estamparse-contra-un-poste-en-la-via-kinchil-tetiz\/#primaryimage"},"image":{"@id":"https:\/\/reporteroshoy.mx\/noticias\/despedaza-su-platina-al-estamparse-contra-un-poste-en-la-via-kinchil-tetiz\/#primaryimage"},"thumbnailUrl":"https:\/\/reporteroshoy.mx\/noticias\/wp-content\/uploads\/2022\/05\/CHOQUE-KINCHIL-3-scaled.jpeg","datePublished":"2022-05-28T00:35:40+00:00","author":{"@id":"https:\/\/reporteroshoy.mx\/noticias\/#\/schema\/person\/d32189074678a9d41498d4248e29aac3"},"description":"El conductor vivi\u00f3 de puro milagro, y hasta se dio el lujo de abandonar a medio camino su autom\u00f3vil luego de protagonizar el brutal choque poco antes de las dos de la ma\u00f1ana de este viernes.","breadcrumb":{"@id":"https:\/\/reporteroshoy.mx\/noticias\/despedaza-su-platina-al-estamparse-contra-un-poste-en-la-via-kinchil-tetiz\/#breadcrumb"},"inLanguage":"es","potentialAction":[{"@type":"ReadAction","target":["https:\/\/reporteroshoy.mx\/noticias\/despedaza-su-platina-al-estamparse-contra-un-poste-en-la-via-kinchil-tetiz\/"]}]},{"@type":"ImageObject","inLanguage":"es","@id":"https:\/\/reporteroshoy.mx\/noticias\/despedaza-su-platina-al-estamparse-contra-un-poste-en-la-via-kinchil-tetiz\/#primaryimage","url":"https:\/\/reporteroshoy.mx\/noticias\/wp-content\/uploads\/2022\/05\/CHOQUE-KINCHIL-3-scaled.jpeg","contentUrl":"https:\/\/reporteroshoy.mx\/noticias\/wp-content\/uploads\/2022\/05\/CHOQUE-KINCHIL-3-scaled.jpeg","width":768,"height":617},{"@type":"BreadcrumbList","@id":"https:\/\/reporteroshoy.mx\/noticias\/despedaza-su-platina-al-estamparse-contra-un-poste-en-la-via-kinchil-tetiz\/#breadcrumb","itemListElement":[{"@type":"ListItem","position":1,"name":"Portada","item":"https:\/\/reporteroshoy.mx\/noticias\/"},{"@type":"ListItem","position":2,"name":"Despedaza su Platina al estamparse contra un poste en la v\u00eda Kinchil-Tetiz"}]},{"@type":"WebSite","@id":"https:\/\/reporteroshoy.mx\/noticias\/#website","url":"https:\/\/reporteroshoy.mx\/noticias\/","name":"Reporteros Hoy | Noticias de Yucat\u00e1n","description":"Peri\u00f3dico digital con noticias diarias desde M\u00e9rida, Yucat\u00e1n para el mundo.","potentialAction":[{"@type":"SearchAction","target":{"@type":"EntryPoint","urlTemplate":"https:\/\/reporteroshoy.mx\/noticias\/?s={search_term_string}"},"query-input":{"@type":"PropertyValueSpecification","valueRequired":true,"valueName":"search_term_string"}}],"inLanguage":"es"},{"@type":"Person","@id":"https:\/\/reporteroshoy.mx\/noticias\/#\/schema\/person\/d32189074678a9d41498d4248e29aac3","name":"Reporteros Hoy HY","image":{"@type":"ImageObject","inLanguage":"es","@id":"https:\/\/secure.gravatar.com\/avatar\/c539a82770f256437b35bda44650bb50f5fd4b7017f8b29672ed9f27a43cec47?s=96&d=mm&r=g","url":"https:\/\/secure.gravatar.com\/avatar\/c539a82770f256437b35bda44650bb50f5fd4b7017f8b29672ed9f27a43cec47?s=96&d=mm&r=g","contentUrl":"https:\/\/secure.gravatar.com\/avatar\/c539a82770f256437b35bda44650bb50f5fd4b7017f8b29672ed9f27a43cec47?s=96&d=mm&r=g","caption":"Reporteros Hoy HY"},"url":"https:\/\/reporteroshoy.mx\/noticias\/author\/thelmo\/"}]}},"_links":{"self":[{"href":"https:\/\/reporteroshoy.mx\/noticias\/wp-json\/wp\/v2\/posts\/86757","targetHints":{"allow":["GET"]}}],"collection":[{"href":"https:\/\/reporteroshoy.mx\/noticias\/wp-json\/wp\/v2\/posts"}],"about":[{"href":"https:\/\/reporteroshoy.mx\/noticias\/wp-json\/wp\/v2\/types\/post"}],"author":[{"embeddable":true,"href":"https:\/\/reporteroshoy.mx\/noticias\/wp-json\/wp\/v2\/users\/2"}],"replies":[{"embeddable":true,"href":"https:\/\/reporteroshoy.mx\/noticias\/wp-json\/wp\/v2\/comments?post=86757"}],"version-history":[{"count":0,"href":"https:\/\/reporteroshoy.mx\/noticias\/wp-json\/wp\/v2\/posts\/86757\/revisions"}],"wp:featuredmedia":[{"embeddable":true,"href":"https:\/\/reporteroshoy.mx\/noticias\/wp-json\/wp\/v2\/media\/86760"}],"wp:attachment":[{"href":"https:\/\/reporteroshoy.mx\/noticias\/wp-json\/wp\/v2\/media?parent=86757"}],"wp:term":[{"taxonomy":"category","embeddable":true,"href":"https:\/\/reporteroshoy.mx\/noticias\/wp-json\/wp\/v2\/categories?post=86757"},{"taxonomy":"post_tag","embeddable":true,"href":"https:\/\/reporteroshoy.mx\/noticias\/wp-json\/wp\/v2\/tags?post=86757"}],"curies":[{"name":"wp","href":"https:\/\/api.w.org\/{rel}","templated":true}]}}