{"id":87269,"date":"2022-06-06T17:49:14","date_gmt":"2022-06-06T22:49:14","guid":{"rendered":"https:\/\/reporteroshoy.mx\/noticias\/?p=87269"},"modified":"2022-06-06T17:49:14","modified_gmt":"2022-06-06T22:49:14","slug":"imputan-a-meridano-por-violentar-a-su-pareja-en-calles-de-la-colonia-mulsay","status":"publish","type":"post","link":"https:\/\/reporteroshoy.mx\/noticias\/imputan-a-meridano-por-violentar-a-su-pareja-en-calles-de-la-colonia-mulsay\/","title":{"rendered":"Imputan a meridano por violentar a su pareja en calles de la colonia Mulsay"},"content":{"rendered":"<p class=\"x_MsoNormal\" style=\"text-align: justify;\">M\u00e9rida, Yucat\u00e1n; 6 de junio de 2022.- La Fiscal\u00eda General del Estado (FGE) formul\u00f3 la imputaci\u00f3n a M.A.O.C. por el delito de violencia familiar, denunciado tras los hechos ocurridos la semana pasada en calles de la colonia Mulsay de esta ciudad de M\u00e9rida, en agravio de su ex pareja sentimental.<\/p>\n<p class=\"x_MsoNormal\" style=\"text-align: justify;\">Una vez interpuesta la denuncian, los especialistas de la Fiscal\u00eda iniciaron la integraci\u00f3n de la carpeta de investigaci\u00f3n, la cual deriv\u00f3 en la causa penal 172\/2022, donde se establece que el imputado y la querellante tuvieron una relaci\u00f3n sentimental, la cual concluy\u00f3 por la violencia f\u00edsica y psicol\u00f3gica que ejerc\u00eda en contra de la mujer.<\/p>\n<p class=\"x_MsoNormal\" style=\"text-align: justify;\">Pero,\u00a0 de acuerdo con lo se\u00f1alado por la v\u00edctima, el pasado 31 de mayo, cuando se encontraba en la calle 41 por 12 diagonal, el imputado la invit\u00f3 a tomar, pero ante la negativa de la denunciante, el encausado la sujeta y empuja bruscamente, por lo que fue detenido y turnado a la Fiscal\u00eda para las diligencias correspondientes.<\/p>\n<p><img loading=\"lazy\" decoding=\"async\" class=\"wp-image-37984 aligncenter\" src=\"https:\/\/reporteroshoy.mx\/noticias\/wp-content\/uploads\/2020\/05\/Juez.jpg\" alt=\"\" width=\"669\" height=\"400\" \/><\/p>\n<p class=\"x_MsoNormal\" style=\"text-align: justify;\">En la diligencia celebrada en el Juzgado Primero de Control del Primer Distrito Judicial, los fiscales de litigaci\u00f3n formularon la imputaci\u00f3n del delito y expusieron los datos de prueba contenidos en la carpeta de investigaci\u00f3n para solicitar la vinculaci\u00f3n a proceso,\u00a0 pero el imputado se acogi\u00f3 a la duplicidad del t\u00e9rmino legal para definir su situaci\u00f3n jur\u00eddica, por lo que la Juez de Control estableci\u00f3 que la audiencia se reanude el pr\u00f3ximo ocho de junio.<\/p>\n<p class=\"x_MsoNormal\" style=\"text-align: justify;\">Por \u00faltimo, antes de dar por finalizada la audiencia inicial, los fiscales de litigaci\u00f3n expusieron los argumentos para solicitar la imposici\u00f3n de medidas cautelares, por lo que la Juez de Control, tras valorarlo, estableci\u00f3 que el imputado tiene prohibido salir del Estado sin autorizaci\u00f3n judicial, deber\u00e1 someterse al cuidado y vigilancia del Centro Estatal de Medidas Cautelares, tiene prohibido acercarse a la v\u00edctima y deber\u00e1 abstenerse de consumir alcohol o alguna droga durante todo el tiempo que dure el proceso.<\/p>\n","protected":false},"excerpt":{"rendered":"<p>La mujer se neg\u00f3 a tomar con el tipo, pero este se molest\u00f3, la sujet\u00f3 y empuj\u00f3 bruscamente, por lo que fue detenido y turnado a la Fiscal\u00eda.<\/p>\n","protected":false},"author":2,"featured_media":0,"comment_status":"open","ping_status":"closed","sticky":false,"template":"","format":"standard","meta":{"footnotes":""},"categories":[14],"tags":[14417,2572],"class_list":["post-87269","post","type-post","status-publish","format-standard","hentry","category-policia","tag-detenido-en-merida","tag-violencia-de-genero"],"yoast_head":"<!-- This site is optimized with the Yoast SEO plugin v28.3 - https:\/\/yoast.com\/product\/yoast-seo-wordpress\/ -->\n<title>Imputan a meridano por violentar a su pareja en calles de la colonia Mulsay<\/title>\n<meta name=\"description\" content=\"La mujer se neg\u00f3 a tomar con el tipo, pero este se molest\u00f3, la sujet\u00f3 y empuj\u00f3 bruscamente, por lo que fue detenido y turnado a la Fiscal\u00eda.\" \/>\n<meta name=\"robots\" content=\"index, follow, max-snippet:-1, max-image-preview:large, max-video-preview:-1\" \/>\n<link rel=\"canonical\" href=\"https:\/\/reporteroshoy.mx\/noticias\/imputan-a-meridano-por-violentar-a-su-pareja-en-calles-de-la-colonia-mulsay\/\" \/>\n<meta property=\"og:locale\" content=\"es_ES\" \/>\n<meta property=\"og:type\" content=\"article\" \/>\n<meta property=\"og:title\" content=\"Imputan a meridano por violentar a su pareja en calles de la colonia Mulsay\" \/>\n<meta property=\"og:description\" content=\"La mujer se neg\u00f3 a tomar con el tipo, pero este se molest\u00f3, la sujet\u00f3 y empuj\u00f3 bruscamente, por lo que fue detenido y turnado a la Fiscal\u00eda.\" \/>\n<meta property=\"og:url\" content=\"https:\/\/reporteroshoy.mx\/noticias\/imputan-a-meridano-por-violentar-a-su-pareja-en-calles-de-la-colonia-mulsay\/\" \/>\n<meta property=\"og:site_name\" content=\"Reporteros Hoy | Noticias de Yucat\u00e1n\" \/>\n<meta property=\"article:publisher\" content=\"http:\/\/www.facebook.com\/reporteroshoymx\" \/>\n<meta property=\"article:published_time\" content=\"2022-06-06T22:49:14+00:00\" \/>\n<meta property=\"og:image\" content=\"https:\/\/reporteroshoy.mx\/noticias\/wp-content\/uploads\/2020\/05\/Juez.jpg\" \/>\n\t<meta property=\"og:image:width\" content=\"768\" \/>\n\t<meta property=\"og:image:height\" content=\"459\" \/>\n\t<meta property=\"og:image:type\" content=\"image\/jpeg\" \/>\n<meta name=\"author\" content=\"Reporteros Hoy HY\" \/>\n<meta name=\"twitter:card\" content=\"summary_large_image\" \/>\n<meta name=\"twitter:creator\" content=\"@reporteroshoy\" \/>\n<meta name=\"twitter:site\" content=\"@reporteroshoy\" \/>\n<meta name=\"twitter:label1\" content=\"Escrito por\" \/>\n\t<meta name=\"twitter:data1\" content=\"Reporteros Hoy HY\" \/>\n\t<meta name=\"twitter:label2\" content=\"Tiempo de lectura\" \/>\n\t<meta name=\"twitter:data2\" content=\"2 minutos\" \/>\n<script type=\"application\/ld+json\" class=\"yoast-schema-graph\">{\"@context\":\"https:\\\/\\\/schema.org\",\"@graph\":[{\"@type\":\"Article\",\"@id\":\"https:\\\/\\\/reporteroshoy.mx\\\/noticias\\\/imputan-a-meridano-por-violentar-a-su-pareja-en-calles-de-la-colonia-mulsay\\\/#article\",\"isPartOf\":{\"@id\":\"https:\\\/\\\/reporteroshoy.mx\\\/noticias\\\/imputan-a-meridano-por-violentar-a-su-pareja-en-calles-de-la-colonia-mulsay\\\/\"},\"author\":{\"name\":\"Reporteros Hoy HY\",\"@id\":\"https:\\\/\\\/reporteroshoy.mx\\\/noticias\\\/#\\\/schema\\\/person\\\/d32189074678a9d41498d4248e29aac3\"},\"headline\":\"Imputan a meridano por violentar a su pareja en calles de la colonia Mulsay\",\"datePublished\":\"2022-06-06T22:49:14+00:00\",\"mainEntityOfPage\":{\"@id\":\"https:\\\/\\\/reporteroshoy.mx\\\/noticias\\\/imputan-a-meridano-por-violentar-a-su-pareja-en-calles-de-la-colonia-mulsay\\\/\"},\"wordCount\":357,\"commentCount\":0,\"image\":{\"@id\":\"https:\\\/\\\/reporteroshoy.mx\\\/noticias\\\/imputan-a-meridano-por-violentar-a-su-pareja-en-calles-de-la-colonia-mulsay\\\/#primaryimage\"},\"thumbnailUrl\":\"https:\\\/\\\/reporteroshoy.mx\\\/noticias\\\/wp-content\\\/uploads\\\/2020\\\/05\\\/Juez.jpg\",\"keywords\":[\"detenido en M\u00e9rida\",\"Violencia de G\u00e9nero\"],\"articleSection\":[\"Polic\u00eda\"],\"inLanguage\":\"es\",\"potentialAction\":[{\"@type\":\"CommentAction\",\"name\":\"Comment\",\"target\":[\"https:\\\/\\\/reporteroshoy.mx\\\/noticias\\\/imputan-a-meridano-por-violentar-a-su-pareja-en-calles-de-la-colonia-mulsay\\\/#respond\"]}]},{\"@type\":\"WebPage\",\"@id\":\"https:\\\/\\\/reporteroshoy.mx\\\/noticias\\\/imputan-a-meridano-por-violentar-a-su-pareja-en-calles-de-la-colonia-mulsay\\\/\",\"url\":\"https:\\\/\\\/reporteroshoy.mx\\\/noticias\\\/imputan-a-meridano-por-violentar-a-su-pareja-en-calles-de-la-colonia-mulsay\\\/\",\"name\":\"Imputan a meridano por violentar a su pareja en calles de la colonia Mulsay\",\"isPartOf\":{\"@id\":\"https:\\\/\\\/reporteroshoy.mx\\\/noticias\\\/#website\"},\"primaryImageOfPage\":{\"@id\":\"https:\\\/\\\/reporteroshoy.mx\\\/noticias\\\/imputan-a-meridano-por-violentar-a-su-pareja-en-calles-de-la-colonia-mulsay\\\/#primaryimage\"},\"image\":{\"@id\":\"https:\\\/\\\/reporteroshoy.mx\\\/noticias\\\/imputan-a-meridano-por-violentar-a-su-pareja-en-calles-de-la-colonia-mulsay\\\/#primaryimage\"},\"thumbnailUrl\":\"https:\\\/\\\/reporteroshoy.mx\\\/noticias\\\/wp-content\\\/uploads\\\/2020\\\/05\\\/Juez.jpg\",\"datePublished\":\"2022-06-06T22:49:14+00:00\",\"author\":{\"@id\":\"https:\\\/\\\/reporteroshoy.mx\\\/noticias\\\/#\\\/schema\\\/person\\\/d32189074678a9d41498d4248e29aac3\"},\"description\":\"La mujer se neg\u00f3 a tomar con el tipo, pero este se molest\u00f3, la sujet\u00f3 y empuj\u00f3 bruscamente, por lo que fue detenido y turnado a la Fiscal\u00eda.\",\"breadcrumb\":{\"@id\":\"https:\\\/\\\/reporteroshoy.mx\\\/noticias\\\/imputan-a-meridano-por-violentar-a-su-pareja-en-calles-de-la-colonia-mulsay\\\/#breadcrumb\"},\"inLanguage\":\"es\",\"potentialAction\":[{\"@type\":\"ReadAction\",\"target\":[\"https:\\\/\\\/reporteroshoy.mx\\\/noticias\\\/imputan-a-meridano-por-violentar-a-su-pareja-en-calles-de-la-colonia-mulsay\\\/\"]}]},{\"@type\":\"ImageObject\",\"inLanguage\":\"es\",\"@id\":\"https:\\\/\\\/reporteroshoy.mx\\\/noticias\\\/imputan-a-meridano-por-violentar-a-su-pareja-en-calles-de-la-colonia-mulsay\\\/#primaryimage\",\"url\":\"\",\"contentUrl\":\"\"},{\"@type\":\"BreadcrumbList\",\"@id\":\"https:\\\/\\\/reporteroshoy.mx\\\/noticias\\\/imputan-a-meridano-por-violentar-a-su-pareja-en-calles-de-la-colonia-mulsay\\\/#breadcrumb\",\"itemListElement\":[{\"@type\":\"ListItem\",\"position\":1,\"name\":\"Portada\",\"item\":\"https:\\\/\\\/reporteroshoy.mx\\\/noticias\\\/\"},{\"@type\":\"ListItem\",\"position\":2,\"name\":\"Imputan a meridano por violentar a su pareja en calles de la colonia Mulsay\"}]},{\"@type\":\"WebSite\",\"@id\":\"https:\\\/\\\/reporteroshoy.mx\\\/noticias\\\/#website\",\"url\":\"https:\\\/\\\/reporteroshoy.mx\\\/noticias\\\/\",\"name\":\"Reporteros Hoy | Noticias de Yucat\u00e1n\",\"description\":\"Peri\u00f3dico digital con noticias diarias desde M\u00e9rida, Yucat\u00e1n para el mundo.\",\"potentialAction\":[{\"@type\":\"SearchAction\",\"target\":{\"@type\":\"EntryPoint\",\"urlTemplate\":\"https:\\\/\\\/reporteroshoy.mx\\\/noticias\\\/?s={search_term_string}\"},\"query-input\":{\"@type\":\"PropertyValueSpecification\",\"valueRequired\":true,\"valueName\":\"search_term_string\"}}],\"inLanguage\":\"es\"},{\"@type\":\"Person\",\"@id\":\"https:\\\/\\\/reporteroshoy.mx\\\/noticias\\\/#\\\/schema\\\/person\\\/d32189074678a9d41498d4248e29aac3\",\"name\":\"Reporteros Hoy HY\",\"image\":{\"@type\":\"ImageObject\",\"inLanguage\":\"es\",\"@id\":\"https:\\\/\\\/secure.gravatar.com\\\/avatar\\\/c539a82770f256437b35bda44650bb50f5fd4b7017f8b29672ed9f27a43cec47?s=96&d=mm&r=g\",\"url\":\"https:\\\/\\\/secure.gravatar.com\\\/avatar\\\/c539a82770f256437b35bda44650bb50f5fd4b7017f8b29672ed9f27a43cec47?s=96&d=mm&r=g\",\"contentUrl\":\"https:\\\/\\\/secure.gravatar.com\\\/avatar\\\/c539a82770f256437b35bda44650bb50f5fd4b7017f8b29672ed9f27a43cec47?s=96&d=mm&r=g\",\"caption\":\"Reporteros Hoy HY\"},\"url\":\"https:\\\/\\\/reporteroshoy.mx\\\/noticias\\\/author\\\/thelmo\\\/\"}]}<\/script>\n<!-- \/ Yoast SEO plugin. -->","yoast_head_json":{"title":"Imputan a meridano por violentar a su pareja en calles de la colonia Mulsay","description":"La mujer se neg\u00f3 a tomar con el tipo, pero este se molest\u00f3, la sujet\u00f3 y empuj\u00f3 bruscamente, por lo que fue detenido y turnado a la Fiscal\u00eda.","robots":{"index":"index","follow":"follow","max-snippet":"max-snippet:-1","max-image-preview":"max-image-preview:large","max-video-preview":"max-video-preview:-1"},"canonical":"https:\/\/reporteroshoy.mx\/noticias\/imputan-a-meridano-por-violentar-a-su-pareja-en-calles-de-la-colonia-mulsay\/","og_locale":"es_ES","og_type":"article","og_title":"Imputan a meridano por violentar a su pareja en calles de la colonia Mulsay","og_description":"La mujer se neg\u00f3 a tomar con el tipo, pero este se molest\u00f3, la sujet\u00f3 y empuj\u00f3 bruscamente, por lo que fue detenido y turnado a la Fiscal\u00eda.","og_url":"https:\/\/reporteroshoy.mx\/noticias\/imputan-a-meridano-por-violentar-a-su-pareja-en-calles-de-la-colonia-mulsay\/","og_site_name":"Reporteros Hoy | Noticias de Yucat\u00e1n","article_publisher":"http:\/\/www.facebook.com\/reporteroshoymx","article_published_time":"2022-06-06T22:49:14+00:00","og_image":[{"width":768,"height":459,"url":"https:\/\/reporteroshoy.mx\/noticias\/wp-content\/uploads\/2020\/05\/Juez.jpg","type":"image\/jpeg"}],"author":"Reporteros Hoy HY","twitter_card":"summary_large_image","twitter_creator":"@reporteroshoy","twitter_site":"@reporteroshoy","twitter_misc":{"Escrito por":"Reporteros Hoy HY","Tiempo de lectura":"2 minutos"},"schema":{"@context":"https:\/\/schema.org","@graph":[{"@type":"Article","@id":"https:\/\/reporteroshoy.mx\/noticias\/imputan-a-meridano-por-violentar-a-su-pareja-en-calles-de-la-colonia-mulsay\/#article","isPartOf":{"@id":"https:\/\/reporteroshoy.mx\/noticias\/imputan-a-meridano-por-violentar-a-su-pareja-en-calles-de-la-colonia-mulsay\/"},"author":{"name":"Reporteros Hoy HY","@id":"https:\/\/reporteroshoy.mx\/noticias\/#\/schema\/person\/d32189074678a9d41498d4248e29aac3"},"headline":"Imputan a meridano por violentar a su pareja en calles de la colonia Mulsay","datePublished":"2022-06-06T22:49:14+00:00","mainEntityOfPage":{"@id":"https:\/\/reporteroshoy.mx\/noticias\/imputan-a-meridano-por-violentar-a-su-pareja-en-calles-de-la-colonia-mulsay\/"},"wordCount":357,"commentCount":0,"image":{"@id":"https:\/\/reporteroshoy.mx\/noticias\/imputan-a-meridano-por-violentar-a-su-pareja-en-calles-de-la-colonia-mulsay\/#primaryimage"},"thumbnailUrl":"https:\/\/reporteroshoy.mx\/noticias\/wp-content\/uploads\/2020\/05\/Juez.jpg","keywords":["detenido en M\u00e9rida","Violencia de G\u00e9nero"],"articleSection":["Polic\u00eda"],"inLanguage":"es","potentialAction":[{"@type":"CommentAction","name":"Comment","target":["https:\/\/reporteroshoy.mx\/noticias\/imputan-a-meridano-por-violentar-a-su-pareja-en-calles-de-la-colonia-mulsay\/#respond"]}]},{"@type":"WebPage","@id":"https:\/\/reporteroshoy.mx\/noticias\/imputan-a-meridano-por-violentar-a-su-pareja-en-calles-de-la-colonia-mulsay\/","url":"https:\/\/reporteroshoy.mx\/noticias\/imputan-a-meridano-por-violentar-a-su-pareja-en-calles-de-la-colonia-mulsay\/","name":"Imputan a meridano por violentar a su pareja en calles de la colonia Mulsay","isPartOf":{"@id":"https:\/\/reporteroshoy.mx\/noticias\/#website"},"primaryImageOfPage":{"@id":"https:\/\/reporteroshoy.mx\/noticias\/imputan-a-meridano-por-violentar-a-su-pareja-en-calles-de-la-colonia-mulsay\/#primaryimage"},"image":{"@id":"https:\/\/reporteroshoy.mx\/noticias\/imputan-a-meridano-por-violentar-a-su-pareja-en-calles-de-la-colonia-mulsay\/#primaryimage"},"thumbnailUrl":"https:\/\/reporteroshoy.mx\/noticias\/wp-content\/uploads\/2020\/05\/Juez.jpg","datePublished":"2022-06-06T22:49:14+00:00","author":{"@id":"https:\/\/reporteroshoy.mx\/noticias\/#\/schema\/person\/d32189074678a9d41498d4248e29aac3"},"description":"La mujer se neg\u00f3 a tomar con el tipo, pero este se molest\u00f3, la sujet\u00f3 y empuj\u00f3 bruscamente, por lo que fue detenido y turnado a la Fiscal\u00eda.","breadcrumb":{"@id":"https:\/\/reporteroshoy.mx\/noticias\/imputan-a-meridano-por-violentar-a-su-pareja-en-calles-de-la-colonia-mulsay\/#breadcrumb"},"inLanguage":"es","potentialAction":[{"@type":"ReadAction","target":["https:\/\/reporteroshoy.mx\/noticias\/imputan-a-meridano-por-violentar-a-su-pareja-en-calles-de-la-colonia-mulsay\/"]}]},{"@type":"ImageObject","inLanguage":"es","@id":"https:\/\/reporteroshoy.mx\/noticias\/imputan-a-meridano-por-violentar-a-su-pareja-en-calles-de-la-colonia-mulsay\/#primaryimage","url":"","contentUrl":""},{"@type":"BreadcrumbList","@id":"https:\/\/reporteroshoy.mx\/noticias\/imputan-a-meridano-por-violentar-a-su-pareja-en-calles-de-la-colonia-mulsay\/#breadcrumb","itemListElement":[{"@type":"ListItem","position":1,"name":"Portada","item":"https:\/\/reporteroshoy.mx\/noticias\/"},{"@type":"ListItem","position":2,"name":"Imputan a meridano por violentar a su pareja en calles de la colonia Mulsay"}]},{"@type":"WebSite","@id":"https:\/\/reporteroshoy.mx\/noticias\/#website","url":"https:\/\/reporteroshoy.mx\/noticias\/","name":"Reporteros Hoy | Noticias de Yucat\u00e1n","description":"Peri\u00f3dico digital con noticias diarias desde M\u00e9rida, Yucat\u00e1n para el mundo.","potentialAction":[{"@type":"SearchAction","target":{"@type":"EntryPoint","urlTemplate":"https:\/\/reporteroshoy.mx\/noticias\/?s={search_term_string}"},"query-input":{"@type":"PropertyValueSpecification","valueRequired":true,"valueName":"search_term_string"}}],"inLanguage":"es"},{"@type":"Person","@id":"https:\/\/reporteroshoy.mx\/noticias\/#\/schema\/person\/d32189074678a9d41498d4248e29aac3","name":"Reporteros Hoy HY","image":{"@type":"ImageObject","inLanguage":"es","@id":"https:\/\/secure.gravatar.com\/avatar\/c539a82770f256437b35bda44650bb50f5fd4b7017f8b29672ed9f27a43cec47?s=96&d=mm&r=g","url":"https:\/\/secure.gravatar.com\/avatar\/c539a82770f256437b35bda44650bb50f5fd4b7017f8b29672ed9f27a43cec47?s=96&d=mm&r=g","contentUrl":"https:\/\/secure.gravatar.com\/avatar\/c539a82770f256437b35bda44650bb50f5fd4b7017f8b29672ed9f27a43cec47?s=96&d=mm&r=g","caption":"Reporteros Hoy HY"},"url":"https:\/\/reporteroshoy.mx\/noticias\/author\/thelmo\/"}]}},"_links":{"self":[{"href":"https:\/\/reporteroshoy.mx\/noticias\/wp-json\/wp\/v2\/posts\/87269","targetHints":{"allow":["GET"]}}],"collection":[{"href":"https:\/\/reporteroshoy.mx\/noticias\/wp-json\/wp\/v2\/posts"}],"about":[{"href":"https:\/\/reporteroshoy.mx\/noticias\/wp-json\/wp\/v2\/types\/post"}],"author":[{"embeddable":true,"href":"https:\/\/reporteroshoy.mx\/noticias\/wp-json\/wp\/v2\/users\/2"}],"replies":[{"embeddable":true,"href":"https:\/\/reporteroshoy.mx\/noticias\/wp-json\/wp\/v2\/comments?post=87269"}],"version-history":[{"count":0,"href":"https:\/\/reporteroshoy.mx\/noticias\/wp-json\/wp\/v2\/posts\/87269\/revisions"}],"wp:attachment":[{"href":"https:\/\/reporteroshoy.mx\/noticias\/wp-json\/wp\/v2\/media?parent=87269"}],"wp:term":[{"taxonomy":"category","embeddable":true,"href":"https:\/\/reporteroshoy.mx\/noticias\/wp-json\/wp\/v2\/categories?post=87269"},{"taxonomy":"post_tag","embeddable":true,"href":"https:\/\/reporteroshoy.mx\/noticias\/wp-json\/wp\/v2\/tags?post=87269"}],"curies":[{"name":"wp","href":"https:\/\/api.w.org\/{rel}","templated":true}]}}