{"id":87489,"date":"2022-06-10T23:49:43","date_gmt":"2022-06-11T04:49:43","guid":{"rendered":"https:\/\/reporteroshoy.mx\/noticias\/?p=87489"},"modified":"2022-06-10T23:49:43","modified_gmt":"2022-06-11T04:49:43","slug":"fin-de-semana-inicia-con-tragedia-en-motul-motociclista-muere-atropellado","status":"publish","type":"post","link":"https:\/\/reporteroshoy.mx\/noticias\/fin-de-semana-inicia-con-tragedia-en-motul-motociclista-muere-atropellado\/","title":{"rendered":"Fin de semana inicia con tragedia en Motul: motociclista muere atropellado"},"content":{"rendered":"<p style=\"text-align: justify;\">Motul, Yucat\u00e1n; 10 de junio de 2022 (ACOM).- Un motociclista en calidad de desconocido perdi\u00f3 la vida de manera tr\u00e1gica al ser colisionado por un veh\u00edculo sin identificar.<\/p>\n<p style=\"text-align: justify;\">Los hechos se registraron en el municipio de Motul, en la descender del puente de la salida sobre conocida maquiladora.<\/p>\n<p style=\"text-align: justify;\">Personas que circulaban por la zona observaron el cuerpo tirado a mitad de la v\u00eda. Al llegar los param\u00e9dicos s\u00f3lo certificaron la muerte del hombre.<\/p>\n<p style=\"text-align: justify;\"><img loading=\"lazy\" decoding=\"async\" class=\"wp-image-87490 aligncenter\" src=\"https:\/\/reporteroshoy.mx\/noticias\/wp-content\/uploads\/2022\/06\/ATROPELLADO-MOTUL-scaled.jpeg\" alt=\"\" width=\"634\" height=\"426\" \/><\/p>\n<p style=\"text-align: justify;\">Polic\u00edas resguardaron el lugar mientras llegaba el Servicio M\u00e9dico Forense (Semefo) y personal de la PEI para recabar los datos correspondientes. Se desconoce las descripciones del veh\u00edculo pues nadie presenci\u00f3 el hecho de tr\u00e1nsito.<\/p>\n<p style=\"text-align: justify;\">El hombre permanece sin identificar, pero llevaba puesta una playera roja de rayas blancas, short militar y gorra de b\u00e9isbol.<\/p>\n","protected":false},"excerpt":{"rendered":"<p>Un motociclista, cuya identidad hasta el momento es desconocida, perdi\u00f3 la vida al ser impactado por otro veh\u00edculo en la salida del municipio.<\/p>\n","protected":false},"author":2,"featured_media":87490,"comment_status":"open","ping_status":"closed","sticky":false,"template":"","format":"standard","meta":{"footnotes":""},"categories":[11],"tags":[18781,240,103,760],"class_list":["post-87489","post","type-post","status-publish","format-standard","has-post-thumbnail","hentry","category-municipios-de-yucatan","tag-atropellado-en-motul","tag-motociclista","tag-motul","tag-yucatan-centro"],"yoast_head":"<!-- This site is optimized with the Yoast SEO plugin v28.4 - https:\/\/yoast.com\/product\/yoast-seo-wordpress\/ -->\n<title>Fin de semana inicia con tragedia en Motul: motociclista muere atropellado<\/title>\n<meta name=\"description\" content=\"Un motociclista, cuya identidad hasta el momento es desconocida, perdi\u00f3 la vida al ser impactado por otro veh\u00edculo en la salida del municipio.\" \/>\n<meta name=\"robots\" content=\"index, follow, max-snippet:-1, max-image-preview:large, max-video-preview:-1\" \/>\n<link rel=\"canonical\" href=\"https:\/\/reporteroshoy.mx\/noticias\/fin-de-semana-inicia-con-tragedia-en-motul-motociclista-muere-atropellado\/\" \/>\n<meta property=\"og:locale\" content=\"es_ES\" \/>\n<meta property=\"og:type\" content=\"article\" \/>\n<meta property=\"og:title\" content=\"Fin de semana inicia con tragedia en Motul: motociclista muere atropellado\" \/>\n<meta property=\"og:description\" content=\"Un motociclista, cuya identidad hasta el momento es desconocida, perdi\u00f3 la vida al ser impactado por otro veh\u00edculo en la salida del municipio.\" \/>\n<meta property=\"og:url\" content=\"https:\/\/reporteroshoy.mx\/noticias\/fin-de-semana-inicia-con-tragedia-en-motul-motociclista-muere-atropellado\/\" \/>\n<meta property=\"og:site_name\" content=\"Reporteros Hoy | Noticias de Yucat\u00e1n\" \/>\n<meta property=\"article:publisher\" content=\"http:\/\/www.facebook.com\/reporteroshoymx\" \/>\n<meta property=\"article:published_time\" content=\"2022-06-11T04:49:43+00:00\" \/>\n<meta property=\"og:image\" content=\"https:\/\/reporteroshoy.mx\/noticias\/wp-content\/uploads\/2022\/06\/ATROPELLADO-MOTUL-scaled.jpeg\" \/>\n\t<meta property=\"og:image:width\" content=\"768\" \/>\n\t<meta property=\"og:image:height\" content=\"516\" \/>\n\t<meta property=\"og:image:type\" content=\"image\/jpeg\" \/>\n<meta name=\"author\" content=\"Reporteros Hoy HY\" \/>\n<meta name=\"twitter:card\" content=\"summary_large_image\" \/>\n<meta name=\"twitter:creator\" content=\"@reporteroshoy\" \/>\n<meta name=\"twitter:site\" content=\"@reporteroshoy\" \/>\n<meta name=\"twitter:label1\" content=\"Escrito por\" \/>\n\t<meta name=\"twitter:data1\" content=\"Reporteros Hoy HY\" \/>\n\t<meta name=\"twitter:label2\" content=\"Tiempo de lectura\" \/>\n\t<meta name=\"twitter:data2\" content=\"1 minuto\" \/>\n<script type=\"application\/ld+json\" class=\"yoast-schema-graph\">{\"@context\":\"https:\\\/\\\/schema.org\",\"@graph\":[{\"@type\":\"Article\",\"@id\":\"https:\\\/\\\/reporteroshoy.mx\\\/noticias\\\/fin-de-semana-inicia-con-tragedia-en-motul-motociclista-muere-atropellado\\\/#article\",\"isPartOf\":{\"@id\":\"https:\\\/\\\/reporteroshoy.mx\\\/noticias\\\/fin-de-semana-inicia-con-tragedia-en-motul-motociclista-muere-atropellado\\\/\"},\"author\":{\"name\":\"Reporteros Hoy HY\",\"@id\":\"https:\\\/\\\/reporteroshoy.mx\\\/noticias\\\/#\\\/schema\\\/person\\\/d32189074678a9d41498d4248e29aac3\"},\"headline\":\"Fin de semana inicia con tragedia en Motul: motociclista muere atropellado\",\"datePublished\":\"2022-06-11T04:49:43+00:00\",\"mainEntityOfPage\":{\"@id\":\"https:\\\/\\\/reporteroshoy.mx\\\/noticias\\\/fin-de-semana-inicia-con-tragedia-en-motul-motociclista-muere-atropellado\\\/\"},\"wordCount\":148,\"commentCount\":0,\"image\":{\"@id\":\"https:\\\/\\\/reporteroshoy.mx\\\/noticias\\\/fin-de-semana-inicia-con-tragedia-en-motul-motociclista-muere-atropellado\\\/#primaryimage\"},\"thumbnailUrl\":\"https:\\\/\\\/reporteroshoy.mx\\\/noticias\\\/wp-content\\\/uploads\\\/2022\\\/06\\\/ATROPELLADO-MOTUL-scaled.jpeg\",\"keywords\":[\"atropellado en Motul\",\"motociclista\",\"Motul\",\"Yucat\u00e1n Centro\"],\"articleSection\":[\"Municipios\"],\"inLanguage\":\"es\",\"potentialAction\":[{\"@type\":\"CommentAction\",\"name\":\"Comment\",\"target\":[\"https:\\\/\\\/reporteroshoy.mx\\\/noticias\\\/fin-de-semana-inicia-con-tragedia-en-motul-motociclista-muere-atropellado\\\/#respond\"]}]},{\"@type\":\"WebPage\",\"@id\":\"https:\\\/\\\/reporteroshoy.mx\\\/noticias\\\/fin-de-semana-inicia-con-tragedia-en-motul-motociclista-muere-atropellado\\\/\",\"url\":\"https:\\\/\\\/reporteroshoy.mx\\\/noticias\\\/fin-de-semana-inicia-con-tragedia-en-motul-motociclista-muere-atropellado\\\/\",\"name\":\"Fin de semana inicia con tragedia en Motul: motociclista muere atropellado\",\"isPartOf\":{\"@id\":\"https:\\\/\\\/reporteroshoy.mx\\\/noticias\\\/#website\"},\"primaryImageOfPage\":{\"@id\":\"https:\\\/\\\/reporteroshoy.mx\\\/noticias\\\/fin-de-semana-inicia-con-tragedia-en-motul-motociclista-muere-atropellado\\\/#primaryimage\"},\"image\":{\"@id\":\"https:\\\/\\\/reporteroshoy.mx\\\/noticias\\\/fin-de-semana-inicia-con-tragedia-en-motul-motociclista-muere-atropellado\\\/#primaryimage\"},\"thumbnailUrl\":\"https:\\\/\\\/reporteroshoy.mx\\\/noticias\\\/wp-content\\\/uploads\\\/2022\\\/06\\\/ATROPELLADO-MOTUL-scaled.jpeg\",\"datePublished\":\"2022-06-11T04:49:43+00:00\",\"author\":{\"@id\":\"https:\\\/\\\/reporteroshoy.mx\\\/noticias\\\/#\\\/schema\\\/person\\\/d32189074678a9d41498d4248e29aac3\"},\"description\":\"Un motociclista, cuya identidad hasta el momento es desconocida, perdi\u00f3 la vida al ser impactado por otro veh\u00edculo en la salida del municipio.\",\"breadcrumb\":{\"@id\":\"https:\\\/\\\/reporteroshoy.mx\\\/noticias\\\/fin-de-semana-inicia-con-tragedia-en-motul-motociclista-muere-atropellado\\\/#breadcrumb\"},\"inLanguage\":\"es\",\"potentialAction\":[{\"@type\":\"ReadAction\",\"target\":[\"https:\\\/\\\/reporteroshoy.mx\\\/noticias\\\/fin-de-semana-inicia-con-tragedia-en-motul-motociclista-muere-atropellado\\\/\"]}]},{\"@type\":\"ImageObject\",\"inLanguage\":\"es\",\"@id\":\"https:\\\/\\\/reporteroshoy.mx\\\/noticias\\\/fin-de-semana-inicia-con-tragedia-en-motul-motociclista-muere-atropellado\\\/#primaryimage\",\"url\":\"https:\\\/\\\/reporteroshoy.mx\\\/noticias\\\/wp-content\\\/uploads\\\/2022\\\/06\\\/ATROPELLADO-MOTUL-scaled.jpeg\",\"contentUrl\":\"https:\\\/\\\/reporteroshoy.mx\\\/noticias\\\/wp-content\\\/uploads\\\/2022\\\/06\\\/ATROPELLADO-MOTUL-scaled.jpeg\",\"width\":768,\"height\":516},{\"@type\":\"BreadcrumbList\",\"@id\":\"https:\\\/\\\/reporteroshoy.mx\\\/noticias\\\/fin-de-semana-inicia-con-tragedia-en-motul-motociclista-muere-atropellado\\\/#breadcrumb\",\"itemListElement\":[{\"@type\":\"ListItem\",\"position\":1,\"name\":\"Portada\",\"item\":\"https:\\\/\\\/reporteroshoy.mx\\\/noticias\\\/\"},{\"@type\":\"ListItem\",\"position\":2,\"name\":\"Fin de semana inicia con tragedia en Motul: motociclista muere atropellado\"}]},{\"@type\":\"WebSite\",\"@id\":\"https:\\\/\\\/reporteroshoy.mx\\\/noticias\\\/#website\",\"url\":\"https:\\\/\\\/reporteroshoy.mx\\\/noticias\\\/\",\"name\":\"Reporteros Hoy | Noticias de Yucat\u00e1n\",\"description\":\"Peri\u00f3dico digital con noticias diarias desde M\u00e9rida, Yucat\u00e1n para el mundo.\",\"potentialAction\":[{\"@type\":\"SearchAction\",\"target\":{\"@type\":\"EntryPoint\",\"urlTemplate\":\"https:\\\/\\\/reporteroshoy.mx\\\/noticias\\\/?s={search_term_string}\"},\"query-input\":{\"@type\":\"PropertyValueSpecification\",\"valueRequired\":true,\"valueName\":\"search_term_string\"}}],\"inLanguage\":\"es\"},{\"@type\":\"Person\",\"@id\":\"https:\\\/\\\/reporteroshoy.mx\\\/noticias\\\/#\\\/schema\\\/person\\\/d32189074678a9d41498d4248e29aac3\",\"name\":\"Reporteros Hoy HY\",\"image\":{\"@type\":\"ImageObject\",\"inLanguage\":\"es\",\"@id\":\"https:\\\/\\\/secure.gravatar.com\\\/avatar\\\/c539a82770f256437b35bda44650bb50f5fd4b7017f8b29672ed9f27a43cec47?s=96&d=mm&r=g\",\"url\":\"https:\\\/\\\/secure.gravatar.com\\\/avatar\\\/c539a82770f256437b35bda44650bb50f5fd4b7017f8b29672ed9f27a43cec47?s=96&d=mm&r=g\",\"contentUrl\":\"https:\\\/\\\/secure.gravatar.com\\\/avatar\\\/c539a82770f256437b35bda44650bb50f5fd4b7017f8b29672ed9f27a43cec47?s=96&d=mm&r=g\",\"caption\":\"Reporteros Hoy HY\"},\"url\":\"https:\\\/\\\/reporteroshoy.mx\\\/noticias\\\/author\\\/thelmo\\\/\"}]}<\/script>\n<!-- \/ Yoast SEO plugin. -->","yoast_head_json":{"title":"Fin de semana inicia con tragedia en Motul: motociclista muere atropellado","description":"Un motociclista, cuya identidad hasta el momento es desconocida, perdi\u00f3 la vida al ser impactado por otro veh\u00edculo en la salida del municipio.","robots":{"index":"index","follow":"follow","max-snippet":"max-snippet:-1","max-image-preview":"max-image-preview:large","max-video-preview":"max-video-preview:-1"},"canonical":"https:\/\/reporteroshoy.mx\/noticias\/fin-de-semana-inicia-con-tragedia-en-motul-motociclista-muere-atropellado\/","og_locale":"es_ES","og_type":"article","og_title":"Fin de semana inicia con tragedia en Motul: motociclista muere atropellado","og_description":"Un motociclista, cuya identidad hasta el momento es desconocida, perdi\u00f3 la vida al ser impactado por otro veh\u00edculo en la salida del municipio.","og_url":"https:\/\/reporteroshoy.mx\/noticias\/fin-de-semana-inicia-con-tragedia-en-motul-motociclista-muere-atropellado\/","og_site_name":"Reporteros Hoy | Noticias de Yucat\u00e1n","article_publisher":"http:\/\/www.facebook.com\/reporteroshoymx","article_published_time":"2022-06-11T04:49:43+00:00","og_image":[{"width":768,"height":516,"url":"https:\/\/reporteroshoy.mx\/noticias\/wp-content\/uploads\/2022\/06\/ATROPELLADO-MOTUL-scaled.jpeg","type":"image\/jpeg"}],"author":"Reporteros Hoy HY","twitter_card":"summary_large_image","twitter_creator":"@reporteroshoy","twitter_site":"@reporteroshoy","twitter_misc":{"Escrito por":"Reporteros Hoy HY","Tiempo de lectura":"1 minuto"},"schema":{"@context":"https:\/\/schema.org","@graph":[{"@type":"Article","@id":"https:\/\/reporteroshoy.mx\/noticias\/fin-de-semana-inicia-con-tragedia-en-motul-motociclista-muere-atropellado\/#article","isPartOf":{"@id":"https:\/\/reporteroshoy.mx\/noticias\/fin-de-semana-inicia-con-tragedia-en-motul-motociclista-muere-atropellado\/"},"author":{"name":"Reporteros Hoy HY","@id":"https:\/\/reporteroshoy.mx\/noticias\/#\/schema\/person\/d32189074678a9d41498d4248e29aac3"},"headline":"Fin de semana inicia con tragedia en Motul: motociclista muere atropellado","datePublished":"2022-06-11T04:49:43+00:00","mainEntityOfPage":{"@id":"https:\/\/reporteroshoy.mx\/noticias\/fin-de-semana-inicia-con-tragedia-en-motul-motociclista-muere-atropellado\/"},"wordCount":148,"commentCount":0,"image":{"@id":"https:\/\/reporteroshoy.mx\/noticias\/fin-de-semana-inicia-con-tragedia-en-motul-motociclista-muere-atropellado\/#primaryimage"},"thumbnailUrl":"https:\/\/reporteroshoy.mx\/noticias\/wp-content\/uploads\/2022\/06\/ATROPELLADO-MOTUL-scaled.jpeg","keywords":["atropellado en Motul","motociclista","Motul","Yucat\u00e1n Centro"],"articleSection":["Municipios"],"inLanguage":"es","potentialAction":[{"@type":"CommentAction","name":"Comment","target":["https:\/\/reporteroshoy.mx\/noticias\/fin-de-semana-inicia-con-tragedia-en-motul-motociclista-muere-atropellado\/#respond"]}]},{"@type":"WebPage","@id":"https:\/\/reporteroshoy.mx\/noticias\/fin-de-semana-inicia-con-tragedia-en-motul-motociclista-muere-atropellado\/","url":"https:\/\/reporteroshoy.mx\/noticias\/fin-de-semana-inicia-con-tragedia-en-motul-motociclista-muere-atropellado\/","name":"Fin de semana inicia con tragedia en Motul: motociclista muere atropellado","isPartOf":{"@id":"https:\/\/reporteroshoy.mx\/noticias\/#website"},"primaryImageOfPage":{"@id":"https:\/\/reporteroshoy.mx\/noticias\/fin-de-semana-inicia-con-tragedia-en-motul-motociclista-muere-atropellado\/#primaryimage"},"image":{"@id":"https:\/\/reporteroshoy.mx\/noticias\/fin-de-semana-inicia-con-tragedia-en-motul-motociclista-muere-atropellado\/#primaryimage"},"thumbnailUrl":"https:\/\/reporteroshoy.mx\/noticias\/wp-content\/uploads\/2022\/06\/ATROPELLADO-MOTUL-scaled.jpeg","datePublished":"2022-06-11T04:49:43+00:00","author":{"@id":"https:\/\/reporteroshoy.mx\/noticias\/#\/schema\/person\/d32189074678a9d41498d4248e29aac3"},"description":"Un motociclista, cuya identidad hasta el momento es desconocida, perdi\u00f3 la vida al ser impactado por otro veh\u00edculo en la salida del municipio.","breadcrumb":{"@id":"https:\/\/reporteroshoy.mx\/noticias\/fin-de-semana-inicia-con-tragedia-en-motul-motociclista-muere-atropellado\/#breadcrumb"},"inLanguage":"es","potentialAction":[{"@type":"ReadAction","target":["https:\/\/reporteroshoy.mx\/noticias\/fin-de-semana-inicia-con-tragedia-en-motul-motociclista-muere-atropellado\/"]}]},{"@type":"ImageObject","inLanguage":"es","@id":"https:\/\/reporteroshoy.mx\/noticias\/fin-de-semana-inicia-con-tragedia-en-motul-motociclista-muere-atropellado\/#primaryimage","url":"https:\/\/reporteroshoy.mx\/noticias\/wp-content\/uploads\/2022\/06\/ATROPELLADO-MOTUL-scaled.jpeg","contentUrl":"https:\/\/reporteroshoy.mx\/noticias\/wp-content\/uploads\/2022\/06\/ATROPELLADO-MOTUL-scaled.jpeg","width":768,"height":516},{"@type":"BreadcrumbList","@id":"https:\/\/reporteroshoy.mx\/noticias\/fin-de-semana-inicia-con-tragedia-en-motul-motociclista-muere-atropellado\/#breadcrumb","itemListElement":[{"@type":"ListItem","position":1,"name":"Portada","item":"https:\/\/reporteroshoy.mx\/noticias\/"},{"@type":"ListItem","position":2,"name":"Fin de semana inicia con tragedia en Motul: motociclista muere atropellado"}]},{"@type":"WebSite","@id":"https:\/\/reporteroshoy.mx\/noticias\/#website","url":"https:\/\/reporteroshoy.mx\/noticias\/","name":"Reporteros Hoy | Noticias de Yucat\u00e1n","description":"Peri\u00f3dico digital con noticias diarias desde M\u00e9rida, Yucat\u00e1n para el mundo.","potentialAction":[{"@type":"SearchAction","target":{"@type":"EntryPoint","urlTemplate":"https:\/\/reporteroshoy.mx\/noticias\/?s={search_term_string}"},"query-input":{"@type":"PropertyValueSpecification","valueRequired":true,"valueName":"search_term_string"}}],"inLanguage":"es"},{"@type":"Person","@id":"https:\/\/reporteroshoy.mx\/noticias\/#\/schema\/person\/d32189074678a9d41498d4248e29aac3","name":"Reporteros Hoy HY","image":{"@type":"ImageObject","inLanguage":"es","@id":"https:\/\/secure.gravatar.com\/avatar\/c539a82770f256437b35bda44650bb50f5fd4b7017f8b29672ed9f27a43cec47?s=96&d=mm&r=g","url":"https:\/\/secure.gravatar.com\/avatar\/c539a82770f256437b35bda44650bb50f5fd4b7017f8b29672ed9f27a43cec47?s=96&d=mm&r=g","contentUrl":"https:\/\/secure.gravatar.com\/avatar\/c539a82770f256437b35bda44650bb50f5fd4b7017f8b29672ed9f27a43cec47?s=96&d=mm&r=g","caption":"Reporteros Hoy HY"},"url":"https:\/\/reporteroshoy.mx\/noticias\/author\/thelmo\/"}]}},"_links":{"self":[{"href":"https:\/\/reporteroshoy.mx\/noticias\/wp-json\/wp\/v2\/posts\/87489","targetHints":{"allow":["GET"]}}],"collection":[{"href":"https:\/\/reporteroshoy.mx\/noticias\/wp-json\/wp\/v2\/posts"}],"about":[{"href":"https:\/\/reporteroshoy.mx\/noticias\/wp-json\/wp\/v2\/types\/post"}],"author":[{"embeddable":true,"href":"https:\/\/reporteroshoy.mx\/noticias\/wp-json\/wp\/v2\/users\/2"}],"replies":[{"embeddable":true,"href":"https:\/\/reporteroshoy.mx\/noticias\/wp-json\/wp\/v2\/comments?post=87489"}],"version-history":[{"count":0,"href":"https:\/\/reporteroshoy.mx\/noticias\/wp-json\/wp\/v2\/posts\/87489\/revisions"}],"wp:featuredmedia":[{"embeddable":true,"href":"https:\/\/reporteroshoy.mx\/noticias\/wp-json\/wp\/v2\/media\/87490"}],"wp:attachment":[{"href":"https:\/\/reporteroshoy.mx\/noticias\/wp-json\/wp\/v2\/media?parent=87489"}],"wp:term":[{"taxonomy":"category","embeddable":true,"href":"https:\/\/reporteroshoy.mx\/noticias\/wp-json\/wp\/v2\/categories?post=87489"},{"taxonomy":"post_tag","embeddable":true,"href":"https:\/\/reporteroshoy.mx\/noticias\/wp-json\/wp\/v2\/tags?post=87489"}],"curies":[{"name":"wp","href":"https:\/\/api.w.org\/{rel}","templated":true}]}}