{"id":87607,"date":"2022-06-13T17:34:53","date_gmt":"2022-06-13T22:34:53","guid":{"rendered":"https:\/\/reporteroshoy.mx\/noticias\/?p=87607"},"modified":"2022-06-13T17:36:38","modified_gmt":"2022-06-13T22:36:38","slug":"abre-la-convocatoria-del-premio-nacional-de-cuento-beatriz-espejo","status":"publish","type":"post","link":"https:\/\/reporteroshoy.mx\/noticias\/abre-la-convocatoria-del-premio-nacional-de-cuento-beatriz-espejo\/","title":{"rendered":"Abre la convocatoria del Premio Nacional de Cuento \u201cBeatriz Espejo\u201d"},"content":{"rendered":"<p style=\"text-align: justify;\">M\u00e9rida, Yucat\u00e1n a 13 de junio de 2022.- A fin de impulsar el trabajo de las y los escritores mexicanos y fortalecer la creaci\u00f3n literaria hoy se abri\u00f3 una nueva edici\u00f3n del Premio Nacional de Cuento \u201cBeatriz Espejo\u201d 2022, iniciativa que trabajan en conjunto la Secretar\u00eda de la Cultura y las Artes (Sedeculta) con el Ayuntamiento de M\u00e9rida, a trav\u00e9s de la Direcci\u00f3n de Cultura.<\/p>\n<p style=\"text-align: justify;\">En un encuentro con los medios de comunicaci\u00f3n, Liliana Bolio Pinelo, Subdirectora de Fomento a la Cultura, afirm\u00f3 que en la actualidad hay muchos j\u00f3venes que est\u00e1n \u00e1vidos de escribir y mostrar su talento, y este concurso es una oportunidad.<\/p>\n<p style=\"text-align: justify;\">La convocatoria queda abierta a partir de hoy y hasta el 7 de octubre. Los resultados se dar\u00e1n a conocer el 21 de noviembre del a\u00f1o en curso y la premiaci\u00f3n est\u00e1 prevista que se realice en el mes de enero de 2023, en el marco del M\u00e9rida Fest.<\/p>\n<p><img loading=\"lazy\" decoding=\"async\" class=\" wp-image-87608 aligncenter\" src=\"https:\/\/reporteroshoy.mx\/noticias\/wp-content\/uploads\/2022\/06\/Premio-Beatriz-Espejo-6-scaled.jpg\" alt=\"\" width=\"615\" height=\"410\" \/><\/p>\n<p style=\"text-align: justify;\">En representaci\u00f3n de la titular de la Sedeculta, Loreto Villanueva Trujillo, la Maestra Ana Ceballos Novelo, Directora de Desarrollo Art\u00edstico y Gesti\u00f3n Cultural de la Sedeculta, agradeci\u00f3 este tipo de alianzas y trabajo de vinculaci\u00f3n entre instituciones para la edici\u00f3n No. 22 del concurso, pues se trata de un premio que da fortaleza a la pol\u00edtica de fomento literario en el estado y la ciudad.<\/p>\n<p style=\"text-align: justify;\">Record\u00f3 que en el 2021, a\u00f1o pand\u00e9mico, hubo gran respuesta y motivaci\u00f3n de los creadores literarios ya que se recibieron m\u00e1s de 470 trabajos. \u201cEn estos tiempos dif\u00edciles queremos potenciar el cuento como una forma de expresi\u00f3n para todos los creadores, es un g\u00e9nero con formato breve que puede captar al lector y siempre termina con finales potentes, maravillosos\u201d.<\/p>\n<p style=\"text-align: justify;\">De acuerdo con la bases de la convocatoria pueden participar escritoras y escritores mexicanos y extranjeros radicados en M\u00e9xico, con un cuento in\u00e9dito, con tema libre, de una extensi\u00f3n m\u00ednima de 5 cuartillas y m\u00e1xima de 15; cada concursante podr\u00e1 participar con un solo cuento. Las obras participantes ser\u00e1n dictaminadas por escritores de reconocido prestigio. El ganador recibir\u00e1 un premio de $50,000.00.<\/p>\n<p style=\"text-align: justify;\">Las obras se reciben en el Centro Cultural Jos\u00e9 Mart\u00ed y en la Biblioteca P\u00fablica Estatal \u201cManuel Cepeda Peraza\u201d. En las ligas\u00a0<a href=\"http:\/\/www.merida.gob.mx\/capitalcultural\" target=\"_blank\" rel=\"noopener noreferrer\" data-auth=\"NotApplicable\" data-linkindex=\"0\">www.merida.gob.mx\/capitalcultural<\/a>\u00a0y\u00a0<a href=\"http:\/\/www.cultura.yucatan.gob.mx\" target=\"_blank\" rel=\"noopener noreferrer\" data-auth=\"NotApplicable\" data-linkindex=\"1\">www.cultura.yucatan.gob.mx<\/a>\u00a0se pueden consultar m\u00e1s detalles de la convocatoria.<\/p>\n<p style=\"text-align: justify;\">El Premio Nacional de Cuento \u201cBeatriz Espejo\u201d se crea en el a\u00f1o 2001 y desde entonces s\u00f3lo dos yucatecos han ganado este certamen: Carlos Mart\u00edn Brice\u00f1o (2003) y Andr\u00e9s Castillo Mart\u00ednez (2014). En el 2021 con el texto \u201cLa promesa\u201d, el narrador y guionista, C\u00e9sar G\u00e1ndara, de Guaymas, Sonora gan\u00f3 por unanimidad. Esa misma edici\u00f3n destac\u00f3\u00a0 por una gran participaci\u00f3n de trabajos ya que se inscribieron 477 cuentos, de los cuales 463 cumplieron los requisitos y se otorgaron dos menciones honor\u00edficas a las obras \u201cEl pr\u00edncipe del silencio\u201d de Alonzo Humberto Marn\u00ed Ram\u00edrez y \u201cNaufragio en Metr\u00f3polis\u201d de Esteban Gof Peniche, ambos yucatecos radicados en la ciudad de M\u00e9xico.<\/p>\n<p style=\"text-align: justify;\">En la presentaci\u00f3n estuvieron tambi\u00e9n presentes la Mtra. Rosely Quijano Le\u00f3n, Jefa del Departamento de Fomento Literario y Promoci\u00f3n Editorial de la Sedeculta, Lic. Josu\u00e9 Moreles Echeverr\u00eda, Coordinador del Centro Cultural Jos\u00e9 Mart\u00ed, y\u00a0 Luis Sol\u00eds V\u00e1zquez, director de la Biblioteca P\u00fablica \u201cManuel Cepeda Peraza\u201d.<\/p>\n","protected":false},"excerpt":{"rendered":"<p>El ganador o la ganadora recibir\u00e1 un premio de $50,000.00.<\/p>\n","protected":false},"author":6,"featured_media":87608,"comment_status":"open","ping_status":"closed","sticky":false,"template":"","format":"standard","meta":{"footnotes":""},"categories":[3],"tags":[15780,15779],"class_list":["post-87607","post","type-post","status-publish","format-standard","has-post-thumbnail","hentry","category-cultura","tag-beatriz-espejo","tag-premio-nacional-de-cuento"],"yoast_head":"<!-- This site is optimized with the Yoast SEO plugin v28.4 - https:\/\/yoast.com\/product\/yoast-seo-wordpress\/ -->\n<title>Abre la convocatoria del Premio Nacional de Cuento \u201cBeatriz Espejo\u201d<\/title>\n<meta name=\"description\" content=\"El ganador o la ganadora recibir\u00e1 un premio de $50,000.00.\" \/>\n<meta name=\"robots\" content=\"index, follow, max-snippet:-1, max-image-preview:large, max-video-preview:-1\" \/>\n<link rel=\"canonical\" href=\"https:\/\/reporteroshoy.mx\/noticias\/abre-la-convocatoria-del-premio-nacional-de-cuento-beatriz-espejo\/\" \/>\n<meta property=\"og:locale\" content=\"es_ES\" \/>\n<meta property=\"og:type\" content=\"article\" \/>\n<meta property=\"og:title\" content=\"Abre la convocatoria del Premio Nacional de Cuento \u201cBeatriz Espejo\u201d\" \/>\n<meta property=\"og:description\" content=\"El ganador o la ganadora recibir\u00e1 un premio de $50,000.00.\" \/>\n<meta property=\"og:url\" content=\"https:\/\/reporteroshoy.mx\/noticias\/abre-la-convocatoria-del-premio-nacional-de-cuento-beatriz-espejo\/\" \/>\n<meta property=\"og:site_name\" content=\"Reporteros Hoy | Noticias de Yucat\u00e1n\" \/>\n<meta property=\"article:publisher\" content=\"http:\/\/www.facebook.com\/reporteroshoymx\" \/>\n<meta property=\"article:published_time\" content=\"2022-06-13T22:34:53+00:00\" \/>\n<meta property=\"article:modified_time\" content=\"2022-06-13T22:36:38+00:00\" \/>\n<meta property=\"og:image\" content=\"https:\/\/reporteroshoy.mx\/noticias\/wp-content\/uploads\/2022\/06\/Premio-Beatriz-Espejo-6-scaled.jpg\" \/>\n\t<meta property=\"og:image:width\" content=\"768\" \/>\n\t<meta property=\"og:image:height\" content=\"512\" \/>\n\t<meta property=\"og:image:type\" content=\"image\/jpeg\" \/>\n<meta name=\"author\" content=\"Reporteros Hoy GS\" \/>\n<meta name=\"twitter:card\" content=\"summary_large_image\" \/>\n<meta name=\"twitter:creator\" content=\"@reporteroshoy\" \/>\n<meta name=\"twitter:site\" content=\"@reporteroshoy\" \/>\n<meta name=\"twitter:label1\" content=\"Escrito por\" \/>\n\t<meta name=\"twitter:data1\" content=\"Reporteros Hoy GS\" \/>\n\t<meta name=\"twitter:label2\" content=\"Tiempo de lectura\" \/>\n\t<meta name=\"twitter:data2\" content=\"3 minutos\" \/>\n<script type=\"application\/ld+json\" class=\"yoast-schema-graph\">{\"@context\":\"https:\\\/\\\/schema.org\",\"@graph\":[{\"@type\":\"Article\",\"@id\":\"https:\\\/\\\/reporteroshoy.mx\\\/noticias\\\/abre-la-convocatoria-del-premio-nacional-de-cuento-beatriz-espejo\\\/#article\",\"isPartOf\":{\"@id\":\"https:\\\/\\\/reporteroshoy.mx\\\/noticias\\\/abre-la-convocatoria-del-premio-nacional-de-cuento-beatriz-espejo\\\/\"},\"author\":{\"name\":\"Reporteros Hoy GS\",\"@id\":\"https:\\\/\\\/reporteroshoy.mx\\\/noticias\\\/#\\\/schema\\\/person\\\/49ae631fc906b44554e4ba3866c505d7\"},\"headline\":\"Abre la convocatoria del Premio Nacional de Cuento \u201cBeatriz Espejo\u201d\",\"datePublished\":\"2022-06-13T22:34:53+00:00\",\"dateModified\":\"2022-06-13T22:36:38+00:00\",\"mainEntityOfPage\":{\"@id\":\"https:\\\/\\\/reporteroshoy.mx\\\/noticias\\\/abre-la-convocatoria-del-premio-nacional-de-cuento-beatriz-espejo\\\/\"},\"wordCount\":587,\"commentCount\":0,\"image\":{\"@id\":\"https:\\\/\\\/reporteroshoy.mx\\\/noticias\\\/abre-la-convocatoria-del-premio-nacional-de-cuento-beatriz-espejo\\\/#primaryimage\"},\"thumbnailUrl\":\"https:\\\/\\\/reporteroshoy.mx\\\/noticias\\\/wp-content\\\/uploads\\\/2022\\\/06\\\/Premio-Beatriz-Espejo-6-scaled.jpg\",\"keywords\":[\"Beatriz Espejo\",\"Premio Nacional de Cuento\"],\"articleSection\":[\"Cultura\"],\"inLanguage\":\"es\",\"potentialAction\":[{\"@type\":\"CommentAction\",\"name\":\"Comment\",\"target\":[\"https:\\\/\\\/reporteroshoy.mx\\\/noticias\\\/abre-la-convocatoria-del-premio-nacional-de-cuento-beatriz-espejo\\\/#respond\"]}]},{\"@type\":\"WebPage\",\"@id\":\"https:\\\/\\\/reporteroshoy.mx\\\/noticias\\\/abre-la-convocatoria-del-premio-nacional-de-cuento-beatriz-espejo\\\/\",\"url\":\"https:\\\/\\\/reporteroshoy.mx\\\/noticias\\\/abre-la-convocatoria-del-premio-nacional-de-cuento-beatriz-espejo\\\/\",\"name\":\"Abre la convocatoria del Premio Nacional de Cuento \u201cBeatriz Espejo\u201d\",\"isPartOf\":{\"@id\":\"https:\\\/\\\/reporteroshoy.mx\\\/noticias\\\/#website\"},\"primaryImageOfPage\":{\"@id\":\"https:\\\/\\\/reporteroshoy.mx\\\/noticias\\\/abre-la-convocatoria-del-premio-nacional-de-cuento-beatriz-espejo\\\/#primaryimage\"},\"image\":{\"@id\":\"https:\\\/\\\/reporteroshoy.mx\\\/noticias\\\/abre-la-convocatoria-del-premio-nacional-de-cuento-beatriz-espejo\\\/#primaryimage\"},\"thumbnailUrl\":\"https:\\\/\\\/reporteroshoy.mx\\\/noticias\\\/wp-content\\\/uploads\\\/2022\\\/06\\\/Premio-Beatriz-Espejo-6-scaled.jpg\",\"datePublished\":\"2022-06-13T22:34:53+00:00\",\"dateModified\":\"2022-06-13T22:36:38+00:00\",\"author\":{\"@id\":\"https:\\\/\\\/reporteroshoy.mx\\\/noticias\\\/#\\\/schema\\\/person\\\/49ae631fc906b44554e4ba3866c505d7\"},\"description\":\"El ganador o la ganadora recibir\u00e1 un premio de $50,000.00.\",\"breadcrumb\":{\"@id\":\"https:\\\/\\\/reporteroshoy.mx\\\/noticias\\\/abre-la-convocatoria-del-premio-nacional-de-cuento-beatriz-espejo\\\/#breadcrumb\"},\"inLanguage\":\"es\",\"potentialAction\":[{\"@type\":\"ReadAction\",\"target\":[\"https:\\\/\\\/reporteroshoy.mx\\\/noticias\\\/abre-la-convocatoria-del-premio-nacional-de-cuento-beatriz-espejo\\\/\"]}]},{\"@type\":\"ImageObject\",\"inLanguage\":\"es\",\"@id\":\"https:\\\/\\\/reporteroshoy.mx\\\/noticias\\\/abre-la-convocatoria-del-premio-nacional-de-cuento-beatriz-espejo\\\/#primaryimage\",\"url\":\"https:\\\/\\\/reporteroshoy.mx\\\/noticias\\\/wp-content\\\/uploads\\\/2022\\\/06\\\/Premio-Beatriz-Espejo-6-scaled.jpg\",\"contentUrl\":\"https:\\\/\\\/reporteroshoy.mx\\\/noticias\\\/wp-content\\\/uploads\\\/2022\\\/06\\\/Premio-Beatriz-Espejo-6-scaled.jpg\",\"width\":768,\"height\":512},{\"@type\":\"BreadcrumbList\",\"@id\":\"https:\\\/\\\/reporteroshoy.mx\\\/noticias\\\/abre-la-convocatoria-del-premio-nacional-de-cuento-beatriz-espejo\\\/#breadcrumb\",\"itemListElement\":[{\"@type\":\"ListItem\",\"position\":1,\"name\":\"Portada\",\"item\":\"https:\\\/\\\/reporteroshoy.mx\\\/noticias\\\/\"},{\"@type\":\"ListItem\",\"position\":2,\"name\":\"Abre la convocatoria del Premio Nacional de Cuento \u201cBeatriz Espejo\u201d\"}]},{\"@type\":\"WebSite\",\"@id\":\"https:\\\/\\\/reporteroshoy.mx\\\/noticias\\\/#website\",\"url\":\"https:\\\/\\\/reporteroshoy.mx\\\/noticias\\\/\",\"name\":\"Reporteros Hoy | Noticias de Yucat\u00e1n\",\"description\":\"Peri\u00f3dico digital con noticias diarias desde M\u00e9rida, Yucat\u00e1n para el mundo.\",\"potentialAction\":[{\"@type\":\"SearchAction\",\"target\":{\"@type\":\"EntryPoint\",\"urlTemplate\":\"https:\\\/\\\/reporteroshoy.mx\\\/noticias\\\/?s={search_term_string}\"},\"query-input\":{\"@type\":\"PropertyValueSpecification\",\"valueRequired\":true,\"valueName\":\"search_term_string\"}}],\"inLanguage\":\"es\"},{\"@type\":\"Person\",\"@id\":\"https:\\\/\\\/reporteroshoy.mx\\\/noticias\\\/#\\\/schema\\\/person\\\/49ae631fc906b44554e4ba3866c505d7\",\"name\":\"Reporteros Hoy GS\",\"image\":{\"@type\":\"ImageObject\",\"inLanguage\":\"es\",\"@id\":\"https:\\\/\\\/secure.gravatar.com\\\/avatar\\\/00d32adb620345c3db2cfc175917f65c584e1e338fdc49ad126aa1f9830eb6a9?s=96&d=mm&r=g\",\"url\":\"https:\\\/\\\/secure.gravatar.com\\\/avatar\\\/00d32adb620345c3db2cfc175917f65c584e1e338fdc49ad126aa1f9830eb6a9?s=96&d=mm&r=g\",\"contentUrl\":\"https:\\\/\\\/secure.gravatar.com\\\/avatar\\\/00d32adb620345c3db2cfc175917f65c584e1e338fdc49ad126aa1f9830eb6a9?s=96&d=mm&r=g\",\"caption\":\"Reporteros Hoy GS\"},\"url\":\"https:\\\/\\\/reporteroshoy.mx\\\/noticias\\\/author\\\/lupis\\\/\"}]}<\/script>\n<!-- \/ Yoast SEO plugin. -->","yoast_head_json":{"title":"Abre la convocatoria del Premio Nacional de Cuento \u201cBeatriz Espejo\u201d","description":"El ganador o la ganadora recibir\u00e1 un premio de $50,000.00.","robots":{"index":"index","follow":"follow","max-snippet":"max-snippet:-1","max-image-preview":"max-image-preview:large","max-video-preview":"max-video-preview:-1"},"canonical":"https:\/\/reporteroshoy.mx\/noticias\/abre-la-convocatoria-del-premio-nacional-de-cuento-beatriz-espejo\/","og_locale":"es_ES","og_type":"article","og_title":"Abre la convocatoria del Premio Nacional de Cuento \u201cBeatriz Espejo\u201d","og_description":"El ganador o la ganadora recibir\u00e1 un premio de $50,000.00.","og_url":"https:\/\/reporteroshoy.mx\/noticias\/abre-la-convocatoria-del-premio-nacional-de-cuento-beatriz-espejo\/","og_site_name":"Reporteros Hoy | Noticias de Yucat\u00e1n","article_publisher":"http:\/\/www.facebook.com\/reporteroshoymx","article_published_time":"2022-06-13T22:34:53+00:00","article_modified_time":"2022-06-13T22:36:38+00:00","og_image":[{"width":768,"height":512,"url":"https:\/\/reporteroshoy.mx\/noticias\/wp-content\/uploads\/2022\/06\/Premio-Beatriz-Espejo-6-scaled.jpg","type":"image\/jpeg"}],"author":"Reporteros Hoy GS","twitter_card":"summary_large_image","twitter_creator":"@reporteroshoy","twitter_site":"@reporteroshoy","twitter_misc":{"Escrito por":"Reporteros Hoy GS","Tiempo de lectura":"3 minutos"},"schema":{"@context":"https:\/\/schema.org","@graph":[{"@type":"Article","@id":"https:\/\/reporteroshoy.mx\/noticias\/abre-la-convocatoria-del-premio-nacional-de-cuento-beatriz-espejo\/#article","isPartOf":{"@id":"https:\/\/reporteroshoy.mx\/noticias\/abre-la-convocatoria-del-premio-nacional-de-cuento-beatriz-espejo\/"},"author":{"name":"Reporteros Hoy GS","@id":"https:\/\/reporteroshoy.mx\/noticias\/#\/schema\/person\/49ae631fc906b44554e4ba3866c505d7"},"headline":"Abre la convocatoria del Premio Nacional de Cuento \u201cBeatriz Espejo\u201d","datePublished":"2022-06-13T22:34:53+00:00","dateModified":"2022-06-13T22:36:38+00:00","mainEntityOfPage":{"@id":"https:\/\/reporteroshoy.mx\/noticias\/abre-la-convocatoria-del-premio-nacional-de-cuento-beatriz-espejo\/"},"wordCount":587,"commentCount":0,"image":{"@id":"https:\/\/reporteroshoy.mx\/noticias\/abre-la-convocatoria-del-premio-nacional-de-cuento-beatriz-espejo\/#primaryimage"},"thumbnailUrl":"https:\/\/reporteroshoy.mx\/noticias\/wp-content\/uploads\/2022\/06\/Premio-Beatriz-Espejo-6-scaled.jpg","keywords":["Beatriz Espejo","Premio Nacional de Cuento"],"articleSection":["Cultura"],"inLanguage":"es","potentialAction":[{"@type":"CommentAction","name":"Comment","target":["https:\/\/reporteroshoy.mx\/noticias\/abre-la-convocatoria-del-premio-nacional-de-cuento-beatriz-espejo\/#respond"]}]},{"@type":"WebPage","@id":"https:\/\/reporteroshoy.mx\/noticias\/abre-la-convocatoria-del-premio-nacional-de-cuento-beatriz-espejo\/","url":"https:\/\/reporteroshoy.mx\/noticias\/abre-la-convocatoria-del-premio-nacional-de-cuento-beatriz-espejo\/","name":"Abre la convocatoria del Premio Nacional de Cuento \u201cBeatriz Espejo\u201d","isPartOf":{"@id":"https:\/\/reporteroshoy.mx\/noticias\/#website"},"primaryImageOfPage":{"@id":"https:\/\/reporteroshoy.mx\/noticias\/abre-la-convocatoria-del-premio-nacional-de-cuento-beatriz-espejo\/#primaryimage"},"image":{"@id":"https:\/\/reporteroshoy.mx\/noticias\/abre-la-convocatoria-del-premio-nacional-de-cuento-beatriz-espejo\/#primaryimage"},"thumbnailUrl":"https:\/\/reporteroshoy.mx\/noticias\/wp-content\/uploads\/2022\/06\/Premio-Beatriz-Espejo-6-scaled.jpg","datePublished":"2022-06-13T22:34:53+00:00","dateModified":"2022-06-13T22:36:38+00:00","author":{"@id":"https:\/\/reporteroshoy.mx\/noticias\/#\/schema\/person\/49ae631fc906b44554e4ba3866c505d7"},"description":"El ganador o la ganadora recibir\u00e1 un premio de $50,000.00.","breadcrumb":{"@id":"https:\/\/reporteroshoy.mx\/noticias\/abre-la-convocatoria-del-premio-nacional-de-cuento-beatriz-espejo\/#breadcrumb"},"inLanguage":"es","potentialAction":[{"@type":"ReadAction","target":["https:\/\/reporteroshoy.mx\/noticias\/abre-la-convocatoria-del-premio-nacional-de-cuento-beatriz-espejo\/"]}]},{"@type":"ImageObject","inLanguage":"es","@id":"https:\/\/reporteroshoy.mx\/noticias\/abre-la-convocatoria-del-premio-nacional-de-cuento-beatriz-espejo\/#primaryimage","url":"https:\/\/reporteroshoy.mx\/noticias\/wp-content\/uploads\/2022\/06\/Premio-Beatriz-Espejo-6-scaled.jpg","contentUrl":"https:\/\/reporteroshoy.mx\/noticias\/wp-content\/uploads\/2022\/06\/Premio-Beatriz-Espejo-6-scaled.jpg","width":768,"height":512},{"@type":"BreadcrumbList","@id":"https:\/\/reporteroshoy.mx\/noticias\/abre-la-convocatoria-del-premio-nacional-de-cuento-beatriz-espejo\/#breadcrumb","itemListElement":[{"@type":"ListItem","position":1,"name":"Portada","item":"https:\/\/reporteroshoy.mx\/noticias\/"},{"@type":"ListItem","position":2,"name":"Abre la convocatoria del Premio Nacional de Cuento \u201cBeatriz Espejo\u201d"}]},{"@type":"WebSite","@id":"https:\/\/reporteroshoy.mx\/noticias\/#website","url":"https:\/\/reporteroshoy.mx\/noticias\/","name":"Reporteros Hoy | Noticias de Yucat\u00e1n","description":"Peri\u00f3dico digital con noticias diarias desde M\u00e9rida, Yucat\u00e1n para el mundo.","potentialAction":[{"@type":"SearchAction","target":{"@type":"EntryPoint","urlTemplate":"https:\/\/reporteroshoy.mx\/noticias\/?s={search_term_string}"},"query-input":{"@type":"PropertyValueSpecification","valueRequired":true,"valueName":"search_term_string"}}],"inLanguage":"es"},{"@type":"Person","@id":"https:\/\/reporteroshoy.mx\/noticias\/#\/schema\/person\/49ae631fc906b44554e4ba3866c505d7","name":"Reporteros Hoy GS","image":{"@type":"ImageObject","inLanguage":"es","@id":"https:\/\/secure.gravatar.com\/avatar\/00d32adb620345c3db2cfc175917f65c584e1e338fdc49ad126aa1f9830eb6a9?s=96&d=mm&r=g","url":"https:\/\/secure.gravatar.com\/avatar\/00d32adb620345c3db2cfc175917f65c584e1e338fdc49ad126aa1f9830eb6a9?s=96&d=mm&r=g","contentUrl":"https:\/\/secure.gravatar.com\/avatar\/00d32adb620345c3db2cfc175917f65c584e1e338fdc49ad126aa1f9830eb6a9?s=96&d=mm&r=g","caption":"Reporteros Hoy GS"},"url":"https:\/\/reporteroshoy.mx\/noticias\/author\/lupis\/"}]}},"_links":{"self":[{"href":"https:\/\/reporteroshoy.mx\/noticias\/wp-json\/wp\/v2\/posts\/87607","targetHints":{"allow":["GET"]}}],"collection":[{"href":"https:\/\/reporteroshoy.mx\/noticias\/wp-json\/wp\/v2\/posts"}],"about":[{"href":"https:\/\/reporteroshoy.mx\/noticias\/wp-json\/wp\/v2\/types\/post"}],"author":[{"embeddable":true,"href":"https:\/\/reporteroshoy.mx\/noticias\/wp-json\/wp\/v2\/users\/6"}],"replies":[{"embeddable":true,"href":"https:\/\/reporteroshoy.mx\/noticias\/wp-json\/wp\/v2\/comments?post=87607"}],"version-history":[{"count":0,"href":"https:\/\/reporteroshoy.mx\/noticias\/wp-json\/wp\/v2\/posts\/87607\/revisions"}],"wp:featuredmedia":[{"embeddable":true,"href":"https:\/\/reporteroshoy.mx\/noticias\/wp-json\/wp\/v2\/media\/87608"}],"wp:attachment":[{"href":"https:\/\/reporteroshoy.mx\/noticias\/wp-json\/wp\/v2\/media?parent=87607"}],"wp:term":[{"taxonomy":"category","embeddable":true,"href":"https:\/\/reporteroshoy.mx\/noticias\/wp-json\/wp\/v2\/categories?post=87607"},{"taxonomy":"post_tag","embeddable":true,"href":"https:\/\/reporteroshoy.mx\/noticias\/wp-json\/wp\/v2\/tags?post=87607"}],"curies":[{"name":"wp","href":"https:\/\/api.w.org\/{rel}","templated":true}]}}