{"id":88117,"date":"2022-06-23T10:59:49","date_gmt":"2022-06-23T15:59:49","guid":{"rendered":"https:\/\/reporteroshoy.mx\/noticias\/?p=88117"},"modified":"2022-06-23T10:59:49","modified_gmt":"2022-06-23T15:59:49","slug":"sale-mexico-del-top-10-del-ranking-mundial-de-fifa","status":"publish","type":"post","link":"https:\/\/reporteroshoy.mx\/noticias\/sale-mexico-del-top-10-del-ranking-mundial-de-fifa\/","title":{"rendered":"Sale M\u00e9xico del \u2018Top 10\u2019 del ranking mundial de FIFA"},"content":{"rendered":"<p style=\"text-align: justify;\">Ciudad de M\u00e9xico; 23 de junio de 2022 (Exc\u00e9lsior).- La selecci\u00f3n de M\u00e9xico\u00a0sali\u00f3 del \u2018Top 10\u2019 del ranking mundial de\u00a0FIFA, al caer tres posiciones y situarse ahora en el\u00a0sitio 12\u00a0a cinco meses del\u00a0Mundial Qatar 2022.<\/p>\n<p style=\"text-align: justify;\">En el mes pasado, el Tricolor ten\u00eda 1658.82 puntos y para el \u00faltimo periodo retrocedi\u00f3 9.25 unidades.<\/p>\n<p style=\"text-align: justify;\">Los dirigidos por Gerardo Martino comenzaron el a\u00f1o en el sitio 12 (febrero), un mes despu\u00e9s entraron a zona de \u201cprivilegio\u201d al situarse en la novena posici\u00f3n.<\/p>\n<p style=\"text-align: justify;\">Por su parte,\u00a0Brasil\u00a0(1837.56 ptos) revalid\u00f3 la posici\u00f3n de honor y ampli\u00f3 su ventaja sobre\u00a0B\u00e9lgica\u00a0(1821.92), quienes hab\u00edan dominado la clasificaci\u00f3n entre octubre de 2018 y marzo de 2022.<\/p>\n<p><img loading=\"lazy\" decoding=\"async\" class=\"wp-image-88118 aligncenter\" src=\"https:\/\/reporteroshoy.mx\/noticias\/wp-content\/uploads\/2022\/06\/Seleccion-mexicana.jpg\" alt=\"\" width=\"600\" height=\"337\" \/><\/p>\n<p style=\"text-align: justify;\">Francia\u00a0se cay\u00f3 del podio a la cuarta posici\u00f3n, superada por\u00a0Argentina. La selecci\u00f3n gala acumula cuatro partidos sin ganar en la Liga de Naciones de la UEFA.<\/p>\n<p style=\"text-align: justify;\">La selecci\u00f3n argentina de Lionel Messi, vigente campeona de la Copa Am\u00e9rica y victoriosa en junio en la \u00abFinalissima\u00bb contra\u00a0Italia, campeona de Europa (3-0), salta al tercer escal\u00f3n del podio con 1770.65 puntos.<\/p>\n<h4 style=\"text-align: justify;\"><strong>AS\u00cd VA LA CLASIFICACI\u00d3N DE FIFA:<\/strong><\/h4>\n<p style=\"text-align: justify;\"><strong>1.<\/strong>\u00a0Brasil \u2013 1837.56 puntos.<\/p>\n<p style=\"text-align: justify;\"><strong>2.<\/strong>\u00a0B\u00e9lgica \u2013 1821.92.<\/p>\n<p style=\"text-align: justify;\"><strong>3.<\/strong>\u00a0Argentina \u2013 1770.65.<\/p>\n<p style=\"text-align: justify;\"><strong>4.<\/strong>\u00a0Francia \u2013 1764.85.<\/p>\n<p style=\"text-align: justify;\"><strong>5.<\/strong>\u00a0Inglaterra \u2013 1737.46.<\/p>\n<p style=\"text-align: justify;\"><strong>6.<\/strong>\u00a0Espa\u00f1a \u2013 1716.93.<\/p>\n<p style=\"text-align: justify;\"><strong>7.<\/strong>\u00a0Italia \u2013 1713.86.<\/p>\n<p style=\"text-align: justify;\"><strong>8.<\/strong>\u00a0Holanda \u2013 1679.41.<\/p>\n<p style=\"text-align: justify;\"><strong>9.<\/strong>\u00a0Portugal \u2013 1678.65.<\/p>\n<p style=\"text-align: justify;\"><strong>10.<\/strong>\u00a0Dinamarca \u2013 1665.47.<\/p>\n<p style=\"text-align: justify;\"><strong>11.<\/strong>\u00a0Alemania \u2013 1658.96.<\/p>\n<p style=\"text-align: justify;\"><strong>12. M\u00e9xico \u2013 1649.57.<\/strong><\/p>\n<p style=\"text-align: justify;\"><strong>13.<\/strong>\u00a0Uruguay \u2013 1643.71.<\/p>\n<p style=\"text-align: justify;\"><strong>14.<\/strong>\u00a0EU \u2013 1635.01.<\/p>\n<p style=\"text-align: justify;\"><strong>15.<\/strong>\u00a0Croacia \u2013 1632.15.<\/p>\n","protected":false},"excerpt":{"rendered":"<p>El Tricolor cae tres puestos en la clasificaci\u00f3n, mientras que Brasil ampli\u00f3 su distancia sobre B\u00e9lgica.<\/p>\n","protected":false},"author":9,"featured_media":88118,"comment_status":"open","ping_status":"closed","sticky":false,"template":"","format":"standard","meta":{"footnotes":""},"categories":[4],"tags":[731,1307],"class_list":["post-88117","post","type-post","status-publish","format-standard","has-post-thumbnail","hentry","category-deportes","tag-fifa","tag-seleccion-mexicana"],"yoast_head":"<!-- This site is optimized with the Yoast SEO plugin v28.4 - https:\/\/yoast.com\/product\/yoast-seo-wordpress\/ -->\n<title>Sale M\u00e9xico del \u2018Top 10\u2019 del ranking mundial de FIFA<\/title>\n<meta name=\"description\" content=\"El Tricolor cae tres puestos en la clasificaci\u00f3n, mientras que Brasil ampli\u00f3 su distancia sobre B\u00e9lgica.\" \/>\n<meta name=\"robots\" content=\"index, follow, max-snippet:-1, max-image-preview:large, max-video-preview:-1\" \/>\n<link rel=\"canonical\" href=\"https:\/\/reporteroshoy.mx\/noticias\/sale-mexico-del-top-10-del-ranking-mundial-de-fifa\/\" \/>\n<meta property=\"og:locale\" content=\"es_ES\" \/>\n<meta property=\"og:type\" content=\"article\" \/>\n<meta property=\"og:title\" content=\"Sale M\u00e9xico del \u2018Top 10\u2019 del ranking mundial de FIFA\" \/>\n<meta property=\"og:description\" content=\"El Tricolor cae tres puestos en la clasificaci\u00f3n, mientras que Brasil ampli\u00f3 su distancia sobre B\u00e9lgica.\" \/>\n<meta property=\"og:url\" content=\"https:\/\/reporteroshoy.mx\/noticias\/sale-mexico-del-top-10-del-ranking-mundial-de-fifa\/\" \/>\n<meta property=\"og:site_name\" content=\"Reporteros Hoy | Noticias de Yucat\u00e1n\" \/>\n<meta property=\"article:publisher\" content=\"http:\/\/www.facebook.com\/reporteroshoymx\" \/>\n<meta property=\"article:published_time\" content=\"2022-06-23T15:59:49+00:00\" \/>\n<meta property=\"og:image\" content=\"https:\/\/reporteroshoy.mx\/noticias\/wp-content\/uploads\/2022\/06\/Seleccion-mexicana.jpg\" \/>\n\t<meta property=\"og:image:width\" content=\"768\" \/>\n\t<meta property=\"og:image:height\" content=\"431\" \/>\n\t<meta property=\"og:image:type\" content=\"image\/jpeg\" \/>\n<meta name=\"author\" content=\"Reporteros Hoy WP\" \/>\n<meta name=\"twitter:card\" content=\"summary_large_image\" \/>\n<meta name=\"twitter:creator\" content=\"@reporteroshoy\" \/>\n<meta name=\"twitter:site\" content=\"@reporteroshoy\" \/>\n<meta name=\"twitter:label1\" content=\"Escrito por\" \/>\n\t<meta name=\"twitter:data1\" content=\"Reporteros Hoy WP\" \/>\n\t<meta name=\"twitter:label2\" content=\"Tiempo de lectura\" \/>\n\t<meta name=\"twitter:data2\" content=\"2 minutos\" \/>\n<script type=\"application\/ld+json\" class=\"yoast-schema-graph\">{\"@context\":\"https:\\\/\\\/schema.org\",\"@graph\":[{\"@type\":\"Article\",\"@id\":\"https:\\\/\\\/reporteroshoy.mx\\\/noticias\\\/sale-mexico-del-top-10-del-ranking-mundial-de-fifa\\\/#article\",\"isPartOf\":{\"@id\":\"https:\\\/\\\/reporteroshoy.mx\\\/noticias\\\/sale-mexico-del-top-10-del-ranking-mundial-de-fifa\\\/\"},\"author\":{\"name\":\"Reporteros Hoy WP\",\"@id\":\"https:\\\/\\\/reporteroshoy.mx\\\/noticias\\\/#\\\/schema\\\/person\\\/c977527e57c958a62c5cefe8fe47876e\"},\"headline\":\"Sale M\u00e9xico del \u2018Top 10\u2019 del ranking mundial de FIFA\",\"datePublished\":\"2022-06-23T15:59:49+00:00\",\"mainEntityOfPage\":{\"@id\":\"https:\\\/\\\/reporteroshoy.mx\\\/noticias\\\/sale-mexico-del-top-10-del-ranking-mundial-de-fifa\\\/\"},\"wordCount\":218,\"commentCount\":0,\"image\":{\"@id\":\"https:\\\/\\\/reporteroshoy.mx\\\/noticias\\\/sale-mexico-del-top-10-del-ranking-mundial-de-fifa\\\/#primaryimage\"},\"thumbnailUrl\":\"https:\\\/\\\/reporteroshoy.mx\\\/noticias\\\/wp-content\\\/uploads\\\/2022\\\/06\\\/Seleccion-mexicana.jpg\",\"keywords\":[\"FIFA\",\"Selecci\u00f3n Mexicana\"],\"articleSection\":[\"Deportes\"],\"inLanguage\":\"es\",\"potentialAction\":[{\"@type\":\"CommentAction\",\"name\":\"Comment\",\"target\":[\"https:\\\/\\\/reporteroshoy.mx\\\/noticias\\\/sale-mexico-del-top-10-del-ranking-mundial-de-fifa\\\/#respond\"]}]},{\"@type\":\"WebPage\",\"@id\":\"https:\\\/\\\/reporteroshoy.mx\\\/noticias\\\/sale-mexico-del-top-10-del-ranking-mundial-de-fifa\\\/\",\"url\":\"https:\\\/\\\/reporteroshoy.mx\\\/noticias\\\/sale-mexico-del-top-10-del-ranking-mundial-de-fifa\\\/\",\"name\":\"Sale M\u00e9xico del \u2018Top 10\u2019 del ranking mundial de FIFA\",\"isPartOf\":{\"@id\":\"https:\\\/\\\/reporteroshoy.mx\\\/noticias\\\/#website\"},\"primaryImageOfPage\":{\"@id\":\"https:\\\/\\\/reporteroshoy.mx\\\/noticias\\\/sale-mexico-del-top-10-del-ranking-mundial-de-fifa\\\/#primaryimage\"},\"image\":{\"@id\":\"https:\\\/\\\/reporteroshoy.mx\\\/noticias\\\/sale-mexico-del-top-10-del-ranking-mundial-de-fifa\\\/#primaryimage\"},\"thumbnailUrl\":\"https:\\\/\\\/reporteroshoy.mx\\\/noticias\\\/wp-content\\\/uploads\\\/2022\\\/06\\\/Seleccion-mexicana.jpg\",\"datePublished\":\"2022-06-23T15:59:49+00:00\",\"author\":{\"@id\":\"https:\\\/\\\/reporteroshoy.mx\\\/noticias\\\/#\\\/schema\\\/person\\\/c977527e57c958a62c5cefe8fe47876e\"},\"description\":\"El Tricolor cae tres puestos en la clasificaci\u00f3n, mientras que Brasil ampli\u00f3 su distancia sobre B\u00e9lgica.\",\"breadcrumb\":{\"@id\":\"https:\\\/\\\/reporteroshoy.mx\\\/noticias\\\/sale-mexico-del-top-10-del-ranking-mundial-de-fifa\\\/#breadcrumb\"},\"inLanguage\":\"es\",\"potentialAction\":[{\"@type\":\"ReadAction\",\"target\":[\"https:\\\/\\\/reporteroshoy.mx\\\/noticias\\\/sale-mexico-del-top-10-del-ranking-mundial-de-fifa\\\/\"]}]},{\"@type\":\"ImageObject\",\"inLanguage\":\"es\",\"@id\":\"https:\\\/\\\/reporteroshoy.mx\\\/noticias\\\/sale-mexico-del-top-10-del-ranking-mundial-de-fifa\\\/#primaryimage\",\"url\":\"https:\\\/\\\/reporteroshoy.mx\\\/noticias\\\/wp-content\\\/uploads\\\/2022\\\/06\\\/Seleccion-mexicana.jpg\",\"contentUrl\":\"https:\\\/\\\/reporteroshoy.mx\\\/noticias\\\/wp-content\\\/uploads\\\/2022\\\/06\\\/Seleccion-mexicana.jpg\",\"width\":768,\"height\":431},{\"@type\":\"BreadcrumbList\",\"@id\":\"https:\\\/\\\/reporteroshoy.mx\\\/noticias\\\/sale-mexico-del-top-10-del-ranking-mundial-de-fifa\\\/#breadcrumb\",\"itemListElement\":[{\"@type\":\"ListItem\",\"position\":1,\"name\":\"Portada\",\"item\":\"https:\\\/\\\/reporteroshoy.mx\\\/noticias\\\/\"},{\"@type\":\"ListItem\",\"position\":2,\"name\":\"Sale M\u00e9xico del \u2018Top 10\u2019 del ranking mundial de FIFA\"}]},{\"@type\":\"WebSite\",\"@id\":\"https:\\\/\\\/reporteroshoy.mx\\\/noticias\\\/#website\",\"url\":\"https:\\\/\\\/reporteroshoy.mx\\\/noticias\\\/\",\"name\":\"Reporteros Hoy | Noticias de Yucat\u00e1n\",\"description\":\"Peri\u00f3dico digital con noticias diarias desde M\u00e9rida, Yucat\u00e1n para el mundo.\",\"potentialAction\":[{\"@type\":\"SearchAction\",\"target\":{\"@type\":\"EntryPoint\",\"urlTemplate\":\"https:\\\/\\\/reporteroshoy.mx\\\/noticias\\\/?s={search_term_string}\"},\"query-input\":{\"@type\":\"PropertyValueSpecification\",\"valueRequired\":true,\"valueName\":\"search_term_string\"}}],\"inLanguage\":\"es\"},{\"@type\":\"Person\",\"@id\":\"https:\\\/\\\/reporteroshoy.mx\\\/noticias\\\/#\\\/schema\\\/person\\\/c977527e57c958a62c5cefe8fe47876e\",\"name\":\"Reporteros Hoy WP\",\"image\":{\"@type\":\"ImageObject\",\"inLanguage\":\"es\",\"@id\":\"https:\\\/\\\/secure.gravatar.com\\\/avatar\\\/fd2917f79a7dae30f8ac9ddc2f35e1756bb59e25e01d1cd09deaa64df7b2f73e?s=96&d=mm&r=g\",\"url\":\"https:\\\/\\\/secure.gravatar.com\\\/avatar\\\/fd2917f79a7dae30f8ac9ddc2f35e1756bb59e25e01d1cd09deaa64df7b2f73e?s=96&d=mm&r=g\",\"contentUrl\":\"https:\\\/\\\/secure.gravatar.com\\\/avatar\\\/fd2917f79a7dae30f8ac9ddc2f35e1756bb59e25e01d1cd09deaa64df7b2f73e?s=96&d=mm&r=g\",\"caption\":\"Reporteros Hoy WP\"},\"url\":\"https:\\\/\\\/reporteroshoy.mx\\\/noticias\\\/author\\\/walfer\\\/\"}]}<\/script>\n<!-- \/ Yoast SEO plugin. -->","yoast_head_json":{"title":"Sale M\u00e9xico del \u2018Top 10\u2019 del ranking mundial de FIFA","description":"El Tricolor cae tres puestos en la clasificaci\u00f3n, mientras que Brasil ampli\u00f3 su distancia sobre B\u00e9lgica.","robots":{"index":"index","follow":"follow","max-snippet":"max-snippet:-1","max-image-preview":"max-image-preview:large","max-video-preview":"max-video-preview:-1"},"canonical":"https:\/\/reporteroshoy.mx\/noticias\/sale-mexico-del-top-10-del-ranking-mundial-de-fifa\/","og_locale":"es_ES","og_type":"article","og_title":"Sale M\u00e9xico del \u2018Top 10\u2019 del ranking mundial de FIFA","og_description":"El Tricolor cae tres puestos en la clasificaci\u00f3n, mientras que Brasil ampli\u00f3 su distancia sobre B\u00e9lgica.","og_url":"https:\/\/reporteroshoy.mx\/noticias\/sale-mexico-del-top-10-del-ranking-mundial-de-fifa\/","og_site_name":"Reporteros Hoy | Noticias de Yucat\u00e1n","article_publisher":"http:\/\/www.facebook.com\/reporteroshoymx","article_published_time":"2022-06-23T15:59:49+00:00","og_image":[{"width":768,"height":431,"url":"https:\/\/reporteroshoy.mx\/noticias\/wp-content\/uploads\/2022\/06\/Seleccion-mexicana.jpg","type":"image\/jpeg"}],"author":"Reporteros Hoy WP","twitter_card":"summary_large_image","twitter_creator":"@reporteroshoy","twitter_site":"@reporteroshoy","twitter_misc":{"Escrito por":"Reporteros Hoy WP","Tiempo de lectura":"2 minutos"},"schema":{"@context":"https:\/\/schema.org","@graph":[{"@type":"Article","@id":"https:\/\/reporteroshoy.mx\/noticias\/sale-mexico-del-top-10-del-ranking-mundial-de-fifa\/#article","isPartOf":{"@id":"https:\/\/reporteroshoy.mx\/noticias\/sale-mexico-del-top-10-del-ranking-mundial-de-fifa\/"},"author":{"name":"Reporteros Hoy WP","@id":"https:\/\/reporteroshoy.mx\/noticias\/#\/schema\/person\/c977527e57c958a62c5cefe8fe47876e"},"headline":"Sale M\u00e9xico del \u2018Top 10\u2019 del ranking mundial de FIFA","datePublished":"2022-06-23T15:59:49+00:00","mainEntityOfPage":{"@id":"https:\/\/reporteroshoy.mx\/noticias\/sale-mexico-del-top-10-del-ranking-mundial-de-fifa\/"},"wordCount":218,"commentCount":0,"image":{"@id":"https:\/\/reporteroshoy.mx\/noticias\/sale-mexico-del-top-10-del-ranking-mundial-de-fifa\/#primaryimage"},"thumbnailUrl":"https:\/\/reporteroshoy.mx\/noticias\/wp-content\/uploads\/2022\/06\/Seleccion-mexicana.jpg","keywords":["FIFA","Selecci\u00f3n Mexicana"],"articleSection":["Deportes"],"inLanguage":"es","potentialAction":[{"@type":"CommentAction","name":"Comment","target":["https:\/\/reporteroshoy.mx\/noticias\/sale-mexico-del-top-10-del-ranking-mundial-de-fifa\/#respond"]}]},{"@type":"WebPage","@id":"https:\/\/reporteroshoy.mx\/noticias\/sale-mexico-del-top-10-del-ranking-mundial-de-fifa\/","url":"https:\/\/reporteroshoy.mx\/noticias\/sale-mexico-del-top-10-del-ranking-mundial-de-fifa\/","name":"Sale M\u00e9xico del \u2018Top 10\u2019 del ranking mundial de FIFA","isPartOf":{"@id":"https:\/\/reporteroshoy.mx\/noticias\/#website"},"primaryImageOfPage":{"@id":"https:\/\/reporteroshoy.mx\/noticias\/sale-mexico-del-top-10-del-ranking-mundial-de-fifa\/#primaryimage"},"image":{"@id":"https:\/\/reporteroshoy.mx\/noticias\/sale-mexico-del-top-10-del-ranking-mundial-de-fifa\/#primaryimage"},"thumbnailUrl":"https:\/\/reporteroshoy.mx\/noticias\/wp-content\/uploads\/2022\/06\/Seleccion-mexicana.jpg","datePublished":"2022-06-23T15:59:49+00:00","author":{"@id":"https:\/\/reporteroshoy.mx\/noticias\/#\/schema\/person\/c977527e57c958a62c5cefe8fe47876e"},"description":"El Tricolor cae tres puestos en la clasificaci\u00f3n, mientras que Brasil ampli\u00f3 su distancia sobre B\u00e9lgica.","breadcrumb":{"@id":"https:\/\/reporteroshoy.mx\/noticias\/sale-mexico-del-top-10-del-ranking-mundial-de-fifa\/#breadcrumb"},"inLanguage":"es","potentialAction":[{"@type":"ReadAction","target":["https:\/\/reporteroshoy.mx\/noticias\/sale-mexico-del-top-10-del-ranking-mundial-de-fifa\/"]}]},{"@type":"ImageObject","inLanguage":"es","@id":"https:\/\/reporteroshoy.mx\/noticias\/sale-mexico-del-top-10-del-ranking-mundial-de-fifa\/#primaryimage","url":"https:\/\/reporteroshoy.mx\/noticias\/wp-content\/uploads\/2022\/06\/Seleccion-mexicana.jpg","contentUrl":"https:\/\/reporteroshoy.mx\/noticias\/wp-content\/uploads\/2022\/06\/Seleccion-mexicana.jpg","width":768,"height":431},{"@type":"BreadcrumbList","@id":"https:\/\/reporteroshoy.mx\/noticias\/sale-mexico-del-top-10-del-ranking-mundial-de-fifa\/#breadcrumb","itemListElement":[{"@type":"ListItem","position":1,"name":"Portada","item":"https:\/\/reporteroshoy.mx\/noticias\/"},{"@type":"ListItem","position":2,"name":"Sale M\u00e9xico del \u2018Top 10\u2019 del ranking mundial de FIFA"}]},{"@type":"WebSite","@id":"https:\/\/reporteroshoy.mx\/noticias\/#website","url":"https:\/\/reporteroshoy.mx\/noticias\/","name":"Reporteros Hoy | Noticias de Yucat\u00e1n","description":"Peri\u00f3dico digital con noticias diarias desde M\u00e9rida, Yucat\u00e1n para el mundo.","potentialAction":[{"@type":"SearchAction","target":{"@type":"EntryPoint","urlTemplate":"https:\/\/reporteroshoy.mx\/noticias\/?s={search_term_string}"},"query-input":{"@type":"PropertyValueSpecification","valueRequired":true,"valueName":"search_term_string"}}],"inLanguage":"es"},{"@type":"Person","@id":"https:\/\/reporteroshoy.mx\/noticias\/#\/schema\/person\/c977527e57c958a62c5cefe8fe47876e","name":"Reporteros Hoy WP","image":{"@type":"ImageObject","inLanguage":"es","@id":"https:\/\/secure.gravatar.com\/avatar\/fd2917f79a7dae30f8ac9ddc2f35e1756bb59e25e01d1cd09deaa64df7b2f73e?s=96&d=mm&r=g","url":"https:\/\/secure.gravatar.com\/avatar\/fd2917f79a7dae30f8ac9ddc2f35e1756bb59e25e01d1cd09deaa64df7b2f73e?s=96&d=mm&r=g","contentUrl":"https:\/\/secure.gravatar.com\/avatar\/fd2917f79a7dae30f8ac9ddc2f35e1756bb59e25e01d1cd09deaa64df7b2f73e?s=96&d=mm&r=g","caption":"Reporteros Hoy WP"},"url":"https:\/\/reporteroshoy.mx\/noticias\/author\/walfer\/"}]}},"_links":{"self":[{"href":"https:\/\/reporteroshoy.mx\/noticias\/wp-json\/wp\/v2\/posts\/88117","targetHints":{"allow":["GET"]}}],"collection":[{"href":"https:\/\/reporteroshoy.mx\/noticias\/wp-json\/wp\/v2\/posts"}],"about":[{"href":"https:\/\/reporteroshoy.mx\/noticias\/wp-json\/wp\/v2\/types\/post"}],"author":[{"embeddable":true,"href":"https:\/\/reporteroshoy.mx\/noticias\/wp-json\/wp\/v2\/users\/9"}],"replies":[{"embeddable":true,"href":"https:\/\/reporteroshoy.mx\/noticias\/wp-json\/wp\/v2\/comments?post=88117"}],"version-history":[{"count":0,"href":"https:\/\/reporteroshoy.mx\/noticias\/wp-json\/wp\/v2\/posts\/88117\/revisions"}],"wp:featuredmedia":[{"embeddable":true,"href":"https:\/\/reporteroshoy.mx\/noticias\/wp-json\/wp\/v2\/media\/88118"}],"wp:attachment":[{"href":"https:\/\/reporteroshoy.mx\/noticias\/wp-json\/wp\/v2\/media?parent=88117"}],"wp:term":[{"taxonomy":"category","embeddable":true,"href":"https:\/\/reporteroshoy.mx\/noticias\/wp-json\/wp\/v2\/categories?post=88117"},{"taxonomy":"post_tag","embeddable":true,"href":"https:\/\/reporteroshoy.mx\/noticias\/wp-json\/wp\/v2\/tags?post=88117"}],"curies":[{"name":"wp","href":"https:\/\/api.w.org\/{rel}","templated":true}]}}