{"id":88889,"date":"2022-07-07T19:00:55","date_gmt":"2022-07-08T00:00:55","guid":{"rendered":"https:\/\/reporteroshoy.mx\/noticias\/?p=88889"},"modified":"2022-07-07T19:00:55","modified_gmt":"2022-07-08T00:00:55","slug":"yucateco-no-pasa-pension-desde-2015-y-lo-denuncian-de-nuevo-por-incumplido","status":"publish","type":"post","link":"https:\/\/reporteroshoy.mx\/noticias\/yucateco-no-pasa-pension-desde-2015-y-lo-denuncian-de-nuevo-por-incumplido\/","title":{"rendered":"Yucateco no pasa pensi\u00f3n desde 2015 y lo denuncian de nuevo por incumplido"},"content":{"rendered":"<p class=\"x_MsoNormal\" style=\"text-align: justify;\">M\u00e9rida, Yucat\u00e1n; 7 de julio de 2022.- Acusado de no cumplir con la sentencia impuesta por un Juez de lo Familiar para el pago de la pensi\u00f3n de su hija, la Fiscal\u00eda General del Estado (FGE) formul\u00f3 la imputaci\u00f3n a J.I.P.P. por el delito de desobediencia y resistencia de particulares a un mandato de la autoridad, por lo que se present\u00f3 la denuncia correspondiente, la cual deriv\u00f3 en la causa penal 190\/2022.<\/p>\n<p class=\"x_MsoNormal\" style=\"text-align: justify;\">Una vez iniciado el proceso penal, los especialistas de la Fiscal\u00eda comenzaron la indagatoria, de la cual se desprende que el imputado y la denunciante promovieron un procedimiento de divorcio voluntario, del cual se dict\u00f3 sentencia en septiembre del a\u00f1o 2015, donde qued\u00f3 establecido que el acusado deb\u00eda pagar seis mil pesos de pensi\u00f3n alimenticia, adem\u00e1s de sufragar el pago de la colegiatura de su hija; pero tras incumplir en varias ocasiones los acuerdos establecidos y desobedecer el mandato de la autoridad, es que se inici\u00f3 el presente proceso penal.<\/p>\n<p><img loading=\"lazy\" decoding=\"async\" class=\"wp-image-62479 aligncenter\" src=\"https:\/\/reporteroshoy.mx\/noticias\/wp-content\/uploads\/2021\/04\/Pension.jpg\" alt=\"\" width=\"659\" height=\"370\" \/><\/p>\n<p class=\"x_MsoNormal\" style=\"text-align: justify;\">En la audiencia celebrada en el Juzgado Primero de Control del Primer Distrito Judicial, los fiscales de litigaci\u00f3n, tras formular la imputaci\u00f3n del delito, expusieron los datos de prueba para solicitar la vinculaci\u00f3n a proceso, pero el imputado pidi\u00f3 la ampliaci\u00f3n del plazo constitucional para resolver su situaci\u00f3n, por lo que la Juez de Control estableci\u00f3 que la audiencia se reanude el pr\u00f3ximo 12 de julio.<\/p>\n<p class=\"x_MsoNormal\" style=\"text-align: justify;\">Antes de dar por concluida la diligencia judicial, esta representaci\u00f3n social expuso la justificaci\u00f3n para solicitar la imposici\u00f3n de medidas cautelares, por lo que la Juez de Control estableci\u00f3 que el imputado deber\u00e1 acudir peri\u00f3dicamente a firmar al Centro Estatal de Medidas Cautelares, adem\u00e1s de tener prohibido salir del Estado sin autorizaci\u00f3n judicial, estas medidas permanecer\u00e1n vigentes por todo el tiempo que dure el proceso.<\/p>\n","protected":false},"excerpt":{"rendered":"<p>Desde entonces un juez lo sentenci\u00f3 a pagar seis mil pesos de pensi\u00f3n, adem\u00e1s de pagar la colegiatura de su hija, pero se neg\u00f3 en reiteradas ocasiones y ahora ya se gan\u00f3 los delitos de desobediencia y resistencia a un mandato de la autoridad.<\/p>\n","protected":false},"author":2,"featured_media":62479,"comment_status":"open","ping_status":"closed","sticky":false,"template":"","format":"standard","meta":{"footnotes":""},"categories":[7],"tags":[22124,13523,19711],"class_list":["post-88889","post","type-post","status-publish","format-standard","has-post-thumbnail","hentry","category-gobierno","tag-incumplido-con-pension-alimenticia","tag-pension-alimenticia","tag-pension-alimenticia-en-yucatan"],"yoast_head":"<!-- This site is optimized with the Yoast SEO plugin v28.3 - https:\/\/yoast.com\/product\/yoast-seo-wordpress\/ -->\n<title>Yucateco no pasa pensi\u00f3n desde 2015 y lo denuncian de nuevo por incumplido<\/title>\n<meta name=\"description\" content=\"Desde entonces un juez lo sentenci\u00f3 a pagar seis mil pesos de pensi\u00f3n, adem\u00e1s de pagar la colegiatura de su hija, pero se neg\u00f3 en reiteradas ocasiones y ahora ya se gan\u00f3 los delitos de desobediencia y resistencia a un mandato de la autoridad.\" \/>\n<meta name=\"robots\" content=\"index, follow, max-snippet:-1, max-image-preview:large, max-video-preview:-1\" \/>\n<link rel=\"canonical\" href=\"https:\/\/reporteroshoy.mx\/noticias\/yucateco-no-pasa-pension-desde-2015-y-lo-denuncian-de-nuevo-por-incumplido\/\" \/>\n<meta property=\"og:locale\" content=\"es_ES\" \/>\n<meta property=\"og:type\" content=\"article\" \/>\n<meta property=\"og:title\" content=\"Yucateco no pasa pensi\u00f3n desde 2015 y lo denuncian de nuevo por incumplido\" \/>\n<meta property=\"og:description\" content=\"Desde entonces un juez lo sentenci\u00f3 a pagar seis mil pesos de pensi\u00f3n, adem\u00e1s de pagar la colegiatura de su hija, pero se neg\u00f3 en reiteradas ocasiones y ahora ya se gan\u00f3 los delitos de desobediencia y resistencia a un mandato de la autoridad.\" \/>\n<meta property=\"og:url\" content=\"https:\/\/reporteroshoy.mx\/noticias\/yucateco-no-pasa-pension-desde-2015-y-lo-denuncian-de-nuevo-por-incumplido\/\" \/>\n<meta property=\"og:site_name\" content=\"Reporteros Hoy | Noticias de Yucat\u00e1n\" \/>\n<meta property=\"article:publisher\" content=\"http:\/\/www.facebook.com\/reporteroshoymx\" \/>\n<meta property=\"article:published_time\" content=\"2022-07-08T00:00:55+00:00\" \/>\n<meta property=\"og:image\" content=\"https:\/\/reporteroshoy.mx\/noticias\/wp-content\/uploads\/2021\/04\/Pension.jpg\" \/>\n\t<meta property=\"og:image:width\" content=\"768\" \/>\n\t<meta property=\"og:image:height\" content=\"431\" \/>\n\t<meta property=\"og:image:type\" content=\"image\/jpeg\" \/>\n<meta name=\"author\" content=\"Reporteros Hoy HY\" \/>\n<meta name=\"twitter:card\" content=\"summary_large_image\" \/>\n<meta name=\"twitter:creator\" content=\"@reporteroshoy\" \/>\n<meta name=\"twitter:site\" content=\"@reporteroshoy\" \/>\n<meta name=\"twitter:label1\" content=\"Escrito por\" \/>\n\t<meta name=\"twitter:data1\" content=\"Reporteros Hoy HY\" \/>\n\t<meta name=\"twitter:label2\" content=\"Tiempo de lectura\" \/>\n\t<meta name=\"twitter:data2\" content=\"2 minutos\" \/>\n<script type=\"application\/ld+json\" class=\"yoast-schema-graph\">{\"@context\":\"https:\\\/\\\/schema.org\",\"@graph\":[{\"@type\":\"Article\",\"@id\":\"https:\\\/\\\/reporteroshoy.mx\\\/noticias\\\/yucateco-no-pasa-pension-desde-2015-y-lo-denuncian-de-nuevo-por-incumplido\\\/#article\",\"isPartOf\":{\"@id\":\"https:\\\/\\\/reporteroshoy.mx\\\/noticias\\\/yucateco-no-pasa-pension-desde-2015-y-lo-denuncian-de-nuevo-por-incumplido\\\/\"},\"author\":{\"name\":\"Reporteros Hoy HY\",\"@id\":\"https:\\\/\\\/reporteroshoy.mx\\\/noticias\\\/#\\\/schema\\\/person\\\/d32189074678a9d41498d4248e29aac3\"},\"headline\":\"Yucateco no pasa pensi\u00f3n desde 2015 y lo denuncian de nuevo por incumplido\",\"datePublished\":\"2022-07-08T00:00:55+00:00\",\"mainEntityOfPage\":{\"@id\":\"https:\\\/\\\/reporteroshoy.mx\\\/noticias\\\/yucateco-no-pasa-pension-desde-2015-y-lo-denuncian-de-nuevo-por-incumplido\\\/\"},\"wordCount\":328,\"commentCount\":0,\"image\":{\"@id\":\"https:\\\/\\\/reporteroshoy.mx\\\/noticias\\\/yucateco-no-pasa-pension-desde-2015-y-lo-denuncian-de-nuevo-por-incumplido\\\/#primaryimage\"},\"thumbnailUrl\":\"https:\\\/\\\/reporteroshoy.mx\\\/noticias\\\/wp-content\\\/uploads\\\/2021\\\/04\\\/Pension.jpg\",\"keywords\":[\"incumplido con pensi\u00f3n alimenticia\",\"pensi\u00f3n alimenticia\",\"pensi\u00f3n alimenticia en Yucat\u00e1n\"],\"articleSection\":[\"Gobierno\"],\"inLanguage\":\"es\",\"potentialAction\":[{\"@type\":\"CommentAction\",\"name\":\"Comment\",\"target\":[\"https:\\\/\\\/reporteroshoy.mx\\\/noticias\\\/yucateco-no-pasa-pension-desde-2015-y-lo-denuncian-de-nuevo-por-incumplido\\\/#respond\"]}]},{\"@type\":\"WebPage\",\"@id\":\"https:\\\/\\\/reporteroshoy.mx\\\/noticias\\\/yucateco-no-pasa-pension-desde-2015-y-lo-denuncian-de-nuevo-por-incumplido\\\/\",\"url\":\"https:\\\/\\\/reporteroshoy.mx\\\/noticias\\\/yucateco-no-pasa-pension-desde-2015-y-lo-denuncian-de-nuevo-por-incumplido\\\/\",\"name\":\"Yucateco no pasa pensi\u00f3n desde 2015 y lo denuncian de nuevo por incumplido\",\"isPartOf\":{\"@id\":\"https:\\\/\\\/reporteroshoy.mx\\\/noticias\\\/#website\"},\"primaryImageOfPage\":{\"@id\":\"https:\\\/\\\/reporteroshoy.mx\\\/noticias\\\/yucateco-no-pasa-pension-desde-2015-y-lo-denuncian-de-nuevo-por-incumplido\\\/#primaryimage\"},\"image\":{\"@id\":\"https:\\\/\\\/reporteroshoy.mx\\\/noticias\\\/yucateco-no-pasa-pension-desde-2015-y-lo-denuncian-de-nuevo-por-incumplido\\\/#primaryimage\"},\"thumbnailUrl\":\"https:\\\/\\\/reporteroshoy.mx\\\/noticias\\\/wp-content\\\/uploads\\\/2021\\\/04\\\/Pension.jpg\",\"datePublished\":\"2022-07-08T00:00:55+00:00\",\"author\":{\"@id\":\"https:\\\/\\\/reporteroshoy.mx\\\/noticias\\\/#\\\/schema\\\/person\\\/d32189074678a9d41498d4248e29aac3\"},\"description\":\"Desde entonces un juez lo sentenci\u00f3 a pagar seis mil pesos de pensi\u00f3n, adem\u00e1s de pagar la colegiatura de su hija, pero se neg\u00f3 en reiteradas ocasiones y ahora ya se gan\u00f3 los delitos de desobediencia y resistencia a un mandato de la autoridad.\",\"breadcrumb\":{\"@id\":\"https:\\\/\\\/reporteroshoy.mx\\\/noticias\\\/yucateco-no-pasa-pension-desde-2015-y-lo-denuncian-de-nuevo-por-incumplido\\\/#breadcrumb\"},\"inLanguage\":\"es\",\"potentialAction\":[{\"@type\":\"ReadAction\",\"target\":[\"https:\\\/\\\/reporteroshoy.mx\\\/noticias\\\/yucateco-no-pasa-pension-desde-2015-y-lo-denuncian-de-nuevo-por-incumplido\\\/\"]}]},{\"@type\":\"ImageObject\",\"inLanguage\":\"es\",\"@id\":\"https:\\\/\\\/reporteroshoy.mx\\\/noticias\\\/yucateco-no-pasa-pension-desde-2015-y-lo-denuncian-de-nuevo-por-incumplido\\\/#primaryimage\",\"url\":\"https:\\\/\\\/reporteroshoy.mx\\\/noticias\\\/wp-content\\\/uploads\\\/2021\\\/04\\\/Pension.jpg\",\"contentUrl\":\"https:\\\/\\\/reporteroshoy.mx\\\/noticias\\\/wp-content\\\/uploads\\\/2021\\\/04\\\/Pension.jpg\",\"width\":768,\"height\":431},{\"@type\":\"BreadcrumbList\",\"@id\":\"https:\\\/\\\/reporteroshoy.mx\\\/noticias\\\/yucateco-no-pasa-pension-desde-2015-y-lo-denuncian-de-nuevo-por-incumplido\\\/#breadcrumb\",\"itemListElement\":[{\"@type\":\"ListItem\",\"position\":1,\"name\":\"Portada\",\"item\":\"https:\\\/\\\/reporteroshoy.mx\\\/noticias\\\/\"},{\"@type\":\"ListItem\",\"position\":2,\"name\":\"Yucateco no pasa pensi\u00f3n desde 2015 y lo denuncian de nuevo por incumplido\"}]},{\"@type\":\"WebSite\",\"@id\":\"https:\\\/\\\/reporteroshoy.mx\\\/noticias\\\/#website\",\"url\":\"https:\\\/\\\/reporteroshoy.mx\\\/noticias\\\/\",\"name\":\"Reporteros Hoy | Noticias de Yucat\u00e1n\",\"description\":\"Peri\u00f3dico digital con noticias diarias desde M\u00e9rida, Yucat\u00e1n para el mundo.\",\"potentialAction\":[{\"@type\":\"SearchAction\",\"target\":{\"@type\":\"EntryPoint\",\"urlTemplate\":\"https:\\\/\\\/reporteroshoy.mx\\\/noticias\\\/?s={search_term_string}\"},\"query-input\":{\"@type\":\"PropertyValueSpecification\",\"valueRequired\":true,\"valueName\":\"search_term_string\"}}],\"inLanguage\":\"es\"},{\"@type\":\"Person\",\"@id\":\"https:\\\/\\\/reporteroshoy.mx\\\/noticias\\\/#\\\/schema\\\/person\\\/d32189074678a9d41498d4248e29aac3\",\"name\":\"Reporteros Hoy HY\",\"image\":{\"@type\":\"ImageObject\",\"inLanguage\":\"es\",\"@id\":\"https:\\\/\\\/secure.gravatar.com\\\/avatar\\\/c539a82770f256437b35bda44650bb50f5fd4b7017f8b29672ed9f27a43cec47?s=96&d=mm&r=g\",\"url\":\"https:\\\/\\\/secure.gravatar.com\\\/avatar\\\/c539a82770f256437b35bda44650bb50f5fd4b7017f8b29672ed9f27a43cec47?s=96&d=mm&r=g\",\"contentUrl\":\"https:\\\/\\\/secure.gravatar.com\\\/avatar\\\/c539a82770f256437b35bda44650bb50f5fd4b7017f8b29672ed9f27a43cec47?s=96&d=mm&r=g\",\"caption\":\"Reporteros Hoy HY\"},\"url\":\"https:\\\/\\\/reporteroshoy.mx\\\/noticias\\\/author\\\/thelmo\\\/\"}]}<\/script>\n<!-- \/ Yoast SEO plugin. -->","yoast_head_json":{"title":"Yucateco no pasa pensi\u00f3n desde 2015 y lo denuncian de nuevo por incumplido","description":"Desde entonces un juez lo sentenci\u00f3 a pagar seis mil pesos de pensi\u00f3n, adem\u00e1s de pagar la colegiatura de su hija, pero se neg\u00f3 en reiteradas ocasiones y ahora ya se gan\u00f3 los delitos de desobediencia y resistencia a un mandato de la autoridad.","robots":{"index":"index","follow":"follow","max-snippet":"max-snippet:-1","max-image-preview":"max-image-preview:large","max-video-preview":"max-video-preview:-1"},"canonical":"https:\/\/reporteroshoy.mx\/noticias\/yucateco-no-pasa-pension-desde-2015-y-lo-denuncian-de-nuevo-por-incumplido\/","og_locale":"es_ES","og_type":"article","og_title":"Yucateco no pasa pensi\u00f3n desde 2015 y lo denuncian de nuevo por incumplido","og_description":"Desde entonces un juez lo sentenci\u00f3 a pagar seis mil pesos de pensi\u00f3n, adem\u00e1s de pagar la colegiatura de su hija, pero se neg\u00f3 en reiteradas ocasiones y ahora ya se gan\u00f3 los delitos de desobediencia y resistencia a un mandato de la autoridad.","og_url":"https:\/\/reporteroshoy.mx\/noticias\/yucateco-no-pasa-pension-desde-2015-y-lo-denuncian-de-nuevo-por-incumplido\/","og_site_name":"Reporteros Hoy | Noticias de Yucat\u00e1n","article_publisher":"http:\/\/www.facebook.com\/reporteroshoymx","article_published_time":"2022-07-08T00:00:55+00:00","og_image":[{"width":768,"height":431,"url":"https:\/\/reporteroshoy.mx\/noticias\/wp-content\/uploads\/2021\/04\/Pension.jpg","type":"image\/jpeg"}],"author":"Reporteros Hoy HY","twitter_card":"summary_large_image","twitter_creator":"@reporteroshoy","twitter_site":"@reporteroshoy","twitter_misc":{"Escrito por":"Reporteros Hoy HY","Tiempo de lectura":"2 minutos"},"schema":{"@context":"https:\/\/schema.org","@graph":[{"@type":"Article","@id":"https:\/\/reporteroshoy.mx\/noticias\/yucateco-no-pasa-pension-desde-2015-y-lo-denuncian-de-nuevo-por-incumplido\/#article","isPartOf":{"@id":"https:\/\/reporteroshoy.mx\/noticias\/yucateco-no-pasa-pension-desde-2015-y-lo-denuncian-de-nuevo-por-incumplido\/"},"author":{"name":"Reporteros Hoy HY","@id":"https:\/\/reporteroshoy.mx\/noticias\/#\/schema\/person\/d32189074678a9d41498d4248e29aac3"},"headline":"Yucateco no pasa pensi\u00f3n desde 2015 y lo denuncian de nuevo por incumplido","datePublished":"2022-07-08T00:00:55+00:00","mainEntityOfPage":{"@id":"https:\/\/reporteroshoy.mx\/noticias\/yucateco-no-pasa-pension-desde-2015-y-lo-denuncian-de-nuevo-por-incumplido\/"},"wordCount":328,"commentCount":0,"image":{"@id":"https:\/\/reporteroshoy.mx\/noticias\/yucateco-no-pasa-pension-desde-2015-y-lo-denuncian-de-nuevo-por-incumplido\/#primaryimage"},"thumbnailUrl":"https:\/\/reporteroshoy.mx\/noticias\/wp-content\/uploads\/2021\/04\/Pension.jpg","keywords":["incumplido con pensi\u00f3n alimenticia","pensi\u00f3n alimenticia","pensi\u00f3n alimenticia en Yucat\u00e1n"],"articleSection":["Gobierno"],"inLanguage":"es","potentialAction":[{"@type":"CommentAction","name":"Comment","target":["https:\/\/reporteroshoy.mx\/noticias\/yucateco-no-pasa-pension-desde-2015-y-lo-denuncian-de-nuevo-por-incumplido\/#respond"]}]},{"@type":"WebPage","@id":"https:\/\/reporteroshoy.mx\/noticias\/yucateco-no-pasa-pension-desde-2015-y-lo-denuncian-de-nuevo-por-incumplido\/","url":"https:\/\/reporteroshoy.mx\/noticias\/yucateco-no-pasa-pension-desde-2015-y-lo-denuncian-de-nuevo-por-incumplido\/","name":"Yucateco no pasa pensi\u00f3n desde 2015 y lo denuncian de nuevo por incumplido","isPartOf":{"@id":"https:\/\/reporteroshoy.mx\/noticias\/#website"},"primaryImageOfPage":{"@id":"https:\/\/reporteroshoy.mx\/noticias\/yucateco-no-pasa-pension-desde-2015-y-lo-denuncian-de-nuevo-por-incumplido\/#primaryimage"},"image":{"@id":"https:\/\/reporteroshoy.mx\/noticias\/yucateco-no-pasa-pension-desde-2015-y-lo-denuncian-de-nuevo-por-incumplido\/#primaryimage"},"thumbnailUrl":"https:\/\/reporteroshoy.mx\/noticias\/wp-content\/uploads\/2021\/04\/Pension.jpg","datePublished":"2022-07-08T00:00:55+00:00","author":{"@id":"https:\/\/reporteroshoy.mx\/noticias\/#\/schema\/person\/d32189074678a9d41498d4248e29aac3"},"description":"Desde entonces un juez lo sentenci\u00f3 a pagar seis mil pesos de pensi\u00f3n, adem\u00e1s de pagar la colegiatura de su hija, pero se neg\u00f3 en reiteradas ocasiones y ahora ya se gan\u00f3 los delitos de desobediencia y resistencia a un mandato de la autoridad.","breadcrumb":{"@id":"https:\/\/reporteroshoy.mx\/noticias\/yucateco-no-pasa-pension-desde-2015-y-lo-denuncian-de-nuevo-por-incumplido\/#breadcrumb"},"inLanguage":"es","potentialAction":[{"@type":"ReadAction","target":["https:\/\/reporteroshoy.mx\/noticias\/yucateco-no-pasa-pension-desde-2015-y-lo-denuncian-de-nuevo-por-incumplido\/"]}]},{"@type":"ImageObject","inLanguage":"es","@id":"https:\/\/reporteroshoy.mx\/noticias\/yucateco-no-pasa-pension-desde-2015-y-lo-denuncian-de-nuevo-por-incumplido\/#primaryimage","url":"https:\/\/reporteroshoy.mx\/noticias\/wp-content\/uploads\/2021\/04\/Pension.jpg","contentUrl":"https:\/\/reporteroshoy.mx\/noticias\/wp-content\/uploads\/2021\/04\/Pension.jpg","width":768,"height":431},{"@type":"BreadcrumbList","@id":"https:\/\/reporteroshoy.mx\/noticias\/yucateco-no-pasa-pension-desde-2015-y-lo-denuncian-de-nuevo-por-incumplido\/#breadcrumb","itemListElement":[{"@type":"ListItem","position":1,"name":"Portada","item":"https:\/\/reporteroshoy.mx\/noticias\/"},{"@type":"ListItem","position":2,"name":"Yucateco no pasa pensi\u00f3n desde 2015 y lo denuncian de nuevo por incumplido"}]},{"@type":"WebSite","@id":"https:\/\/reporteroshoy.mx\/noticias\/#website","url":"https:\/\/reporteroshoy.mx\/noticias\/","name":"Reporteros Hoy | Noticias de Yucat\u00e1n","description":"Peri\u00f3dico digital con noticias diarias desde M\u00e9rida, Yucat\u00e1n para el mundo.","potentialAction":[{"@type":"SearchAction","target":{"@type":"EntryPoint","urlTemplate":"https:\/\/reporteroshoy.mx\/noticias\/?s={search_term_string}"},"query-input":{"@type":"PropertyValueSpecification","valueRequired":true,"valueName":"search_term_string"}}],"inLanguage":"es"},{"@type":"Person","@id":"https:\/\/reporteroshoy.mx\/noticias\/#\/schema\/person\/d32189074678a9d41498d4248e29aac3","name":"Reporteros Hoy HY","image":{"@type":"ImageObject","inLanguage":"es","@id":"https:\/\/secure.gravatar.com\/avatar\/c539a82770f256437b35bda44650bb50f5fd4b7017f8b29672ed9f27a43cec47?s=96&d=mm&r=g","url":"https:\/\/secure.gravatar.com\/avatar\/c539a82770f256437b35bda44650bb50f5fd4b7017f8b29672ed9f27a43cec47?s=96&d=mm&r=g","contentUrl":"https:\/\/secure.gravatar.com\/avatar\/c539a82770f256437b35bda44650bb50f5fd4b7017f8b29672ed9f27a43cec47?s=96&d=mm&r=g","caption":"Reporteros Hoy HY"},"url":"https:\/\/reporteroshoy.mx\/noticias\/author\/thelmo\/"}]}},"_links":{"self":[{"href":"https:\/\/reporteroshoy.mx\/noticias\/wp-json\/wp\/v2\/posts\/88889","targetHints":{"allow":["GET"]}}],"collection":[{"href":"https:\/\/reporteroshoy.mx\/noticias\/wp-json\/wp\/v2\/posts"}],"about":[{"href":"https:\/\/reporteroshoy.mx\/noticias\/wp-json\/wp\/v2\/types\/post"}],"author":[{"embeddable":true,"href":"https:\/\/reporteroshoy.mx\/noticias\/wp-json\/wp\/v2\/users\/2"}],"replies":[{"embeddable":true,"href":"https:\/\/reporteroshoy.mx\/noticias\/wp-json\/wp\/v2\/comments?post=88889"}],"version-history":[{"count":0,"href":"https:\/\/reporteroshoy.mx\/noticias\/wp-json\/wp\/v2\/posts\/88889\/revisions"}],"wp:featuredmedia":[{"embeddable":true,"href":"https:\/\/reporteroshoy.mx\/noticias\/wp-json\/wp\/v2\/media\/62479"}],"wp:attachment":[{"href":"https:\/\/reporteroshoy.mx\/noticias\/wp-json\/wp\/v2\/media?parent=88889"}],"wp:term":[{"taxonomy":"category","embeddable":true,"href":"https:\/\/reporteroshoy.mx\/noticias\/wp-json\/wp\/v2\/categories?post=88889"},{"taxonomy":"post_tag","embeddable":true,"href":"https:\/\/reporteroshoy.mx\/noticias\/wp-json\/wp\/v2\/tags?post=88889"}],"curies":[{"name":"wp","href":"https:\/\/api.w.org\/{rel}","templated":true}]}}