{"id":89590,"date":"2022-07-21T21:36:51","date_gmt":"2022-07-22T02:36:51","guid":{"rendered":"https:\/\/reporteroshoy.mx\/noticias\/?p=89590"},"modified":"2022-07-21T21:46:09","modified_gmt":"2022-07-22T02:46:09","slug":"no-se-vale-que-yucatan-tenga-las-tarifas-mas-altas-de-energia-electrica","status":"publish","type":"post","link":"https:\/\/reporteroshoy.mx\/noticias\/no-se-vale-que-yucatan-tenga-las-tarifas-mas-altas-de-energia-electrica\/","title":{"rendered":"\u201cNo se vale que Yucat\u00e1n tenga las tarifas m\u00e1s altas de energ\u00eda el\u00e9ctrica\u201d"},"content":{"rendered":"<p style=\"text-align: justify;\">M\u00e9rida, Yucat\u00e1n, 21 de julio de 2022 (ACOM). \u2013 Ante empresarios locales, el secretario de Gobernaci\u00f3n, Ad\u00e1n Augusto L\u00f3pez Hern\u00e1ndez, se comprometi\u00f3 a intervenir para destrabar los tr\u00e1mites que impiden que se concreten los proyectos de energ\u00edas limpias que se encuentran detenidos en la entidad.<\/p>\n<p style=\"text-align: justify;\">\u201cS\u00e9 que ha habido burocratismo, pero se tienen que hacer realidad los proyectos de energ\u00edas e\u00f3licas y fotovoltaicas. Lo vamos a revisar porque otra de las quejas es que las delegaciones no hacen nada. Tendremos que crear un mecanismo para agilizar el proceso\u201d asever\u00f3.<\/p>\n<p><img loading=\"lazy\" decoding=\"async\" class=\"alignnone size-full wp-image-89589\" src=\"https:\/\/reporteroshoy.mx\/noticias\/wp-content\/uploads\/2022\/07\/ADAN-AUGUSTO-1-scaled.jpeg\" alt=\"\" width=\"768\" height=\"508\" \/><\/p>\n<p style=\"text-align: justify;\">El ex gobernador de Tabasco se reuni\u00f3 por separado con integrantes del grupo Yucat\u00e1n y, posteriormente, con el Consejo Coordinador Empresarial del Estado a quienes inform\u00f3 que el pr\u00f3ximo 9 de septiembre retornar\u00e1 a la entidad con respuestas a los planteamientos que le hicieron.<\/p>\n<p style=\"text-align: justify;\">Durante su intervenci\u00f3n, L\u00f3pez Hern\u00e1ndez tambi\u00e9n reconoci\u00f3 que en la pen\u00ednsula yucateca se pagan tarifas el\u00e9ctricas m\u00e1s caras que en el norte del pa\u00eds, cuando la energ\u00eda se genera en las presas de Chiapas.<\/p>\n<p><img loading=\"lazy\" decoding=\"async\" class=\"alignnone size-full wp-image-89587\" src=\"https:\/\/reporteroshoy.mx\/noticias\/wp-content\/uploads\/2022\/07\/ADAN-AUGUSTO-2-scaled.jpeg\" alt=\"\" width=\"768\" height=\"518\" \/><\/p>\n<p style=\"text-align: justify;\">\u201cNo se vale que Yucat\u00e1n tenga las tarifas m\u00e1s altas de la energ\u00eda el\u00e9ctrica, es algo que tenemos que corregir y hacerle justicia al estado\u201d expuso.<\/p>\n<p style=\"text-align: justify;\">El funcionario federal dijo se tiene que garantizar que la regi\u00f3n cuente con suficiente energ\u00eda por lo que se requiere continuar con los proyectos de construcci\u00f3n de las plantas de ciclo combinado de M\u00e9rida y Valladolid, as\u00ed como ampliar el gasoducto de Tuxpan a Progreso para la distribuci\u00f3n de gas natural.<\/p>\n<p style=\"text-align: justify;\">Tambi\u00e9n habl\u00f3 de consolidar el puerto de altura con un mayor calado y lograr su conexi\u00f3n con el Tren Maya.<\/p>\n<p><img loading=\"lazy\" decoding=\"async\" class=\"alignnone size-full wp-image-89586\" src=\"https:\/\/reporteroshoy.mx\/noticias\/wp-content\/uploads\/2022\/07\/ADAN-AUGUSTO-4-scaled.jpeg\" alt=\"\" width=\"768\" height=\"576\" \/><\/p>\n<p style=\"text-align: justify;\">\u201cEl gran puerto del Golfo de M\u00e9xico tiene que ser Progreso, ya que Veracruz est\u00e1 saturado\u201d dijo ante Iv\u00e1n Rodr\u00edguez Gasque presidente del Consejo Coordinador Empresarial.<\/p>\n<p style=\"text-align: justify;\">L\u00f3pez Hern\u00e1ndez se comprometi\u00f3 a ser el canal de comunicaci\u00f3n del sector privado con el gobierno federal para respaldar a un estado que calific\u00f3 como el faro de la regi\u00f3n.<\/p>\n<p style=\"text-align: justify;\">Al respecto, destac\u00f3 que la entidad es un referente nacional al atraer inversiones, continuar con su proceso de crecimiento econ\u00f3mico y mantener altos niveles de seguridad, adem\u00e1s de saber transitar en la alternancia de partidos pol\u00edticos que lo han gobernado.<\/p>\n<p><img loading=\"lazy\" decoding=\"async\" class=\"alignnone size-full wp-image-89588\" src=\"https:\/\/reporteroshoy.mx\/noticias\/wp-content\/uploads\/2022\/07\/ADAN-AUGUSTO-5-scaled.jpeg\" alt=\"\" width=\"768\" height=\"607\" \/><\/p>\n<p style=\"text-align: justify;\">En una entrevista que concedi\u00f3 al arribar al Centro de Convenciones \u201cSiglo XXI\u201d aclar\u00f3 que su visita al estado obedec\u00eda a su funci\u00f3n como secretario de Gobernaci\u00f3n de mantener la comunicaci\u00f3n con diversos grupos sociales.<\/p>\n<p style=\"text-align: justify;\">\u201cNo hay precampa\u00f1as, ni campa\u00f1as en marcha, no es momento de hablar si tengo aspiraciones\u201d respondi\u00f3 cuando se le cuestion\u00f3 si la gira era con fines de promoci\u00f3n de su imagen.<\/p>\n","protected":false},"excerpt":{"rendered":"<p>Durante un encuentro con empresarios locales, el secretario de Gobernaci\u00f3n, Ad\u00e1n Augusto L\u00f3pez Hern\u00e1ndez se comprometi\u00f3 a revisar las tarifas el\u00e9ctricas y destrabar los permisos para los 19 proyectos de energ\u00edas limpias que est\u00e1n parados.  <\/p>\n","protected":false},"author":5,"featured_media":89589,"comment_status":"open","ping_status":"closed","sticky":false,"template":"","format":"standard","meta":{"footnotes":""},"categories":[17],"tags":[20385,911,23],"class_list":["post-89590","post","type-post","status-publish","format-standard","has-post-thumbnail","hentry","category-yucatan","tag-adan-augusto-lopez-hernandez","tag-empresarios","tag-yucatan"],"yoast_head":"<!-- This site is optimized with the Yoast SEO plugin v28.4 - https:\/\/yoast.com\/product\/yoast-seo-wordpress\/ -->\n<title>\u201cNo se vale que Yucat\u00e1n tenga las tarifas m\u00e1s altas de energ\u00eda el\u00e9ctrica\u201d<\/title>\n<meta name=\"description\" content=\"Durante un encuentro con empresarios locales, el secretario de Gobernaci\u00f3n, Ad\u00e1n Augusto L\u00f3pez Hern\u00e1ndez se comprometi\u00f3 a revisar las tarifas el\u00e9ctricas y destrabar los permisos para los 19 proyectos de energ\u00edas limpias que est\u00e1n parados.\" \/>\n<meta name=\"robots\" content=\"index, follow, max-snippet:-1, max-image-preview:large, max-video-preview:-1\" \/>\n<link rel=\"canonical\" href=\"https:\/\/reporteroshoy.mx\/noticias\/no-se-vale-que-yucatan-tenga-las-tarifas-mas-altas-de-energia-electrica\/\" \/>\n<meta property=\"og:locale\" content=\"es_ES\" \/>\n<meta property=\"og:type\" content=\"article\" \/>\n<meta property=\"og:title\" content=\"\u201cNo se vale que Yucat\u00e1n tenga las tarifas m\u00e1s altas de energ\u00eda el\u00e9ctrica\u201d\" \/>\n<meta property=\"og:description\" content=\"Durante un encuentro con empresarios locales, el secretario de Gobernaci\u00f3n, Ad\u00e1n Augusto L\u00f3pez Hern\u00e1ndez se comprometi\u00f3 a revisar las tarifas el\u00e9ctricas y destrabar los permisos para los 19 proyectos de energ\u00edas limpias que est\u00e1n parados.\" \/>\n<meta property=\"og:url\" content=\"https:\/\/reporteroshoy.mx\/noticias\/no-se-vale-que-yucatan-tenga-las-tarifas-mas-altas-de-energia-electrica\/\" \/>\n<meta property=\"og:site_name\" content=\"Reporteros Hoy | Noticias de Yucat\u00e1n\" \/>\n<meta property=\"article:publisher\" content=\"http:\/\/www.facebook.com\/reporteroshoymx\" \/>\n<meta property=\"article:published_time\" content=\"2022-07-22T02:36:51+00:00\" \/>\n<meta property=\"article:modified_time\" content=\"2022-07-22T02:46:09+00:00\" \/>\n<meta property=\"og:image\" content=\"https:\/\/reporteroshoy.mx\/noticias\/wp-content\/uploads\/2022\/07\/ADAN-AUGUSTO-1-scaled.jpeg\" \/>\n\t<meta property=\"og:image:width\" content=\"768\" \/>\n\t<meta property=\"og:image:height\" content=\"508\" \/>\n\t<meta property=\"og:image:type\" content=\"image\/jpeg\" \/>\n<meta name=\"author\" content=\"Reporteros Hoy IM\" \/>\n<meta name=\"twitter:card\" content=\"summary_large_image\" \/>\n<meta name=\"twitter:creator\" content=\"@reporteroshoy\" \/>\n<meta name=\"twitter:site\" content=\"@reporteroshoy\" \/>\n<meta name=\"twitter:label1\" content=\"Escrito por\" \/>\n\t<meta name=\"twitter:data1\" content=\"Reporteros Hoy IM\" \/>\n\t<meta name=\"twitter:label2\" content=\"Tiempo de lectura\" \/>\n\t<meta name=\"twitter:data2\" content=\"3 minutos\" \/>\n<script type=\"application\/ld+json\" class=\"yoast-schema-graph\">{\"@context\":\"https:\\\/\\\/schema.org\",\"@graph\":[{\"@type\":\"Article\",\"@id\":\"https:\\\/\\\/reporteroshoy.mx\\\/noticias\\\/no-se-vale-que-yucatan-tenga-las-tarifas-mas-altas-de-energia-electrica\\\/#article\",\"isPartOf\":{\"@id\":\"https:\\\/\\\/reporteroshoy.mx\\\/noticias\\\/no-se-vale-que-yucatan-tenga-las-tarifas-mas-altas-de-energia-electrica\\\/\"},\"author\":{\"name\":\"Reporteros Hoy IM\",\"@id\":\"https:\\\/\\\/reporteroshoy.mx\\\/noticias\\\/#\\\/schema\\\/person\\\/948520f0d88b01be2e5266bc4acbbc15\"},\"headline\":\"\u201cNo se vale que Yucat\u00e1n tenga las tarifas m\u00e1s altas de energ\u00eda el\u00e9ctrica\u201d\",\"datePublished\":\"2022-07-22T02:36:51+00:00\",\"dateModified\":\"2022-07-22T02:46:09+00:00\",\"mainEntityOfPage\":{\"@id\":\"https:\\\/\\\/reporteroshoy.mx\\\/noticias\\\/no-se-vale-que-yucatan-tenga-las-tarifas-mas-altas-de-energia-electrica\\\/\"},\"wordCount\":488,\"commentCount\":0,\"image\":{\"@id\":\"https:\\\/\\\/reporteroshoy.mx\\\/noticias\\\/no-se-vale-que-yucatan-tenga-las-tarifas-mas-altas-de-energia-electrica\\\/#primaryimage\"},\"thumbnailUrl\":\"https:\\\/\\\/reporteroshoy.mx\\\/noticias\\\/wp-content\\\/uploads\\\/2022\\\/07\\\/ADAN-AUGUSTO-1-scaled.jpeg\",\"keywords\":[\"Ad\u00e1n Augusto L\u00f3pez Hern\u00e1ndez\",\"Empresarios\",\"Yucat\u00e1n\"],\"articleSection\":[\"Yucat\u00e1n\"],\"inLanguage\":\"es\",\"potentialAction\":[{\"@type\":\"CommentAction\",\"name\":\"Comment\",\"target\":[\"https:\\\/\\\/reporteroshoy.mx\\\/noticias\\\/no-se-vale-que-yucatan-tenga-las-tarifas-mas-altas-de-energia-electrica\\\/#respond\"]}]},{\"@type\":\"WebPage\",\"@id\":\"https:\\\/\\\/reporteroshoy.mx\\\/noticias\\\/no-se-vale-que-yucatan-tenga-las-tarifas-mas-altas-de-energia-electrica\\\/\",\"url\":\"https:\\\/\\\/reporteroshoy.mx\\\/noticias\\\/no-se-vale-que-yucatan-tenga-las-tarifas-mas-altas-de-energia-electrica\\\/\",\"name\":\"\u201cNo se vale que Yucat\u00e1n tenga las tarifas m\u00e1s altas de energ\u00eda el\u00e9ctrica\u201d\",\"isPartOf\":{\"@id\":\"https:\\\/\\\/reporteroshoy.mx\\\/noticias\\\/#website\"},\"primaryImageOfPage\":{\"@id\":\"https:\\\/\\\/reporteroshoy.mx\\\/noticias\\\/no-se-vale-que-yucatan-tenga-las-tarifas-mas-altas-de-energia-electrica\\\/#primaryimage\"},\"image\":{\"@id\":\"https:\\\/\\\/reporteroshoy.mx\\\/noticias\\\/no-se-vale-que-yucatan-tenga-las-tarifas-mas-altas-de-energia-electrica\\\/#primaryimage\"},\"thumbnailUrl\":\"https:\\\/\\\/reporteroshoy.mx\\\/noticias\\\/wp-content\\\/uploads\\\/2022\\\/07\\\/ADAN-AUGUSTO-1-scaled.jpeg\",\"datePublished\":\"2022-07-22T02:36:51+00:00\",\"dateModified\":\"2022-07-22T02:46:09+00:00\",\"author\":{\"@id\":\"https:\\\/\\\/reporteroshoy.mx\\\/noticias\\\/#\\\/schema\\\/person\\\/948520f0d88b01be2e5266bc4acbbc15\"},\"description\":\"Durante un encuentro con empresarios locales, el secretario de Gobernaci\u00f3n, Ad\u00e1n Augusto L\u00f3pez Hern\u00e1ndez se comprometi\u00f3 a revisar las tarifas el\u00e9ctricas y destrabar los permisos para los 19 proyectos de energ\u00edas limpias que est\u00e1n parados.\",\"breadcrumb\":{\"@id\":\"https:\\\/\\\/reporteroshoy.mx\\\/noticias\\\/no-se-vale-que-yucatan-tenga-las-tarifas-mas-altas-de-energia-electrica\\\/#breadcrumb\"},\"inLanguage\":\"es\",\"potentialAction\":[{\"@type\":\"ReadAction\",\"target\":[\"https:\\\/\\\/reporteroshoy.mx\\\/noticias\\\/no-se-vale-que-yucatan-tenga-las-tarifas-mas-altas-de-energia-electrica\\\/\"]}]},{\"@type\":\"ImageObject\",\"inLanguage\":\"es\",\"@id\":\"https:\\\/\\\/reporteroshoy.mx\\\/noticias\\\/no-se-vale-que-yucatan-tenga-las-tarifas-mas-altas-de-energia-electrica\\\/#primaryimage\",\"url\":\"https:\\\/\\\/reporteroshoy.mx\\\/noticias\\\/wp-content\\\/uploads\\\/2022\\\/07\\\/ADAN-AUGUSTO-1-scaled.jpeg\",\"contentUrl\":\"https:\\\/\\\/reporteroshoy.mx\\\/noticias\\\/wp-content\\\/uploads\\\/2022\\\/07\\\/ADAN-AUGUSTO-1-scaled.jpeg\",\"width\":768,\"height\":508},{\"@type\":\"BreadcrumbList\",\"@id\":\"https:\\\/\\\/reporteroshoy.mx\\\/noticias\\\/no-se-vale-que-yucatan-tenga-las-tarifas-mas-altas-de-energia-electrica\\\/#breadcrumb\",\"itemListElement\":[{\"@type\":\"ListItem\",\"position\":1,\"name\":\"Portada\",\"item\":\"https:\\\/\\\/reporteroshoy.mx\\\/noticias\\\/\"},{\"@type\":\"ListItem\",\"position\":2,\"name\":\"\u201cNo se vale que Yucat\u00e1n tenga las tarifas m\u00e1s altas de energ\u00eda el\u00e9ctrica\u201d\"}]},{\"@type\":\"WebSite\",\"@id\":\"https:\\\/\\\/reporteroshoy.mx\\\/noticias\\\/#website\",\"url\":\"https:\\\/\\\/reporteroshoy.mx\\\/noticias\\\/\",\"name\":\"Reporteros Hoy | Noticias de Yucat\u00e1n\",\"description\":\"Peri\u00f3dico digital con noticias diarias desde M\u00e9rida, Yucat\u00e1n para el mundo.\",\"potentialAction\":[{\"@type\":\"SearchAction\",\"target\":{\"@type\":\"EntryPoint\",\"urlTemplate\":\"https:\\\/\\\/reporteroshoy.mx\\\/noticias\\\/?s={search_term_string}\"},\"query-input\":{\"@type\":\"PropertyValueSpecification\",\"valueRequired\":true,\"valueName\":\"search_term_string\"}}],\"inLanguage\":\"es\"},{\"@type\":\"Person\",\"@id\":\"https:\\\/\\\/reporteroshoy.mx\\\/noticias\\\/#\\\/schema\\\/person\\\/948520f0d88b01be2e5266bc4acbbc15\",\"name\":\"Reporteros Hoy IM\",\"image\":{\"@type\":\"ImageObject\",\"inLanguage\":\"es\",\"@id\":\"https:\\\/\\\/secure.gravatar.com\\\/avatar\\\/d843030b96552826ac048bdfe26f2895604b800ed0c880ee55765a74d95dfc65?s=96&d=mm&r=g\",\"url\":\"https:\\\/\\\/secure.gravatar.com\\\/avatar\\\/d843030b96552826ac048bdfe26f2895604b800ed0c880ee55765a74d95dfc65?s=96&d=mm&r=g\",\"contentUrl\":\"https:\\\/\\\/secure.gravatar.com\\\/avatar\\\/d843030b96552826ac048bdfe26f2895604b800ed0c880ee55765a74d95dfc65?s=96&d=mm&r=g\",\"caption\":\"Reporteros Hoy IM\"},\"url\":\"https:\\\/\\\/reporteroshoy.mx\\\/noticias\\\/author\\\/israel\\\/\"}]}<\/script>\n<!-- \/ Yoast SEO plugin. -->","yoast_head_json":{"title":"\u201cNo se vale que Yucat\u00e1n tenga las tarifas m\u00e1s altas de energ\u00eda el\u00e9ctrica\u201d","description":"Durante un encuentro con empresarios locales, el secretario de Gobernaci\u00f3n, Ad\u00e1n Augusto L\u00f3pez Hern\u00e1ndez se comprometi\u00f3 a revisar las tarifas el\u00e9ctricas y destrabar los permisos para los 19 proyectos de energ\u00edas limpias que est\u00e1n parados.","robots":{"index":"index","follow":"follow","max-snippet":"max-snippet:-1","max-image-preview":"max-image-preview:large","max-video-preview":"max-video-preview:-1"},"canonical":"https:\/\/reporteroshoy.mx\/noticias\/no-se-vale-que-yucatan-tenga-las-tarifas-mas-altas-de-energia-electrica\/","og_locale":"es_ES","og_type":"article","og_title":"\u201cNo se vale que Yucat\u00e1n tenga las tarifas m\u00e1s altas de energ\u00eda el\u00e9ctrica\u201d","og_description":"Durante un encuentro con empresarios locales, el secretario de Gobernaci\u00f3n, Ad\u00e1n Augusto L\u00f3pez Hern\u00e1ndez se comprometi\u00f3 a revisar las tarifas el\u00e9ctricas y destrabar los permisos para los 19 proyectos de energ\u00edas limpias que est\u00e1n parados.","og_url":"https:\/\/reporteroshoy.mx\/noticias\/no-se-vale-que-yucatan-tenga-las-tarifas-mas-altas-de-energia-electrica\/","og_site_name":"Reporteros Hoy | Noticias de Yucat\u00e1n","article_publisher":"http:\/\/www.facebook.com\/reporteroshoymx","article_published_time":"2022-07-22T02:36:51+00:00","article_modified_time":"2022-07-22T02:46:09+00:00","og_image":[{"width":768,"height":508,"url":"https:\/\/reporteroshoy.mx\/noticias\/wp-content\/uploads\/2022\/07\/ADAN-AUGUSTO-1-scaled.jpeg","type":"image\/jpeg"}],"author":"Reporteros Hoy IM","twitter_card":"summary_large_image","twitter_creator":"@reporteroshoy","twitter_site":"@reporteroshoy","twitter_misc":{"Escrito por":"Reporteros Hoy IM","Tiempo de lectura":"3 minutos"},"schema":{"@context":"https:\/\/schema.org","@graph":[{"@type":"Article","@id":"https:\/\/reporteroshoy.mx\/noticias\/no-se-vale-que-yucatan-tenga-las-tarifas-mas-altas-de-energia-electrica\/#article","isPartOf":{"@id":"https:\/\/reporteroshoy.mx\/noticias\/no-se-vale-que-yucatan-tenga-las-tarifas-mas-altas-de-energia-electrica\/"},"author":{"name":"Reporteros Hoy IM","@id":"https:\/\/reporteroshoy.mx\/noticias\/#\/schema\/person\/948520f0d88b01be2e5266bc4acbbc15"},"headline":"\u201cNo se vale que Yucat\u00e1n tenga las tarifas m\u00e1s altas de energ\u00eda el\u00e9ctrica\u201d","datePublished":"2022-07-22T02:36:51+00:00","dateModified":"2022-07-22T02:46:09+00:00","mainEntityOfPage":{"@id":"https:\/\/reporteroshoy.mx\/noticias\/no-se-vale-que-yucatan-tenga-las-tarifas-mas-altas-de-energia-electrica\/"},"wordCount":488,"commentCount":0,"image":{"@id":"https:\/\/reporteroshoy.mx\/noticias\/no-se-vale-que-yucatan-tenga-las-tarifas-mas-altas-de-energia-electrica\/#primaryimage"},"thumbnailUrl":"https:\/\/reporteroshoy.mx\/noticias\/wp-content\/uploads\/2022\/07\/ADAN-AUGUSTO-1-scaled.jpeg","keywords":["Ad\u00e1n Augusto L\u00f3pez Hern\u00e1ndez","Empresarios","Yucat\u00e1n"],"articleSection":["Yucat\u00e1n"],"inLanguage":"es","potentialAction":[{"@type":"CommentAction","name":"Comment","target":["https:\/\/reporteroshoy.mx\/noticias\/no-se-vale-que-yucatan-tenga-las-tarifas-mas-altas-de-energia-electrica\/#respond"]}]},{"@type":"WebPage","@id":"https:\/\/reporteroshoy.mx\/noticias\/no-se-vale-que-yucatan-tenga-las-tarifas-mas-altas-de-energia-electrica\/","url":"https:\/\/reporteroshoy.mx\/noticias\/no-se-vale-que-yucatan-tenga-las-tarifas-mas-altas-de-energia-electrica\/","name":"\u201cNo se vale que Yucat\u00e1n tenga las tarifas m\u00e1s altas de energ\u00eda el\u00e9ctrica\u201d","isPartOf":{"@id":"https:\/\/reporteroshoy.mx\/noticias\/#website"},"primaryImageOfPage":{"@id":"https:\/\/reporteroshoy.mx\/noticias\/no-se-vale-que-yucatan-tenga-las-tarifas-mas-altas-de-energia-electrica\/#primaryimage"},"image":{"@id":"https:\/\/reporteroshoy.mx\/noticias\/no-se-vale-que-yucatan-tenga-las-tarifas-mas-altas-de-energia-electrica\/#primaryimage"},"thumbnailUrl":"https:\/\/reporteroshoy.mx\/noticias\/wp-content\/uploads\/2022\/07\/ADAN-AUGUSTO-1-scaled.jpeg","datePublished":"2022-07-22T02:36:51+00:00","dateModified":"2022-07-22T02:46:09+00:00","author":{"@id":"https:\/\/reporteroshoy.mx\/noticias\/#\/schema\/person\/948520f0d88b01be2e5266bc4acbbc15"},"description":"Durante un encuentro con empresarios locales, el secretario de Gobernaci\u00f3n, Ad\u00e1n Augusto L\u00f3pez Hern\u00e1ndez se comprometi\u00f3 a revisar las tarifas el\u00e9ctricas y destrabar los permisos para los 19 proyectos de energ\u00edas limpias que est\u00e1n parados.","breadcrumb":{"@id":"https:\/\/reporteroshoy.mx\/noticias\/no-se-vale-que-yucatan-tenga-las-tarifas-mas-altas-de-energia-electrica\/#breadcrumb"},"inLanguage":"es","potentialAction":[{"@type":"ReadAction","target":["https:\/\/reporteroshoy.mx\/noticias\/no-se-vale-que-yucatan-tenga-las-tarifas-mas-altas-de-energia-electrica\/"]}]},{"@type":"ImageObject","inLanguage":"es","@id":"https:\/\/reporteroshoy.mx\/noticias\/no-se-vale-que-yucatan-tenga-las-tarifas-mas-altas-de-energia-electrica\/#primaryimage","url":"https:\/\/reporteroshoy.mx\/noticias\/wp-content\/uploads\/2022\/07\/ADAN-AUGUSTO-1-scaled.jpeg","contentUrl":"https:\/\/reporteroshoy.mx\/noticias\/wp-content\/uploads\/2022\/07\/ADAN-AUGUSTO-1-scaled.jpeg","width":768,"height":508},{"@type":"BreadcrumbList","@id":"https:\/\/reporteroshoy.mx\/noticias\/no-se-vale-que-yucatan-tenga-las-tarifas-mas-altas-de-energia-electrica\/#breadcrumb","itemListElement":[{"@type":"ListItem","position":1,"name":"Portada","item":"https:\/\/reporteroshoy.mx\/noticias\/"},{"@type":"ListItem","position":2,"name":"\u201cNo se vale que Yucat\u00e1n tenga las tarifas m\u00e1s altas de energ\u00eda el\u00e9ctrica\u201d"}]},{"@type":"WebSite","@id":"https:\/\/reporteroshoy.mx\/noticias\/#website","url":"https:\/\/reporteroshoy.mx\/noticias\/","name":"Reporteros Hoy | Noticias de Yucat\u00e1n","description":"Peri\u00f3dico digital con noticias diarias desde M\u00e9rida, Yucat\u00e1n para el mundo.","potentialAction":[{"@type":"SearchAction","target":{"@type":"EntryPoint","urlTemplate":"https:\/\/reporteroshoy.mx\/noticias\/?s={search_term_string}"},"query-input":{"@type":"PropertyValueSpecification","valueRequired":true,"valueName":"search_term_string"}}],"inLanguage":"es"},{"@type":"Person","@id":"https:\/\/reporteroshoy.mx\/noticias\/#\/schema\/person\/948520f0d88b01be2e5266bc4acbbc15","name":"Reporteros Hoy IM","image":{"@type":"ImageObject","inLanguage":"es","@id":"https:\/\/secure.gravatar.com\/avatar\/d843030b96552826ac048bdfe26f2895604b800ed0c880ee55765a74d95dfc65?s=96&d=mm&r=g","url":"https:\/\/secure.gravatar.com\/avatar\/d843030b96552826ac048bdfe26f2895604b800ed0c880ee55765a74d95dfc65?s=96&d=mm&r=g","contentUrl":"https:\/\/secure.gravatar.com\/avatar\/d843030b96552826ac048bdfe26f2895604b800ed0c880ee55765a74d95dfc65?s=96&d=mm&r=g","caption":"Reporteros Hoy IM"},"url":"https:\/\/reporteroshoy.mx\/noticias\/author\/israel\/"}]}},"_links":{"self":[{"href":"https:\/\/reporteroshoy.mx\/noticias\/wp-json\/wp\/v2\/posts\/89590","targetHints":{"allow":["GET"]}}],"collection":[{"href":"https:\/\/reporteroshoy.mx\/noticias\/wp-json\/wp\/v2\/posts"}],"about":[{"href":"https:\/\/reporteroshoy.mx\/noticias\/wp-json\/wp\/v2\/types\/post"}],"author":[{"embeddable":true,"href":"https:\/\/reporteroshoy.mx\/noticias\/wp-json\/wp\/v2\/users\/5"}],"replies":[{"embeddable":true,"href":"https:\/\/reporteroshoy.mx\/noticias\/wp-json\/wp\/v2\/comments?post=89590"}],"version-history":[{"count":0,"href":"https:\/\/reporteroshoy.mx\/noticias\/wp-json\/wp\/v2\/posts\/89590\/revisions"}],"wp:featuredmedia":[{"embeddable":true,"href":"https:\/\/reporteroshoy.mx\/noticias\/wp-json\/wp\/v2\/media\/89589"}],"wp:attachment":[{"href":"https:\/\/reporteroshoy.mx\/noticias\/wp-json\/wp\/v2\/media?parent=89590"}],"wp:term":[{"taxonomy":"category","embeddable":true,"href":"https:\/\/reporteroshoy.mx\/noticias\/wp-json\/wp\/v2\/categories?post=89590"},{"taxonomy":"post_tag","embeddable":true,"href":"https:\/\/reporteroshoy.mx\/noticias\/wp-json\/wp\/v2\/tags?post=89590"}],"curies":[{"name":"wp","href":"https:\/\/api.w.org\/{rel}","templated":true}]}}