{"id":89693,"date":"2022-07-23T17:38:18","date_gmt":"2022-07-23T22:38:18","guid":{"rendered":"https:\/\/reporteroshoy.mx\/noticias\/?p=89693"},"modified":"2022-07-23T17:38:18","modified_gmt":"2022-07-23T22:38:18","slug":"incumplido-padre-va-a-proceso-por-no-dar-manutencion","status":"publish","type":"post","link":"https:\/\/reporteroshoy.mx\/noticias\/incumplido-padre-va-a-proceso-por-no-dar-manutencion\/","title":{"rendered":"Incumplido padre va a proceso por no dar manutenci\u00f3n"},"content":{"rendered":"<p dir=\"ltr\" style=\"text-align: justify;\">M\u00e9rida, Yucat\u00e1n; 23 de julio de 2022.- La Fiscal\u00eda General del Estado (FGE) aport\u00f3 los datos de prueba por el delito de incumplimiento de las obligaciones de asistencia familiar, que permitieron vincular a proceso a F.J.C.X., por no pagar la manutenci\u00f3n de su hijo menor de edad.<\/p>\n<p dir=\"ltr\" style=\"text-align: justify;\">Tras la denuncia interpuesta, la investigaci\u00f3n realizada por los especialistas de la Fiscal\u00eda estableci\u00f3 que el imputado y la denunciante contrajeron matrimonio en febrero del a\u00f1o 2006 y de esta relaci\u00f3n procrearon un hijo, actualmente menor de edad y de identidad reservada, pero se separaron y en enero del a\u00f1o 2019 el encausado abandon\u00f3 el domicilio familiar y desde esa fecha no ha proporcionado dinero para el sustento del menor, por lo que se interpuso la denuncia que deriv\u00f3 en la causa penal 190\/2022.<\/p>\n<p dir=\"ltr\"><img loading=\"lazy\" decoding=\"async\" class=\"wp-image-74666 aligncenter\" src=\"https:\/\/reporteroshoy.mx\/noticias\/wp-content\/uploads\/2021\/10\/Manutencion.jpg\" alt=\"\" width=\"598\" height=\"337\" \/><\/p>\n<p dir=\"ltr\" style=\"text-align: justify;\">En la audiencia realizada en el Centro de Justicia Oral de M\u00e9rida, los fiscales de litigaci\u00f3n expusieron los datos de prueba y solicitaron se resolviera la situaci\u00f3n legal del encausado, por lo que la Juez Segunda de Control decret\u00f3 el citado auto de vinculaci\u00f3n a proceso y otorg\u00f3 adem\u00e1s un plazo de tres meses para el cierre de la investigaci\u00f3n complementaria.<\/p>\n<p dir=\"ltr\" style=\"text-align: justify;\">Por \u00faltimo, antes de concluir la audiencia, se ratificaron las medidas cautelares impuestas en la audiencia inicial que consisten en acudir a firmar los primeros d\u00edas de cada mes, la prohibici\u00f3n de salir del Estado sin autorizaci\u00f3n judicial, mismas medidas que estar\u00e1n vigentes por todo el tiempo que dure el proceso.<\/p>\n","protected":false},"excerpt":{"rendered":"<p>Desde el 2019 el procesado abandon\u00f3 el domicilio familiar y desde esa fecha no ha proporcionado dinero para el sustento de su hijo.<\/p>\n","protected":false},"author":9,"featured_media":74666,"comment_status":"open","ping_status":"closed","sticky":false,"template":"","format":"standard","meta":{"footnotes":""},"categories":[14],"tags":[431,8702],"class_list":["post-89693","post","type-post","status-publish","format-standard","has-post-thumbnail","hentry","category-policia","tag-fge","tag-manutencion"],"yoast_head":"<!-- This site is optimized with the Yoast SEO plugin v28.3 - https:\/\/yoast.com\/product\/yoast-seo-wordpress\/ -->\n<title>Incumplido padre va a proceso por no dar manutenci\u00f3n<\/title>\n<meta name=\"description\" content=\"Desde el 2019 el procesado abandon\u00f3 el domicilio familiar y desde esa fecha no ha proporcionado dinero para el sustento de su hijo.\" \/>\n<meta name=\"robots\" content=\"index, follow, max-snippet:-1, max-image-preview:large, max-video-preview:-1\" \/>\n<link rel=\"canonical\" href=\"https:\/\/reporteroshoy.mx\/noticias\/incumplido-padre-va-a-proceso-por-no-dar-manutencion\/\" \/>\n<meta property=\"og:locale\" content=\"es_ES\" \/>\n<meta property=\"og:type\" content=\"article\" \/>\n<meta property=\"og:title\" content=\"Incumplido padre va a proceso por no dar manutenci\u00f3n\" \/>\n<meta property=\"og:description\" content=\"Desde el 2019 el procesado abandon\u00f3 el domicilio familiar y desde esa fecha no ha proporcionado dinero para el sustento de su hijo.\" \/>\n<meta property=\"og:url\" content=\"https:\/\/reporteroshoy.mx\/noticias\/incumplido-padre-va-a-proceso-por-no-dar-manutencion\/\" \/>\n<meta property=\"og:site_name\" content=\"Reporteros Hoy | Noticias de Yucat\u00e1n\" \/>\n<meta property=\"article:publisher\" content=\"http:\/\/www.facebook.com\/reporteroshoymx\" \/>\n<meta property=\"article:published_time\" content=\"2022-07-23T22:38:18+00:00\" \/>\n<meta property=\"og:image\" content=\"https:\/\/reporteroshoy.mx\/noticias\/wp-content\/uploads\/2021\/10\/Manutencion.jpg\" \/>\n\t<meta property=\"og:image:width\" content=\"768\" \/>\n\t<meta property=\"og:image:height\" content=\"432\" \/>\n\t<meta property=\"og:image:type\" content=\"image\/jpeg\" \/>\n<meta name=\"author\" content=\"Reporteros Hoy WP\" \/>\n<meta name=\"twitter:card\" content=\"summary_large_image\" \/>\n<meta name=\"twitter:creator\" content=\"@reporteroshoy\" \/>\n<meta name=\"twitter:site\" content=\"@reporteroshoy\" \/>\n<meta name=\"twitter:label1\" content=\"Escrito por\" \/>\n\t<meta name=\"twitter:data1\" content=\"Reporteros Hoy WP\" \/>\n\t<meta name=\"twitter:label2\" content=\"Tiempo de lectura\" \/>\n\t<meta name=\"twitter:data2\" content=\"2 minutos\" \/>\n<script type=\"application\/ld+json\" class=\"yoast-schema-graph\">{\"@context\":\"https:\\\/\\\/schema.org\",\"@graph\":[{\"@type\":\"Article\",\"@id\":\"https:\\\/\\\/reporteroshoy.mx\\\/noticias\\\/incumplido-padre-va-a-proceso-por-no-dar-manutencion\\\/#article\",\"isPartOf\":{\"@id\":\"https:\\\/\\\/reporteroshoy.mx\\\/noticias\\\/incumplido-padre-va-a-proceso-por-no-dar-manutencion\\\/\"},\"author\":{\"name\":\"Reporteros Hoy WP\",\"@id\":\"https:\\\/\\\/reporteroshoy.mx\\\/noticias\\\/#\\\/schema\\\/person\\\/c977527e57c958a62c5cefe8fe47876e\"},\"headline\":\"Incumplido padre va a proceso por no dar manutenci\u00f3n\",\"datePublished\":\"2022-07-23T22:38:18+00:00\",\"mainEntityOfPage\":{\"@id\":\"https:\\\/\\\/reporteroshoy.mx\\\/noticias\\\/incumplido-padre-va-a-proceso-por-no-dar-manutencion\\\/\"},\"wordCount\":271,\"commentCount\":0,\"image\":{\"@id\":\"https:\\\/\\\/reporteroshoy.mx\\\/noticias\\\/incumplido-padre-va-a-proceso-por-no-dar-manutencion\\\/#primaryimage\"},\"thumbnailUrl\":\"https:\\\/\\\/reporteroshoy.mx\\\/noticias\\\/wp-content\\\/uploads\\\/2021\\\/10\\\/Manutencion.jpg\",\"keywords\":[\"FGE\",\"Manutenci\u00f3n\"],\"articleSection\":[\"Polic\u00eda\"],\"inLanguage\":\"es\",\"potentialAction\":[{\"@type\":\"CommentAction\",\"name\":\"Comment\",\"target\":[\"https:\\\/\\\/reporteroshoy.mx\\\/noticias\\\/incumplido-padre-va-a-proceso-por-no-dar-manutencion\\\/#respond\"]}]},{\"@type\":\"WebPage\",\"@id\":\"https:\\\/\\\/reporteroshoy.mx\\\/noticias\\\/incumplido-padre-va-a-proceso-por-no-dar-manutencion\\\/\",\"url\":\"https:\\\/\\\/reporteroshoy.mx\\\/noticias\\\/incumplido-padre-va-a-proceso-por-no-dar-manutencion\\\/\",\"name\":\"Incumplido padre va a proceso por no dar manutenci\u00f3n\",\"isPartOf\":{\"@id\":\"https:\\\/\\\/reporteroshoy.mx\\\/noticias\\\/#website\"},\"primaryImageOfPage\":{\"@id\":\"https:\\\/\\\/reporteroshoy.mx\\\/noticias\\\/incumplido-padre-va-a-proceso-por-no-dar-manutencion\\\/#primaryimage\"},\"image\":{\"@id\":\"https:\\\/\\\/reporteroshoy.mx\\\/noticias\\\/incumplido-padre-va-a-proceso-por-no-dar-manutencion\\\/#primaryimage\"},\"thumbnailUrl\":\"https:\\\/\\\/reporteroshoy.mx\\\/noticias\\\/wp-content\\\/uploads\\\/2021\\\/10\\\/Manutencion.jpg\",\"datePublished\":\"2022-07-23T22:38:18+00:00\",\"author\":{\"@id\":\"https:\\\/\\\/reporteroshoy.mx\\\/noticias\\\/#\\\/schema\\\/person\\\/c977527e57c958a62c5cefe8fe47876e\"},\"description\":\"Desde el 2019 el procesado abandon\u00f3 el domicilio familiar y desde esa fecha no ha proporcionado dinero para el sustento de su hijo.\",\"breadcrumb\":{\"@id\":\"https:\\\/\\\/reporteroshoy.mx\\\/noticias\\\/incumplido-padre-va-a-proceso-por-no-dar-manutencion\\\/#breadcrumb\"},\"inLanguage\":\"es\",\"potentialAction\":[{\"@type\":\"ReadAction\",\"target\":[\"https:\\\/\\\/reporteroshoy.mx\\\/noticias\\\/incumplido-padre-va-a-proceso-por-no-dar-manutencion\\\/\"]}]},{\"@type\":\"ImageObject\",\"inLanguage\":\"es\",\"@id\":\"https:\\\/\\\/reporteroshoy.mx\\\/noticias\\\/incumplido-padre-va-a-proceso-por-no-dar-manutencion\\\/#primaryimage\",\"url\":\"https:\\\/\\\/reporteroshoy.mx\\\/noticias\\\/wp-content\\\/uploads\\\/2021\\\/10\\\/Manutencion.jpg\",\"contentUrl\":\"https:\\\/\\\/reporteroshoy.mx\\\/noticias\\\/wp-content\\\/uploads\\\/2021\\\/10\\\/Manutencion.jpg\",\"width\":768,\"height\":432},{\"@type\":\"BreadcrumbList\",\"@id\":\"https:\\\/\\\/reporteroshoy.mx\\\/noticias\\\/incumplido-padre-va-a-proceso-por-no-dar-manutencion\\\/#breadcrumb\",\"itemListElement\":[{\"@type\":\"ListItem\",\"position\":1,\"name\":\"Portada\",\"item\":\"https:\\\/\\\/reporteroshoy.mx\\\/noticias\\\/\"},{\"@type\":\"ListItem\",\"position\":2,\"name\":\"Incumplido padre va a proceso por no dar manutenci\u00f3n\"}]},{\"@type\":\"WebSite\",\"@id\":\"https:\\\/\\\/reporteroshoy.mx\\\/noticias\\\/#website\",\"url\":\"https:\\\/\\\/reporteroshoy.mx\\\/noticias\\\/\",\"name\":\"Reporteros Hoy | Noticias de Yucat\u00e1n\",\"description\":\"Peri\u00f3dico digital con noticias diarias desde M\u00e9rida, Yucat\u00e1n para el mundo.\",\"potentialAction\":[{\"@type\":\"SearchAction\",\"target\":{\"@type\":\"EntryPoint\",\"urlTemplate\":\"https:\\\/\\\/reporteroshoy.mx\\\/noticias\\\/?s={search_term_string}\"},\"query-input\":{\"@type\":\"PropertyValueSpecification\",\"valueRequired\":true,\"valueName\":\"search_term_string\"}}],\"inLanguage\":\"es\"},{\"@type\":\"Person\",\"@id\":\"https:\\\/\\\/reporteroshoy.mx\\\/noticias\\\/#\\\/schema\\\/person\\\/c977527e57c958a62c5cefe8fe47876e\",\"name\":\"Reporteros Hoy WP\",\"image\":{\"@type\":\"ImageObject\",\"inLanguage\":\"es\",\"@id\":\"https:\\\/\\\/secure.gravatar.com\\\/avatar\\\/fd2917f79a7dae30f8ac9ddc2f35e1756bb59e25e01d1cd09deaa64df7b2f73e?s=96&d=mm&r=g\",\"url\":\"https:\\\/\\\/secure.gravatar.com\\\/avatar\\\/fd2917f79a7dae30f8ac9ddc2f35e1756bb59e25e01d1cd09deaa64df7b2f73e?s=96&d=mm&r=g\",\"contentUrl\":\"https:\\\/\\\/secure.gravatar.com\\\/avatar\\\/fd2917f79a7dae30f8ac9ddc2f35e1756bb59e25e01d1cd09deaa64df7b2f73e?s=96&d=mm&r=g\",\"caption\":\"Reporteros Hoy WP\"},\"url\":\"https:\\\/\\\/reporteroshoy.mx\\\/noticias\\\/author\\\/walfer\\\/\"}]}<\/script>\n<!-- \/ Yoast SEO plugin. -->","yoast_head_json":{"title":"Incumplido padre va a proceso por no dar manutenci\u00f3n","description":"Desde el 2019 el procesado abandon\u00f3 el domicilio familiar y desde esa fecha no ha proporcionado dinero para el sustento de su hijo.","robots":{"index":"index","follow":"follow","max-snippet":"max-snippet:-1","max-image-preview":"max-image-preview:large","max-video-preview":"max-video-preview:-1"},"canonical":"https:\/\/reporteroshoy.mx\/noticias\/incumplido-padre-va-a-proceso-por-no-dar-manutencion\/","og_locale":"es_ES","og_type":"article","og_title":"Incumplido padre va a proceso por no dar manutenci\u00f3n","og_description":"Desde el 2019 el procesado abandon\u00f3 el domicilio familiar y desde esa fecha no ha proporcionado dinero para el sustento de su hijo.","og_url":"https:\/\/reporteroshoy.mx\/noticias\/incumplido-padre-va-a-proceso-por-no-dar-manutencion\/","og_site_name":"Reporteros Hoy | Noticias de Yucat\u00e1n","article_publisher":"http:\/\/www.facebook.com\/reporteroshoymx","article_published_time":"2022-07-23T22:38:18+00:00","og_image":[{"width":768,"height":432,"url":"https:\/\/reporteroshoy.mx\/noticias\/wp-content\/uploads\/2021\/10\/Manutencion.jpg","type":"image\/jpeg"}],"author":"Reporteros Hoy WP","twitter_card":"summary_large_image","twitter_creator":"@reporteroshoy","twitter_site":"@reporteroshoy","twitter_misc":{"Escrito por":"Reporteros Hoy WP","Tiempo de lectura":"2 minutos"},"schema":{"@context":"https:\/\/schema.org","@graph":[{"@type":"Article","@id":"https:\/\/reporteroshoy.mx\/noticias\/incumplido-padre-va-a-proceso-por-no-dar-manutencion\/#article","isPartOf":{"@id":"https:\/\/reporteroshoy.mx\/noticias\/incumplido-padre-va-a-proceso-por-no-dar-manutencion\/"},"author":{"name":"Reporteros Hoy WP","@id":"https:\/\/reporteroshoy.mx\/noticias\/#\/schema\/person\/c977527e57c958a62c5cefe8fe47876e"},"headline":"Incumplido padre va a proceso por no dar manutenci\u00f3n","datePublished":"2022-07-23T22:38:18+00:00","mainEntityOfPage":{"@id":"https:\/\/reporteroshoy.mx\/noticias\/incumplido-padre-va-a-proceso-por-no-dar-manutencion\/"},"wordCount":271,"commentCount":0,"image":{"@id":"https:\/\/reporteroshoy.mx\/noticias\/incumplido-padre-va-a-proceso-por-no-dar-manutencion\/#primaryimage"},"thumbnailUrl":"https:\/\/reporteroshoy.mx\/noticias\/wp-content\/uploads\/2021\/10\/Manutencion.jpg","keywords":["FGE","Manutenci\u00f3n"],"articleSection":["Polic\u00eda"],"inLanguage":"es","potentialAction":[{"@type":"CommentAction","name":"Comment","target":["https:\/\/reporteroshoy.mx\/noticias\/incumplido-padre-va-a-proceso-por-no-dar-manutencion\/#respond"]}]},{"@type":"WebPage","@id":"https:\/\/reporteroshoy.mx\/noticias\/incumplido-padre-va-a-proceso-por-no-dar-manutencion\/","url":"https:\/\/reporteroshoy.mx\/noticias\/incumplido-padre-va-a-proceso-por-no-dar-manutencion\/","name":"Incumplido padre va a proceso por no dar manutenci\u00f3n","isPartOf":{"@id":"https:\/\/reporteroshoy.mx\/noticias\/#website"},"primaryImageOfPage":{"@id":"https:\/\/reporteroshoy.mx\/noticias\/incumplido-padre-va-a-proceso-por-no-dar-manutencion\/#primaryimage"},"image":{"@id":"https:\/\/reporteroshoy.mx\/noticias\/incumplido-padre-va-a-proceso-por-no-dar-manutencion\/#primaryimage"},"thumbnailUrl":"https:\/\/reporteroshoy.mx\/noticias\/wp-content\/uploads\/2021\/10\/Manutencion.jpg","datePublished":"2022-07-23T22:38:18+00:00","author":{"@id":"https:\/\/reporteroshoy.mx\/noticias\/#\/schema\/person\/c977527e57c958a62c5cefe8fe47876e"},"description":"Desde el 2019 el procesado abandon\u00f3 el domicilio familiar y desde esa fecha no ha proporcionado dinero para el sustento de su hijo.","breadcrumb":{"@id":"https:\/\/reporteroshoy.mx\/noticias\/incumplido-padre-va-a-proceso-por-no-dar-manutencion\/#breadcrumb"},"inLanguage":"es","potentialAction":[{"@type":"ReadAction","target":["https:\/\/reporteroshoy.mx\/noticias\/incumplido-padre-va-a-proceso-por-no-dar-manutencion\/"]}]},{"@type":"ImageObject","inLanguage":"es","@id":"https:\/\/reporteroshoy.mx\/noticias\/incumplido-padre-va-a-proceso-por-no-dar-manutencion\/#primaryimage","url":"https:\/\/reporteroshoy.mx\/noticias\/wp-content\/uploads\/2021\/10\/Manutencion.jpg","contentUrl":"https:\/\/reporteroshoy.mx\/noticias\/wp-content\/uploads\/2021\/10\/Manutencion.jpg","width":768,"height":432},{"@type":"BreadcrumbList","@id":"https:\/\/reporteroshoy.mx\/noticias\/incumplido-padre-va-a-proceso-por-no-dar-manutencion\/#breadcrumb","itemListElement":[{"@type":"ListItem","position":1,"name":"Portada","item":"https:\/\/reporteroshoy.mx\/noticias\/"},{"@type":"ListItem","position":2,"name":"Incumplido padre va a proceso por no dar manutenci\u00f3n"}]},{"@type":"WebSite","@id":"https:\/\/reporteroshoy.mx\/noticias\/#website","url":"https:\/\/reporteroshoy.mx\/noticias\/","name":"Reporteros Hoy | Noticias de Yucat\u00e1n","description":"Peri\u00f3dico digital con noticias diarias desde M\u00e9rida, Yucat\u00e1n para el mundo.","potentialAction":[{"@type":"SearchAction","target":{"@type":"EntryPoint","urlTemplate":"https:\/\/reporteroshoy.mx\/noticias\/?s={search_term_string}"},"query-input":{"@type":"PropertyValueSpecification","valueRequired":true,"valueName":"search_term_string"}}],"inLanguage":"es"},{"@type":"Person","@id":"https:\/\/reporteroshoy.mx\/noticias\/#\/schema\/person\/c977527e57c958a62c5cefe8fe47876e","name":"Reporteros Hoy WP","image":{"@type":"ImageObject","inLanguage":"es","@id":"https:\/\/secure.gravatar.com\/avatar\/fd2917f79a7dae30f8ac9ddc2f35e1756bb59e25e01d1cd09deaa64df7b2f73e?s=96&d=mm&r=g","url":"https:\/\/secure.gravatar.com\/avatar\/fd2917f79a7dae30f8ac9ddc2f35e1756bb59e25e01d1cd09deaa64df7b2f73e?s=96&d=mm&r=g","contentUrl":"https:\/\/secure.gravatar.com\/avatar\/fd2917f79a7dae30f8ac9ddc2f35e1756bb59e25e01d1cd09deaa64df7b2f73e?s=96&d=mm&r=g","caption":"Reporteros Hoy WP"},"url":"https:\/\/reporteroshoy.mx\/noticias\/author\/walfer\/"}]}},"_links":{"self":[{"href":"https:\/\/reporteroshoy.mx\/noticias\/wp-json\/wp\/v2\/posts\/89693","targetHints":{"allow":["GET"]}}],"collection":[{"href":"https:\/\/reporteroshoy.mx\/noticias\/wp-json\/wp\/v2\/posts"}],"about":[{"href":"https:\/\/reporteroshoy.mx\/noticias\/wp-json\/wp\/v2\/types\/post"}],"author":[{"embeddable":true,"href":"https:\/\/reporteroshoy.mx\/noticias\/wp-json\/wp\/v2\/users\/9"}],"replies":[{"embeddable":true,"href":"https:\/\/reporteroshoy.mx\/noticias\/wp-json\/wp\/v2\/comments?post=89693"}],"version-history":[{"count":0,"href":"https:\/\/reporteroshoy.mx\/noticias\/wp-json\/wp\/v2\/posts\/89693\/revisions"}],"wp:featuredmedia":[{"embeddable":true,"href":"https:\/\/reporteroshoy.mx\/noticias\/wp-json\/wp\/v2\/media\/74666"}],"wp:attachment":[{"href":"https:\/\/reporteroshoy.mx\/noticias\/wp-json\/wp\/v2\/media?parent=89693"}],"wp:term":[{"taxonomy":"category","embeddable":true,"href":"https:\/\/reporteroshoy.mx\/noticias\/wp-json\/wp\/v2\/categories?post=89693"},{"taxonomy":"post_tag","embeddable":true,"href":"https:\/\/reporteroshoy.mx\/noticias\/wp-json\/wp\/v2\/tags?post=89693"}],"curies":[{"name":"wp","href":"https:\/\/api.w.org\/{rel}","templated":true}]}}