{"id":89929,"date":"2022-07-28T21:13:59","date_gmt":"2022-07-29T02:13:59","guid":{"rendered":"https:\/\/reporteroshoy.mx\/noticias\/?p=89929"},"modified":"2022-07-28T21:13:59","modified_gmt":"2022-07-29T02:13:59","slug":"choque-de-motociclista-y-ataque-epileptico-movilizan-a-policias-de-kinchil","status":"publish","type":"post","link":"https:\/\/reporteroshoy.mx\/noticias\/choque-de-motociclista-y-ataque-epileptico-movilizan-a-policias-de-kinchil\/","title":{"rendered":"Choque de motociclista y ataque epil\u00e9ptico movilizan a polic\u00edas de Kinchil"},"content":{"rendered":"<p style=\"text-align: justify;\"><span style=\"color: #000000;\">Kinchil, Yucat\u00e1n; 28 de julio de 2022 (ACOM).- Movida tarde se registr\u00f3 ayer en Kinchil, iniciando con un choque de motociclistas en la calle 17 con 22 del centro de la localidad.\u00a0<\/span><\/p>\n<p style=\"text-align: justify;\"><span style=\"color: #000000;\">Manuel C. se vol\u00f3 el alto de disco de la primera v\u00eda, ocasionando que fuera impactado por el joven Ismael P., de 18 a\u00f1os, quien conduc\u00eda con preferencia su moto semiautom\u00e1tica rumbo a casa y no pudo esquivar al se\u00f1or.<\/span><\/p>\n<p><span style=\"color: #000000;\"><img loading=\"lazy\" decoding=\"async\" class=\"wp-image-89932 aligncenter\" src=\"https:\/\/reporteroshoy.mx\/noticias\/wp-content\/uploads\/2022\/07\/KINCHIL-POLI-NOTAS-2-scaled.jpeg\" alt=\"\" width=\"640\" height=\"465\" srcset=\"https:\/\/reporteroshoy.mx\/noticias\/wp-content\/uploads\/2022\/07\/KINCHIL-POLI-NOTAS-2-scaled.jpeg 768w, https:\/\/reporteroshoy.mx\/noticias\/wp-content\/uploads\/2022\/07\/KINCHIL-POLI-NOTAS-2-1536x1115.jpeg 1536w, https:\/\/reporteroshoy.mx\/noticias\/wp-content\/uploads\/2022\/07\/KINCHIL-POLI-NOTAS-2-2048x1487.jpeg 2048w, https:\/\/reporteroshoy.mx\/noticias\/wp-content\/uploads\/2022\/07\/KINCHIL-POLI-NOTAS-2-324x235.jpeg 324w\" sizes=\"auto, (max-width: 640px) 100vw, 640px\" \/><\/span><\/p>\n<p style=\"text-align: justify;\"><span style=\"color: #000000;\">Por suerte todo qued\u00f3 en un susto y visibles da\u00f1os materiales en los guardalodos de ambos veh\u00edculos motorizados.<\/span><\/p>\n<h4 style=\"text-align: justify;\"><span style=\"color: #000000;\"><strong>Convulsiona menor<\/strong><\/span><\/h4>\n<p style=\"text-align: justify;\"><span style=\"color: #000000;\">Fuerte movilizaci\u00f3n policiaca caus\u00f3 en la calle 28 de la colonia La Glorieta, donde un menor de aproximadamente 3 a\u00f1os convulsion\u00f3 al interior de su domicilio, por lo que sus padres tuvieron que llamar a los n\u00fameros de emergencia solicitando una ambulancia y la Polic\u00eda Municipal.<span class=\"Apple-converted-space\">\u00a0<\/span><\/span><\/p>\n<p><span style=\"color: #000000;\"><img loading=\"lazy\" decoding=\"async\" class=\"wp-image-89931 aligncenter\" src=\"https:\/\/reporteroshoy.mx\/noticias\/wp-content\/uploads\/2022\/07\/KINCHIL-POLI-NOTAS-1-scaled.jpg\" alt=\"\" width=\"629\" height=\"513\" \/><\/span><\/p>\n<p style=\"text-align: justify;\"><span style=\"color: #000000;\">Al domicilio llegaron param\u00e9dicos de la unidad 21-L de la Secretar\u00eda de Seguridad P\u00fablica, en la cual ya estaba aparentemente estable el ni\u00f1o, sin embargo, mejor optaron por trasladar al infante al hospital O\u2019Hor\u00e1n de M\u00e9rida para descartar alguna lesi\u00f3n o secuela por el ataque epil\u00e9ptico.<\/span><\/p>\n","protected":false},"excerpt":{"rendered":"<p>Movida tarde se registr\u00f3 ayer en Kinchil, iniciando con un choque de motociclistas en la calle 17 con 22 del centro de la localidad.\u00a0<\/p>\n","protected":false},"author":2,"featured_media":89932,"comment_status":"open","ping_status":"closed","sticky":false,"template":"","format":"standard","meta":{"footnotes":""},"categories":[11],"tags":[10405,121,123],"class_list":["post-89929","post","type-post","status-publish","format-standard","has-post-thumbnail","hentry","category-municipios-de-yucatan","tag-choque-en-kinchil","tag-kinchil","tag-yucatan-poniente"],"yoast_head":"<!-- This site is optimized with the Yoast SEO plugin v28.4 - https:\/\/yoast.com\/product\/yoast-seo-wordpress\/ -->\n<title>Choque de motociclista y ataque epil\u00e9ptico movilizan a polic\u00edas de Kinchil<\/title>\n<meta name=\"description\" content=\"Movida tarde se registr\u00f3 ayer en Kinchil, iniciando con un choque de motociclistas en la calle 17 con 22 del centro de la localidad.\u00a0\" \/>\n<meta name=\"robots\" content=\"index, follow, max-snippet:-1, max-image-preview:large, max-video-preview:-1\" \/>\n<link rel=\"canonical\" href=\"https:\/\/reporteroshoy.mx\/noticias\/choque-de-motociclista-y-ataque-epileptico-movilizan-a-policias-de-kinchil\/\" \/>\n<meta property=\"og:locale\" content=\"es_ES\" \/>\n<meta property=\"og:type\" content=\"article\" \/>\n<meta property=\"og:title\" content=\"Choque de motociclista y ataque epil\u00e9ptico movilizan a polic\u00edas de Kinchil\" \/>\n<meta property=\"og:description\" content=\"Movida tarde se registr\u00f3 ayer en Kinchil, iniciando con un choque de motociclistas en la calle 17 con 22 del centro de la localidad.\u00a0\" \/>\n<meta property=\"og:url\" content=\"https:\/\/reporteroshoy.mx\/noticias\/choque-de-motociclista-y-ataque-epileptico-movilizan-a-policias-de-kinchil\/\" \/>\n<meta property=\"og:site_name\" content=\"Reporteros Hoy | Noticias de Yucat\u00e1n\" \/>\n<meta property=\"article:publisher\" content=\"http:\/\/www.facebook.com\/reporteroshoymx\" \/>\n<meta property=\"article:published_time\" content=\"2022-07-29T02:13:59+00:00\" \/>\n<meta property=\"og:image\" content=\"https:\/\/reporteroshoy.mx\/noticias\/wp-content\/uploads\/2022\/07\/KINCHIL-POLI-NOTAS-2-scaled.jpeg\" \/>\n\t<meta property=\"og:image:width\" content=\"768\" \/>\n\t<meta property=\"og:image:height\" content=\"558\" \/>\n\t<meta property=\"og:image:type\" content=\"image\/jpeg\" \/>\n<meta name=\"author\" content=\"Reporteros Hoy HY\" \/>\n<meta name=\"twitter:card\" content=\"summary_large_image\" \/>\n<meta name=\"twitter:creator\" content=\"@reporteroshoy\" \/>\n<meta name=\"twitter:site\" content=\"@reporteroshoy\" \/>\n<meta name=\"twitter:label1\" content=\"Escrito por\" \/>\n\t<meta name=\"twitter:data1\" content=\"Reporteros Hoy HY\" \/>\n\t<meta name=\"twitter:label2\" content=\"Tiempo de lectura\" \/>\n\t<meta name=\"twitter:data2\" content=\"2 minutos\" \/>\n<script type=\"application\/ld+json\" class=\"yoast-schema-graph\">{\"@context\":\"https:\\\/\\\/schema.org\",\"@graph\":[{\"@type\":\"Article\",\"@id\":\"https:\\\/\\\/reporteroshoy.mx\\\/noticias\\\/choque-de-motociclista-y-ataque-epileptico-movilizan-a-policias-de-kinchil\\\/#article\",\"isPartOf\":{\"@id\":\"https:\\\/\\\/reporteroshoy.mx\\\/noticias\\\/choque-de-motociclista-y-ataque-epileptico-movilizan-a-policias-de-kinchil\\\/\"},\"author\":{\"name\":\"Reporteros Hoy HY\",\"@id\":\"https:\\\/\\\/reporteroshoy.mx\\\/noticias\\\/#\\\/schema\\\/person\\\/d32189074678a9d41498d4248e29aac3\"},\"headline\":\"Choque de motociclista y ataque epil\u00e9ptico movilizan a polic\u00edas de Kinchil\",\"datePublished\":\"2022-07-29T02:13:59+00:00\",\"mainEntityOfPage\":{\"@id\":\"https:\\\/\\\/reporteroshoy.mx\\\/noticias\\\/choque-de-motociclista-y-ataque-epileptico-movilizan-a-policias-de-kinchil\\\/\"},\"wordCount\":212,\"commentCount\":0,\"image\":{\"@id\":\"https:\\\/\\\/reporteroshoy.mx\\\/noticias\\\/choque-de-motociclista-y-ataque-epileptico-movilizan-a-policias-de-kinchil\\\/#primaryimage\"},\"thumbnailUrl\":\"https:\\\/\\\/reporteroshoy.mx\\\/noticias\\\/wp-content\\\/uploads\\\/2022\\\/07\\\/KINCHIL-POLI-NOTAS-2-scaled.jpeg\",\"keywords\":[\"choque en Kinchil\",\"Kinchil\",\"Yucatan Poniente\"],\"articleSection\":[\"Municipios\"],\"inLanguage\":\"es\",\"potentialAction\":[{\"@type\":\"CommentAction\",\"name\":\"Comment\",\"target\":[\"https:\\\/\\\/reporteroshoy.mx\\\/noticias\\\/choque-de-motociclista-y-ataque-epileptico-movilizan-a-policias-de-kinchil\\\/#respond\"]}]},{\"@type\":\"WebPage\",\"@id\":\"https:\\\/\\\/reporteroshoy.mx\\\/noticias\\\/choque-de-motociclista-y-ataque-epileptico-movilizan-a-policias-de-kinchil\\\/\",\"url\":\"https:\\\/\\\/reporteroshoy.mx\\\/noticias\\\/choque-de-motociclista-y-ataque-epileptico-movilizan-a-policias-de-kinchil\\\/\",\"name\":\"Choque de motociclista y ataque epil\u00e9ptico movilizan a polic\u00edas de Kinchil\",\"isPartOf\":{\"@id\":\"https:\\\/\\\/reporteroshoy.mx\\\/noticias\\\/#website\"},\"primaryImageOfPage\":{\"@id\":\"https:\\\/\\\/reporteroshoy.mx\\\/noticias\\\/choque-de-motociclista-y-ataque-epileptico-movilizan-a-policias-de-kinchil\\\/#primaryimage\"},\"image\":{\"@id\":\"https:\\\/\\\/reporteroshoy.mx\\\/noticias\\\/choque-de-motociclista-y-ataque-epileptico-movilizan-a-policias-de-kinchil\\\/#primaryimage\"},\"thumbnailUrl\":\"https:\\\/\\\/reporteroshoy.mx\\\/noticias\\\/wp-content\\\/uploads\\\/2022\\\/07\\\/KINCHIL-POLI-NOTAS-2-scaled.jpeg\",\"datePublished\":\"2022-07-29T02:13:59+00:00\",\"author\":{\"@id\":\"https:\\\/\\\/reporteroshoy.mx\\\/noticias\\\/#\\\/schema\\\/person\\\/d32189074678a9d41498d4248e29aac3\"},\"description\":\"Movida tarde se registr\u00f3 ayer en Kinchil, iniciando con un choque de motociclistas en la calle 17 con 22 del centro de la localidad.\u00a0\",\"breadcrumb\":{\"@id\":\"https:\\\/\\\/reporteroshoy.mx\\\/noticias\\\/choque-de-motociclista-y-ataque-epileptico-movilizan-a-policias-de-kinchil\\\/#breadcrumb\"},\"inLanguage\":\"es\",\"potentialAction\":[{\"@type\":\"ReadAction\",\"target\":[\"https:\\\/\\\/reporteroshoy.mx\\\/noticias\\\/choque-de-motociclista-y-ataque-epileptico-movilizan-a-policias-de-kinchil\\\/\"]}]},{\"@type\":\"ImageObject\",\"inLanguage\":\"es\",\"@id\":\"https:\\\/\\\/reporteroshoy.mx\\\/noticias\\\/choque-de-motociclista-y-ataque-epileptico-movilizan-a-policias-de-kinchil\\\/#primaryimage\",\"url\":\"https:\\\/\\\/reporteroshoy.mx\\\/noticias\\\/wp-content\\\/uploads\\\/2022\\\/07\\\/KINCHIL-POLI-NOTAS-2-scaled.jpeg\",\"contentUrl\":\"https:\\\/\\\/reporteroshoy.mx\\\/noticias\\\/wp-content\\\/uploads\\\/2022\\\/07\\\/KINCHIL-POLI-NOTAS-2-scaled.jpeg\",\"width\":768,\"height\":558},{\"@type\":\"BreadcrumbList\",\"@id\":\"https:\\\/\\\/reporteroshoy.mx\\\/noticias\\\/choque-de-motociclista-y-ataque-epileptico-movilizan-a-policias-de-kinchil\\\/#breadcrumb\",\"itemListElement\":[{\"@type\":\"ListItem\",\"position\":1,\"name\":\"Portada\",\"item\":\"https:\\\/\\\/reporteroshoy.mx\\\/noticias\\\/\"},{\"@type\":\"ListItem\",\"position\":2,\"name\":\"Choque de motociclista y ataque epil\u00e9ptico movilizan a polic\u00edas de Kinchil\"}]},{\"@type\":\"WebSite\",\"@id\":\"https:\\\/\\\/reporteroshoy.mx\\\/noticias\\\/#website\",\"url\":\"https:\\\/\\\/reporteroshoy.mx\\\/noticias\\\/\",\"name\":\"Reporteros Hoy | Noticias de Yucat\u00e1n\",\"description\":\"Peri\u00f3dico digital con noticias diarias desde M\u00e9rida, Yucat\u00e1n para el mundo.\",\"potentialAction\":[{\"@type\":\"SearchAction\",\"target\":{\"@type\":\"EntryPoint\",\"urlTemplate\":\"https:\\\/\\\/reporteroshoy.mx\\\/noticias\\\/?s={search_term_string}\"},\"query-input\":{\"@type\":\"PropertyValueSpecification\",\"valueRequired\":true,\"valueName\":\"search_term_string\"}}],\"inLanguage\":\"es\"},{\"@type\":\"Person\",\"@id\":\"https:\\\/\\\/reporteroshoy.mx\\\/noticias\\\/#\\\/schema\\\/person\\\/d32189074678a9d41498d4248e29aac3\",\"name\":\"Reporteros Hoy HY\",\"image\":{\"@type\":\"ImageObject\",\"inLanguage\":\"es\",\"@id\":\"https:\\\/\\\/secure.gravatar.com\\\/avatar\\\/c539a82770f256437b35bda44650bb50f5fd4b7017f8b29672ed9f27a43cec47?s=96&d=mm&r=g\",\"url\":\"https:\\\/\\\/secure.gravatar.com\\\/avatar\\\/c539a82770f256437b35bda44650bb50f5fd4b7017f8b29672ed9f27a43cec47?s=96&d=mm&r=g\",\"contentUrl\":\"https:\\\/\\\/secure.gravatar.com\\\/avatar\\\/c539a82770f256437b35bda44650bb50f5fd4b7017f8b29672ed9f27a43cec47?s=96&d=mm&r=g\",\"caption\":\"Reporteros Hoy HY\"},\"url\":\"https:\\\/\\\/reporteroshoy.mx\\\/noticias\\\/author\\\/thelmo\\\/\"}]}<\/script>\n<!-- \/ Yoast SEO plugin. -->","yoast_head_json":{"title":"Choque de motociclista y ataque epil\u00e9ptico movilizan a polic\u00edas de Kinchil","description":"Movida tarde se registr\u00f3 ayer en Kinchil, iniciando con un choque de motociclistas en la calle 17 con 22 del centro de la localidad.\u00a0","robots":{"index":"index","follow":"follow","max-snippet":"max-snippet:-1","max-image-preview":"max-image-preview:large","max-video-preview":"max-video-preview:-1"},"canonical":"https:\/\/reporteroshoy.mx\/noticias\/choque-de-motociclista-y-ataque-epileptico-movilizan-a-policias-de-kinchil\/","og_locale":"es_ES","og_type":"article","og_title":"Choque de motociclista y ataque epil\u00e9ptico movilizan a polic\u00edas de Kinchil","og_description":"Movida tarde se registr\u00f3 ayer en Kinchil, iniciando con un choque de motociclistas en la calle 17 con 22 del centro de la localidad.\u00a0","og_url":"https:\/\/reporteroshoy.mx\/noticias\/choque-de-motociclista-y-ataque-epileptico-movilizan-a-policias-de-kinchil\/","og_site_name":"Reporteros Hoy | Noticias de Yucat\u00e1n","article_publisher":"http:\/\/www.facebook.com\/reporteroshoymx","article_published_time":"2022-07-29T02:13:59+00:00","og_image":[{"width":768,"height":558,"url":"https:\/\/reporteroshoy.mx\/noticias\/wp-content\/uploads\/2022\/07\/KINCHIL-POLI-NOTAS-2-scaled.jpeg","type":"image\/jpeg"}],"author":"Reporteros Hoy HY","twitter_card":"summary_large_image","twitter_creator":"@reporteroshoy","twitter_site":"@reporteroshoy","twitter_misc":{"Escrito por":"Reporteros Hoy HY","Tiempo de lectura":"2 minutos"},"schema":{"@context":"https:\/\/schema.org","@graph":[{"@type":"Article","@id":"https:\/\/reporteroshoy.mx\/noticias\/choque-de-motociclista-y-ataque-epileptico-movilizan-a-policias-de-kinchil\/#article","isPartOf":{"@id":"https:\/\/reporteroshoy.mx\/noticias\/choque-de-motociclista-y-ataque-epileptico-movilizan-a-policias-de-kinchil\/"},"author":{"name":"Reporteros Hoy HY","@id":"https:\/\/reporteroshoy.mx\/noticias\/#\/schema\/person\/d32189074678a9d41498d4248e29aac3"},"headline":"Choque de motociclista y ataque epil\u00e9ptico movilizan a polic\u00edas de Kinchil","datePublished":"2022-07-29T02:13:59+00:00","mainEntityOfPage":{"@id":"https:\/\/reporteroshoy.mx\/noticias\/choque-de-motociclista-y-ataque-epileptico-movilizan-a-policias-de-kinchil\/"},"wordCount":212,"commentCount":0,"image":{"@id":"https:\/\/reporteroshoy.mx\/noticias\/choque-de-motociclista-y-ataque-epileptico-movilizan-a-policias-de-kinchil\/#primaryimage"},"thumbnailUrl":"https:\/\/reporteroshoy.mx\/noticias\/wp-content\/uploads\/2022\/07\/KINCHIL-POLI-NOTAS-2-scaled.jpeg","keywords":["choque en Kinchil","Kinchil","Yucatan Poniente"],"articleSection":["Municipios"],"inLanguage":"es","potentialAction":[{"@type":"CommentAction","name":"Comment","target":["https:\/\/reporteroshoy.mx\/noticias\/choque-de-motociclista-y-ataque-epileptico-movilizan-a-policias-de-kinchil\/#respond"]}]},{"@type":"WebPage","@id":"https:\/\/reporteroshoy.mx\/noticias\/choque-de-motociclista-y-ataque-epileptico-movilizan-a-policias-de-kinchil\/","url":"https:\/\/reporteroshoy.mx\/noticias\/choque-de-motociclista-y-ataque-epileptico-movilizan-a-policias-de-kinchil\/","name":"Choque de motociclista y ataque epil\u00e9ptico movilizan a polic\u00edas de Kinchil","isPartOf":{"@id":"https:\/\/reporteroshoy.mx\/noticias\/#website"},"primaryImageOfPage":{"@id":"https:\/\/reporteroshoy.mx\/noticias\/choque-de-motociclista-y-ataque-epileptico-movilizan-a-policias-de-kinchil\/#primaryimage"},"image":{"@id":"https:\/\/reporteroshoy.mx\/noticias\/choque-de-motociclista-y-ataque-epileptico-movilizan-a-policias-de-kinchil\/#primaryimage"},"thumbnailUrl":"https:\/\/reporteroshoy.mx\/noticias\/wp-content\/uploads\/2022\/07\/KINCHIL-POLI-NOTAS-2-scaled.jpeg","datePublished":"2022-07-29T02:13:59+00:00","author":{"@id":"https:\/\/reporteroshoy.mx\/noticias\/#\/schema\/person\/d32189074678a9d41498d4248e29aac3"},"description":"Movida tarde se registr\u00f3 ayer en Kinchil, iniciando con un choque de motociclistas en la calle 17 con 22 del centro de la localidad.\u00a0","breadcrumb":{"@id":"https:\/\/reporteroshoy.mx\/noticias\/choque-de-motociclista-y-ataque-epileptico-movilizan-a-policias-de-kinchil\/#breadcrumb"},"inLanguage":"es","potentialAction":[{"@type":"ReadAction","target":["https:\/\/reporteroshoy.mx\/noticias\/choque-de-motociclista-y-ataque-epileptico-movilizan-a-policias-de-kinchil\/"]}]},{"@type":"ImageObject","inLanguage":"es","@id":"https:\/\/reporteroshoy.mx\/noticias\/choque-de-motociclista-y-ataque-epileptico-movilizan-a-policias-de-kinchil\/#primaryimage","url":"https:\/\/reporteroshoy.mx\/noticias\/wp-content\/uploads\/2022\/07\/KINCHIL-POLI-NOTAS-2-scaled.jpeg","contentUrl":"https:\/\/reporteroshoy.mx\/noticias\/wp-content\/uploads\/2022\/07\/KINCHIL-POLI-NOTAS-2-scaled.jpeg","width":768,"height":558},{"@type":"BreadcrumbList","@id":"https:\/\/reporteroshoy.mx\/noticias\/choque-de-motociclista-y-ataque-epileptico-movilizan-a-policias-de-kinchil\/#breadcrumb","itemListElement":[{"@type":"ListItem","position":1,"name":"Portada","item":"https:\/\/reporteroshoy.mx\/noticias\/"},{"@type":"ListItem","position":2,"name":"Choque de motociclista y ataque epil\u00e9ptico movilizan a polic\u00edas de Kinchil"}]},{"@type":"WebSite","@id":"https:\/\/reporteroshoy.mx\/noticias\/#website","url":"https:\/\/reporteroshoy.mx\/noticias\/","name":"Reporteros Hoy | Noticias de Yucat\u00e1n","description":"Peri\u00f3dico digital con noticias diarias desde M\u00e9rida, Yucat\u00e1n para el mundo.","potentialAction":[{"@type":"SearchAction","target":{"@type":"EntryPoint","urlTemplate":"https:\/\/reporteroshoy.mx\/noticias\/?s={search_term_string}"},"query-input":{"@type":"PropertyValueSpecification","valueRequired":true,"valueName":"search_term_string"}}],"inLanguage":"es"},{"@type":"Person","@id":"https:\/\/reporteroshoy.mx\/noticias\/#\/schema\/person\/d32189074678a9d41498d4248e29aac3","name":"Reporteros Hoy HY","image":{"@type":"ImageObject","inLanguage":"es","@id":"https:\/\/secure.gravatar.com\/avatar\/c539a82770f256437b35bda44650bb50f5fd4b7017f8b29672ed9f27a43cec47?s=96&d=mm&r=g","url":"https:\/\/secure.gravatar.com\/avatar\/c539a82770f256437b35bda44650bb50f5fd4b7017f8b29672ed9f27a43cec47?s=96&d=mm&r=g","contentUrl":"https:\/\/secure.gravatar.com\/avatar\/c539a82770f256437b35bda44650bb50f5fd4b7017f8b29672ed9f27a43cec47?s=96&d=mm&r=g","caption":"Reporteros Hoy HY"},"url":"https:\/\/reporteroshoy.mx\/noticias\/author\/thelmo\/"}]}},"_links":{"self":[{"href":"https:\/\/reporteroshoy.mx\/noticias\/wp-json\/wp\/v2\/posts\/89929","targetHints":{"allow":["GET"]}}],"collection":[{"href":"https:\/\/reporteroshoy.mx\/noticias\/wp-json\/wp\/v2\/posts"}],"about":[{"href":"https:\/\/reporteroshoy.mx\/noticias\/wp-json\/wp\/v2\/types\/post"}],"author":[{"embeddable":true,"href":"https:\/\/reporteroshoy.mx\/noticias\/wp-json\/wp\/v2\/users\/2"}],"replies":[{"embeddable":true,"href":"https:\/\/reporteroshoy.mx\/noticias\/wp-json\/wp\/v2\/comments?post=89929"}],"version-history":[{"count":0,"href":"https:\/\/reporteroshoy.mx\/noticias\/wp-json\/wp\/v2\/posts\/89929\/revisions"}],"wp:featuredmedia":[{"embeddable":true,"href":"https:\/\/reporteroshoy.mx\/noticias\/wp-json\/wp\/v2\/media\/89932"}],"wp:attachment":[{"href":"https:\/\/reporteroshoy.mx\/noticias\/wp-json\/wp\/v2\/media?parent=89929"}],"wp:term":[{"taxonomy":"category","embeddable":true,"href":"https:\/\/reporteroshoy.mx\/noticias\/wp-json\/wp\/v2\/categories?post=89929"},{"taxonomy":"post_tag","embeddable":true,"href":"https:\/\/reporteroshoy.mx\/noticias\/wp-json\/wp\/v2\/tags?post=89929"}],"curies":[{"name":"wp","href":"https:\/\/api.w.org\/{rel}","templated":true}]}}