{"id":89950,"date":"2022-07-29T14:42:38","date_gmt":"2022-07-29T19:42:38","guid":{"rendered":"https:\/\/reporteroshoy.mx\/noticias\/?p=89950"},"modified":"2022-07-29T14:42:38","modified_gmt":"2022-07-29T19:42:38","slug":"impiden-que-nombren-como-consejero-de-la-judicatura-a-violento-funcionario","status":"publish","type":"post","link":"https:\/\/reporteroshoy.mx\/noticias\/impiden-que-nombren-como-consejero-de-la-judicatura-a-violento-funcionario\/","title":{"rendered":"Impiden que nombren como consejero de la judicatura a violento funcionario"},"content":{"rendered":"<p style=\"text-align: justify;\">M\u00e9rida, Yucat\u00e1n; 29 de julio de 2022 (ACOM).- La agrupaci\u00f3n Agenda de las Mujeres por la Igualdad Sustantiva de Yucat\u00e1n (AMISY) advirti\u00f3 que existe la posibilidad de que una persona, identificada como Luis C., sea nombrado integrante del Consejo de la Judicatura del Poder Judicial del Estado, para lo cual, pidieron a este poder no realizar esta acci\u00f3n ya que es se\u00f1alado por incurrir en actos de violencia.<\/p>\n<p style=\"text-align: justify;\">\u00abLo anterior, por sus conocidos y p\u00fablicos antecedentes de violencia ejercida en contra de las ciudadanas J.O.A. y P de la R. Exigimos que las autoridades nombradas no tengan antecedentes de violencia que juzguen su modo honesto de vivir\u00bb, se\u00f1al\u00f3 Sandra Peniche, integrante de este grupo.<\/p>\n<p style=\"text-align: justify;\">Seg\u00fan AMISY, el nombramiento de esta persona estar\u00eda incurriendo con lo dispuesto en la llamada Ley 3 de 3 contra la violencia, medida que ya fue avalada por el Congreso estatal y por los 106 Ayuntamientos del Estado.<\/p>\n<p><img loading=\"lazy\" decoding=\"async\" class=\"wp-image-89951 aligncenter\" src=\"https:\/\/reporteroshoy.mx\/noticias\/wp-content\/uploads\/2022\/07\/AMISY.jpg\" alt=\"\" width=\"600\" height=\"338\" \/><\/p>\n<p style=\"text-align: justify;\">Asimismo, se\u00f1alaron que desde 2015, esta misma persona se\u00f1alada ya habr\u00eda sufrido consecuencias por sus actos, pues tampoco recibi\u00f3 la renovaci\u00f3n de su cargo como juez, para lo cual, solicitaron el acta en el que se da cuenta de ello.<\/p>\n<p style=\"text-align: justify;\">\u00abA fin de solicitar, a la urgente brevedad, copia certificada del acta en la que se hizo constar la determinaci\u00f3n del entonces pleno del Consejo de la Judicatura del Estado de no ratificar en su cargo de juez\u00bb, refiri\u00f3 Silvina Contreras, otra de las integrantes de AMISY.<\/p>\n<p dir=\"auto\" style=\"text-align: justify;\">La agrupaci\u00f3n dej\u00f3 en claro que conformar\u00e1 un observatorio estatal y municipal, a fin de denunciar a aquellas personas que puedan ser nombradas funcionarias y que tengan alguna denuncia por violencia.<\/p>\n<p style=\"text-align: justify;\">\u00abCon esto, vamos a poner a la mano de la ciudadan\u00eda la facilidad de hacernos llegar estas denuncias p\u00fablicas. C\u00f3mo nos enteramos de este caso, de los medios de comunicaci\u00f3n y las redes sociales, aunque tambi\u00e9n conocemos a personas afectadas que no podemos nombrar\u00bb, apunt\u00f3 Mar\u00eda Eugenia N\u00fa\u00f1ez Zapata.<\/p>\n<p class=\"elementToProof\" dir=\"auto\" style=\"text-align: justify;\">Se hizo llegar la petici\u00f3n para que el Poder Judicial no complete el nombramiento de la persona que se\u00f1alan, con lo que se dar\u00eda cumplimiento al mandato contra la violencia.<\/p>\n","protected":false},"excerpt":{"rendered":"<p>La Amisy advirti\u00f3 que el funcionario Luis Casanova tiene antecedentes por violencia lo cual no va contra la reciente Ley 3 de 3.<\/p>\n","protected":false},"author":9,"featured_media":89951,"comment_status":"open","ping_status":"closed","sticky":false,"template":"","format":"standard","meta":{"footnotes":""},"categories":[17],"tags":[15431,22289,1813],"class_list":["post-89950","post","type-post","status-publish","format-standard","has-post-thumbnail","hentry","category-yucatan","tag-amisy","tag-funcionario","tag-poder-judicial"],"yoast_head":"<!-- This site is optimized with the Yoast SEO plugin v28.3 - https:\/\/yoast.com\/product\/yoast-seo-wordpress\/ -->\n<title>Impiden que nombren como consejero de la judicatura a violento funcionario<\/title>\n<meta name=\"description\" content=\"La Amisy advirti\u00f3 que el funcionario Luis Casanova tiene antecedentes por violencia lo cual no va contra la reciente Ley 3 de 3.\" \/>\n<meta name=\"robots\" content=\"index, follow, max-snippet:-1, max-image-preview:large, max-video-preview:-1\" \/>\n<link rel=\"canonical\" href=\"https:\/\/reporteroshoy.mx\/noticias\/impiden-que-nombren-como-consejero-de-la-judicatura-a-violento-funcionario\/\" \/>\n<meta property=\"og:locale\" content=\"es_ES\" \/>\n<meta property=\"og:type\" content=\"article\" \/>\n<meta property=\"og:title\" content=\"Impiden que nombren como consejero de la judicatura a violento funcionario\" \/>\n<meta property=\"og:description\" content=\"La Amisy advirti\u00f3 que el funcionario Luis Casanova tiene antecedentes por violencia lo cual no va contra la reciente Ley 3 de 3.\" \/>\n<meta property=\"og:url\" content=\"https:\/\/reporteroshoy.mx\/noticias\/impiden-que-nombren-como-consejero-de-la-judicatura-a-violento-funcionario\/\" \/>\n<meta property=\"og:site_name\" content=\"Reporteros Hoy | Noticias de Yucat\u00e1n\" \/>\n<meta property=\"article:publisher\" content=\"http:\/\/www.facebook.com\/reporteroshoymx\" \/>\n<meta property=\"article:published_time\" content=\"2022-07-29T19:42:38+00:00\" \/>\n<meta property=\"og:image\" content=\"https:\/\/reporteroshoy.mx\/noticias\/wp-content\/uploads\/2022\/07\/AMISY.jpg\" \/>\n\t<meta property=\"og:image:width\" content=\"768\" \/>\n\t<meta property=\"og:image:height\" content=\"432\" \/>\n\t<meta property=\"og:image:type\" content=\"image\/jpeg\" \/>\n<meta name=\"author\" content=\"Reporteros Hoy WP\" \/>\n<meta name=\"twitter:card\" content=\"summary_large_image\" \/>\n<meta name=\"twitter:creator\" content=\"@reporteroshoy\" \/>\n<meta name=\"twitter:site\" content=\"@reporteroshoy\" \/>\n<meta name=\"twitter:label1\" content=\"Escrito por\" \/>\n\t<meta name=\"twitter:data1\" content=\"Reporteros Hoy WP\" \/>\n\t<meta name=\"twitter:label2\" content=\"Tiempo de lectura\" \/>\n\t<meta name=\"twitter:data2\" content=\"2 minutos\" \/>\n<script type=\"application\/ld+json\" class=\"yoast-schema-graph\">{\"@context\":\"https:\\\/\\\/schema.org\",\"@graph\":[{\"@type\":\"Article\",\"@id\":\"https:\\\/\\\/reporteroshoy.mx\\\/noticias\\\/impiden-que-nombren-como-consejero-de-la-judicatura-a-violento-funcionario\\\/#article\",\"isPartOf\":{\"@id\":\"https:\\\/\\\/reporteroshoy.mx\\\/noticias\\\/impiden-que-nombren-como-consejero-de-la-judicatura-a-violento-funcionario\\\/\"},\"author\":{\"name\":\"Reporteros Hoy WP\",\"@id\":\"https:\\\/\\\/reporteroshoy.mx\\\/noticias\\\/#\\\/schema\\\/person\\\/c977527e57c958a62c5cefe8fe47876e\"},\"headline\":\"Impiden que nombren como consejero de la judicatura a violento funcionario\",\"datePublished\":\"2022-07-29T19:42:38+00:00\",\"mainEntityOfPage\":{\"@id\":\"https:\\\/\\\/reporteroshoy.mx\\\/noticias\\\/impiden-que-nombren-como-consejero-de-la-judicatura-a-violento-funcionario\\\/\"},\"wordCount\":383,\"commentCount\":0,\"image\":{\"@id\":\"https:\\\/\\\/reporteroshoy.mx\\\/noticias\\\/impiden-que-nombren-como-consejero-de-la-judicatura-a-violento-funcionario\\\/#primaryimage\"},\"thumbnailUrl\":\"https:\\\/\\\/reporteroshoy.mx\\\/noticias\\\/wp-content\\\/uploads\\\/2022\\\/07\\\/AMISY.jpg\",\"keywords\":[\"Amisy\",\"Funcionario\",\"Poder judicial\"],\"articleSection\":[\"Yucat\u00e1n\"],\"inLanguage\":\"es\",\"potentialAction\":[{\"@type\":\"CommentAction\",\"name\":\"Comment\",\"target\":[\"https:\\\/\\\/reporteroshoy.mx\\\/noticias\\\/impiden-que-nombren-como-consejero-de-la-judicatura-a-violento-funcionario\\\/#respond\"]}]},{\"@type\":\"WebPage\",\"@id\":\"https:\\\/\\\/reporteroshoy.mx\\\/noticias\\\/impiden-que-nombren-como-consejero-de-la-judicatura-a-violento-funcionario\\\/\",\"url\":\"https:\\\/\\\/reporteroshoy.mx\\\/noticias\\\/impiden-que-nombren-como-consejero-de-la-judicatura-a-violento-funcionario\\\/\",\"name\":\"Impiden que nombren como consejero de la judicatura a violento funcionario\",\"isPartOf\":{\"@id\":\"https:\\\/\\\/reporteroshoy.mx\\\/noticias\\\/#website\"},\"primaryImageOfPage\":{\"@id\":\"https:\\\/\\\/reporteroshoy.mx\\\/noticias\\\/impiden-que-nombren-como-consejero-de-la-judicatura-a-violento-funcionario\\\/#primaryimage\"},\"image\":{\"@id\":\"https:\\\/\\\/reporteroshoy.mx\\\/noticias\\\/impiden-que-nombren-como-consejero-de-la-judicatura-a-violento-funcionario\\\/#primaryimage\"},\"thumbnailUrl\":\"https:\\\/\\\/reporteroshoy.mx\\\/noticias\\\/wp-content\\\/uploads\\\/2022\\\/07\\\/AMISY.jpg\",\"datePublished\":\"2022-07-29T19:42:38+00:00\",\"author\":{\"@id\":\"https:\\\/\\\/reporteroshoy.mx\\\/noticias\\\/#\\\/schema\\\/person\\\/c977527e57c958a62c5cefe8fe47876e\"},\"description\":\"La Amisy advirti\u00f3 que el funcionario Luis Casanova tiene antecedentes por violencia lo cual no va contra la reciente Ley 3 de 3.\",\"breadcrumb\":{\"@id\":\"https:\\\/\\\/reporteroshoy.mx\\\/noticias\\\/impiden-que-nombren-como-consejero-de-la-judicatura-a-violento-funcionario\\\/#breadcrumb\"},\"inLanguage\":\"es\",\"potentialAction\":[{\"@type\":\"ReadAction\",\"target\":[\"https:\\\/\\\/reporteroshoy.mx\\\/noticias\\\/impiden-que-nombren-como-consejero-de-la-judicatura-a-violento-funcionario\\\/\"]}]},{\"@type\":\"ImageObject\",\"inLanguage\":\"es\",\"@id\":\"https:\\\/\\\/reporteroshoy.mx\\\/noticias\\\/impiden-que-nombren-como-consejero-de-la-judicatura-a-violento-funcionario\\\/#primaryimage\",\"url\":\"https:\\\/\\\/reporteroshoy.mx\\\/noticias\\\/wp-content\\\/uploads\\\/2022\\\/07\\\/AMISY.jpg\",\"contentUrl\":\"https:\\\/\\\/reporteroshoy.mx\\\/noticias\\\/wp-content\\\/uploads\\\/2022\\\/07\\\/AMISY.jpg\",\"width\":768,\"height\":432},{\"@type\":\"BreadcrumbList\",\"@id\":\"https:\\\/\\\/reporteroshoy.mx\\\/noticias\\\/impiden-que-nombren-como-consejero-de-la-judicatura-a-violento-funcionario\\\/#breadcrumb\",\"itemListElement\":[{\"@type\":\"ListItem\",\"position\":1,\"name\":\"Portada\",\"item\":\"https:\\\/\\\/reporteroshoy.mx\\\/noticias\\\/\"},{\"@type\":\"ListItem\",\"position\":2,\"name\":\"Impiden que nombren como consejero de la judicatura a violento funcionario\"}]},{\"@type\":\"WebSite\",\"@id\":\"https:\\\/\\\/reporteroshoy.mx\\\/noticias\\\/#website\",\"url\":\"https:\\\/\\\/reporteroshoy.mx\\\/noticias\\\/\",\"name\":\"Reporteros Hoy | Noticias de Yucat\u00e1n\",\"description\":\"Peri\u00f3dico digital con noticias diarias desde M\u00e9rida, Yucat\u00e1n para el mundo.\",\"potentialAction\":[{\"@type\":\"SearchAction\",\"target\":{\"@type\":\"EntryPoint\",\"urlTemplate\":\"https:\\\/\\\/reporteroshoy.mx\\\/noticias\\\/?s={search_term_string}\"},\"query-input\":{\"@type\":\"PropertyValueSpecification\",\"valueRequired\":true,\"valueName\":\"search_term_string\"}}],\"inLanguage\":\"es\"},{\"@type\":\"Person\",\"@id\":\"https:\\\/\\\/reporteroshoy.mx\\\/noticias\\\/#\\\/schema\\\/person\\\/c977527e57c958a62c5cefe8fe47876e\",\"name\":\"Reporteros Hoy WP\",\"image\":{\"@type\":\"ImageObject\",\"inLanguage\":\"es\",\"@id\":\"https:\\\/\\\/secure.gravatar.com\\\/avatar\\\/fd2917f79a7dae30f8ac9ddc2f35e1756bb59e25e01d1cd09deaa64df7b2f73e?s=96&d=mm&r=g\",\"url\":\"https:\\\/\\\/secure.gravatar.com\\\/avatar\\\/fd2917f79a7dae30f8ac9ddc2f35e1756bb59e25e01d1cd09deaa64df7b2f73e?s=96&d=mm&r=g\",\"contentUrl\":\"https:\\\/\\\/secure.gravatar.com\\\/avatar\\\/fd2917f79a7dae30f8ac9ddc2f35e1756bb59e25e01d1cd09deaa64df7b2f73e?s=96&d=mm&r=g\",\"caption\":\"Reporteros Hoy WP\"},\"url\":\"https:\\\/\\\/reporteroshoy.mx\\\/noticias\\\/author\\\/walfer\\\/\"}]}<\/script>\n<!-- \/ Yoast SEO plugin. -->","yoast_head_json":{"title":"Impiden que nombren como consejero de la judicatura a violento funcionario","description":"La Amisy advirti\u00f3 que el funcionario Luis Casanova tiene antecedentes por violencia lo cual no va contra la reciente Ley 3 de 3.","robots":{"index":"index","follow":"follow","max-snippet":"max-snippet:-1","max-image-preview":"max-image-preview:large","max-video-preview":"max-video-preview:-1"},"canonical":"https:\/\/reporteroshoy.mx\/noticias\/impiden-que-nombren-como-consejero-de-la-judicatura-a-violento-funcionario\/","og_locale":"es_ES","og_type":"article","og_title":"Impiden que nombren como consejero de la judicatura a violento funcionario","og_description":"La Amisy advirti\u00f3 que el funcionario Luis Casanova tiene antecedentes por violencia lo cual no va contra la reciente Ley 3 de 3.","og_url":"https:\/\/reporteroshoy.mx\/noticias\/impiden-que-nombren-como-consejero-de-la-judicatura-a-violento-funcionario\/","og_site_name":"Reporteros Hoy | Noticias de Yucat\u00e1n","article_publisher":"http:\/\/www.facebook.com\/reporteroshoymx","article_published_time":"2022-07-29T19:42:38+00:00","og_image":[{"width":768,"height":432,"url":"https:\/\/reporteroshoy.mx\/noticias\/wp-content\/uploads\/2022\/07\/AMISY.jpg","type":"image\/jpeg"}],"author":"Reporteros Hoy WP","twitter_card":"summary_large_image","twitter_creator":"@reporteroshoy","twitter_site":"@reporteroshoy","twitter_misc":{"Escrito por":"Reporteros Hoy WP","Tiempo de lectura":"2 minutos"},"schema":{"@context":"https:\/\/schema.org","@graph":[{"@type":"Article","@id":"https:\/\/reporteroshoy.mx\/noticias\/impiden-que-nombren-como-consejero-de-la-judicatura-a-violento-funcionario\/#article","isPartOf":{"@id":"https:\/\/reporteroshoy.mx\/noticias\/impiden-que-nombren-como-consejero-de-la-judicatura-a-violento-funcionario\/"},"author":{"name":"Reporteros Hoy WP","@id":"https:\/\/reporteroshoy.mx\/noticias\/#\/schema\/person\/c977527e57c958a62c5cefe8fe47876e"},"headline":"Impiden que nombren como consejero de la judicatura a violento funcionario","datePublished":"2022-07-29T19:42:38+00:00","mainEntityOfPage":{"@id":"https:\/\/reporteroshoy.mx\/noticias\/impiden-que-nombren-como-consejero-de-la-judicatura-a-violento-funcionario\/"},"wordCount":383,"commentCount":0,"image":{"@id":"https:\/\/reporteroshoy.mx\/noticias\/impiden-que-nombren-como-consejero-de-la-judicatura-a-violento-funcionario\/#primaryimage"},"thumbnailUrl":"https:\/\/reporteroshoy.mx\/noticias\/wp-content\/uploads\/2022\/07\/AMISY.jpg","keywords":["Amisy","Funcionario","Poder judicial"],"articleSection":["Yucat\u00e1n"],"inLanguage":"es","potentialAction":[{"@type":"CommentAction","name":"Comment","target":["https:\/\/reporteroshoy.mx\/noticias\/impiden-que-nombren-como-consejero-de-la-judicatura-a-violento-funcionario\/#respond"]}]},{"@type":"WebPage","@id":"https:\/\/reporteroshoy.mx\/noticias\/impiden-que-nombren-como-consejero-de-la-judicatura-a-violento-funcionario\/","url":"https:\/\/reporteroshoy.mx\/noticias\/impiden-que-nombren-como-consejero-de-la-judicatura-a-violento-funcionario\/","name":"Impiden que nombren como consejero de la judicatura a violento funcionario","isPartOf":{"@id":"https:\/\/reporteroshoy.mx\/noticias\/#website"},"primaryImageOfPage":{"@id":"https:\/\/reporteroshoy.mx\/noticias\/impiden-que-nombren-como-consejero-de-la-judicatura-a-violento-funcionario\/#primaryimage"},"image":{"@id":"https:\/\/reporteroshoy.mx\/noticias\/impiden-que-nombren-como-consejero-de-la-judicatura-a-violento-funcionario\/#primaryimage"},"thumbnailUrl":"https:\/\/reporteroshoy.mx\/noticias\/wp-content\/uploads\/2022\/07\/AMISY.jpg","datePublished":"2022-07-29T19:42:38+00:00","author":{"@id":"https:\/\/reporteroshoy.mx\/noticias\/#\/schema\/person\/c977527e57c958a62c5cefe8fe47876e"},"description":"La Amisy advirti\u00f3 que el funcionario Luis Casanova tiene antecedentes por violencia lo cual no va contra la reciente Ley 3 de 3.","breadcrumb":{"@id":"https:\/\/reporteroshoy.mx\/noticias\/impiden-que-nombren-como-consejero-de-la-judicatura-a-violento-funcionario\/#breadcrumb"},"inLanguage":"es","potentialAction":[{"@type":"ReadAction","target":["https:\/\/reporteroshoy.mx\/noticias\/impiden-que-nombren-como-consejero-de-la-judicatura-a-violento-funcionario\/"]}]},{"@type":"ImageObject","inLanguage":"es","@id":"https:\/\/reporteroshoy.mx\/noticias\/impiden-que-nombren-como-consejero-de-la-judicatura-a-violento-funcionario\/#primaryimage","url":"https:\/\/reporteroshoy.mx\/noticias\/wp-content\/uploads\/2022\/07\/AMISY.jpg","contentUrl":"https:\/\/reporteroshoy.mx\/noticias\/wp-content\/uploads\/2022\/07\/AMISY.jpg","width":768,"height":432},{"@type":"BreadcrumbList","@id":"https:\/\/reporteroshoy.mx\/noticias\/impiden-que-nombren-como-consejero-de-la-judicatura-a-violento-funcionario\/#breadcrumb","itemListElement":[{"@type":"ListItem","position":1,"name":"Portada","item":"https:\/\/reporteroshoy.mx\/noticias\/"},{"@type":"ListItem","position":2,"name":"Impiden que nombren como consejero de la judicatura a violento funcionario"}]},{"@type":"WebSite","@id":"https:\/\/reporteroshoy.mx\/noticias\/#website","url":"https:\/\/reporteroshoy.mx\/noticias\/","name":"Reporteros Hoy | Noticias de Yucat\u00e1n","description":"Peri\u00f3dico digital con noticias diarias desde M\u00e9rida, Yucat\u00e1n para el mundo.","potentialAction":[{"@type":"SearchAction","target":{"@type":"EntryPoint","urlTemplate":"https:\/\/reporteroshoy.mx\/noticias\/?s={search_term_string}"},"query-input":{"@type":"PropertyValueSpecification","valueRequired":true,"valueName":"search_term_string"}}],"inLanguage":"es"},{"@type":"Person","@id":"https:\/\/reporteroshoy.mx\/noticias\/#\/schema\/person\/c977527e57c958a62c5cefe8fe47876e","name":"Reporteros Hoy WP","image":{"@type":"ImageObject","inLanguage":"es","@id":"https:\/\/secure.gravatar.com\/avatar\/fd2917f79a7dae30f8ac9ddc2f35e1756bb59e25e01d1cd09deaa64df7b2f73e?s=96&d=mm&r=g","url":"https:\/\/secure.gravatar.com\/avatar\/fd2917f79a7dae30f8ac9ddc2f35e1756bb59e25e01d1cd09deaa64df7b2f73e?s=96&d=mm&r=g","contentUrl":"https:\/\/secure.gravatar.com\/avatar\/fd2917f79a7dae30f8ac9ddc2f35e1756bb59e25e01d1cd09deaa64df7b2f73e?s=96&d=mm&r=g","caption":"Reporteros Hoy WP"},"url":"https:\/\/reporteroshoy.mx\/noticias\/author\/walfer\/"}]}},"_links":{"self":[{"href":"https:\/\/reporteroshoy.mx\/noticias\/wp-json\/wp\/v2\/posts\/89950","targetHints":{"allow":["GET"]}}],"collection":[{"href":"https:\/\/reporteroshoy.mx\/noticias\/wp-json\/wp\/v2\/posts"}],"about":[{"href":"https:\/\/reporteroshoy.mx\/noticias\/wp-json\/wp\/v2\/types\/post"}],"author":[{"embeddable":true,"href":"https:\/\/reporteroshoy.mx\/noticias\/wp-json\/wp\/v2\/users\/9"}],"replies":[{"embeddable":true,"href":"https:\/\/reporteroshoy.mx\/noticias\/wp-json\/wp\/v2\/comments?post=89950"}],"version-history":[{"count":0,"href":"https:\/\/reporteroshoy.mx\/noticias\/wp-json\/wp\/v2\/posts\/89950\/revisions"}],"wp:featuredmedia":[{"embeddable":true,"href":"https:\/\/reporteroshoy.mx\/noticias\/wp-json\/wp\/v2\/media\/89951"}],"wp:attachment":[{"href":"https:\/\/reporteroshoy.mx\/noticias\/wp-json\/wp\/v2\/media?parent=89950"}],"wp:term":[{"taxonomy":"category","embeddable":true,"href":"https:\/\/reporteroshoy.mx\/noticias\/wp-json\/wp\/v2\/categories?post=89950"},{"taxonomy":"post_tag","embeddable":true,"href":"https:\/\/reporteroshoy.mx\/noticias\/wp-json\/wp\/v2\/tags?post=89950"}],"curies":[{"name":"wp","href":"https:\/\/api.w.org\/{rel}","templated":true}]}}