{"id":90493,"date":"2022-08-09T23:30:21","date_gmt":"2022-08-10T04:30:21","guid":{"rendered":"https:\/\/reporteroshoy.mx\/noticias\/?p=90493"},"modified":"2022-08-09T23:30:21","modified_gmt":"2022-08-10T04:30:21","slug":"graves-fracturas-en-la-cara-tras-agresion-de-policias-de-tixkokob","status":"publish","type":"post","link":"https:\/\/reporteroshoy.mx\/noticias\/graves-fracturas-en-la-cara-tras-agresion-de-policias-de-tixkokob\/","title":{"rendered":"Graves fracturas en la cara tras agresi\u00f3n de polic\u00edas de Tixkokob"},"content":{"rendered":"<p style=\"text-align: justify;\">Tixkokob, Yucat\u00e1n; 09 de agosto de 2022 (ACOM).- Ya se interpuso denuncia ante la Fiscal\u00eda General por la presunta agresi\u00f3n de polic\u00edas de Tixkokob a Alexis Polanco Mian.<\/p>\n<p style=\"text-align: justify;\">Los familiares del joven llevaron su queja en contra de la Direcci\u00f3n de Seguridad P\u00fablica de Tixkokob hasta la fiscal\u00eda general del estado y ante la Comisi\u00f3n de Derechos Humanos.<\/p>\n<p style=\"text-align: justify;\">Abogados de la Comisi\u00f3n de Derechos Humanos acudi\u00f3 ayer al Hospital O\u2019Hor\u00e1n en donde se encuentra hospitalizado el joven desde el pasado s\u00e1bado, para que rindiera su declaraci\u00f3n.<\/p>\n<p><img loading=\"lazy\" decoding=\"async\" class=\"alignnone size-full wp-image-90372\" src=\"https:\/\/reporteroshoy.mx\/noticias\/wp-content\/uploads\/2022\/08\/Denuncia-golpiza.jpg\" alt=\"\" width=\"768\" height=\"432\" \/><\/p>\n<p style=\"text-align: justify;\">En la relator\u00eda de los hechos, Alexis afirm\u00f3 que recibi\u00f3 golpes por parte de los uniformados al momento de ser trasladado despu\u00e9s del accidente, donde un elemento le pis\u00f3 la cabeza en la camioneta, en los separos igual fue golpeado hasta que vomit\u00f3 sangre.<\/p>\n<p style=\"text-align: justify;\">El reporte m\u00e9dico indic\u00f3 que tiene fracturas con desplazamiento de la mand\u00edbula izquierda, pared anterior y posterior del maxilar izquierdo, arco cigom\u00e1tico, ala mayor del esfenoides y necesita tratamiento quir\u00fargico urgente.<\/p>\n<p style=\"text-align: justify;\">Hasta el momento, esperan que personal de la Fiscal\u00eda General del Estado acuda al Hospital para que tambi\u00e9n pueda rendir su declaraci\u00f3n y se inicie una investigaci\u00f3n por estos lamentables hechos.<\/p>\n<p><img loading=\"lazy\" decoding=\"async\" class=\" wp-image-90494 aligncenter\" src=\"https:\/\/reporteroshoy.mx\/noticias\/wp-content\/uploads\/2022\/08\/IMG-20220809-WA0027.jpg\" alt=\"\" width=\"254\" height=\"335\" \/><\/p>\n","protected":false},"excerpt":{"rendered":"<p>Alexis tiene destrozada la mand\u00edbula, el maxilar y otras partes del rostro tras ser golpeado por agentes de Tixko, ya puso denuncia ante el MP y derechos humanos.<\/p>\n","protected":false},"author":6,"featured_media":90372,"comment_status":"open","ping_status":"closed","sticky":false,"template":"","format":"standard","meta":{"footnotes":""},"categories":[17],"tags":[3889,14133,1233],"class_list":["post-90493","post","type-post","status-publish","format-standard","has-post-thumbnail","hentry","category-yucatan","tag-fracturas","tag-golpeado","tag-tixkokob"],"yoast_head":"<!-- This site is optimized with the Yoast SEO plugin v28.4 - https:\/\/yoast.com\/product\/yoast-seo-wordpress\/ -->\n<title>Graves fracturas en la cara tras agresi\u00f3n de polic\u00edas de Tixkokob<\/title>\n<meta name=\"description\" content=\"Alexis tiene destrozada la mand\u00edbula, el maxilar y otras partes del rostro tras ser golpeado por agentes de Tixko, ya puso denuncia ante el MP y derechos humanos.\" \/>\n<meta name=\"robots\" content=\"index, follow, max-snippet:-1, max-image-preview:large, max-video-preview:-1\" \/>\n<link rel=\"canonical\" href=\"https:\/\/reporteroshoy.mx\/noticias\/graves-fracturas-en-la-cara-tras-agresion-de-policias-de-tixkokob\/\" \/>\n<meta property=\"og:locale\" content=\"es_ES\" \/>\n<meta property=\"og:type\" content=\"article\" \/>\n<meta property=\"og:title\" content=\"Graves fracturas en la cara tras agresi\u00f3n de polic\u00edas de Tixkokob\" \/>\n<meta property=\"og:description\" content=\"Alexis tiene destrozada la mand\u00edbula, el maxilar y otras partes del rostro tras ser golpeado por agentes de Tixko, ya puso denuncia ante el MP y derechos humanos.\" \/>\n<meta property=\"og:url\" content=\"https:\/\/reporteroshoy.mx\/noticias\/graves-fracturas-en-la-cara-tras-agresion-de-policias-de-tixkokob\/\" \/>\n<meta property=\"og:site_name\" content=\"Reporteros Hoy | Noticias de Yucat\u00e1n\" \/>\n<meta property=\"article:publisher\" content=\"http:\/\/www.facebook.com\/reporteroshoymx\" \/>\n<meta property=\"article:published_time\" content=\"2022-08-10T04:30:21+00:00\" \/>\n<meta property=\"og:image\" content=\"https:\/\/reporteroshoy.mx\/noticias\/wp-content\/uploads\/2022\/08\/Denuncia-golpiza.jpg\" \/>\n\t<meta property=\"og:image:width\" content=\"768\" \/>\n\t<meta property=\"og:image:height\" content=\"432\" \/>\n\t<meta property=\"og:image:type\" content=\"image\/jpeg\" \/>\n<meta name=\"author\" content=\"Reporteros Hoy GS\" \/>\n<meta name=\"twitter:card\" content=\"summary_large_image\" \/>\n<meta name=\"twitter:creator\" content=\"@reporteroshoy\" \/>\n<meta name=\"twitter:site\" content=\"@reporteroshoy\" \/>\n<meta name=\"twitter:label1\" content=\"Escrito por\" \/>\n\t<meta name=\"twitter:data1\" content=\"Reporteros Hoy GS\" \/>\n\t<meta name=\"twitter:label2\" content=\"Tiempo de lectura\" \/>\n\t<meta name=\"twitter:data2\" content=\"2 minutos\" \/>\n<script type=\"application\/ld+json\" class=\"yoast-schema-graph\">{\"@context\":\"https:\\\/\\\/schema.org\",\"@graph\":[{\"@type\":\"Article\",\"@id\":\"https:\\\/\\\/reporteroshoy.mx\\\/noticias\\\/graves-fracturas-en-la-cara-tras-agresion-de-policias-de-tixkokob\\\/#article\",\"isPartOf\":{\"@id\":\"https:\\\/\\\/reporteroshoy.mx\\\/noticias\\\/graves-fracturas-en-la-cara-tras-agresion-de-policias-de-tixkokob\\\/\"},\"author\":{\"name\":\"Reporteros Hoy GS\",\"@id\":\"https:\\\/\\\/reporteroshoy.mx\\\/noticias\\\/#\\\/schema\\\/person\\\/49ae631fc906b44554e4ba3866c505d7\"},\"headline\":\"Graves fracturas en la cara tras agresi\u00f3n de polic\u00edas de Tixkokob\",\"datePublished\":\"2022-08-10T04:30:21+00:00\",\"mainEntityOfPage\":{\"@id\":\"https:\\\/\\\/reporteroshoy.mx\\\/noticias\\\/graves-fracturas-en-la-cara-tras-agresion-de-policias-de-tixkokob\\\/\"},\"wordCount\":227,\"commentCount\":0,\"image\":{\"@id\":\"https:\\\/\\\/reporteroshoy.mx\\\/noticias\\\/graves-fracturas-en-la-cara-tras-agresion-de-policias-de-tixkokob\\\/#primaryimage\"},\"thumbnailUrl\":\"https:\\\/\\\/reporteroshoy.mx\\\/noticias\\\/wp-content\\\/uploads\\\/2022\\\/08\\\/Denuncia-golpiza.jpg\",\"keywords\":[\"Fracturas\",\"golpeado\",\"Tixkokob\"],\"articleSection\":[\"Yucat\u00e1n\"],\"inLanguage\":\"es\",\"potentialAction\":[{\"@type\":\"CommentAction\",\"name\":\"Comment\",\"target\":[\"https:\\\/\\\/reporteroshoy.mx\\\/noticias\\\/graves-fracturas-en-la-cara-tras-agresion-de-policias-de-tixkokob\\\/#respond\"]}]},{\"@type\":\"WebPage\",\"@id\":\"https:\\\/\\\/reporteroshoy.mx\\\/noticias\\\/graves-fracturas-en-la-cara-tras-agresion-de-policias-de-tixkokob\\\/\",\"url\":\"https:\\\/\\\/reporteroshoy.mx\\\/noticias\\\/graves-fracturas-en-la-cara-tras-agresion-de-policias-de-tixkokob\\\/\",\"name\":\"Graves fracturas en la cara tras agresi\u00f3n de polic\u00edas de Tixkokob\",\"isPartOf\":{\"@id\":\"https:\\\/\\\/reporteroshoy.mx\\\/noticias\\\/#website\"},\"primaryImageOfPage\":{\"@id\":\"https:\\\/\\\/reporteroshoy.mx\\\/noticias\\\/graves-fracturas-en-la-cara-tras-agresion-de-policias-de-tixkokob\\\/#primaryimage\"},\"image\":{\"@id\":\"https:\\\/\\\/reporteroshoy.mx\\\/noticias\\\/graves-fracturas-en-la-cara-tras-agresion-de-policias-de-tixkokob\\\/#primaryimage\"},\"thumbnailUrl\":\"https:\\\/\\\/reporteroshoy.mx\\\/noticias\\\/wp-content\\\/uploads\\\/2022\\\/08\\\/Denuncia-golpiza.jpg\",\"datePublished\":\"2022-08-10T04:30:21+00:00\",\"author\":{\"@id\":\"https:\\\/\\\/reporteroshoy.mx\\\/noticias\\\/#\\\/schema\\\/person\\\/49ae631fc906b44554e4ba3866c505d7\"},\"description\":\"Alexis tiene destrozada la mand\u00edbula, el maxilar y otras partes del rostro tras ser golpeado por agentes de Tixko, ya puso denuncia ante el MP y derechos humanos.\",\"breadcrumb\":{\"@id\":\"https:\\\/\\\/reporteroshoy.mx\\\/noticias\\\/graves-fracturas-en-la-cara-tras-agresion-de-policias-de-tixkokob\\\/#breadcrumb\"},\"inLanguage\":\"es\",\"potentialAction\":[{\"@type\":\"ReadAction\",\"target\":[\"https:\\\/\\\/reporteroshoy.mx\\\/noticias\\\/graves-fracturas-en-la-cara-tras-agresion-de-policias-de-tixkokob\\\/\"]}]},{\"@type\":\"ImageObject\",\"inLanguage\":\"es\",\"@id\":\"https:\\\/\\\/reporteroshoy.mx\\\/noticias\\\/graves-fracturas-en-la-cara-tras-agresion-de-policias-de-tixkokob\\\/#primaryimage\",\"url\":\"https:\\\/\\\/reporteroshoy.mx\\\/noticias\\\/wp-content\\\/uploads\\\/2022\\\/08\\\/Denuncia-golpiza.jpg\",\"contentUrl\":\"https:\\\/\\\/reporteroshoy.mx\\\/noticias\\\/wp-content\\\/uploads\\\/2022\\\/08\\\/Denuncia-golpiza.jpg\",\"width\":768,\"height\":432},{\"@type\":\"BreadcrumbList\",\"@id\":\"https:\\\/\\\/reporteroshoy.mx\\\/noticias\\\/graves-fracturas-en-la-cara-tras-agresion-de-policias-de-tixkokob\\\/#breadcrumb\",\"itemListElement\":[{\"@type\":\"ListItem\",\"position\":1,\"name\":\"Portada\",\"item\":\"https:\\\/\\\/reporteroshoy.mx\\\/noticias\\\/\"},{\"@type\":\"ListItem\",\"position\":2,\"name\":\"Graves fracturas en la cara tras agresi\u00f3n de polic\u00edas de Tixkokob\"}]},{\"@type\":\"WebSite\",\"@id\":\"https:\\\/\\\/reporteroshoy.mx\\\/noticias\\\/#website\",\"url\":\"https:\\\/\\\/reporteroshoy.mx\\\/noticias\\\/\",\"name\":\"Reporteros Hoy | Noticias de Yucat\u00e1n\",\"description\":\"Peri\u00f3dico digital con noticias diarias desde M\u00e9rida, Yucat\u00e1n para el mundo.\",\"potentialAction\":[{\"@type\":\"SearchAction\",\"target\":{\"@type\":\"EntryPoint\",\"urlTemplate\":\"https:\\\/\\\/reporteroshoy.mx\\\/noticias\\\/?s={search_term_string}\"},\"query-input\":{\"@type\":\"PropertyValueSpecification\",\"valueRequired\":true,\"valueName\":\"search_term_string\"}}],\"inLanguage\":\"es\"},{\"@type\":\"Person\",\"@id\":\"https:\\\/\\\/reporteroshoy.mx\\\/noticias\\\/#\\\/schema\\\/person\\\/49ae631fc906b44554e4ba3866c505d7\",\"name\":\"Reporteros Hoy GS\",\"image\":{\"@type\":\"ImageObject\",\"inLanguage\":\"es\",\"@id\":\"https:\\\/\\\/secure.gravatar.com\\\/avatar\\\/00d32adb620345c3db2cfc175917f65c584e1e338fdc49ad126aa1f9830eb6a9?s=96&d=mm&r=g\",\"url\":\"https:\\\/\\\/secure.gravatar.com\\\/avatar\\\/00d32adb620345c3db2cfc175917f65c584e1e338fdc49ad126aa1f9830eb6a9?s=96&d=mm&r=g\",\"contentUrl\":\"https:\\\/\\\/secure.gravatar.com\\\/avatar\\\/00d32adb620345c3db2cfc175917f65c584e1e338fdc49ad126aa1f9830eb6a9?s=96&d=mm&r=g\",\"caption\":\"Reporteros Hoy GS\"},\"url\":\"https:\\\/\\\/reporteroshoy.mx\\\/noticias\\\/author\\\/lupis\\\/\"}]}<\/script>\n<!-- \/ Yoast SEO plugin. -->","yoast_head_json":{"title":"Graves fracturas en la cara tras agresi\u00f3n de polic\u00edas de Tixkokob","description":"Alexis tiene destrozada la mand\u00edbula, el maxilar y otras partes del rostro tras ser golpeado por agentes de Tixko, ya puso denuncia ante el MP y derechos humanos.","robots":{"index":"index","follow":"follow","max-snippet":"max-snippet:-1","max-image-preview":"max-image-preview:large","max-video-preview":"max-video-preview:-1"},"canonical":"https:\/\/reporteroshoy.mx\/noticias\/graves-fracturas-en-la-cara-tras-agresion-de-policias-de-tixkokob\/","og_locale":"es_ES","og_type":"article","og_title":"Graves fracturas en la cara tras agresi\u00f3n de polic\u00edas de Tixkokob","og_description":"Alexis tiene destrozada la mand\u00edbula, el maxilar y otras partes del rostro tras ser golpeado por agentes de Tixko, ya puso denuncia ante el MP y derechos humanos.","og_url":"https:\/\/reporteroshoy.mx\/noticias\/graves-fracturas-en-la-cara-tras-agresion-de-policias-de-tixkokob\/","og_site_name":"Reporteros Hoy | Noticias de Yucat\u00e1n","article_publisher":"http:\/\/www.facebook.com\/reporteroshoymx","article_published_time":"2022-08-10T04:30:21+00:00","og_image":[{"width":768,"height":432,"url":"https:\/\/reporteroshoy.mx\/noticias\/wp-content\/uploads\/2022\/08\/Denuncia-golpiza.jpg","type":"image\/jpeg"}],"author":"Reporteros Hoy GS","twitter_card":"summary_large_image","twitter_creator":"@reporteroshoy","twitter_site":"@reporteroshoy","twitter_misc":{"Escrito por":"Reporteros Hoy GS","Tiempo de lectura":"2 minutos"},"schema":{"@context":"https:\/\/schema.org","@graph":[{"@type":"Article","@id":"https:\/\/reporteroshoy.mx\/noticias\/graves-fracturas-en-la-cara-tras-agresion-de-policias-de-tixkokob\/#article","isPartOf":{"@id":"https:\/\/reporteroshoy.mx\/noticias\/graves-fracturas-en-la-cara-tras-agresion-de-policias-de-tixkokob\/"},"author":{"name":"Reporteros Hoy GS","@id":"https:\/\/reporteroshoy.mx\/noticias\/#\/schema\/person\/49ae631fc906b44554e4ba3866c505d7"},"headline":"Graves fracturas en la cara tras agresi\u00f3n de polic\u00edas de Tixkokob","datePublished":"2022-08-10T04:30:21+00:00","mainEntityOfPage":{"@id":"https:\/\/reporteroshoy.mx\/noticias\/graves-fracturas-en-la-cara-tras-agresion-de-policias-de-tixkokob\/"},"wordCount":227,"commentCount":0,"image":{"@id":"https:\/\/reporteroshoy.mx\/noticias\/graves-fracturas-en-la-cara-tras-agresion-de-policias-de-tixkokob\/#primaryimage"},"thumbnailUrl":"https:\/\/reporteroshoy.mx\/noticias\/wp-content\/uploads\/2022\/08\/Denuncia-golpiza.jpg","keywords":["Fracturas","golpeado","Tixkokob"],"articleSection":["Yucat\u00e1n"],"inLanguage":"es","potentialAction":[{"@type":"CommentAction","name":"Comment","target":["https:\/\/reporteroshoy.mx\/noticias\/graves-fracturas-en-la-cara-tras-agresion-de-policias-de-tixkokob\/#respond"]}]},{"@type":"WebPage","@id":"https:\/\/reporteroshoy.mx\/noticias\/graves-fracturas-en-la-cara-tras-agresion-de-policias-de-tixkokob\/","url":"https:\/\/reporteroshoy.mx\/noticias\/graves-fracturas-en-la-cara-tras-agresion-de-policias-de-tixkokob\/","name":"Graves fracturas en la cara tras agresi\u00f3n de polic\u00edas de Tixkokob","isPartOf":{"@id":"https:\/\/reporteroshoy.mx\/noticias\/#website"},"primaryImageOfPage":{"@id":"https:\/\/reporteroshoy.mx\/noticias\/graves-fracturas-en-la-cara-tras-agresion-de-policias-de-tixkokob\/#primaryimage"},"image":{"@id":"https:\/\/reporteroshoy.mx\/noticias\/graves-fracturas-en-la-cara-tras-agresion-de-policias-de-tixkokob\/#primaryimage"},"thumbnailUrl":"https:\/\/reporteroshoy.mx\/noticias\/wp-content\/uploads\/2022\/08\/Denuncia-golpiza.jpg","datePublished":"2022-08-10T04:30:21+00:00","author":{"@id":"https:\/\/reporteroshoy.mx\/noticias\/#\/schema\/person\/49ae631fc906b44554e4ba3866c505d7"},"description":"Alexis tiene destrozada la mand\u00edbula, el maxilar y otras partes del rostro tras ser golpeado por agentes de Tixko, ya puso denuncia ante el MP y derechos humanos.","breadcrumb":{"@id":"https:\/\/reporteroshoy.mx\/noticias\/graves-fracturas-en-la-cara-tras-agresion-de-policias-de-tixkokob\/#breadcrumb"},"inLanguage":"es","potentialAction":[{"@type":"ReadAction","target":["https:\/\/reporteroshoy.mx\/noticias\/graves-fracturas-en-la-cara-tras-agresion-de-policias-de-tixkokob\/"]}]},{"@type":"ImageObject","inLanguage":"es","@id":"https:\/\/reporteroshoy.mx\/noticias\/graves-fracturas-en-la-cara-tras-agresion-de-policias-de-tixkokob\/#primaryimage","url":"https:\/\/reporteroshoy.mx\/noticias\/wp-content\/uploads\/2022\/08\/Denuncia-golpiza.jpg","contentUrl":"https:\/\/reporteroshoy.mx\/noticias\/wp-content\/uploads\/2022\/08\/Denuncia-golpiza.jpg","width":768,"height":432},{"@type":"BreadcrumbList","@id":"https:\/\/reporteroshoy.mx\/noticias\/graves-fracturas-en-la-cara-tras-agresion-de-policias-de-tixkokob\/#breadcrumb","itemListElement":[{"@type":"ListItem","position":1,"name":"Portada","item":"https:\/\/reporteroshoy.mx\/noticias\/"},{"@type":"ListItem","position":2,"name":"Graves fracturas en la cara tras agresi\u00f3n de polic\u00edas de Tixkokob"}]},{"@type":"WebSite","@id":"https:\/\/reporteroshoy.mx\/noticias\/#website","url":"https:\/\/reporteroshoy.mx\/noticias\/","name":"Reporteros Hoy | Noticias de Yucat\u00e1n","description":"Peri\u00f3dico digital con noticias diarias desde M\u00e9rida, Yucat\u00e1n para el mundo.","potentialAction":[{"@type":"SearchAction","target":{"@type":"EntryPoint","urlTemplate":"https:\/\/reporteroshoy.mx\/noticias\/?s={search_term_string}"},"query-input":{"@type":"PropertyValueSpecification","valueRequired":true,"valueName":"search_term_string"}}],"inLanguage":"es"},{"@type":"Person","@id":"https:\/\/reporteroshoy.mx\/noticias\/#\/schema\/person\/49ae631fc906b44554e4ba3866c505d7","name":"Reporteros Hoy GS","image":{"@type":"ImageObject","inLanguage":"es","@id":"https:\/\/secure.gravatar.com\/avatar\/00d32adb620345c3db2cfc175917f65c584e1e338fdc49ad126aa1f9830eb6a9?s=96&d=mm&r=g","url":"https:\/\/secure.gravatar.com\/avatar\/00d32adb620345c3db2cfc175917f65c584e1e338fdc49ad126aa1f9830eb6a9?s=96&d=mm&r=g","contentUrl":"https:\/\/secure.gravatar.com\/avatar\/00d32adb620345c3db2cfc175917f65c584e1e338fdc49ad126aa1f9830eb6a9?s=96&d=mm&r=g","caption":"Reporteros Hoy GS"},"url":"https:\/\/reporteroshoy.mx\/noticias\/author\/lupis\/"}]}},"_links":{"self":[{"href":"https:\/\/reporteroshoy.mx\/noticias\/wp-json\/wp\/v2\/posts\/90493","targetHints":{"allow":["GET"]}}],"collection":[{"href":"https:\/\/reporteroshoy.mx\/noticias\/wp-json\/wp\/v2\/posts"}],"about":[{"href":"https:\/\/reporteroshoy.mx\/noticias\/wp-json\/wp\/v2\/types\/post"}],"author":[{"embeddable":true,"href":"https:\/\/reporteroshoy.mx\/noticias\/wp-json\/wp\/v2\/users\/6"}],"replies":[{"embeddable":true,"href":"https:\/\/reporteroshoy.mx\/noticias\/wp-json\/wp\/v2\/comments?post=90493"}],"version-history":[{"count":0,"href":"https:\/\/reporteroshoy.mx\/noticias\/wp-json\/wp\/v2\/posts\/90493\/revisions"}],"wp:featuredmedia":[{"embeddable":true,"href":"https:\/\/reporteroshoy.mx\/noticias\/wp-json\/wp\/v2\/media\/90372"}],"wp:attachment":[{"href":"https:\/\/reporteroshoy.mx\/noticias\/wp-json\/wp\/v2\/media?parent=90493"}],"wp:term":[{"taxonomy":"category","embeddable":true,"href":"https:\/\/reporteroshoy.mx\/noticias\/wp-json\/wp\/v2\/categories?post=90493"},{"taxonomy":"post_tag","embeddable":true,"href":"https:\/\/reporteroshoy.mx\/noticias\/wp-json\/wp\/v2\/tags?post=90493"}],"curies":[{"name":"wp","href":"https:\/\/api.w.org\/{rel}","templated":true}]}}