{"id":90575,"date":"2022-08-11T14:45:52","date_gmt":"2022-08-11T19:45:52","guid":{"rendered":"https:\/\/reporteroshoy.mx\/noticias\/?p=90575"},"modified":"2022-08-11T14:45:52","modified_gmt":"2022-08-11T19:45:52","slug":"yucatan-se-mantiene-con-un-bajo-indice-de-desempleo","status":"publish","type":"post","link":"https:\/\/reporteroshoy.mx\/noticias\/yucatan-se-mantiene-con-un-bajo-indice-de-desempleo\/","title":{"rendered":"Yucat\u00e1n se mantiene con un bajo \u00edndice de desempleo"},"content":{"rendered":"<p style=\"text-align: justify;\">M\u00e9rida, Yucat\u00e1n; 11 de agosto de 2022 (ACOM).- Yucat\u00e1n se mantiene como una de las pocas entidades con una baja incidencia de desempleo, seg\u00fan confirmaron autoridades estatales.<\/p>\n<p style=\"text-align: justify;\">La Subsecretar\u00eda del Trabajo de la Secretar\u00eda de Fomento Econ\u00f3mico (Sefoet), Irais Bar\u00f3n Zerme\u00f1o, refiri\u00f3 que, tras la recuperaci\u00f3n de plazas laborales que se perdieron durante la pandemia por Covid-19, la entidad mantiene su bajo \u00edndice de desempleo.<\/p>\n<p style=\"text-align: justify;\">En entrevista, la funcionaria se\u00f1al\u00f3 que la confianza empresarial en Yucat\u00e1n est\u00e1 haciendo necesaria m\u00e1s mano de obra, por lo que el reto ser\u00e1 ocupar las plazas que haya en poco tiempo.<\/p>\n<div>\u00abYucat\u00e1n tiene el 1.8% de nivel de desempleo y estamos en el segundo lugar nacional en el menor \u00edndice de desempleo, as\u00ed que, esto nos est\u00e1 dificultando m\u00e1s capital humano que pueda incorporarse a esta demanda laboral. Las empresas se est\u00e1n aperturando en todos los sentidos, as\u00ed que es una buena oportunidad para encontrar empleo\u00bb, se\u00f1al\u00f3.<\/div>\n<div><img loading=\"lazy\" decoding=\"async\" class=\"wp-image-90576 aligncenter\" src=\"https:\/\/reporteroshoy.mx\/noticias\/wp-content\/uploads\/2022\/08\/Desempleo.jpg\" alt=\"\" width=\"598\" height=\"337\" \/><\/div>\n<p style=\"text-align: justify;\">Por lo pronto, se anunci\u00f3 la Feria Nacional de Empleo para la Inclusi\u00f3n Laboral de la Juventud que se realizar\u00e1 el pr\u00f3ximo 18 de agosto en el Centro de Convenciones Yucat\u00e1n Siglo XXI.<\/p>\n<p style=\"text-align: justify;\">En este evento, se estar\u00e1n ofertando 631 vacantes para j\u00f3venes, provenientes de 32 empresas yucatecas, de los giros de servicios, comercio e industria.<\/p>\n<p style=\"text-align: justify;\">Los sueldos van de los 8 mil a 27 mil pesos para profesionistas; de 7 mil 300 a 17 mil para t\u00e9cnicos, y de 6 mil a 22 mil para operativos.<\/p>\n","protected":false},"excerpt":{"rendered":"<p>Yucat\u00e1n tiene el 1.8% de nivel de desempleo lo que lo coloca en el segundo lugar nacional en el menor \u00edndice de desempleo.<\/p>\n","protected":false},"author":9,"featured_media":90576,"comment_status":"open","ping_status":"closed","sticky":false,"template":"","format":"standard","meta":{"footnotes":""},"categories":[17],"tags":[3152,1311],"class_list":["post-90575","post","type-post","status-publish","format-standard","has-post-thumbnail","hentry","category-yucatan","tag-desempleo","tag-sefoet"],"yoast_head":"<!-- This site is optimized with the Yoast SEO plugin v28.4 - https:\/\/yoast.com\/product\/yoast-seo-wordpress\/ -->\n<title>Yucat\u00e1n se mantiene con un bajo \u00edndice de desempleo<\/title>\n<meta name=\"description\" content=\"Yucat\u00e1n tiene el 1.8% de nivel de desempleo lo que lo coloca en el segundo lugar nacional en el menor \u00edndice de desempleo.\" \/>\n<meta name=\"robots\" content=\"index, follow, max-snippet:-1, max-image-preview:large, max-video-preview:-1\" \/>\n<link rel=\"canonical\" href=\"https:\/\/reporteroshoy.mx\/noticias\/yucatan-se-mantiene-con-un-bajo-indice-de-desempleo\/\" \/>\n<meta property=\"og:locale\" content=\"es_ES\" \/>\n<meta property=\"og:type\" content=\"article\" \/>\n<meta property=\"og:title\" content=\"Yucat\u00e1n se mantiene con un bajo \u00edndice de desempleo\" \/>\n<meta property=\"og:description\" content=\"Yucat\u00e1n tiene el 1.8% de nivel de desempleo lo que lo coloca en el segundo lugar nacional en el menor \u00edndice de desempleo.\" \/>\n<meta property=\"og:url\" content=\"https:\/\/reporteroshoy.mx\/noticias\/yucatan-se-mantiene-con-un-bajo-indice-de-desempleo\/\" \/>\n<meta property=\"og:site_name\" content=\"Reporteros Hoy | Noticias de Yucat\u00e1n\" \/>\n<meta property=\"article:publisher\" content=\"http:\/\/www.facebook.com\/reporteroshoymx\" \/>\n<meta property=\"article:published_time\" content=\"2022-08-11T19:45:52+00:00\" \/>\n<meta property=\"og:image\" content=\"https:\/\/reporteroshoy.mx\/noticias\/wp-content\/uploads\/2022\/08\/Desempleo.jpg\" \/>\n\t<meta property=\"og:image:width\" content=\"768\" \/>\n\t<meta property=\"og:image:height\" content=\"432\" \/>\n\t<meta property=\"og:image:type\" content=\"image\/jpeg\" \/>\n<meta name=\"author\" content=\"Reporteros Hoy WP\" \/>\n<meta name=\"twitter:card\" content=\"summary_large_image\" \/>\n<meta name=\"twitter:creator\" content=\"@reporteroshoy\" \/>\n<meta name=\"twitter:site\" content=\"@reporteroshoy\" \/>\n<meta name=\"twitter:label1\" content=\"Escrito por\" \/>\n\t<meta name=\"twitter:data1\" content=\"Reporteros Hoy WP\" \/>\n\t<meta name=\"twitter:label2\" content=\"Tiempo de lectura\" \/>\n\t<meta name=\"twitter:data2\" content=\"2 minutos\" \/>\n<script type=\"application\/ld+json\" class=\"yoast-schema-graph\">{\"@context\":\"https:\\\/\\\/schema.org\",\"@graph\":[{\"@type\":\"Article\",\"@id\":\"https:\\\/\\\/reporteroshoy.mx\\\/noticias\\\/yucatan-se-mantiene-con-un-bajo-indice-de-desempleo\\\/#article\",\"isPartOf\":{\"@id\":\"https:\\\/\\\/reporteroshoy.mx\\\/noticias\\\/yucatan-se-mantiene-con-un-bajo-indice-de-desempleo\\\/\"},\"author\":{\"name\":\"Reporteros Hoy WP\",\"@id\":\"https:\\\/\\\/reporteroshoy.mx\\\/noticias\\\/#\\\/schema\\\/person\\\/c977527e57c958a62c5cefe8fe47876e\"},\"headline\":\"Yucat\u00e1n se mantiene con un bajo \u00edndice de desempleo\",\"datePublished\":\"2022-08-11T19:45:52+00:00\",\"mainEntityOfPage\":{\"@id\":\"https:\\\/\\\/reporteroshoy.mx\\\/noticias\\\/yucatan-se-mantiene-con-un-bajo-indice-de-desempleo\\\/\"},\"wordCount\":261,\"commentCount\":0,\"image\":{\"@id\":\"https:\\\/\\\/reporteroshoy.mx\\\/noticias\\\/yucatan-se-mantiene-con-un-bajo-indice-de-desempleo\\\/#primaryimage\"},\"thumbnailUrl\":\"https:\\\/\\\/reporteroshoy.mx\\\/noticias\\\/wp-content\\\/uploads\\\/2022\\\/08\\\/Desempleo.jpg\",\"keywords\":[\"Desempleo\",\"Sefoet\"],\"articleSection\":[\"Yucat\u00e1n\"],\"inLanguage\":\"es\",\"potentialAction\":[{\"@type\":\"CommentAction\",\"name\":\"Comment\",\"target\":[\"https:\\\/\\\/reporteroshoy.mx\\\/noticias\\\/yucatan-se-mantiene-con-un-bajo-indice-de-desempleo\\\/#respond\"]}]},{\"@type\":\"WebPage\",\"@id\":\"https:\\\/\\\/reporteroshoy.mx\\\/noticias\\\/yucatan-se-mantiene-con-un-bajo-indice-de-desempleo\\\/\",\"url\":\"https:\\\/\\\/reporteroshoy.mx\\\/noticias\\\/yucatan-se-mantiene-con-un-bajo-indice-de-desempleo\\\/\",\"name\":\"Yucat\u00e1n se mantiene con un bajo \u00edndice de desempleo\",\"isPartOf\":{\"@id\":\"https:\\\/\\\/reporteroshoy.mx\\\/noticias\\\/#website\"},\"primaryImageOfPage\":{\"@id\":\"https:\\\/\\\/reporteroshoy.mx\\\/noticias\\\/yucatan-se-mantiene-con-un-bajo-indice-de-desempleo\\\/#primaryimage\"},\"image\":{\"@id\":\"https:\\\/\\\/reporteroshoy.mx\\\/noticias\\\/yucatan-se-mantiene-con-un-bajo-indice-de-desempleo\\\/#primaryimage\"},\"thumbnailUrl\":\"https:\\\/\\\/reporteroshoy.mx\\\/noticias\\\/wp-content\\\/uploads\\\/2022\\\/08\\\/Desempleo.jpg\",\"datePublished\":\"2022-08-11T19:45:52+00:00\",\"author\":{\"@id\":\"https:\\\/\\\/reporteroshoy.mx\\\/noticias\\\/#\\\/schema\\\/person\\\/c977527e57c958a62c5cefe8fe47876e\"},\"description\":\"Yucat\u00e1n tiene el 1.8% de nivel de desempleo lo que lo coloca en el segundo lugar nacional en el menor \u00edndice de desempleo.\",\"breadcrumb\":{\"@id\":\"https:\\\/\\\/reporteroshoy.mx\\\/noticias\\\/yucatan-se-mantiene-con-un-bajo-indice-de-desempleo\\\/#breadcrumb\"},\"inLanguage\":\"es\",\"potentialAction\":[{\"@type\":\"ReadAction\",\"target\":[\"https:\\\/\\\/reporteroshoy.mx\\\/noticias\\\/yucatan-se-mantiene-con-un-bajo-indice-de-desempleo\\\/\"]}]},{\"@type\":\"ImageObject\",\"inLanguage\":\"es\",\"@id\":\"https:\\\/\\\/reporteroshoy.mx\\\/noticias\\\/yucatan-se-mantiene-con-un-bajo-indice-de-desempleo\\\/#primaryimage\",\"url\":\"https:\\\/\\\/reporteroshoy.mx\\\/noticias\\\/wp-content\\\/uploads\\\/2022\\\/08\\\/Desempleo.jpg\",\"contentUrl\":\"https:\\\/\\\/reporteroshoy.mx\\\/noticias\\\/wp-content\\\/uploads\\\/2022\\\/08\\\/Desempleo.jpg\",\"width\":768,\"height\":432},{\"@type\":\"BreadcrumbList\",\"@id\":\"https:\\\/\\\/reporteroshoy.mx\\\/noticias\\\/yucatan-se-mantiene-con-un-bajo-indice-de-desempleo\\\/#breadcrumb\",\"itemListElement\":[{\"@type\":\"ListItem\",\"position\":1,\"name\":\"Portada\",\"item\":\"https:\\\/\\\/reporteroshoy.mx\\\/noticias\\\/\"},{\"@type\":\"ListItem\",\"position\":2,\"name\":\"Yucat\u00e1n se mantiene con un bajo \u00edndice de desempleo\"}]},{\"@type\":\"WebSite\",\"@id\":\"https:\\\/\\\/reporteroshoy.mx\\\/noticias\\\/#website\",\"url\":\"https:\\\/\\\/reporteroshoy.mx\\\/noticias\\\/\",\"name\":\"Reporteros Hoy | Noticias de Yucat\u00e1n\",\"description\":\"Peri\u00f3dico digital con noticias diarias desde M\u00e9rida, Yucat\u00e1n para el mundo.\",\"potentialAction\":[{\"@type\":\"SearchAction\",\"target\":{\"@type\":\"EntryPoint\",\"urlTemplate\":\"https:\\\/\\\/reporteroshoy.mx\\\/noticias\\\/?s={search_term_string}\"},\"query-input\":{\"@type\":\"PropertyValueSpecification\",\"valueRequired\":true,\"valueName\":\"search_term_string\"}}],\"inLanguage\":\"es\"},{\"@type\":\"Person\",\"@id\":\"https:\\\/\\\/reporteroshoy.mx\\\/noticias\\\/#\\\/schema\\\/person\\\/c977527e57c958a62c5cefe8fe47876e\",\"name\":\"Reporteros Hoy WP\",\"image\":{\"@type\":\"ImageObject\",\"inLanguage\":\"es\",\"@id\":\"https:\\\/\\\/secure.gravatar.com\\\/avatar\\\/fd2917f79a7dae30f8ac9ddc2f35e1756bb59e25e01d1cd09deaa64df7b2f73e?s=96&d=mm&r=g\",\"url\":\"https:\\\/\\\/secure.gravatar.com\\\/avatar\\\/fd2917f79a7dae30f8ac9ddc2f35e1756bb59e25e01d1cd09deaa64df7b2f73e?s=96&d=mm&r=g\",\"contentUrl\":\"https:\\\/\\\/secure.gravatar.com\\\/avatar\\\/fd2917f79a7dae30f8ac9ddc2f35e1756bb59e25e01d1cd09deaa64df7b2f73e?s=96&d=mm&r=g\",\"caption\":\"Reporteros Hoy WP\"},\"url\":\"https:\\\/\\\/reporteroshoy.mx\\\/noticias\\\/author\\\/walfer\\\/\"}]}<\/script>\n<!-- \/ Yoast SEO plugin. -->","yoast_head_json":{"title":"Yucat\u00e1n se mantiene con un bajo \u00edndice de desempleo","description":"Yucat\u00e1n tiene el 1.8% de nivel de desempleo lo que lo coloca en el segundo lugar nacional en el menor \u00edndice de desempleo.","robots":{"index":"index","follow":"follow","max-snippet":"max-snippet:-1","max-image-preview":"max-image-preview:large","max-video-preview":"max-video-preview:-1"},"canonical":"https:\/\/reporteroshoy.mx\/noticias\/yucatan-se-mantiene-con-un-bajo-indice-de-desempleo\/","og_locale":"es_ES","og_type":"article","og_title":"Yucat\u00e1n se mantiene con un bajo \u00edndice de desempleo","og_description":"Yucat\u00e1n tiene el 1.8% de nivel de desempleo lo que lo coloca en el segundo lugar nacional en el menor \u00edndice de desempleo.","og_url":"https:\/\/reporteroshoy.mx\/noticias\/yucatan-se-mantiene-con-un-bajo-indice-de-desempleo\/","og_site_name":"Reporteros Hoy | Noticias de Yucat\u00e1n","article_publisher":"http:\/\/www.facebook.com\/reporteroshoymx","article_published_time":"2022-08-11T19:45:52+00:00","og_image":[{"width":768,"height":432,"url":"https:\/\/reporteroshoy.mx\/noticias\/wp-content\/uploads\/2022\/08\/Desempleo.jpg","type":"image\/jpeg"}],"author":"Reporteros Hoy WP","twitter_card":"summary_large_image","twitter_creator":"@reporteroshoy","twitter_site":"@reporteroshoy","twitter_misc":{"Escrito por":"Reporteros Hoy WP","Tiempo de lectura":"2 minutos"},"schema":{"@context":"https:\/\/schema.org","@graph":[{"@type":"Article","@id":"https:\/\/reporteroshoy.mx\/noticias\/yucatan-se-mantiene-con-un-bajo-indice-de-desempleo\/#article","isPartOf":{"@id":"https:\/\/reporteroshoy.mx\/noticias\/yucatan-se-mantiene-con-un-bajo-indice-de-desempleo\/"},"author":{"name":"Reporteros Hoy WP","@id":"https:\/\/reporteroshoy.mx\/noticias\/#\/schema\/person\/c977527e57c958a62c5cefe8fe47876e"},"headline":"Yucat\u00e1n se mantiene con un bajo \u00edndice de desempleo","datePublished":"2022-08-11T19:45:52+00:00","mainEntityOfPage":{"@id":"https:\/\/reporteroshoy.mx\/noticias\/yucatan-se-mantiene-con-un-bajo-indice-de-desempleo\/"},"wordCount":261,"commentCount":0,"image":{"@id":"https:\/\/reporteroshoy.mx\/noticias\/yucatan-se-mantiene-con-un-bajo-indice-de-desempleo\/#primaryimage"},"thumbnailUrl":"https:\/\/reporteroshoy.mx\/noticias\/wp-content\/uploads\/2022\/08\/Desempleo.jpg","keywords":["Desempleo","Sefoet"],"articleSection":["Yucat\u00e1n"],"inLanguage":"es","potentialAction":[{"@type":"CommentAction","name":"Comment","target":["https:\/\/reporteroshoy.mx\/noticias\/yucatan-se-mantiene-con-un-bajo-indice-de-desempleo\/#respond"]}]},{"@type":"WebPage","@id":"https:\/\/reporteroshoy.mx\/noticias\/yucatan-se-mantiene-con-un-bajo-indice-de-desempleo\/","url":"https:\/\/reporteroshoy.mx\/noticias\/yucatan-se-mantiene-con-un-bajo-indice-de-desempleo\/","name":"Yucat\u00e1n se mantiene con un bajo \u00edndice de desempleo","isPartOf":{"@id":"https:\/\/reporteroshoy.mx\/noticias\/#website"},"primaryImageOfPage":{"@id":"https:\/\/reporteroshoy.mx\/noticias\/yucatan-se-mantiene-con-un-bajo-indice-de-desempleo\/#primaryimage"},"image":{"@id":"https:\/\/reporteroshoy.mx\/noticias\/yucatan-se-mantiene-con-un-bajo-indice-de-desempleo\/#primaryimage"},"thumbnailUrl":"https:\/\/reporteroshoy.mx\/noticias\/wp-content\/uploads\/2022\/08\/Desempleo.jpg","datePublished":"2022-08-11T19:45:52+00:00","author":{"@id":"https:\/\/reporteroshoy.mx\/noticias\/#\/schema\/person\/c977527e57c958a62c5cefe8fe47876e"},"description":"Yucat\u00e1n tiene el 1.8% de nivel de desempleo lo que lo coloca en el segundo lugar nacional en el menor \u00edndice de desempleo.","breadcrumb":{"@id":"https:\/\/reporteroshoy.mx\/noticias\/yucatan-se-mantiene-con-un-bajo-indice-de-desempleo\/#breadcrumb"},"inLanguage":"es","potentialAction":[{"@type":"ReadAction","target":["https:\/\/reporteroshoy.mx\/noticias\/yucatan-se-mantiene-con-un-bajo-indice-de-desempleo\/"]}]},{"@type":"ImageObject","inLanguage":"es","@id":"https:\/\/reporteroshoy.mx\/noticias\/yucatan-se-mantiene-con-un-bajo-indice-de-desempleo\/#primaryimage","url":"https:\/\/reporteroshoy.mx\/noticias\/wp-content\/uploads\/2022\/08\/Desempleo.jpg","contentUrl":"https:\/\/reporteroshoy.mx\/noticias\/wp-content\/uploads\/2022\/08\/Desempleo.jpg","width":768,"height":432},{"@type":"BreadcrumbList","@id":"https:\/\/reporteroshoy.mx\/noticias\/yucatan-se-mantiene-con-un-bajo-indice-de-desempleo\/#breadcrumb","itemListElement":[{"@type":"ListItem","position":1,"name":"Portada","item":"https:\/\/reporteroshoy.mx\/noticias\/"},{"@type":"ListItem","position":2,"name":"Yucat\u00e1n se mantiene con un bajo \u00edndice de desempleo"}]},{"@type":"WebSite","@id":"https:\/\/reporteroshoy.mx\/noticias\/#website","url":"https:\/\/reporteroshoy.mx\/noticias\/","name":"Reporteros Hoy | Noticias de Yucat\u00e1n","description":"Peri\u00f3dico digital con noticias diarias desde M\u00e9rida, Yucat\u00e1n para el mundo.","potentialAction":[{"@type":"SearchAction","target":{"@type":"EntryPoint","urlTemplate":"https:\/\/reporteroshoy.mx\/noticias\/?s={search_term_string}"},"query-input":{"@type":"PropertyValueSpecification","valueRequired":true,"valueName":"search_term_string"}}],"inLanguage":"es"},{"@type":"Person","@id":"https:\/\/reporteroshoy.mx\/noticias\/#\/schema\/person\/c977527e57c958a62c5cefe8fe47876e","name":"Reporteros Hoy WP","image":{"@type":"ImageObject","inLanguage":"es","@id":"https:\/\/secure.gravatar.com\/avatar\/fd2917f79a7dae30f8ac9ddc2f35e1756bb59e25e01d1cd09deaa64df7b2f73e?s=96&d=mm&r=g","url":"https:\/\/secure.gravatar.com\/avatar\/fd2917f79a7dae30f8ac9ddc2f35e1756bb59e25e01d1cd09deaa64df7b2f73e?s=96&d=mm&r=g","contentUrl":"https:\/\/secure.gravatar.com\/avatar\/fd2917f79a7dae30f8ac9ddc2f35e1756bb59e25e01d1cd09deaa64df7b2f73e?s=96&d=mm&r=g","caption":"Reporteros Hoy WP"},"url":"https:\/\/reporteroshoy.mx\/noticias\/author\/walfer\/"}]}},"_links":{"self":[{"href":"https:\/\/reporteroshoy.mx\/noticias\/wp-json\/wp\/v2\/posts\/90575","targetHints":{"allow":["GET"]}}],"collection":[{"href":"https:\/\/reporteroshoy.mx\/noticias\/wp-json\/wp\/v2\/posts"}],"about":[{"href":"https:\/\/reporteroshoy.mx\/noticias\/wp-json\/wp\/v2\/types\/post"}],"author":[{"embeddable":true,"href":"https:\/\/reporteroshoy.mx\/noticias\/wp-json\/wp\/v2\/users\/9"}],"replies":[{"embeddable":true,"href":"https:\/\/reporteroshoy.mx\/noticias\/wp-json\/wp\/v2\/comments?post=90575"}],"version-history":[{"count":0,"href":"https:\/\/reporteroshoy.mx\/noticias\/wp-json\/wp\/v2\/posts\/90575\/revisions"}],"wp:featuredmedia":[{"embeddable":true,"href":"https:\/\/reporteroshoy.mx\/noticias\/wp-json\/wp\/v2\/media\/90576"}],"wp:attachment":[{"href":"https:\/\/reporteroshoy.mx\/noticias\/wp-json\/wp\/v2\/media?parent=90575"}],"wp:term":[{"taxonomy":"category","embeddable":true,"href":"https:\/\/reporteroshoy.mx\/noticias\/wp-json\/wp\/v2\/categories?post=90575"},{"taxonomy":"post_tag","embeddable":true,"href":"https:\/\/reporteroshoy.mx\/noticias\/wp-json\/wp\/v2\/tags?post=90575"}],"curies":[{"name":"wp","href":"https:\/\/api.w.org\/{rel}","templated":true}]}}