{"id":90610,"date":"2022-08-12T10:03:56","date_gmt":"2022-08-12T15:03:56","guid":{"rendered":"https:\/\/reporteroshoy.mx\/noticias\/?p=90610"},"modified":"2022-08-12T10:03:56","modified_gmt":"2022-08-12T15:03:56","slug":"estos-son-los-nominados-a-mejor-jugador-del-ano-de-la-uefa","status":"publish","type":"post","link":"https:\/\/reporteroshoy.mx\/noticias\/estos-son-los-nominados-a-mejor-jugador-del-ano-de-la-uefa\/","title":{"rendered":"Estos son los nominados a Mejor Jugador del a\u00f1o de la UEFA"},"content":{"rendered":"<p style=\"text-align: justify;\">Ciudad de M\u00e9xico; 12 de agosto de 2022 (Exc\u00e9lsior).- Dos jugadores del Real Madrid, el franc\u00e9s\u00a0Karim Benzema\u00a0y el belga\u00a0Thibaut Courtois, as\u00ed como el tambi\u00e9n belga\u00a0Kevin De Bruyne\u00a0del\u00a0Manchester City, fueron nominados al\u00a0Premio al Mejor Jugador del a\u00f1o de la UEFA, anunci\u00f3 el organismo europeo.<\/p>\n<p style=\"text-align: justify;\">Esta distinci\u00f3n, que premia al mejor futbolista del continente sea cual sea su nacionalidad, se entregar\u00e1 el 25 de agosto durante el sorteo de la fase de grupos de la\u00a0Champions League.<\/p>\n<p style=\"text-align: justify;\">Principal art\u00edfice de la decimocuarta corona del Real Madrid en la Champions League y m\u00e1ximo goleador de la competici\u00f3n europea, con 15 goles,\u00a0Benzema es el gran favorito a suceder al italiano Jorginho.<\/p>\n<p><img loading=\"lazy\" decoding=\"async\" class=\"wp-image-90611 aligncenter\" src=\"https:\/\/reporteroshoy.mx\/noticias\/wp-content\/uploads\/2022\/08\/Karim-Benzema.jpg\" alt=\"\" width=\"600\" height=\"338\" \/><\/p>\n<p style=\"text-align: justify;\">El atacante franc\u00e9s, de 34 a\u00f1os, anot\u00f3 44 tantos en 46 partidos con el club madridista en la pasada temporada, en la que tambi\u00e9n lleg\u00f3 a ganar La Liga.<\/p>\n<p style=\"text-align: justify;\">Al marcar el segundo gol del Real Madrid ante el Eintracht Fr\u00e1ncfort (2-0) este mi\u00e9rcoles en la\u00a0Supercopa de Europa, Benzema se convirti\u00f3 adem\u00e1s en el segundo mejor goleador de la historia del club con 324 dianas, por delante del madridista\u00a0Ra\u00fal Gonz\u00e1lez\u00a0(323) y solo por detr\u00e1s de\u00a0Cristiano Ronaldo\u00a0(451).<\/p>\n<p style=\"text-align: justify;\">La pasada campa\u00f1a, Benzema tambi\u00e9n sum\u00f3 a su palmar\u00e9s un trofeo de selecci\u00f3n, la Liga de las Naciones, su \u00fanico t\u00edtulo con Francia.<\/p>\n<p style=\"text-align: justify;\">Por su parte, su compa\u00f1ero Courtois tambi\u00e9n fue decisivo en el camino del Real Madrid en la Champions League, mientras que su compatriota Kevin De Bruyne consigui\u00f3 su segundo t\u00edtulo consecutivo de campe\u00f3n de la Premier League con el Manchester City, pero cay\u00f3 en las semifinales de la Champions League ante el Real Madrid.<\/p>\n","protected":false},"excerpt":{"rendered":"<p>Dos jugadores del Real Madrid y uno del Manchester City fueron nominados al\u00a0Premio al Mejor Jugador del a\u00f1o de la UEFA.<\/p>\n","protected":false},"author":9,"featured_media":90611,"comment_status":"open","ping_status":"closed","sticky":false,"template":"","format":"standard","meta":{"footnotes":""},"categories":[4],"tags":[1123,5809,6471],"class_list":["post-90610","post","type-post","status-publish","format-standard","has-post-thumbnail","hentry","category-deportes","tag-futbol","tag-jugador-del-ano","tag-uefa"],"yoast_head":"<!-- This site is optimized with the Yoast SEO plugin v28.3 - https:\/\/yoast.com\/product\/yoast-seo-wordpress\/ -->\n<title>Estos son los nominados a Mejor Jugador del a\u00f1o de la UEFA<\/title>\n<meta name=\"description\" content=\"Dos jugadores del Real Madrid y uno del Manchester City fueron nominados al\u00a0Premio al Mejor Jugador del a\u00f1o de la UEFA.\" \/>\n<meta name=\"robots\" content=\"index, follow, max-snippet:-1, max-image-preview:large, max-video-preview:-1\" \/>\n<link rel=\"canonical\" href=\"https:\/\/reporteroshoy.mx\/noticias\/estos-son-los-nominados-a-mejor-jugador-del-ano-de-la-uefa\/\" \/>\n<meta property=\"og:locale\" content=\"es_ES\" \/>\n<meta property=\"og:type\" content=\"article\" \/>\n<meta property=\"og:title\" content=\"Estos son los nominados a Mejor Jugador del a\u00f1o de la UEFA\" \/>\n<meta property=\"og:description\" content=\"Dos jugadores del Real Madrid y uno del Manchester City fueron nominados al\u00a0Premio al Mejor Jugador del a\u00f1o de la UEFA.\" \/>\n<meta property=\"og:url\" content=\"https:\/\/reporteroshoy.mx\/noticias\/estos-son-los-nominados-a-mejor-jugador-del-ano-de-la-uefa\/\" \/>\n<meta property=\"og:site_name\" content=\"Reporteros Hoy | Noticias de Yucat\u00e1n\" \/>\n<meta property=\"article:publisher\" content=\"http:\/\/www.facebook.com\/reporteroshoymx\" \/>\n<meta property=\"article:published_time\" content=\"2022-08-12T15:03:56+00:00\" \/>\n<meta property=\"og:image\" content=\"https:\/\/reporteroshoy.mx\/noticias\/wp-content\/uploads\/2022\/08\/Karim-Benzema.jpg\" \/>\n\t<meta property=\"og:image:width\" content=\"768\" \/>\n\t<meta property=\"og:image:height\" content=\"432\" \/>\n\t<meta property=\"og:image:type\" content=\"image\/jpeg\" \/>\n<meta name=\"author\" content=\"Reporteros Hoy WP\" \/>\n<meta name=\"twitter:card\" content=\"summary_large_image\" \/>\n<meta name=\"twitter:creator\" content=\"@reporteroshoy\" \/>\n<meta name=\"twitter:site\" content=\"@reporteroshoy\" \/>\n<meta name=\"twitter:label1\" content=\"Escrito por\" \/>\n\t<meta name=\"twitter:data1\" content=\"Reporteros Hoy WP\" \/>\n\t<meta name=\"twitter:label2\" content=\"Tiempo de lectura\" \/>\n\t<meta name=\"twitter:data2\" content=\"2 minutos\" \/>\n<script type=\"application\/ld+json\" class=\"yoast-schema-graph\">{\"@context\":\"https:\\\/\\\/schema.org\",\"@graph\":[{\"@type\":\"Article\",\"@id\":\"https:\\\/\\\/reporteroshoy.mx\\\/noticias\\\/estos-son-los-nominados-a-mejor-jugador-del-ano-de-la-uefa\\\/#article\",\"isPartOf\":{\"@id\":\"https:\\\/\\\/reporteroshoy.mx\\\/noticias\\\/estos-son-los-nominados-a-mejor-jugador-del-ano-de-la-uefa\\\/\"},\"author\":{\"name\":\"Reporteros Hoy WP\",\"@id\":\"https:\\\/\\\/reporteroshoy.mx\\\/noticias\\\/#\\\/schema\\\/person\\\/c977527e57c958a62c5cefe8fe47876e\"},\"headline\":\"Estos son los nominados a Mejor Jugador del a\u00f1o de la UEFA\",\"datePublished\":\"2022-08-12T15:03:56+00:00\",\"mainEntityOfPage\":{\"@id\":\"https:\\\/\\\/reporteroshoy.mx\\\/noticias\\\/estos-son-los-nominados-a-mejor-jugador-del-ano-de-la-uefa\\\/\"},\"wordCount\":304,\"commentCount\":0,\"image\":{\"@id\":\"https:\\\/\\\/reporteroshoy.mx\\\/noticias\\\/estos-son-los-nominados-a-mejor-jugador-del-ano-de-la-uefa\\\/#primaryimage\"},\"thumbnailUrl\":\"https:\\\/\\\/reporteroshoy.mx\\\/noticias\\\/wp-content\\\/uploads\\\/2022\\\/08\\\/Karim-Benzema.jpg\",\"keywords\":[\"futbol\",\"Jugador del A\u00f1o\",\"UEFA\"],\"articleSection\":[\"Deportes\"],\"inLanguage\":\"es\",\"potentialAction\":[{\"@type\":\"CommentAction\",\"name\":\"Comment\",\"target\":[\"https:\\\/\\\/reporteroshoy.mx\\\/noticias\\\/estos-son-los-nominados-a-mejor-jugador-del-ano-de-la-uefa\\\/#respond\"]}]},{\"@type\":\"WebPage\",\"@id\":\"https:\\\/\\\/reporteroshoy.mx\\\/noticias\\\/estos-son-los-nominados-a-mejor-jugador-del-ano-de-la-uefa\\\/\",\"url\":\"https:\\\/\\\/reporteroshoy.mx\\\/noticias\\\/estos-son-los-nominados-a-mejor-jugador-del-ano-de-la-uefa\\\/\",\"name\":\"Estos son los nominados a Mejor Jugador del a\u00f1o de la UEFA\",\"isPartOf\":{\"@id\":\"https:\\\/\\\/reporteroshoy.mx\\\/noticias\\\/#website\"},\"primaryImageOfPage\":{\"@id\":\"https:\\\/\\\/reporteroshoy.mx\\\/noticias\\\/estos-son-los-nominados-a-mejor-jugador-del-ano-de-la-uefa\\\/#primaryimage\"},\"image\":{\"@id\":\"https:\\\/\\\/reporteroshoy.mx\\\/noticias\\\/estos-son-los-nominados-a-mejor-jugador-del-ano-de-la-uefa\\\/#primaryimage\"},\"thumbnailUrl\":\"https:\\\/\\\/reporteroshoy.mx\\\/noticias\\\/wp-content\\\/uploads\\\/2022\\\/08\\\/Karim-Benzema.jpg\",\"datePublished\":\"2022-08-12T15:03:56+00:00\",\"author\":{\"@id\":\"https:\\\/\\\/reporteroshoy.mx\\\/noticias\\\/#\\\/schema\\\/person\\\/c977527e57c958a62c5cefe8fe47876e\"},\"description\":\"Dos jugadores del Real Madrid y uno del Manchester City fueron nominados al\u00a0Premio al Mejor Jugador del a\u00f1o de la UEFA.\",\"breadcrumb\":{\"@id\":\"https:\\\/\\\/reporteroshoy.mx\\\/noticias\\\/estos-son-los-nominados-a-mejor-jugador-del-ano-de-la-uefa\\\/#breadcrumb\"},\"inLanguage\":\"es\",\"potentialAction\":[{\"@type\":\"ReadAction\",\"target\":[\"https:\\\/\\\/reporteroshoy.mx\\\/noticias\\\/estos-son-los-nominados-a-mejor-jugador-del-ano-de-la-uefa\\\/\"]}]},{\"@type\":\"ImageObject\",\"inLanguage\":\"es\",\"@id\":\"https:\\\/\\\/reporteroshoy.mx\\\/noticias\\\/estos-son-los-nominados-a-mejor-jugador-del-ano-de-la-uefa\\\/#primaryimage\",\"url\":\"https:\\\/\\\/reporteroshoy.mx\\\/noticias\\\/wp-content\\\/uploads\\\/2022\\\/08\\\/Karim-Benzema.jpg\",\"contentUrl\":\"https:\\\/\\\/reporteroshoy.mx\\\/noticias\\\/wp-content\\\/uploads\\\/2022\\\/08\\\/Karim-Benzema.jpg\",\"width\":768,\"height\":432},{\"@type\":\"BreadcrumbList\",\"@id\":\"https:\\\/\\\/reporteroshoy.mx\\\/noticias\\\/estos-son-los-nominados-a-mejor-jugador-del-ano-de-la-uefa\\\/#breadcrumb\",\"itemListElement\":[{\"@type\":\"ListItem\",\"position\":1,\"name\":\"Portada\",\"item\":\"https:\\\/\\\/reporteroshoy.mx\\\/noticias\\\/\"},{\"@type\":\"ListItem\",\"position\":2,\"name\":\"Estos son los nominados a Mejor Jugador del a\u00f1o de la UEFA\"}]},{\"@type\":\"WebSite\",\"@id\":\"https:\\\/\\\/reporteroshoy.mx\\\/noticias\\\/#website\",\"url\":\"https:\\\/\\\/reporteroshoy.mx\\\/noticias\\\/\",\"name\":\"Reporteros Hoy | Noticias de Yucat\u00e1n\",\"description\":\"Peri\u00f3dico digital con noticias diarias desde M\u00e9rida, Yucat\u00e1n para el mundo.\",\"potentialAction\":[{\"@type\":\"SearchAction\",\"target\":{\"@type\":\"EntryPoint\",\"urlTemplate\":\"https:\\\/\\\/reporteroshoy.mx\\\/noticias\\\/?s={search_term_string}\"},\"query-input\":{\"@type\":\"PropertyValueSpecification\",\"valueRequired\":true,\"valueName\":\"search_term_string\"}}],\"inLanguage\":\"es\"},{\"@type\":\"Person\",\"@id\":\"https:\\\/\\\/reporteroshoy.mx\\\/noticias\\\/#\\\/schema\\\/person\\\/c977527e57c958a62c5cefe8fe47876e\",\"name\":\"Reporteros Hoy WP\",\"image\":{\"@type\":\"ImageObject\",\"inLanguage\":\"es\",\"@id\":\"https:\\\/\\\/secure.gravatar.com\\\/avatar\\\/fd2917f79a7dae30f8ac9ddc2f35e1756bb59e25e01d1cd09deaa64df7b2f73e?s=96&d=mm&r=g\",\"url\":\"https:\\\/\\\/secure.gravatar.com\\\/avatar\\\/fd2917f79a7dae30f8ac9ddc2f35e1756bb59e25e01d1cd09deaa64df7b2f73e?s=96&d=mm&r=g\",\"contentUrl\":\"https:\\\/\\\/secure.gravatar.com\\\/avatar\\\/fd2917f79a7dae30f8ac9ddc2f35e1756bb59e25e01d1cd09deaa64df7b2f73e?s=96&d=mm&r=g\",\"caption\":\"Reporteros Hoy WP\"},\"url\":\"https:\\\/\\\/reporteroshoy.mx\\\/noticias\\\/author\\\/walfer\\\/\"}]}<\/script>\n<!-- \/ Yoast SEO plugin. -->","yoast_head_json":{"title":"Estos son los nominados a Mejor Jugador del a\u00f1o de la UEFA","description":"Dos jugadores del Real Madrid y uno del Manchester City fueron nominados al\u00a0Premio al Mejor Jugador del a\u00f1o de la UEFA.","robots":{"index":"index","follow":"follow","max-snippet":"max-snippet:-1","max-image-preview":"max-image-preview:large","max-video-preview":"max-video-preview:-1"},"canonical":"https:\/\/reporteroshoy.mx\/noticias\/estos-son-los-nominados-a-mejor-jugador-del-ano-de-la-uefa\/","og_locale":"es_ES","og_type":"article","og_title":"Estos son los nominados a Mejor Jugador del a\u00f1o de la UEFA","og_description":"Dos jugadores del Real Madrid y uno del Manchester City fueron nominados al\u00a0Premio al Mejor Jugador del a\u00f1o de la UEFA.","og_url":"https:\/\/reporteroshoy.mx\/noticias\/estos-son-los-nominados-a-mejor-jugador-del-ano-de-la-uefa\/","og_site_name":"Reporteros Hoy | Noticias de Yucat\u00e1n","article_publisher":"http:\/\/www.facebook.com\/reporteroshoymx","article_published_time":"2022-08-12T15:03:56+00:00","og_image":[{"width":768,"height":432,"url":"https:\/\/reporteroshoy.mx\/noticias\/wp-content\/uploads\/2022\/08\/Karim-Benzema.jpg","type":"image\/jpeg"}],"author":"Reporteros Hoy WP","twitter_card":"summary_large_image","twitter_creator":"@reporteroshoy","twitter_site":"@reporteroshoy","twitter_misc":{"Escrito por":"Reporteros Hoy WP","Tiempo de lectura":"2 minutos"},"schema":{"@context":"https:\/\/schema.org","@graph":[{"@type":"Article","@id":"https:\/\/reporteroshoy.mx\/noticias\/estos-son-los-nominados-a-mejor-jugador-del-ano-de-la-uefa\/#article","isPartOf":{"@id":"https:\/\/reporteroshoy.mx\/noticias\/estos-son-los-nominados-a-mejor-jugador-del-ano-de-la-uefa\/"},"author":{"name":"Reporteros Hoy WP","@id":"https:\/\/reporteroshoy.mx\/noticias\/#\/schema\/person\/c977527e57c958a62c5cefe8fe47876e"},"headline":"Estos son los nominados a Mejor Jugador del a\u00f1o de la UEFA","datePublished":"2022-08-12T15:03:56+00:00","mainEntityOfPage":{"@id":"https:\/\/reporteroshoy.mx\/noticias\/estos-son-los-nominados-a-mejor-jugador-del-ano-de-la-uefa\/"},"wordCount":304,"commentCount":0,"image":{"@id":"https:\/\/reporteroshoy.mx\/noticias\/estos-son-los-nominados-a-mejor-jugador-del-ano-de-la-uefa\/#primaryimage"},"thumbnailUrl":"https:\/\/reporteroshoy.mx\/noticias\/wp-content\/uploads\/2022\/08\/Karim-Benzema.jpg","keywords":["futbol","Jugador del A\u00f1o","UEFA"],"articleSection":["Deportes"],"inLanguage":"es","potentialAction":[{"@type":"CommentAction","name":"Comment","target":["https:\/\/reporteroshoy.mx\/noticias\/estos-son-los-nominados-a-mejor-jugador-del-ano-de-la-uefa\/#respond"]}]},{"@type":"WebPage","@id":"https:\/\/reporteroshoy.mx\/noticias\/estos-son-los-nominados-a-mejor-jugador-del-ano-de-la-uefa\/","url":"https:\/\/reporteroshoy.mx\/noticias\/estos-son-los-nominados-a-mejor-jugador-del-ano-de-la-uefa\/","name":"Estos son los nominados a Mejor Jugador del a\u00f1o de la UEFA","isPartOf":{"@id":"https:\/\/reporteroshoy.mx\/noticias\/#website"},"primaryImageOfPage":{"@id":"https:\/\/reporteroshoy.mx\/noticias\/estos-son-los-nominados-a-mejor-jugador-del-ano-de-la-uefa\/#primaryimage"},"image":{"@id":"https:\/\/reporteroshoy.mx\/noticias\/estos-son-los-nominados-a-mejor-jugador-del-ano-de-la-uefa\/#primaryimage"},"thumbnailUrl":"https:\/\/reporteroshoy.mx\/noticias\/wp-content\/uploads\/2022\/08\/Karim-Benzema.jpg","datePublished":"2022-08-12T15:03:56+00:00","author":{"@id":"https:\/\/reporteroshoy.mx\/noticias\/#\/schema\/person\/c977527e57c958a62c5cefe8fe47876e"},"description":"Dos jugadores del Real Madrid y uno del Manchester City fueron nominados al\u00a0Premio al Mejor Jugador del a\u00f1o de la UEFA.","breadcrumb":{"@id":"https:\/\/reporteroshoy.mx\/noticias\/estos-son-los-nominados-a-mejor-jugador-del-ano-de-la-uefa\/#breadcrumb"},"inLanguage":"es","potentialAction":[{"@type":"ReadAction","target":["https:\/\/reporteroshoy.mx\/noticias\/estos-son-los-nominados-a-mejor-jugador-del-ano-de-la-uefa\/"]}]},{"@type":"ImageObject","inLanguage":"es","@id":"https:\/\/reporteroshoy.mx\/noticias\/estos-son-los-nominados-a-mejor-jugador-del-ano-de-la-uefa\/#primaryimage","url":"https:\/\/reporteroshoy.mx\/noticias\/wp-content\/uploads\/2022\/08\/Karim-Benzema.jpg","contentUrl":"https:\/\/reporteroshoy.mx\/noticias\/wp-content\/uploads\/2022\/08\/Karim-Benzema.jpg","width":768,"height":432},{"@type":"BreadcrumbList","@id":"https:\/\/reporteroshoy.mx\/noticias\/estos-son-los-nominados-a-mejor-jugador-del-ano-de-la-uefa\/#breadcrumb","itemListElement":[{"@type":"ListItem","position":1,"name":"Portada","item":"https:\/\/reporteroshoy.mx\/noticias\/"},{"@type":"ListItem","position":2,"name":"Estos son los nominados a Mejor Jugador del a\u00f1o de la UEFA"}]},{"@type":"WebSite","@id":"https:\/\/reporteroshoy.mx\/noticias\/#website","url":"https:\/\/reporteroshoy.mx\/noticias\/","name":"Reporteros Hoy | Noticias de Yucat\u00e1n","description":"Peri\u00f3dico digital con noticias diarias desde M\u00e9rida, Yucat\u00e1n para el mundo.","potentialAction":[{"@type":"SearchAction","target":{"@type":"EntryPoint","urlTemplate":"https:\/\/reporteroshoy.mx\/noticias\/?s={search_term_string}"},"query-input":{"@type":"PropertyValueSpecification","valueRequired":true,"valueName":"search_term_string"}}],"inLanguage":"es"},{"@type":"Person","@id":"https:\/\/reporteroshoy.mx\/noticias\/#\/schema\/person\/c977527e57c958a62c5cefe8fe47876e","name":"Reporteros Hoy WP","image":{"@type":"ImageObject","inLanguage":"es","@id":"https:\/\/secure.gravatar.com\/avatar\/fd2917f79a7dae30f8ac9ddc2f35e1756bb59e25e01d1cd09deaa64df7b2f73e?s=96&d=mm&r=g","url":"https:\/\/secure.gravatar.com\/avatar\/fd2917f79a7dae30f8ac9ddc2f35e1756bb59e25e01d1cd09deaa64df7b2f73e?s=96&d=mm&r=g","contentUrl":"https:\/\/secure.gravatar.com\/avatar\/fd2917f79a7dae30f8ac9ddc2f35e1756bb59e25e01d1cd09deaa64df7b2f73e?s=96&d=mm&r=g","caption":"Reporteros Hoy WP"},"url":"https:\/\/reporteroshoy.mx\/noticias\/author\/walfer\/"}]}},"_links":{"self":[{"href":"https:\/\/reporteroshoy.mx\/noticias\/wp-json\/wp\/v2\/posts\/90610","targetHints":{"allow":["GET"]}}],"collection":[{"href":"https:\/\/reporteroshoy.mx\/noticias\/wp-json\/wp\/v2\/posts"}],"about":[{"href":"https:\/\/reporteroshoy.mx\/noticias\/wp-json\/wp\/v2\/types\/post"}],"author":[{"embeddable":true,"href":"https:\/\/reporteroshoy.mx\/noticias\/wp-json\/wp\/v2\/users\/9"}],"replies":[{"embeddable":true,"href":"https:\/\/reporteroshoy.mx\/noticias\/wp-json\/wp\/v2\/comments?post=90610"}],"version-history":[{"count":0,"href":"https:\/\/reporteroshoy.mx\/noticias\/wp-json\/wp\/v2\/posts\/90610\/revisions"}],"wp:featuredmedia":[{"embeddable":true,"href":"https:\/\/reporteroshoy.mx\/noticias\/wp-json\/wp\/v2\/media\/90611"}],"wp:attachment":[{"href":"https:\/\/reporteroshoy.mx\/noticias\/wp-json\/wp\/v2\/media?parent=90610"}],"wp:term":[{"taxonomy":"category","embeddable":true,"href":"https:\/\/reporteroshoy.mx\/noticias\/wp-json\/wp\/v2\/categories?post=90610"},{"taxonomy":"post_tag","embeddable":true,"href":"https:\/\/reporteroshoy.mx\/noticias\/wp-json\/wp\/v2\/tags?post=90610"}],"curies":[{"name":"wp","href":"https:\/\/api.w.org\/{rel}","templated":true}]}}