{"id":90667,"date":"2022-08-13T13:55:23","date_gmt":"2022-08-13T18:55:23","guid":{"rendered":"https:\/\/reporteroshoy.mx\/noticias\/?p=90667"},"modified":"2022-08-13T13:55:23","modified_gmt":"2022-08-13T18:55:23","slug":"ay-chuchito-viene-el-periodo-mas-activo-de-huracanes","status":"publish","type":"post","link":"https:\/\/reporteroshoy.mx\/noticias\/ay-chuchito-viene-el-periodo-mas-activo-de-huracanes\/","title":{"rendered":"Ay Chuchito\u2026 viene el periodo m\u00e1s activo de huracanes"},"content":{"rendered":"<p style=\"text-align: justify;\">M\u00e9rida, Yucat\u00e1n, 13 de agosto de 2022 (ACOM).- Se acerca el periodo m\u00e1s activo de la temporada de huracanes para el Atl\u00e1ntico, conocido por presentar una formaci\u00f3n constante de estos sistemas en esta etapa.<\/p>\n<p style=\"text-align: justify;\">El integrante del Comit\u00e9 para la Atenci\u00f3n de Fen\u00f3menos Meteorol\u00f3gicos Extremos (Ciafeme) de la UADY, Juan V\u00e1zquez Montalvo, anticip\u00f3 que esta etapa inicia el 20 de agosto y se extiende hasta el mes de octubre, y se caracteriza porque los ciclones se forman con mayor frecuencia debido a las condiciones meteorol\u00f3gicas que imperan.<\/p>\n<p style=\"text-align: justify;\">\u00abTodo indica que va a estar muy activa la temporada. El 90% de los ciclones ocurren a partir del pico de la temporada. Hasta ahorita, vamos bien. Mucha gente dice &#8216;no hay ciclones, estamos atrasados&#8217;. No. Estamos en el promedio. El cuarto cicl\u00f3n se debe formar en agosto, pues ya se formaron tres\u00bb, explic\u00f3.<\/p>\n<p><img loading=\"lazy\" decoding=\"async\" class=\"alignnone size-full wp-image-90668\" src=\"https:\/\/reporteroshoy.mx\/noticias\/wp-content\/uploads\/2022\/08\/yucatan-Huracanes-750x406-1.jpg\" alt=\"\" width=\"750\" height=\"406\" \/><\/p>\n<p style=\"text-align: justify;\">El meteor\u00f3logo record\u00f3 que de los 21 sistemas pronosticados con nombre ya se han formado Alex, Bonnie y Colin, aunque a\u00fan restan otro tanto por formarse.<\/p>\n<p style=\"text-align: justify;\">Asimismo, hizo un llamado a la poblaci\u00f3n para mantenerse alerta ante las indicaciones oficiales y prepararse para afrontar esta etapa.<\/p>\n<p style=\"text-align: justify;\">\u00abEn estos d\u00edas incluso a finales de esta semana, ya debemos tener el cuarto cicl\u00f3n formado de la temporada y es probable que empiecen a formarse m\u00e1s sistemas de manera constante\u00bb, extern\u00f3.<\/p>\n","protected":false},"excerpt":{"rendered":"<p>Todo indica que va a estar muy activa la temporada, el 90% de los ciclones ocurren a partir del pico de la temporada.<\/p>\n","protected":false},"author":6,"featured_media":90668,"comment_status":"open","ping_status":"closed","sticky":false,"template":"","format":"standard","meta":{"footnotes":""},"categories":[17],"tags":[10397,3989],"class_list":["post-90667","post","type-post","status-publish","format-standard","has-post-thumbnail","hentry","category-yucatan","tag-huracan","tag-temporada-de-huracanes"],"yoast_head":"<!-- This site is optimized with the Yoast SEO plugin v28.4 - https:\/\/yoast.com\/product\/yoast-seo-wordpress\/ -->\n<title>Ay Chuchito\u2026 viene el periodo m\u00e1s activo de huracanes<\/title>\n<meta name=\"description\" content=\"Todo indica que va a estar muy activa la temporada, el 90% de los ciclones ocurren a partir del pico de la temporada.\" \/>\n<meta name=\"robots\" content=\"index, follow, max-snippet:-1, max-image-preview:large, max-video-preview:-1\" \/>\n<link rel=\"canonical\" href=\"https:\/\/reporteroshoy.mx\/noticias\/ay-chuchito-viene-el-periodo-mas-activo-de-huracanes\/\" \/>\n<meta property=\"og:locale\" content=\"es_ES\" \/>\n<meta property=\"og:type\" content=\"article\" \/>\n<meta property=\"og:title\" content=\"Ay Chuchito\u2026 viene el periodo m\u00e1s activo de huracanes\" \/>\n<meta property=\"og:description\" content=\"Todo indica que va a estar muy activa la temporada, el 90% de los ciclones ocurren a partir del pico de la temporada.\" \/>\n<meta property=\"og:url\" content=\"https:\/\/reporteroshoy.mx\/noticias\/ay-chuchito-viene-el-periodo-mas-activo-de-huracanes\/\" \/>\n<meta property=\"og:site_name\" content=\"Reporteros Hoy | Noticias de Yucat\u00e1n\" \/>\n<meta property=\"article:publisher\" content=\"http:\/\/www.facebook.com\/reporteroshoymx\" \/>\n<meta property=\"article:published_time\" content=\"2022-08-13T18:55:23+00:00\" \/>\n<meta property=\"og:image\" content=\"https:\/\/reporteroshoy.mx\/noticias\/wp-content\/uploads\/2022\/08\/yucatan-Huracanes-750x406-1.jpg\" \/>\n\t<meta property=\"og:image:width\" content=\"750\" \/>\n\t<meta property=\"og:image:height\" content=\"406\" \/>\n\t<meta property=\"og:image:type\" content=\"image\/jpeg\" \/>\n<meta name=\"author\" content=\"Reporteros Hoy GS\" \/>\n<meta name=\"twitter:card\" content=\"summary_large_image\" \/>\n<meta name=\"twitter:creator\" content=\"@reporteroshoy\" \/>\n<meta name=\"twitter:site\" content=\"@reporteroshoy\" \/>\n<meta name=\"twitter:label1\" content=\"Escrito por\" \/>\n\t<meta name=\"twitter:data1\" content=\"Reporteros Hoy GS\" \/>\n\t<meta name=\"twitter:label2\" content=\"Tiempo de lectura\" \/>\n\t<meta name=\"twitter:data2\" content=\"2 minutos\" \/>\n<script type=\"application\/ld+json\" class=\"yoast-schema-graph\">{\"@context\":\"https:\\\/\\\/schema.org\",\"@graph\":[{\"@type\":\"Article\",\"@id\":\"https:\\\/\\\/reporteroshoy.mx\\\/noticias\\\/ay-chuchito-viene-el-periodo-mas-activo-de-huracanes\\\/#article\",\"isPartOf\":{\"@id\":\"https:\\\/\\\/reporteroshoy.mx\\\/noticias\\\/ay-chuchito-viene-el-periodo-mas-activo-de-huracanes\\\/\"},\"author\":{\"name\":\"Reporteros Hoy GS\",\"@id\":\"https:\\\/\\\/reporteroshoy.mx\\\/noticias\\\/#\\\/schema\\\/person\\\/49ae631fc906b44554e4ba3866c505d7\"},\"headline\":\"Ay Chuchito\u2026 viene el periodo m\u00e1s activo de huracanes\",\"datePublished\":\"2022-08-13T18:55:23+00:00\",\"mainEntityOfPage\":{\"@id\":\"https:\\\/\\\/reporteroshoy.mx\\\/noticias\\\/ay-chuchito-viene-el-periodo-mas-activo-de-huracanes\\\/\"},\"wordCount\":242,\"commentCount\":0,\"image\":{\"@id\":\"https:\\\/\\\/reporteroshoy.mx\\\/noticias\\\/ay-chuchito-viene-el-periodo-mas-activo-de-huracanes\\\/#primaryimage\"},\"thumbnailUrl\":\"https:\\\/\\\/reporteroshoy.mx\\\/noticias\\\/wp-content\\\/uploads\\\/2022\\\/08\\\/yucatan-Huracanes-750x406-1.jpg\",\"keywords\":[\"hurac\u00e1n\",\"temporada de huracanes\"],\"articleSection\":[\"Yucat\u00e1n\"],\"inLanguage\":\"es\",\"potentialAction\":[{\"@type\":\"CommentAction\",\"name\":\"Comment\",\"target\":[\"https:\\\/\\\/reporteroshoy.mx\\\/noticias\\\/ay-chuchito-viene-el-periodo-mas-activo-de-huracanes\\\/#respond\"]}]},{\"@type\":\"WebPage\",\"@id\":\"https:\\\/\\\/reporteroshoy.mx\\\/noticias\\\/ay-chuchito-viene-el-periodo-mas-activo-de-huracanes\\\/\",\"url\":\"https:\\\/\\\/reporteroshoy.mx\\\/noticias\\\/ay-chuchito-viene-el-periodo-mas-activo-de-huracanes\\\/\",\"name\":\"Ay Chuchito\u2026 viene el periodo m\u00e1s activo de huracanes\",\"isPartOf\":{\"@id\":\"https:\\\/\\\/reporteroshoy.mx\\\/noticias\\\/#website\"},\"primaryImageOfPage\":{\"@id\":\"https:\\\/\\\/reporteroshoy.mx\\\/noticias\\\/ay-chuchito-viene-el-periodo-mas-activo-de-huracanes\\\/#primaryimage\"},\"image\":{\"@id\":\"https:\\\/\\\/reporteroshoy.mx\\\/noticias\\\/ay-chuchito-viene-el-periodo-mas-activo-de-huracanes\\\/#primaryimage\"},\"thumbnailUrl\":\"https:\\\/\\\/reporteroshoy.mx\\\/noticias\\\/wp-content\\\/uploads\\\/2022\\\/08\\\/yucatan-Huracanes-750x406-1.jpg\",\"datePublished\":\"2022-08-13T18:55:23+00:00\",\"author\":{\"@id\":\"https:\\\/\\\/reporteroshoy.mx\\\/noticias\\\/#\\\/schema\\\/person\\\/49ae631fc906b44554e4ba3866c505d7\"},\"description\":\"Todo indica que va a estar muy activa la temporada, el 90% de los ciclones ocurren a partir del pico de la temporada.\",\"breadcrumb\":{\"@id\":\"https:\\\/\\\/reporteroshoy.mx\\\/noticias\\\/ay-chuchito-viene-el-periodo-mas-activo-de-huracanes\\\/#breadcrumb\"},\"inLanguage\":\"es\",\"potentialAction\":[{\"@type\":\"ReadAction\",\"target\":[\"https:\\\/\\\/reporteroshoy.mx\\\/noticias\\\/ay-chuchito-viene-el-periodo-mas-activo-de-huracanes\\\/\"]}]},{\"@type\":\"ImageObject\",\"inLanguage\":\"es\",\"@id\":\"https:\\\/\\\/reporteroshoy.mx\\\/noticias\\\/ay-chuchito-viene-el-periodo-mas-activo-de-huracanes\\\/#primaryimage\",\"url\":\"https:\\\/\\\/reporteroshoy.mx\\\/noticias\\\/wp-content\\\/uploads\\\/2022\\\/08\\\/yucatan-Huracanes-750x406-1.jpg\",\"contentUrl\":\"https:\\\/\\\/reporteroshoy.mx\\\/noticias\\\/wp-content\\\/uploads\\\/2022\\\/08\\\/yucatan-Huracanes-750x406-1.jpg\",\"width\":750,\"height\":406},{\"@type\":\"BreadcrumbList\",\"@id\":\"https:\\\/\\\/reporteroshoy.mx\\\/noticias\\\/ay-chuchito-viene-el-periodo-mas-activo-de-huracanes\\\/#breadcrumb\",\"itemListElement\":[{\"@type\":\"ListItem\",\"position\":1,\"name\":\"Portada\",\"item\":\"https:\\\/\\\/reporteroshoy.mx\\\/noticias\\\/\"},{\"@type\":\"ListItem\",\"position\":2,\"name\":\"Ay Chuchito\u2026 viene el periodo m\u00e1s activo de huracanes\"}]},{\"@type\":\"WebSite\",\"@id\":\"https:\\\/\\\/reporteroshoy.mx\\\/noticias\\\/#website\",\"url\":\"https:\\\/\\\/reporteroshoy.mx\\\/noticias\\\/\",\"name\":\"Reporteros Hoy | Noticias de Yucat\u00e1n\",\"description\":\"Peri\u00f3dico digital con noticias diarias desde M\u00e9rida, Yucat\u00e1n para el mundo.\",\"potentialAction\":[{\"@type\":\"SearchAction\",\"target\":{\"@type\":\"EntryPoint\",\"urlTemplate\":\"https:\\\/\\\/reporteroshoy.mx\\\/noticias\\\/?s={search_term_string}\"},\"query-input\":{\"@type\":\"PropertyValueSpecification\",\"valueRequired\":true,\"valueName\":\"search_term_string\"}}],\"inLanguage\":\"es\"},{\"@type\":\"Person\",\"@id\":\"https:\\\/\\\/reporteroshoy.mx\\\/noticias\\\/#\\\/schema\\\/person\\\/49ae631fc906b44554e4ba3866c505d7\",\"name\":\"Reporteros Hoy GS\",\"image\":{\"@type\":\"ImageObject\",\"inLanguage\":\"es\",\"@id\":\"https:\\\/\\\/secure.gravatar.com\\\/avatar\\\/00d32adb620345c3db2cfc175917f65c584e1e338fdc49ad126aa1f9830eb6a9?s=96&d=mm&r=g\",\"url\":\"https:\\\/\\\/secure.gravatar.com\\\/avatar\\\/00d32adb620345c3db2cfc175917f65c584e1e338fdc49ad126aa1f9830eb6a9?s=96&d=mm&r=g\",\"contentUrl\":\"https:\\\/\\\/secure.gravatar.com\\\/avatar\\\/00d32adb620345c3db2cfc175917f65c584e1e338fdc49ad126aa1f9830eb6a9?s=96&d=mm&r=g\",\"caption\":\"Reporteros Hoy GS\"},\"url\":\"https:\\\/\\\/reporteroshoy.mx\\\/noticias\\\/author\\\/lupis\\\/\"}]}<\/script>\n<!-- \/ Yoast SEO plugin. -->","yoast_head_json":{"title":"Ay Chuchito\u2026 viene el periodo m\u00e1s activo de huracanes","description":"Todo indica que va a estar muy activa la temporada, el 90% de los ciclones ocurren a partir del pico de la temporada.","robots":{"index":"index","follow":"follow","max-snippet":"max-snippet:-1","max-image-preview":"max-image-preview:large","max-video-preview":"max-video-preview:-1"},"canonical":"https:\/\/reporteroshoy.mx\/noticias\/ay-chuchito-viene-el-periodo-mas-activo-de-huracanes\/","og_locale":"es_ES","og_type":"article","og_title":"Ay Chuchito\u2026 viene el periodo m\u00e1s activo de huracanes","og_description":"Todo indica que va a estar muy activa la temporada, el 90% de los ciclones ocurren a partir del pico de la temporada.","og_url":"https:\/\/reporteroshoy.mx\/noticias\/ay-chuchito-viene-el-periodo-mas-activo-de-huracanes\/","og_site_name":"Reporteros Hoy | Noticias de Yucat\u00e1n","article_publisher":"http:\/\/www.facebook.com\/reporteroshoymx","article_published_time":"2022-08-13T18:55:23+00:00","og_image":[{"width":750,"height":406,"url":"https:\/\/reporteroshoy.mx\/noticias\/wp-content\/uploads\/2022\/08\/yucatan-Huracanes-750x406-1.jpg","type":"image\/jpeg"}],"author":"Reporteros Hoy GS","twitter_card":"summary_large_image","twitter_creator":"@reporteroshoy","twitter_site":"@reporteroshoy","twitter_misc":{"Escrito por":"Reporteros Hoy GS","Tiempo de lectura":"2 minutos"},"schema":{"@context":"https:\/\/schema.org","@graph":[{"@type":"Article","@id":"https:\/\/reporteroshoy.mx\/noticias\/ay-chuchito-viene-el-periodo-mas-activo-de-huracanes\/#article","isPartOf":{"@id":"https:\/\/reporteroshoy.mx\/noticias\/ay-chuchito-viene-el-periodo-mas-activo-de-huracanes\/"},"author":{"name":"Reporteros Hoy GS","@id":"https:\/\/reporteroshoy.mx\/noticias\/#\/schema\/person\/49ae631fc906b44554e4ba3866c505d7"},"headline":"Ay Chuchito\u2026 viene el periodo m\u00e1s activo de huracanes","datePublished":"2022-08-13T18:55:23+00:00","mainEntityOfPage":{"@id":"https:\/\/reporteroshoy.mx\/noticias\/ay-chuchito-viene-el-periodo-mas-activo-de-huracanes\/"},"wordCount":242,"commentCount":0,"image":{"@id":"https:\/\/reporteroshoy.mx\/noticias\/ay-chuchito-viene-el-periodo-mas-activo-de-huracanes\/#primaryimage"},"thumbnailUrl":"https:\/\/reporteroshoy.mx\/noticias\/wp-content\/uploads\/2022\/08\/yucatan-Huracanes-750x406-1.jpg","keywords":["hurac\u00e1n","temporada de huracanes"],"articleSection":["Yucat\u00e1n"],"inLanguage":"es","potentialAction":[{"@type":"CommentAction","name":"Comment","target":["https:\/\/reporteroshoy.mx\/noticias\/ay-chuchito-viene-el-periodo-mas-activo-de-huracanes\/#respond"]}]},{"@type":"WebPage","@id":"https:\/\/reporteroshoy.mx\/noticias\/ay-chuchito-viene-el-periodo-mas-activo-de-huracanes\/","url":"https:\/\/reporteroshoy.mx\/noticias\/ay-chuchito-viene-el-periodo-mas-activo-de-huracanes\/","name":"Ay Chuchito\u2026 viene el periodo m\u00e1s activo de huracanes","isPartOf":{"@id":"https:\/\/reporteroshoy.mx\/noticias\/#website"},"primaryImageOfPage":{"@id":"https:\/\/reporteroshoy.mx\/noticias\/ay-chuchito-viene-el-periodo-mas-activo-de-huracanes\/#primaryimage"},"image":{"@id":"https:\/\/reporteroshoy.mx\/noticias\/ay-chuchito-viene-el-periodo-mas-activo-de-huracanes\/#primaryimage"},"thumbnailUrl":"https:\/\/reporteroshoy.mx\/noticias\/wp-content\/uploads\/2022\/08\/yucatan-Huracanes-750x406-1.jpg","datePublished":"2022-08-13T18:55:23+00:00","author":{"@id":"https:\/\/reporteroshoy.mx\/noticias\/#\/schema\/person\/49ae631fc906b44554e4ba3866c505d7"},"description":"Todo indica que va a estar muy activa la temporada, el 90% de los ciclones ocurren a partir del pico de la temporada.","breadcrumb":{"@id":"https:\/\/reporteroshoy.mx\/noticias\/ay-chuchito-viene-el-periodo-mas-activo-de-huracanes\/#breadcrumb"},"inLanguage":"es","potentialAction":[{"@type":"ReadAction","target":["https:\/\/reporteroshoy.mx\/noticias\/ay-chuchito-viene-el-periodo-mas-activo-de-huracanes\/"]}]},{"@type":"ImageObject","inLanguage":"es","@id":"https:\/\/reporteroshoy.mx\/noticias\/ay-chuchito-viene-el-periodo-mas-activo-de-huracanes\/#primaryimage","url":"https:\/\/reporteroshoy.mx\/noticias\/wp-content\/uploads\/2022\/08\/yucatan-Huracanes-750x406-1.jpg","contentUrl":"https:\/\/reporteroshoy.mx\/noticias\/wp-content\/uploads\/2022\/08\/yucatan-Huracanes-750x406-1.jpg","width":750,"height":406},{"@type":"BreadcrumbList","@id":"https:\/\/reporteroshoy.mx\/noticias\/ay-chuchito-viene-el-periodo-mas-activo-de-huracanes\/#breadcrumb","itemListElement":[{"@type":"ListItem","position":1,"name":"Portada","item":"https:\/\/reporteroshoy.mx\/noticias\/"},{"@type":"ListItem","position":2,"name":"Ay Chuchito\u2026 viene el periodo m\u00e1s activo de huracanes"}]},{"@type":"WebSite","@id":"https:\/\/reporteroshoy.mx\/noticias\/#website","url":"https:\/\/reporteroshoy.mx\/noticias\/","name":"Reporteros Hoy | Noticias de Yucat\u00e1n","description":"Peri\u00f3dico digital con noticias diarias desde M\u00e9rida, Yucat\u00e1n para el mundo.","potentialAction":[{"@type":"SearchAction","target":{"@type":"EntryPoint","urlTemplate":"https:\/\/reporteroshoy.mx\/noticias\/?s={search_term_string}"},"query-input":{"@type":"PropertyValueSpecification","valueRequired":true,"valueName":"search_term_string"}}],"inLanguage":"es"},{"@type":"Person","@id":"https:\/\/reporteroshoy.mx\/noticias\/#\/schema\/person\/49ae631fc906b44554e4ba3866c505d7","name":"Reporteros Hoy GS","image":{"@type":"ImageObject","inLanguage":"es","@id":"https:\/\/secure.gravatar.com\/avatar\/00d32adb620345c3db2cfc175917f65c584e1e338fdc49ad126aa1f9830eb6a9?s=96&d=mm&r=g","url":"https:\/\/secure.gravatar.com\/avatar\/00d32adb620345c3db2cfc175917f65c584e1e338fdc49ad126aa1f9830eb6a9?s=96&d=mm&r=g","contentUrl":"https:\/\/secure.gravatar.com\/avatar\/00d32adb620345c3db2cfc175917f65c584e1e338fdc49ad126aa1f9830eb6a9?s=96&d=mm&r=g","caption":"Reporteros Hoy GS"},"url":"https:\/\/reporteroshoy.mx\/noticias\/author\/lupis\/"}]}},"_links":{"self":[{"href":"https:\/\/reporteroshoy.mx\/noticias\/wp-json\/wp\/v2\/posts\/90667","targetHints":{"allow":["GET"]}}],"collection":[{"href":"https:\/\/reporteroshoy.mx\/noticias\/wp-json\/wp\/v2\/posts"}],"about":[{"href":"https:\/\/reporteroshoy.mx\/noticias\/wp-json\/wp\/v2\/types\/post"}],"author":[{"embeddable":true,"href":"https:\/\/reporteroshoy.mx\/noticias\/wp-json\/wp\/v2\/users\/6"}],"replies":[{"embeddable":true,"href":"https:\/\/reporteroshoy.mx\/noticias\/wp-json\/wp\/v2\/comments?post=90667"}],"version-history":[{"count":0,"href":"https:\/\/reporteroshoy.mx\/noticias\/wp-json\/wp\/v2\/posts\/90667\/revisions"}],"wp:featuredmedia":[{"embeddable":true,"href":"https:\/\/reporteroshoy.mx\/noticias\/wp-json\/wp\/v2\/media\/90668"}],"wp:attachment":[{"href":"https:\/\/reporteroshoy.mx\/noticias\/wp-json\/wp\/v2\/media?parent=90667"}],"wp:term":[{"taxonomy":"category","embeddable":true,"href":"https:\/\/reporteroshoy.mx\/noticias\/wp-json\/wp\/v2\/categories?post=90667"},{"taxonomy":"post_tag","embeddable":true,"href":"https:\/\/reporteroshoy.mx\/noticias\/wp-json\/wp\/v2\/tags?post=90667"}],"curies":[{"name":"wp","href":"https:\/\/api.w.org\/{rel}","templated":true}]}}