{"id":90734,"date":"2022-08-15T15:14:38","date_gmt":"2022-08-15T20:14:38","guid":{"rendered":"https:\/\/reporteroshoy.mx\/noticias\/?p=90734"},"modified":"2022-08-15T15:14:38","modified_gmt":"2022-08-15T20:14:38","slug":"heroes-rescatan-de-las-llamas-a-joven-con-autismo-en-merida","status":"publish","type":"post","link":"https:\/\/reporteroshoy.mx\/noticias\/heroes-rescatan-de-las-llamas-a-joven-con-autismo-en-merida\/","title":{"rendered":"\u00a1H\u00e9roes! Rescatan de las llamas a joven con autismo en M\u00e9rida"},"content":{"rendered":"<p style=\"text-align: justify;\">M\u00e9rida, Yucat\u00e1n; 15 de agosto de 2022 (ACOM).- Un joven con autismo fue rescatado de las llamas cuando la casa donde vive, en el fraccionamiento Limones, se estaba incendiando.<\/p>\n<p style=\"text-align: justify;\">Los hechos ocurrieron sobre la calle 25 por 26 al poniente de M\u00e9rida cuando vecinos reportaron a los n\u00fameros de emergencia que de la casa sal\u00eda humo negro.<\/p>\n<p style=\"text-align: justify;\">Posteriormente dieron aviso al due\u00f1o del predio quien hab\u00eda salido a llevar su ropa a la lavander\u00eda. Pero su preocupaci\u00f3n fue grande ya que su hijo con autismo estaba en su cuarto.<\/p>\n<p><img loading=\"lazy\" decoding=\"async\" class=\"wp-image-90735 aligncenter\" src=\"https:\/\/reporteroshoy.mx\/noticias\/wp-content\/uploads\/2022\/08\/Incendio-limones.jpg\" alt=\"\" width=\"601\" height=\"601\" \/><\/p>\n<p style=\"text-align: justify;\">Polic\u00edas y param\u00e9dicos de la Secretar\u00eda de Seguridad P\u00fablica (SSP) rompieron las rejas y con una toalla mojada entraron al lugar para rescatar al joven de 17 a\u00f1os que ya estaba inconsciente por el humo.<\/p>\n<p style=\"text-align: justify;\">Fue sacado del lugar con ox\u00edgeno, abordado a una ambulancia y trasladado a un hospital para que reciba atenci\u00f3n m\u00e9dica.<\/p>\n<p><img loading=\"lazy\" decoding=\"async\" class=\"wp-image-90736 aligncenter\" src=\"https:\/\/reporteroshoy.mx\/noticias\/wp-content\/uploads\/2022\/08\/Incendio-limones1.jpg\" alt=\"\" width=\"600\" height=\"338\" \/><\/p>\n","protected":false},"excerpt":{"rendered":"<p>Polic\u00edas y bomberos de la SSP lograron rescatar al joven de 17 a\u00f1os que ya estaba inconsciente. Fue trasladado a un hospital para que reciba atenci\u00f3n m\u00e9dica.<\/p>\n","protected":false},"author":9,"featured_media":90737,"comment_status":"open","ping_status":"closed","sticky":false,"template":"","format":"standard","meta":{"footnotes":""},"categories":[14],"tags":[2200,20828,150],"class_list":["post-90734","post","type-post","status-publish","format-standard","has-post-thumbnail","hentry","category-policia","tag-autismo","tag-fraccionamiento-limones","tag-incendio"],"yoast_head":"<!-- This site is optimized with the Yoast SEO plugin v28.3 - https:\/\/yoast.com\/product\/yoast-seo-wordpress\/ -->\n<title>\u00a1H\u00e9roes! Rescatan de las llamas a joven con autismo en M\u00e9rida<\/title>\n<meta name=\"description\" content=\"Polic\u00edas y bomberos de la SSP lograron rescatar al joven de 17 a\u00f1os que ya estaba inconsciente. Fue trasladado a un hospital para que reciba atenci\u00f3n m\u00e9dica.\" \/>\n<meta name=\"robots\" content=\"index, follow, max-snippet:-1, max-image-preview:large, max-video-preview:-1\" \/>\n<link rel=\"canonical\" href=\"https:\/\/reporteroshoy.mx\/noticias\/heroes-rescatan-de-las-llamas-a-joven-con-autismo-en-merida\/\" \/>\n<meta property=\"og:locale\" content=\"es_ES\" \/>\n<meta property=\"og:type\" content=\"article\" \/>\n<meta property=\"og:title\" content=\"\u00a1H\u00e9roes! Rescatan de las llamas a joven con autismo en M\u00e9rida\" \/>\n<meta property=\"og:description\" content=\"Polic\u00edas y bomberos de la SSP lograron rescatar al joven de 17 a\u00f1os que ya estaba inconsciente. Fue trasladado a un hospital para que reciba atenci\u00f3n m\u00e9dica.\" \/>\n<meta property=\"og:url\" content=\"https:\/\/reporteroshoy.mx\/noticias\/heroes-rescatan-de-las-llamas-a-joven-con-autismo-en-merida\/\" \/>\n<meta property=\"og:site_name\" content=\"Reporteros Hoy | Noticias de Yucat\u00e1n\" \/>\n<meta property=\"article:publisher\" content=\"http:\/\/www.facebook.com\/reporteroshoymx\" \/>\n<meta property=\"article:published_time\" content=\"2022-08-15T20:14:38+00:00\" \/>\n<meta property=\"og:image\" content=\"https:\/\/reporteroshoy.mx\/noticias\/wp-content\/uploads\/2022\/08\/Incendio-limones2.jpg\" \/>\n\t<meta property=\"og:image:width\" content=\"768\" \/>\n\t<meta property=\"og:image:height\" content=\"431\" \/>\n\t<meta property=\"og:image:type\" content=\"image\/jpeg\" \/>\n<meta name=\"author\" content=\"Reporteros Hoy WP\" \/>\n<meta name=\"twitter:card\" content=\"summary_large_image\" \/>\n<meta name=\"twitter:creator\" content=\"@reporteroshoy\" \/>\n<meta name=\"twitter:site\" content=\"@reporteroshoy\" \/>\n<meta name=\"twitter:label1\" content=\"Escrito por\" \/>\n\t<meta name=\"twitter:data1\" content=\"Reporteros Hoy WP\" \/>\n\t<meta name=\"twitter:label2\" content=\"Tiempo de lectura\" \/>\n\t<meta name=\"twitter:data2\" content=\"2 minutos\" \/>\n<script type=\"application\/ld+json\" class=\"yoast-schema-graph\">{\"@context\":\"https:\\\/\\\/schema.org\",\"@graph\":[{\"@type\":\"Article\",\"@id\":\"https:\\\/\\\/reporteroshoy.mx\\\/noticias\\\/heroes-rescatan-de-las-llamas-a-joven-con-autismo-en-merida\\\/#article\",\"isPartOf\":{\"@id\":\"https:\\\/\\\/reporteroshoy.mx\\\/noticias\\\/heroes-rescatan-de-las-llamas-a-joven-con-autismo-en-merida\\\/\"},\"author\":{\"name\":\"Reporteros Hoy WP\",\"@id\":\"https:\\\/\\\/reporteroshoy.mx\\\/noticias\\\/#\\\/schema\\\/person\\\/c977527e57c958a62c5cefe8fe47876e\"},\"headline\":\"\u00a1H\u00e9roes! Rescatan de las llamas a joven con autismo en M\u00e9rida\",\"datePublished\":\"2022-08-15T20:14:38+00:00\",\"mainEntityOfPage\":{\"@id\":\"https:\\\/\\\/reporteroshoy.mx\\\/noticias\\\/heroes-rescatan-de-las-llamas-a-joven-con-autismo-en-merida\\\/\"},\"wordCount\":170,\"commentCount\":0,\"image\":{\"@id\":\"https:\\\/\\\/reporteroshoy.mx\\\/noticias\\\/heroes-rescatan-de-las-llamas-a-joven-con-autismo-en-merida\\\/#primaryimage\"},\"thumbnailUrl\":\"https:\\\/\\\/reporteroshoy.mx\\\/noticias\\\/wp-content\\\/uploads\\\/2022\\\/08\\\/Incendio-limones2.jpg\",\"keywords\":[\"Autismo\",\"Fraccionamiento Limones\",\"incendio\"],\"articleSection\":[\"Polic\u00eda\"],\"inLanguage\":\"es\",\"potentialAction\":[{\"@type\":\"CommentAction\",\"name\":\"Comment\",\"target\":[\"https:\\\/\\\/reporteroshoy.mx\\\/noticias\\\/heroes-rescatan-de-las-llamas-a-joven-con-autismo-en-merida\\\/#respond\"]}]},{\"@type\":\"WebPage\",\"@id\":\"https:\\\/\\\/reporteroshoy.mx\\\/noticias\\\/heroes-rescatan-de-las-llamas-a-joven-con-autismo-en-merida\\\/\",\"url\":\"https:\\\/\\\/reporteroshoy.mx\\\/noticias\\\/heroes-rescatan-de-las-llamas-a-joven-con-autismo-en-merida\\\/\",\"name\":\"\u00a1H\u00e9roes! Rescatan de las llamas a joven con autismo en M\u00e9rida\",\"isPartOf\":{\"@id\":\"https:\\\/\\\/reporteroshoy.mx\\\/noticias\\\/#website\"},\"primaryImageOfPage\":{\"@id\":\"https:\\\/\\\/reporteroshoy.mx\\\/noticias\\\/heroes-rescatan-de-las-llamas-a-joven-con-autismo-en-merida\\\/#primaryimage\"},\"image\":{\"@id\":\"https:\\\/\\\/reporteroshoy.mx\\\/noticias\\\/heroes-rescatan-de-las-llamas-a-joven-con-autismo-en-merida\\\/#primaryimage\"},\"thumbnailUrl\":\"https:\\\/\\\/reporteroshoy.mx\\\/noticias\\\/wp-content\\\/uploads\\\/2022\\\/08\\\/Incendio-limones2.jpg\",\"datePublished\":\"2022-08-15T20:14:38+00:00\",\"author\":{\"@id\":\"https:\\\/\\\/reporteroshoy.mx\\\/noticias\\\/#\\\/schema\\\/person\\\/c977527e57c958a62c5cefe8fe47876e\"},\"description\":\"Polic\u00edas y bomberos de la SSP lograron rescatar al joven de 17 a\u00f1os que ya estaba inconsciente. Fue trasladado a un hospital para que reciba atenci\u00f3n m\u00e9dica.\",\"breadcrumb\":{\"@id\":\"https:\\\/\\\/reporteroshoy.mx\\\/noticias\\\/heroes-rescatan-de-las-llamas-a-joven-con-autismo-en-merida\\\/#breadcrumb\"},\"inLanguage\":\"es\",\"potentialAction\":[{\"@type\":\"ReadAction\",\"target\":[\"https:\\\/\\\/reporteroshoy.mx\\\/noticias\\\/heroes-rescatan-de-las-llamas-a-joven-con-autismo-en-merida\\\/\"]}]},{\"@type\":\"ImageObject\",\"inLanguage\":\"es\",\"@id\":\"https:\\\/\\\/reporteroshoy.mx\\\/noticias\\\/heroes-rescatan-de-las-llamas-a-joven-con-autismo-en-merida\\\/#primaryimage\",\"url\":\"https:\\\/\\\/reporteroshoy.mx\\\/noticias\\\/wp-content\\\/uploads\\\/2022\\\/08\\\/Incendio-limones2.jpg\",\"contentUrl\":\"https:\\\/\\\/reporteroshoy.mx\\\/noticias\\\/wp-content\\\/uploads\\\/2022\\\/08\\\/Incendio-limones2.jpg\",\"width\":768,\"height\":431},{\"@type\":\"BreadcrumbList\",\"@id\":\"https:\\\/\\\/reporteroshoy.mx\\\/noticias\\\/heroes-rescatan-de-las-llamas-a-joven-con-autismo-en-merida\\\/#breadcrumb\",\"itemListElement\":[{\"@type\":\"ListItem\",\"position\":1,\"name\":\"Portada\",\"item\":\"https:\\\/\\\/reporteroshoy.mx\\\/noticias\\\/\"},{\"@type\":\"ListItem\",\"position\":2,\"name\":\"\u00a1H\u00e9roes! Rescatan de las llamas a joven con autismo en M\u00e9rida\"}]},{\"@type\":\"WebSite\",\"@id\":\"https:\\\/\\\/reporteroshoy.mx\\\/noticias\\\/#website\",\"url\":\"https:\\\/\\\/reporteroshoy.mx\\\/noticias\\\/\",\"name\":\"Reporteros Hoy | Noticias de Yucat\u00e1n\",\"description\":\"Peri\u00f3dico digital con noticias diarias desde M\u00e9rida, Yucat\u00e1n para el mundo.\",\"potentialAction\":[{\"@type\":\"SearchAction\",\"target\":{\"@type\":\"EntryPoint\",\"urlTemplate\":\"https:\\\/\\\/reporteroshoy.mx\\\/noticias\\\/?s={search_term_string}\"},\"query-input\":{\"@type\":\"PropertyValueSpecification\",\"valueRequired\":true,\"valueName\":\"search_term_string\"}}],\"inLanguage\":\"es\"},{\"@type\":\"Person\",\"@id\":\"https:\\\/\\\/reporteroshoy.mx\\\/noticias\\\/#\\\/schema\\\/person\\\/c977527e57c958a62c5cefe8fe47876e\",\"name\":\"Reporteros Hoy WP\",\"image\":{\"@type\":\"ImageObject\",\"inLanguage\":\"es\",\"@id\":\"https:\\\/\\\/secure.gravatar.com\\\/avatar\\\/fd2917f79a7dae30f8ac9ddc2f35e1756bb59e25e01d1cd09deaa64df7b2f73e?s=96&d=mm&r=g\",\"url\":\"https:\\\/\\\/secure.gravatar.com\\\/avatar\\\/fd2917f79a7dae30f8ac9ddc2f35e1756bb59e25e01d1cd09deaa64df7b2f73e?s=96&d=mm&r=g\",\"contentUrl\":\"https:\\\/\\\/secure.gravatar.com\\\/avatar\\\/fd2917f79a7dae30f8ac9ddc2f35e1756bb59e25e01d1cd09deaa64df7b2f73e?s=96&d=mm&r=g\",\"caption\":\"Reporteros Hoy WP\"},\"url\":\"https:\\\/\\\/reporteroshoy.mx\\\/noticias\\\/author\\\/walfer\\\/\"}]}<\/script>\n<!-- \/ Yoast SEO plugin. -->","yoast_head_json":{"title":"\u00a1H\u00e9roes! Rescatan de las llamas a joven con autismo en M\u00e9rida","description":"Polic\u00edas y bomberos de la SSP lograron rescatar al joven de 17 a\u00f1os que ya estaba inconsciente. Fue trasladado a un hospital para que reciba atenci\u00f3n m\u00e9dica.","robots":{"index":"index","follow":"follow","max-snippet":"max-snippet:-1","max-image-preview":"max-image-preview:large","max-video-preview":"max-video-preview:-1"},"canonical":"https:\/\/reporteroshoy.mx\/noticias\/heroes-rescatan-de-las-llamas-a-joven-con-autismo-en-merida\/","og_locale":"es_ES","og_type":"article","og_title":"\u00a1H\u00e9roes! Rescatan de las llamas a joven con autismo en M\u00e9rida","og_description":"Polic\u00edas y bomberos de la SSP lograron rescatar al joven de 17 a\u00f1os que ya estaba inconsciente. Fue trasladado a un hospital para que reciba atenci\u00f3n m\u00e9dica.","og_url":"https:\/\/reporteroshoy.mx\/noticias\/heroes-rescatan-de-las-llamas-a-joven-con-autismo-en-merida\/","og_site_name":"Reporteros Hoy | Noticias de Yucat\u00e1n","article_publisher":"http:\/\/www.facebook.com\/reporteroshoymx","article_published_time":"2022-08-15T20:14:38+00:00","og_image":[{"width":768,"height":431,"url":"https:\/\/reporteroshoy.mx\/noticias\/wp-content\/uploads\/2022\/08\/Incendio-limones2.jpg","type":"image\/jpeg"}],"author":"Reporteros Hoy WP","twitter_card":"summary_large_image","twitter_creator":"@reporteroshoy","twitter_site":"@reporteroshoy","twitter_misc":{"Escrito por":"Reporteros Hoy WP","Tiempo de lectura":"2 minutos"},"schema":{"@context":"https:\/\/schema.org","@graph":[{"@type":"Article","@id":"https:\/\/reporteroshoy.mx\/noticias\/heroes-rescatan-de-las-llamas-a-joven-con-autismo-en-merida\/#article","isPartOf":{"@id":"https:\/\/reporteroshoy.mx\/noticias\/heroes-rescatan-de-las-llamas-a-joven-con-autismo-en-merida\/"},"author":{"name":"Reporteros Hoy WP","@id":"https:\/\/reporteroshoy.mx\/noticias\/#\/schema\/person\/c977527e57c958a62c5cefe8fe47876e"},"headline":"\u00a1H\u00e9roes! Rescatan de las llamas a joven con autismo en M\u00e9rida","datePublished":"2022-08-15T20:14:38+00:00","mainEntityOfPage":{"@id":"https:\/\/reporteroshoy.mx\/noticias\/heroes-rescatan-de-las-llamas-a-joven-con-autismo-en-merida\/"},"wordCount":170,"commentCount":0,"image":{"@id":"https:\/\/reporteroshoy.mx\/noticias\/heroes-rescatan-de-las-llamas-a-joven-con-autismo-en-merida\/#primaryimage"},"thumbnailUrl":"https:\/\/reporteroshoy.mx\/noticias\/wp-content\/uploads\/2022\/08\/Incendio-limones2.jpg","keywords":["Autismo","Fraccionamiento Limones","incendio"],"articleSection":["Polic\u00eda"],"inLanguage":"es","potentialAction":[{"@type":"CommentAction","name":"Comment","target":["https:\/\/reporteroshoy.mx\/noticias\/heroes-rescatan-de-las-llamas-a-joven-con-autismo-en-merida\/#respond"]}]},{"@type":"WebPage","@id":"https:\/\/reporteroshoy.mx\/noticias\/heroes-rescatan-de-las-llamas-a-joven-con-autismo-en-merida\/","url":"https:\/\/reporteroshoy.mx\/noticias\/heroes-rescatan-de-las-llamas-a-joven-con-autismo-en-merida\/","name":"\u00a1H\u00e9roes! Rescatan de las llamas a joven con autismo en M\u00e9rida","isPartOf":{"@id":"https:\/\/reporteroshoy.mx\/noticias\/#website"},"primaryImageOfPage":{"@id":"https:\/\/reporteroshoy.mx\/noticias\/heroes-rescatan-de-las-llamas-a-joven-con-autismo-en-merida\/#primaryimage"},"image":{"@id":"https:\/\/reporteroshoy.mx\/noticias\/heroes-rescatan-de-las-llamas-a-joven-con-autismo-en-merida\/#primaryimage"},"thumbnailUrl":"https:\/\/reporteroshoy.mx\/noticias\/wp-content\/uploads\/2022\/08\/Incendio-limones2.jpg","datePublished":"2022-08-15T20:14:38+00:00","author":{"@id":"https:\/\/reporteroshoy.mx\/noticias\/#\/schema\/person\/c977527e57c958a62c5cefe8fe47876e"},"description":"Polic\u00edas y bomberos de la SSP lograron rescatar al joven de 17 a\u00f1os que ya estaba inconsciente. Fue trasladado a un hospital para que reciba atenci\u00f3n m\u00e9dica.","breadcrumb":{"@id":"https:\/\/reporteroshoy.mx\/noticias\/heroes-rescatan-de-las-llamas-a-joven-con-autismo-en-merida\/#breadcrumb"},"inLanguage":"es","potentialAction":[{"@type":"ReadAction","target":["https:\/\/reporteroshoy.mx\/noticias\/heroes-rescatan-de-las-llamas-a-joven-con-autismo-en-merida\/"]}]},{"@type":"ImageObject","inLanguage":"es","@id":"https:\/\/reporteroshoy.mx\/noticias\/heroes-rescatan-de-las-llamas-a-joven-con-autismo-en-merida\/#primaryimage","url":"https:\/\/reporteroshoy.mx\/noticias\/wp-content\/uploads\/2022\/08\/Incendio-limones2.jpg","contentUrl":"https:\/\/reporteroshoy.mx\/noticias\/wp-content\/uploads\/2022\/08\/Incendio-limones2.jpg","width":768,"height":431},{"@type":"BreadcrumbList","@id":"https:\/\/reporteroshoy.mx\/noticias\/heroes-rescatan-de-las-llamas-a-joven-con-autismo-en-merida\/#breadcrumb","itemListElement":[{"@type":"ListItem","position":1,"name":"Portada","item":"https:\/\/reporteroshoy.mx\/noticias\/"},{"@type":"ListItem","position":2,"name":"\u00a1H\u00e9roes! Rescatan de las llamas a joven con autismo en M\u00e9rida"}]},{"@type":"WebSite","@id":"https:\/\/reporteroshoy.mx\/noticias\/#website","url":"https:\/\/reporteroshoy.mx\/noticias\/","name":"Reporteros Hoy | Noticias de Yucat\u00e1n","description":"Peri\u00f3dico digital con noticias diarias desde M\u00e9rida, Yucat\u00e1n para el mundo.","potentialAction":[{"@type":"SearchAction","target":{"@type":"EntryPoint","urlTemplate":"https:\/\/reporteroshoy.mx\/noticias\/?s={search_term_string}"},"query-input":{"@type":"PropertyValueSpecification","valueRequired":true,"valueName":"search_term_string"}}],"inLanguage":"es"},{"@type":"Person","@id":"https:\/\/reporteroshoy.mx\/noticias\/#\/schema\/person\/c977527e57c958a62c5cefe8fe47876e","name":"Reporteros Hoy WP","image":{"@type":"ImageObject","inLanguage":"es","@id":"https:\/\/secure.gravatar.com\/avatar\/fd2917f79a7dae30f8ac9ddc2f35e1756bb59e25e01d1cd09deaa64df7b2f73e?s=96&d=mm&r=g","url":"https:\/\/secure.gravatar.com\/avatar\/fd2917f79a7dae30f8ac9ddc2f35e1756bb59e25e01d1cd09deaa64df7b2f73e?s=96&d=mm&r=g","contentUrl":"https:\/\/secure.gravatar.com\/avatar\/fd2917f79a7dae30f8ac9ddc2f35e1756bb59e25e01d1cd09deaa64df7b2f73e?s=96&d=mm&r=g","caption":"Reporteros Hoy WP"},"url":"https:\/\/reporteroshoy.mx\/noticias\/author\/walfer\/"}]}},"_links":{"self":[{"href":"https:\/\/reporteroshoy.mx\/noticias\/wp-json\/wp\/v2\/posts\/90734","targetHints":{"allow":["GET"]}}],"collection":[{"href":"https:\/\/reporteroshoy.mx\/noticias\/wp-json\/wp\/v2\/posts"}],"about":[{"href":"https:\/\/reporteroshoy.mx\/noticias\/wp-json\/wp\/v2\/types\/post"}],"author":[{"embeddable":true,"href":"https:\/\/reporteroshoy.mx\/noticias\/wp-json\/wp\/v2\/users\/9"}],"replies":[{"embeddable":true,"href":"https:\/\/reporteroshoy.mx\/noticias\/wp-json\/wp\/v2\/comments?post=90734"}],"version-history":[{"count":0,"href":"https:\/\/reporteroshoy.mx\/noticias\/wp-json\/wp\/v2\/posts\/90734\/revisions"}],"wp:featuredmedia":[{"embeddable":true,"href":"https:\/\/reporteroshoy.mx\/noticias\/wp-json\/wp\/v2\/media\/90737"}],"wp:attachment":[{"href":"https:\/\/reporteroshoy.mx\/noticias\/wp-json\/wp\/v2\/media?parent=90734"}],"wp:term":[{"taxonomy":"category","embeddable":true,"href":"https:\/\/reporteroshoy.mx\/noticias\/wp-json\/wp\/v2\/categories?post=90734"},{"taxonomy":"post_tag","embeddable":true,"href":"https:\/\/reporteroshoy.mx\/noticias\/wp-json\/wp\/v2\/tags?post=90734"}],"curies":[{"name":"wp","href":"https:\/\/api.w.org\/{rel}","templated":true}]}}