{"id":90909,"date":"2022-08-18T18:58:19","date_gmt":"2022-08-18T23:58:19","guid":{"rendered":"https:\/\/reporteroshoy.mx\/noticias\/?p=90909"},"modified":"2022-08-18T18:58:19","modified_gmt":"2022-08-18T23:58:19","slug":"ponganse-a-trabajar-piden-al-pri-en-el-homenaje-a-cervera-pacheco","status":"publish","type":"post","link":"https:\/\/reporteroshoy.mx\/noticias\/ponganse-a-trabajar-piden-al-pri-en-el-homenaje-a-cervera-pacheco\/","title":{"rendered":"\u201cP\u00f3nganse a trabajar\u201d, piden al PRI en el homenaje a Cervera Pacheco"},"content":{"rendered":"<p style=\"text-align: justify;\">M\u00e9rida, Yucat\u00e1n, 18 de agosto de 2022.- \u201c\u00bfQuieren honrar a V\u00edctor Cervera Pacheco? Vamos a unirnos, vamos a trabajar y a dar resultados por Yucat\u00e1n y por nuestro partido\u201d, afirm\u00f3 su hijo Felipe, durante el XVIII Aniversario luctuoso de su padre realizado en la Casa del Pueblo.<\/p>\n<p style=\"text-align: justify;\">A 18 a\u00f1os del fallecimiento del ex Gobernador de Yucat\u00e1n, durante su intervenci\u00f3n, el ex diputado local Cervera Hern\u00e1ndez afirm\u00f3 que el priismo no puede seguir pregunt\u00e1ndose que es lo qu\u00e9 har\u00eda su padre en este momento, e hizo un llamado a los priistas a la unidad y a trabajar para recuperar la confianza de la gente.<\/p>\n<p><img loading=\"lazy\" decoding=\"async\" class=\"alignnone size-full wp-image-90908\" src=\"https:\/\/reporteroshoy.mx\/noticias\/wp-content\/uploads\/2022\/08\/FELIPE-CERVERA-scaled.jpg\" alt=\"\" width=\"768\" height=\"435\" \/><\/p>\n<p style=\"text-align: justify;\">\u201cQuieren saber qu\u00e9 dir\u00eda V\u00edctor Cervera, ponte a trabajar, ponte a trabajar, ponte a luchar y vas a encontrar los resultados; seguramente eso si lo dir\u00eda V\u00edctor Cervera, porque lo dijo una y otra vez en micr\u00f3fonos como este, Unidad y Trabajo dan como resultado el triunfo y eso es lo que podemos hacer en Yucat\u00e1n\u201d, enfatiz\u00f3.<\/p>\n<p style=\"text-align: justify;\">Cervera Hern\u00e1ndez llam\u00f3 a recordar, dijo, para que queremos tener el gobierno; \u201cno es para tener el poder y ejercer el poder, es para hacer la diferencia en el estado de Yucat\u00e1n, es para hacer la diferencia en nuestro pa\u00eds, para eso queremos el poder los priistas\u201d.<\/p>\n<p style=\"text-align: justify;\">Afirm\u00f3 de manera enf\u00e1tica que lo primero que tenemos que hacer, es recobrar la confianza de la gente, y dijo tambi\u00e9n, \u201csalir a buscar a aquellos que no est\u00e1n viniendo, a aquellos que se han alejado, a aquellos que tienen dudas, y recordarles por qu\u00e9 somos priistas, por qu\u00e9 estamos en este partido\u201d.<\/p>\n<p style=\"text-align: justify;\">\u201cHoy est\u00e1 de moda si hacemos o no hacemos alianzas o si hacemos un cambio en el partido; que no se equivoquen, lo que tiene que cambiar es la mentalidad de quienes quieren dirigir a nuestro partido, sin escuchar a los ciudadanos. Si escuchamos a la gente, no nos vamos a equivocar\u201d a\u00f1adi\u00f3.<\/p>\n<p style=\"text-align: justify;\">\u201cSi nos gusta estar en la Casa del Pueblo, si nos gusta emitir cr\u00edticas, si nos gusta decir cu\u00e1nto anhelamos y cu\u00e1nto cambio tenemos que hacer en nuestro partido, entonces tenemos tambi\u00e9n que poner de nuestra parte; que dir\u00eda V\u00edctor Cervera, dir\u00eda ponte a trabajar, ponte a luchar, porque el triunfo no llega solo, los triunfos no llegan solos, los triunfos se trabajan.\u201d puntualiz\u00f3.<\/p>\n","protected":false},"excerpt":{"rendered":"<p>\u201c\u00bfQuieren honrar a V\u00edctor Cervera Pacheco? Vamos a unirnos, vamos a trabajar y a dar resultados por Yucat\u00e1n y por nuestro partido\u201d, afirm\u00f3 Felipe Cervera Hern\u00e1ndez durante el XVIII Aniversario luctuoso de su padre.<\/p>\n","protected":false},"author":5,"featured_media":90908,"comment_status":"open","ping_status":"closed","sticky":false,"template":"","format":"standard","meta":{"footnotes":""},"categories":[2],"tags":[10529,371,370,13583],"class_list":["post-90909","post","type-post","status-publish","format-standard","has-post-thumbnail","hentry","category-boletines","tag-casa-del-pueblo","tag-felipe-cervera-hernandez","tag-pri","tag-victor-cervera-pacheco"],"yoast_head":"<!-- This site is optimized with the Yoast SEO plugin v28.4 - https:\/\/yoast.com\/product\/yoast-seo-wordpress\/ -->\n<title>\u201cP\u00f3nganse a trabajar\u201d, piden al PRI en el homenaje a Cervera Pacheco<\/title>\n<meta name=\"description\" content=\"\u201c\u00bfQuieren honrar a V\u00edctor Cervera Pacheco? Vamos a unirnos, vamos a trabajar y a dar resultados por Yucat\u00e1n y por nuestro partido\u201d, afirm\u00f3 Felipe Cervera Hern\u00e1ndez durante el XVIII Aniversario luctuoso de su padre.\" \/>\n<meta name=\"robots\" content=\"index, follow, max-snippet:-1, max-image-preview:large, max-video-preview:-1\" \/>\n<link rel=\"canonical\" href=\"https:\/\/reporteroshoy.mx\/noticias\/ponganse-a-trabajar-piden-al-pri-en-el-homenaje-a-cervera-pacheco\/\" \/>\n<meta property=\"og:locale\" content=\"es_ES\" \/>\n<meta property=\"og:type\" content=\"article\" \/>\n<meta property=\"og:title\" content=\"\u201cP\u00f3nganse a trabajar\u201d, piden al PRI en el homenaje a Cervera Pacheco\" \/>\n<meta property=\"og:description\" content=\"\u201c\u00bfQuieren honrar a V\u00edctor Cervera Pacheco? Vamos a unirnos, vamos a trabajar y a dar resultados por Yucat\u00e1n y por nuestro partido\u201d, afirm\u00f3 Felipe Cervera Hern\u00e1ndez durante el XVIII Aniversario luctuoso de su padre.\" \/>\n<meta property=\"og:url\" content=\"https:\/\/reporteroshoy.mx\/noticias\/ponganse-a-trabajar-piden-al-pri-en-el-homenaje-a-cervera-pacheco\/\" \/>\n<meta property=\"og:site_name\" content=\"Reporteros Hoy | Noticias de Yucat\u00e1n\" \/>\n<meta property=\"article:publisher\" content=\"http:\/\/www.facebook.com\/reporteroshoymx\" \/>\n<meta property=\"article:published_time\" content=\"2022-08-18T23:58:19+00:00\" \/>\n<meta property=\"og:image\" content=\"https:\/\/reporteroshoy.mx\/noticias\/wp-content\/uploads\/2022\/08\/FELIPE-CERVERA-scaled.jpg\" \/>\n\t<meta property=\"og:image:width\" content=\"768\" \/>\n\t<meta property=\"og:image:height\" content=\"435\" \/>\n\t<meta property=\"og:image:type\" content=\"image\/jpeg\" \/>\n<meta name=\"author\" content=\"Reporteros Hoy IM\" \/>\n<meta name=\"twitter:card\" content=\"summary_large_image\" \/>\n<meta name=\"twitter:creator\" content=\"@reporteroshoy\" \/>\n<meta name=\"twitter:site\" content=\"@reporteroshoy\" \/>\n<meta name=\"twitter:label1\" content=\"Escrito por\" \/>\n\t<meta name=\"twitter:data1\" content=\"Reporteros Hoy IM\" \/>\n\t<meta name=\"twitter:label2\" content=\"Tiempo de lectura\" \/>\n\t<meta name=\"twitter:data2\" content=\"2 minutos\" \/>\n<script type=\"application\/ld+json\" class=\"yoast-schema-graph\">{\"@context\":\"https:\\\/\\\/schema.org\",\"@graph\":[{\"@type\":\"Article\",\"@id\":\"https:\\\/\\\/reporteroshoy.mx\\\/noticias\\\/ponganse-a-trabajar-piden-al-pri-en-el-homenaje-a-cervera-pacheco\\\/#article\",\"isPartOf\":{\"@id\":\"https:\\\/\\\/reporteroshoy.mx\\\/noticias\\\/ponganse-a-trabajar-piden-al-pri-en-el-homenaje-a-cervera-pacheco\\\/\"},\"author\":{\"name\":\"Reporteros Hoy IM\",\"@id\":\"https:\\\/\\\/reporteroshoy.mx\\\/noticias\\\/#\\\/schema\\\/person\\\/948520f0d88b01be2e5266bc4acbbc15\"},\"headline\":\"\u201cP\u00f3nganse a trabajar\u201d, piden al PRI en el homenaje a Cervera Pacheco\",\"datePublished\":\"2022-08-18T23:58:19+00:00\",\"mainEntityOfPage\":{\"@id\":\"https:\\\/\\\/reporteroshoy.mx\\\/noticias\\\/ponganse-a-trabajar-piden-al-pri-en-el-homenaje-a-cervera-pacheco\\\/\"},\"wordCount\":419,\"commentCount\":0,\"image\":{\"@id\":\"https:\\\/\\\/reporteroshoy.mx\\\/noticias\\\/ponganse-a-trabajar-piden-al-pri-en-el-homenaje-a-cervera-pacheco\\\/#primaryimage\"},\"thumbnailUrl\":\"https:\\\/\\\/reporteroshoy.mx\\\/noticias\\\/wp-content\\\/uploads\\\/2022\\\/08\\\/FELIPE-CERVERA-scaled.jpg\",\"keywords\":[\"Casa del Pueblo\",\"Felipe Cervera Hern\u00e1ndez\",\"PRI\",\"V\u00edctor Cervera Pacheco\"],\"articleSection\":[\"Boletines\"],\"inLanguage\":\"es\",\"potentialAction\":[{\"@type\":\"CommentAction\",\"name\":\"Comment\",\"target\":[\"https:\\\/\\\/reporteroshoy.mx\\\/noticias\\\/ponganse-a-trabajar-piden-al-pri-en-el-homenaje-a-cervera-pacheco\\\/#respond\"]}]},{\"@type\":\"WebPage\",\"@id\":\"https:\\\/\\\/reporteroshoy.mx\\\/noticias\\\/ponganse-a-trabajar-piden-al-pri-en-el-homenaje-a-cervera-pacheco\\\/\",\"url\":\"https:\\\/\\\/reporteroshoy.mx\\\/noticias\\\/ponganse-a-trabajar-piden-al-pri-en-el-homenaje-a-cervera-pacheco\\\/\",\"name\":\"\u201cP\u00f3nganse a trabajar\u201d, piden al PRI en el homenaje a Cervera Pacheco\",\"isPartOf\":{\"@id\":\"https:\\\/\\\/reporteroshoy.mx\\\/noticias\\\/#website\"},\"primaryImageOfPage\":{\"@id\":\"https:\\\/\\\/reporteroshoy.mx\\\/noticias\\\/ponganse-a-trabajar-piden-al-pri-en-el-homenaje-a-cervera-pacheco\\\/#primaryimage\"},\"image\":{\"@id\":\"https:\\\/\\\/reporteroshoy.mx\\\/noticias\\\/ponganse-a-trabajar-piden-al-pri-en-el-homenaje-a-cervera-pacheco\\\/#primaryimage\"},\"thumbnailUrl\":\"https:\\\/\\\/reporteroshoy.mx\\\/noticias\\\/wp-content\\\/uploads\\\/2022\\\/08\\\/FELIPE-CERVERA-scaled.jpg\",\"datePublished\":\"2022-08-18T23:58:19+00:00\",\"author\":{\"@id\":\"https:\\\/\\\/reporteroshoy.mx\\\/noticias\\\/#\\\/schema\\\/person\\\/948520f0d88b01be2e5266bc4acbbc15\"},\"description\":\"\u201c\u00bfQuieren honrar a V\u00edctor Cervera Pacheco? Vamos a unirnos, vamos a trabajar y a dar resultados por Yucat\u00e1n y por nuestro partido\u201d, afirm\u00f3 Felipe Cervera Hern\u00e1ndez durante el XVIII Aniversario luctuoso de su padre.\",\"breadcrumb\":{\"@id\":\"https:\\\/\\\/reporteroshoy.mx\\\/noticias\\\/ponganse-a-trabajar-piden-al-pri-en-el-homenaje-a-cervera-pacheco\\\/#breadcrumb\"},\"inLanguage\":\"es\",\"potentialAction\":[{\"@type\":\"ReadAction\",\"target\":[\"https:\\\/\\\/reporteroshoy.mx\\\/noticias\\\/ponganse-a-trabajar-piden-al-pri-en-el-homenaje-a-cervera-pacheco\\\/\"]}]},{\"@type\":\"ImageObject\",\"inLanguage\":\"es\",\"@id\":\"https:\\\/\\\/reporteroshoy.mx\\\/noticias\\\/ponganse-a-trabajar-piden-al-pri-en-el-homenaje-a-cervera-pacheco\\\/#primaryimage\",\"url\":\"https:\\\/\\\/reporteroshoy.mx\\\/noticias\\\/wp-content\\\/uploads\\\/2022\\\/08\\\/FELIPE-CERVERA-scaled.jpg\",\"contentUrl\":\"https:\\\/\\\/reporteroshoy.mx\\\/noticias\\\/wp-content\\\/uploads\\\/2022\\\/08\\\/FELIPE-CERVERA-scaled.jpg\",\"width\":768,\"height\":435},{\"@type\":\"BreadcrumbList\",\"@id\":\"https:\\\/\\\/reporteroshoy.mx\\\/noticias\\\/ponganse-a-trabajar-piden-al-pri-en-el-homenaje-a-cervera-pacheco\\\/#breadcrumb\",\"itemListElement\":[{\"@type\":\"ListItem\",\"position\":1,\"name\":\"Portada\",\"item\":\"https:\\\/\\\/reporteroshoy.mx\\\/noticias\\\/\"},{\"@type\":\"ListItem\",\"position\":2,\"name\":\"\u201cP\u00f3nganse a trabajar\u201d, piden al PRI en el homenaje a Cervera Pacheco\"}]},{\"@type\":\"WebSite\",\"@id\":\"https:\\\/\\\/reporteroshoy.mx\\\/noticias\\\/#website\",\"url\":\"https:\\\/\\\/reporteroshoy.mx\\\/noticias\\\/\",\"name\":\"Reporteros Hoy | Noticias de Yucat\u00e1n\",\"description\":\"Peri\u00f3dico digital con noticias diarias desde M\u00e9rida, Yucat\u00e1n para el mundo.\",\"potentialAction\":[{\"@type\":\"SearchAction\",\"target\":{\"@type\":\"EntryPoint\",\"urlTemplate\":\"https:\\\/\\\/reporteroshoy.mx\\\/noticias\\\/?s={search_term_string}\"},\"query-input\":{\"@type\":\"PropertyValueSpecification\",\"valueRequired\":true,\"valueName\":\"search_term_string\"}}],\"inLanguage\":\"es\"},{\"@type\":\"Person\",\"@id\":\"https:\\\/\\\/reporteroshoy.mx\\\/noticias\\\/#\\\/schema\\\/person\\\/948520f0d88b01be2e5266bc4acbbc15\",\"name\":\"Reporteros Hoy IM\",\"image\":{\"@type\":\"ImageObject\",\"inLanguage\":\"es\",\"@id\":\"https:\\\/\\\/secure.gravatar.com\\\/avatar\\\/d843030b96552826ac048bdfe26f2895604b800ed0c880ee55765a74d95dfc65?s=96&d=mm&r=g\",\"url\":\"https:\\\/\\\/secure.gravatar.com\\\/avatar\\\/d843030b96552826ac048bdfe26f2895604b800ed0c880ee55765a74d95dfc65?s=96&d=mm&r=g\",\"contentUrl\":\"https:\\\/\\\/secure.gravatar.com\\\/avatar\\\/d843030b96552826ac048bdfe26f2895604b800ed0c880ee55765a74d95dfc65?s=96&d=mm&r=g\",\"caption\":\"Reporteros Hoy IM\"},\"url\":\"https:\\\/\\\/reporteroshoy.mx\\\/noticias\\\/author\\\/israel\\\/\"}]}<\/script>\n<!-- \/ Yoast SEO plugin. -->","yoast_head_json":{"title":"\u201cP\u00f3nganse a trabajar\u201d, piden al PRI en el homenaje a Cervera Pacheco","description":"\u201c\u00bfQuieren honrar a V\u00edctor Cervera Pacheco? Vamos a unirnos, vamos a trabajar y a dar resultados por Yucat\u00e1n y por nuestro partido\u201d, afirm\u00f3 Felipe Cervera Hern\u00e1ndez durante el XVIII Aniversario luctuoso de su padre.","robots":{"index":"index","follow":"follow","max-snippet":"max-snippet:-1","max-image-preview":"max-image-preview:large","max-video-preview":"max-video-preview:-1"},"canonical":"https:\/\/reporteroshoy.mx\/noticias\/ponganse-a-trabajar-piden-al-pri-en-el-homenaje-a-cervera-pacheco\/","og_locale":"es_ES","og_type":"article","og_title":"\u201cP\u00f3nganse a trabajar\u201d, piden al PRI en el homenaje a Cervera Pacheco","og_description":"\u201c\u00bfQuieren honrar a V\u00edctor Cervera Pacheco? Vamos a unirnos, vamos a trabajar y a dar resultados por Yucat\u00e1n y por nuestro partido\u201d, afirm\u00f3 Felipe Cervera Hern\u00e1ndez durante el XVIII Aniversario luctuoso de su padre.","og_url":"https:\/\/reporteroshoy.mx\/noticias\/ponganse-a-trabajar-piden-al-pri-en-el-homenaje-a-cervera-pacheco\/","og_site_name":"Reporteros Hoy | Noticias de Yucat\u00e1n","article_publisher":"http:\/\/www.facebook.com\/reporteroshoymx","article_published_time":"2022-08-18T23:58:19+00:00","og_image":[{"width":768,"height":435,"url":"https:\/\/reporteroshoy.mx\/noticias\/wp-content\/uploads\/2022\/08\/FELIPE-CERVERA-scaled.jpg","type":"image\/jpeg"}],"author":"Reporteros Hoy IM","twitter_card":"summary_large_image","twitter_creator":"@reporteroshoy","twitter_site":"@reporteroshoy","twitter_misc":{"Escrito por":"Reporteros Hoy IM","Tiempo de lectura":"2 minutos"},"schema":{"@context":"https:\/\/schema.org","@graph":[{"@type":"Article","@id":"https:\/\/reporteroshoy.mx\/noticias\/ponganse-a-trabajar-piden-al-pri-en-el-homenaje-a-cervera-pacheco\/#article","isPartOf":{"@id":"https:\/\/reporteroshoy.mx\/noticias\/ponganse-a-trabajar-piden-al-pri-en-el-homenaje-a-cervera-pacheco\/"},"author":{"name":"Reporteros Hoy IM","@id":"https:\/\/reporteroshoy.mx\/noticias\/#\/schema\/person\/948520f0d88b01be2e5266bc4acbbc15"},"headline":"\u201cP\u00f3nganse a trabajar\u201d, piden al PRI en el homenaje a Cervera Pacheco","datePublished":"2022-08-18T23:58:19+00:00","mainEntityOfPage":{"@id":"https:\/\/reporteroshoy.mx\/noticias\/ponganse-a-trabajar-piden-al-pri-en-el-homenaje-a-cervera-pacheco\/"},"wordCount":419,"commentCount":0,"image":{"@id":"https:\/\/reporteroshoy.mx\/noticias\/ponganse-a-trabajar-piden-al-pri-en-el-homenaje-a-cervera-pacheco\/#primaryimage"},"thumbnailUrl":"https:\/\/reporteroshoy.mx\/noticias\/wp-content\/uploads\/2022\/08\/FELIPE-CERVERA-scaled.jpg","keywords":["Casa del Pueblo","Felipe Cervera Hern\u00e1ndez","PRI","V\u00edctor Cervera Pacheco"],"articleSection":["Boletines"],"inLanguage":"es","potentialAction":[{"@type":"CommentAction","name":"Comment","target":["https:\/\/reporteroshoy.mx\/noticias\/ponganse-a-trabajar-piden-al-pri-en-el-homenaje-a-cervera-pacheco\/#respond"]}]},{"@type":"WebPage","@id":"https:\/\/reporteroshoy.mx\/noticias\/ponganse-a-trabajar-piden-al-pri-en-el-homenaje-a-cervera-pacheco\/","url":"https:\/\/reporteroshoy.mx\/noticias\/ponganse-a-trabajar-piden-al-pri-en-el-homenaje-a-cervera-pacheco\/","name":"\u201cP\u00f3nganse a trabajar\u201d, piden al PRI en el homenaje a Cervera Pacheco","isPartOf":{"@id":"https:\/\/reporteroshoy.mx\/noticias\/#website"},"primaryImageOfPage":{"@id":"https:\/\/reporteroshoy.mx\/noticias\/ponganse-a-trabajar-piden-al-pri-en-el-homenaje-a-cervera-pacheco\/#primaryimage"},"image":{"@id":"https:\/\/reporteroshoy.mx\/noticias\/ponganse-a-trabajar-piden-al-pri-en-el-homenaje-a-cervera-pacheco\/#primaryimage"},"thumbnailUrl":"https:\/\/reporteroshoy.mx\/noticias\/wp-content\/uploads\/2022\/08\/FELIPE-CERVERA-scaled.jpg","datePublished":"2022-08-18T23:58:19+00:00","author":{"@id":"https:\/\/reporteroshoy.mx\/noticias\/#\/schema\/person\/948520f0d88b01be2e5266bc4acbbc15"},"description":"\u201c\u00bfQuieren honrar a V\u00edctor Cervera Pacheco? Vamos a unirnos, vamos a trabajar y a dar resultados por Yucat\u00e1n y por nuestro partido\u201d, afirm\u00f3 Felipe Cervera Hern\u00e1ndez durante el XVIII Aniversario luctuoso de su padre.","breadcrumb":{"@id":"https:\/\/reporteroshoy.mx\/noticias\/ponganse-a-trabajar-piden-al-pri-en-el-homenaje-a-cervera-pacheco\/#breadcrumb"},"inLanguage":"es","potentialAction":[{"@type":"ReadAction","target":["https:\/\/reporteroshoy.mx\/noticias\/ponganse-a-trabajar-piden-al-pri-en-el-homenaje-a-cervera-pacheco\/"]}]},{"@type":"ImageObject","inLanguage":"es","@id":"https:\/\/reporteroshoy.mx\/noticias\/ponganse-a-trabajar-piden-al-pri-en-el-homenaje-a-cervera-pacheco\/#primaryimage","url":"https:\/\/reporteroshoy.mx\/noticias\/wp-content\/uploads\/2022\/08\/FELIPE-CERVERA-scaled.jpg","contentUrl":"https:\/\/reporteroshoy.mx\/noticias\/wp-content\/uploads\/2022\/08\/FELIPE-CERVERA-scaled.jpg","width":768,"height":435},{"@type":"BreadcrumbList","@id":"https:\/\/reporteroshoy.mx\/noticias\/ponganse-a-trabajar-piden-al-pri-en-el-homenaje-a-cervera-pacheco\/#breadcrumb","itemListElement":[{"@type":"ListItem","position":1,"name":"Portada","item":"https:\/\/reporteroshoy.mx\/noticias\/"},{"@type":"ListItem","position":2,"name":"\u201cP\u00f3nganse a trabajar\u201d, piden al PRI en el homenaje a Cervera Pacheco"}]},{"@type":"WebSite","@id":"https:\/\/reporteroshoy.mx\/noticias\/#website","url":"https:\/\/reporteroshoy.mx\/noticias\/","name":"Reporteros Hoy | Noticias de Yucat\u00e1n","description":"Peri\u00f3dico digital con noticias diarias desde M\u00e9rida, Yucat\u00e1n para el mundo.","potentialAction":[{"@type":"SearchAction","target":{"@type":"EntryPoint","urlTemplate":"https:\/\/reporteroshoy.mx\/noticias\/?s={search_term_string}"},"query-input":{"@type":"PropertyValueSpecification","valueRequired":true,"valueName":"search_term_string"}}],"inLanguage":"es"},{"@type":"Person","@id":"https:\/\/reporteroshoy.mx\/noticias\/#\/schema\/person\/948520f0d88b01be2e5266bc4acbbc15","name":"Reporteros Hoy IM","image":{"@type":"ImageObject","inLanguage":"es","@id":"https:\/\/secure.gravatar.com\/avatar\/d843030b96552826ac048bdfe26f2895604b800ed0c880ee55765a74d95dfc65?s=96&d=mm&r=g","url":"https:\/\/secure.gravatar.com\/avatar\/d843030b96552826ac048bdfe26f2895604b800ed0c880ee55765a74d95dfc65?s=96&d=mm&r=g","contentUrl":"https:\/\/secure.gravatar.com\/avatar\/d843030b96552826ac048bdfe26f2895604b800ed0c880ee55765a74d95dfc65?s=96&d=mm&r=g","caption":"Reporteros Hoy IM"},"url":"https:\/\/reporteroshoy.mx\/noticias\/author\/israel\/"}]}},"_links":{"self":[{"href":"https:\/\/reporteroshoy.mx\/noticias\/wp-json\/wp\/v2\/posts\/90909","targetHints":{"allow":["GET"]}}],"collection":[{"href":"https:\/\/reporteroshoy.mx\/noticias\/wp-json\/wp\/v2\/posts"}],"about":[{"href":"https:\/\/reporteroshoy.mx\/noticias\/wp-json\/wp\/v2\/types\/post"}],"author":[{"embeddable":true,"href":"https:\/\/reporteroshoy.mx\/noticias\/wp-json\/wp\/v2\/users\/5"}],"replies":[{"embeddable":true,"href":"https:\/\/reporteroshoy.mx\/noticias\/wp-json\/wp\/v2\/comments?post=90909"}],"version-history":[{"count":0,"href":"https:\/\/reporteroshoy.mx\/noticias\/wp-json\/wp\/v2\/posts\/90909\/revisions"}],"wp:featuredmedia":[{"embeddable":true,"href":"https:\/\/reporteroshoy.mx\/noticias\/wp-json\/wp\/v2\/media\/90908"}],"wp:attachment":[{"href":"https:\/\/reporteroshoy.mx\/noticias\/wp-json\/wp\/v2\/media?parent=90909"}],"wp:term":[{"taxonomy":"category","embeddable":true,"href":"https:\/\/reporteroshoy.mx\/noticias\/wp-json\/wp\/v2\/categories?post=90909"},{"taxonomy":"post_tag","embeddable":true,"href":"https:\/\/reporteroshoy.mx\/noticias\/wp-json\/wp\/v2\/tags?post=90909"}],"curies":[{"name":"wp","href":"https:\/\/api.w.org\/{rel}","templated":true}]}}