{"id":91144,"date":"2022-08-23T21:26:00","date_gmt":"2022-08-24T02:26:00","guid":{"rendered":"https:\/\/reporteroshoy.mx\/noticias\/?p=91144"},"modified":"2022-08-23T21:26:00","modified_gmt":"2022-08-24T02:26:00","slug":"sexagenario-cae-de-un-arbol-y-por-poco-se-cercena-una-mano-en-kinchil","status":"publish","type":"post","link":"https:\/\/reporteroshoy.mx\/noticias\/sexagenario-cae-de-un-arbol-y-por-poco-se-cercena-una-mano-en-kinchil\/","title":{"rendered":"Sexagenario cae de un \u00e1rbol y por poco se cercena una mano en Kinchil"},"content":{"rendered":"<p style=\"text-align: justify;\"><span style=\"color: #000000;\">Kinchil, Yucat\u00e1n; 23 de agosto de 2022 (ACOM).- Una persona originaria de Chiapas estuvo a punto de cercenarse una mano con un machete al resbalar y caer de un \u00e1rbol que podaba.<\/span><\/p>\n<p style=\"text-align: justify;\"><span style=\"color: #000000;\">Mariano M., de 62 a\u00f1os de edad y avecindado en Celest\u00fan, trabajaba en una parcela ubicada a unos dos kil\u00f3metros de este municipio cuando sobrevino el accidente.<\/span><\/p>\n<p style=\"text-align: justify;\"><img loading=\"lazy\" decoding=\"async\" class=\"size-full wp-image-91148 aligncenter\" src=\"https:\/\/reporteroshoy.mx\/noticias\/wp-content\/uploads\/2022\/08\/BRAZO-scaled.jpg\" alt=\"\" width=\"465\" height=\"768\" srcset=\"https:\/\/reporteroshoy.mx\/noticias\/wp-content\/uploads\/2022\/08\/BRAZO-scaled.jpg 465w, https:\/\/reporteroshoy.mx\/noticias\/wp-content\/uploads\/2022\/08\/BRAZO-768x1268.jpg 768w, https:\/\/reporteroshoy.mx\/noticias\/wp-content\/uploads\/2022\/08\/BRAZO-931x1536.jpg 931w\" sizes=\"auto, (max-width: 465px) 100vw, 465px\" \/> <span style=\"color: #000000;\">En cuesti\u00f3n de segundos, el sexagenario se reban\u00f3 la mu\u00f1eca y hasta el dedo pulgar de la mano izquierda. Para su buena fortuna, una persona que estaba cerca de \u00e9l logr\u00f3 hacerle un torniquete con nailon y trasladarlo en mototaxi al Centro de Salud de esta comunidad.<\/span><\/p>\n<p><img loading=\"lazy\" decoding=\"async\" class=\"wp-image-91151 aligncenter\" src=\"https:\/\/reporteroshoy.mx\/noticias\/wp-content\/uploads\/2022\/08\/kinchil-poli-notas3-scaled.jpg\" alt=\"\" width=\"628\" height=\"353\" srcset=\"https:\/\/reporteroshoy.mx\/noticias\/wp-content\/uploads\/2022\/08\/kinchil-poli-notas3-scaled.jpg 768w, https:\/\/reporteroshoy.mx\/noticias\/wp-content\/uploads\/2022\/08\/kinchil-poli-notas3-1536x864.jpg 1536w\" sizes=\"auto, (max-width: 628px) 100vw, 628px\" \/><\/p>\n<p style=\"text-align: justify;\"><span style=\"color: #000000;\">R\u00e1pidamente el hombre fue atendido y referido al hospital O\u2019Hor\u00e1n de M\u00e9rida para su valoraci\u00f3n con el especialista, pues result\u00f3 con una cortada de 12 cent\u00edmetros, con la posibilidad de perder el dedo ya que qued\u00f3 pr\u00e1cticamente expuesto.<\/span><\/p>\n<h4 style=\"text-align: justify;\"><span style=\"color: #000000;\"><strong>Se le sale la llanta y hace \u2018chuza\u2019 camioneta de SSP<\/strong><\/span><\/h4>\n<p style=\"text-align: justify;\"><span style=\"color: #000000;\">Una falla mec\u00e1nica provoc\u00f3 en la carretera Kinchil-Celest\u00fan que una camioneta se estampara con una unidad de la Polic\u00eda Estatal Investigadora (PEI).<\/span><\/p>\n<p><img loading=\"lazy\" decoding=\"async\" class=\"wp-image-91150 aligncenter\" src=\"https:\/\/reporteroshoy.mx\/noticias\/wp-content\/uploads\/2022\/08\/kinchil-poli-notas2-scaled.jpg\" alt=\"\" width=\"601\" height=\"451\" \/><\/p>\n<p style=\"text-align: justify;\"><span style=\"color: #000000;\">Felipe de Jes\u00fas H.P, se enfilaba hacia su casa en el puerto de Celest\u00fan a bordo de una Ford cuando, a la altura del kil\u00f3metro 51, se le rompi\u00f3 la flecha de direcci\u00f3n, lo que ocasion\u00f3 que la llanta trasera izquierda saliera disparada hacia el veh\u00edculo de la Secretar\u00eda de Seguridad P\u00fablica (SSP).<\/span><\/p>\n<p style=\"text-align: justify;\"><span style=\"color: #000000;\">La unidad F-150 de la SSP, a cargo de Manuel H.C., resinti\u00f3 el duro golpe en la parte frontal, pero el oficial logr\u00f3 detener la marcha de la camioneta, mientras que el veh\u00edculo particular dej\u00f3 un ray\u00f3n de casi 500 metros en el pavimento.<span class=\"Apple-converted-space\">\u00a0<\/span><\/span><\/p>\n<p><img loading=\"lazy\" decoding=\"async\" class=\"wp-image-91149 aligncenter\" src=\"https:\/\/reporteroshoy.mx\/noticias\/wp-content\/uploads\/2022\/08\/kinchil-poli-notas1-scaled.jpg\" alt=\"\" width=\"621\" height=\"621\" \/><\/p>\n<p style=\"text-align: justify;\"><span style=\"color: #000000;\">Ya repuestos del susto, los conductores permanecieron en el sitio en espera de efectivos de la Guardia Nacional, quienes se encargar\u00edan del deslinde de responsabilidades, por tratarse de un tramo federal.<\/span><\/p>\n","protected":false},"excerpt":{"rendered":"<p>Don Mariano estaba d\u00e1ndole al chapeo de un \u00e1rbol cuando por un descuido cay\u00f3 y se reban\u00f3 la mu\u00f1eca izquierda, por lo que fue trasladado grave al hospital O&#8217;Hor\u00e1n.<\/p>\n","protected":false},"author":2,"featured_media":91151,"comment_status":"open","ping_status":"closed","sticky":false,"template":"","format":"standard","meta":{"footnotes":""},"categories":[11],"tags":[10405,121,22473,123],"class_list":["post-91144","post","type-post","status-publish","format-standard","has-post-thumbnail","hentry","category-municipios-de-yucatan","tag-choque-en-kinchil","tag-kinchil","tag-lesionado-en-kinchil","tag-yucatan-poniente"],"yoast_head":"<!-- This site is optimized with the Yoast SEO plugin v28.4 - https:\/\/yoast.com\/product\/yoast-seo-wordpress\/ -->\n<title>Sexagenario cae de un \u00e1rbol y por poco se cercena una mano en Kinchil<\/title>\n<meta name=\"description\" content=\"Don Mariano estaba d\u00e1ndole al chapeo de un \u00e1rbol cuando por un descuido cay\u00f3 y se reban\u00f3 la mu\u00f1eca izquierda, por lo que fue trasladado grave al hospital O&#039;Hor\u00e1n.\" \/>\n<meta name=\"robots\" content=\"index, follow, max-snippet:-1, max-image-preview:large, max-video-preview:-1\" \/>\n<link rel=\"canonical\" href=\"https:\/\/reporteroshoy.mx\/noticias\/sexagenario-cae-de-un-arbol-y-por-poco-se-cercena-una-mano-en-kinchil\/\" \/>\n<meta property=\"og:locale\" content=\"es_ES\" \/>\n<meta property=\"og:type\" content=\"article\" \/>\n<meta property=\"og:title\" content=\"Sexagenario cae de un \u00e1rbol y por poco se cercena una mano en Kinchil\" \/>\n<meta property=\"og:description\" content=\"Don Mariano estaba d\u00e1ndole al chapeo de un \u00e1rbol cuando por un descuido cay\u00f3 y se reban\u00f3 la mu\u00f1eca izquierda, por lo que fue trasladado grave al hospital O&#039;Hor\u00e1n.\" \/>\n<meta property=\"og:url\" content=\"https:\/\/reporteroshoy.mx\/noticias\/sexagenario-cae-de-un-arbol-y-por-poco-se-cercena-una-mano-en-kinchil\/\" \/>\n<meta property=\"og:site_name\" content=\"Reporteros Hoy | Noticias de Yucat\u00e1n\" \/>\n<meta property=\"article:publisher\" content=\"http:\/\/www.facebook.com\/reporteroshoymx\" \/>\n<meta property=\"article:published_time\" content=\"2022-08-24T02:26:00+00:00\" \/>\n<meta property=\"og:image\" content=\"https:\/\/reporteroshoy.mx\/noticias\/wp-content\/uploads\/2022\/08\/kinchil-poli-notas3-scaled.jpg\" \/>\n\t<meta property=\"og:image:width\" content=\"768\" \/>\n\t<meta property=\"og:image:height\" content=\"432\" \/>\n\t<meta property=\"og:image:type\" content=\"image\/jpeg\" \/>\n<meta name=\"author\" content=\"Reporteros Hoy HY\" \/>\n<meta name=\"twitter:card\" content=\"summary_large_image\" \/>\n<meta name=\"twitter:creator\" content=\"@reporteroshoy\" \/>\n<meta name=\"twitter:site\" content=\"@reporteroshoy\" \/>\n<meta name=\"twitter:label1\" content=\"Escrito por\" \/>\n\t<meta name=\"twitter:data1\" content=\"Reporteros Hoy HY\" \/>\n\t<meta name=\"twitter:label2\" content=\"Tiempo de lectura\" \/>\n\t<meta name=\"twitter:data2\" content=\"3 minutos\" \/>\n<script type=\"application\/ld+json\" class=\"yoast-schema-graph\">{\"@context\":\"https:\\\/\\\/schema.org\",\"@graph\":[{\"@type\":\"Article\",\"@id\":\"https:\\\/\\\/reporteroshoy.mx\\\/noticias\\\/sexagenario-cae-de-un-arbol-y-por-poco-se-cercena-una-mano-en-kinchil\\\/#article\",\"isPartOf\":{\"@id\":\"https:\\\/\\\/reporteroshoy.mx\\\/noticias\\\/sexagenario-cae-de-un-arbol-y-por-poco-se-cercena-una-mano-en-kinchil\\\/\"},\"author\":{\"name\":\"Reporteros Hoy HY\",\"@id\":\"https:\\\/\\\/reporteroshoy.mx\\\/noticias\\\/#\\\/schema\\\/person\\\/d32189074678a9d41498d4248e29aac3\"},\"headline\":\"Sexagenario cae de un \u00e1rbol y por poco se cercena una mano en Kinchil\",\"datePublished\":\"2022-08-24T02:26:00+00:00\",\"mainEntityOfPage\":{\"@id\":\"https:\\\/\\\/reporteroshoy.mx\\\/noticias\\\/sexagenario-cae-de-un-arbol-y-por-poco-se-cercena-una-mano-en-kinchil\\\/\"},\"wordCount\":342,\"commentCount\":0,\"image\":{\"@id\":\"https:\\\/\\\/reporteroshoy.mx\\\/noticias\\\/sexagenario-cae-de-un-arbol-y-por-poco-se-cercena-una-mano-en-kinchil\\\/#primaryimage\"},\"thumbnailUrl\":\"https:\\\/\\\/reporteroshoy.mx\\\/noticias\\\/wp-content\\\/uploads\\\/2022\\\/08\\\/kinchil-poli-notas3-scaled.jpg\",\"keywords\":[\"choque en Kinchil\",\"Kinchil\",\"lesionado en Kinchil\",\"Yucatan Poniente\"],\"articleSection\":[\"Municipios\"],\"inLanguage\":\"es\",\"potentialAction\":[{\"@type\":\"CommentAction\",\"name\":\"Comment\",\"target\":[\"https:\\\/\\\/reporteroshoy.mx\\\/noticias\\\/sexagenario-cae-de-un-arbol-y-por-poco-se-cercena-una-mano-en-kinchil\\\/#respond\"]}]},{\"@type\":\"WebPage\",\"@id\":\"https:\\\/\\\/reporteroshoy.mx\\\/noticias\\\/sexagenario-cae-de-un-arbol-y-por-poco-se-cercena-una-mano-en-kinchil\\\/\",\"url\":\"https:\\\/\\\/reporteroshoy.mx\\\/noticias\\\/sexagenario-cae-de-un-arbol-y-por-poco-se-cercena-una-mano-en-kinchil\\\/\",\"name\":\"Sexagenario cae de un \u00e1rbol y por poco se cercena una mano en Kinchil\",\"isPartOf\":{\"@id\":\"https:\\\/\\\/reporteroshoy.mx\\\/noticias\\\/#website\"},\"primaryImageOfPage\":{\"@id\":\"https:\\\/\\\/reporteroshoy.mx\\\/noticias\\\/sexagenario-cae-de-un-arbol-y-por-poco-se-cercena-una-mano-en-kinchil\\\/#primaryimage\"},\"image\":{\"@id\":\"https:\\\/\\\/reporteroshoy.mx\\\/noticias\\\/sexagenario-cae-de-un-arbol-y-por-poco-se-cercena-una-mano-en-kinchil\\\/#primaryimage\"},\"thumbnailUrl\":\"https:\\\/\\\/reporteroshoy.mx\\\/noticias\\\/wp-content\\\/uploads\\\/2022\\\/08\\\/kinchil-poli-notas3-scaled.jpg\",\"datePublished\":\"2022-08-24T02:26:00+00:00\",\"author\":{\"@id\":\"https:\\\/\\\/reporteroshoy.mx\\\/noticias\\\/#\\\/schema\\\/person\\\/d32189074678a9d41498d4248e29aac3\"},\"description\":\"Don Mariano estaba d\u00e1ndole al chapeo de un \u00e1rbol cuando por un descuido cay\u00f3 y se reban\u00f3 la mu\u00f1eca izquierda, por lo que fue trasladado grave al hospital O'Hor\u00e1n.\",\"breadcrumb\":{\"@id\":\"https:\\\/\\\/reporteroshoy.mx\\\/noticias\\\/sexagenario-cae-de-un-arbol-y-por-poco-se-cercena-una-mano-en-kinchil\\\/#breadcrumb\"},\"inLanguage\":\"es\",\"potentialAction\":[{\"@type\":\"ReadAction\",\"target\":[\"https:\\\/\\\/reporteroshoy.mx\\\/noticias\\\/sexagenario-cae-de-un-arbol-y-por-poco-se-cercena-una-mano-en-kinchil\\\/\"]}]},{\"@type\":\"ImageObject\",\"inLanguage\":\"es\",\"@id\":\"https:\\\/\\\/reporteroshoy.mx\\\/noticias\\\/sexagenario-cae-de-un-arbol-y-por-poco-se-cercena-una-mano-en-kinchil\\\/#primaryimage\",\"url\":\"https:\\\/\\\/reporteroshoy.mx\\\/noticias\\\/wp-content\\\/uploads\\\/2022\\\/08\\\/kinchil-poli-notas3-scaled.jpg\",\"contentUrl\":\"https:\\\/\\\/reporteroshoy.mx\\\/noticias\\\/wp-content\\\/uploads\\\/2022\\\/08\\\/kinchil-poli-notas3-scaled.jpg\",\"width\":768,\"height\":432},{\"@type\":\"BreadcrumbList\",\"@id\":\"https:\\\/\\\/reporteroshoy.mx\\\/noticias\\\/sexagenario-cae-de-un-arbol-y-por-poco-se-cercena-una-mano-en-kinchil\\\/#breadcrumb\",\"itemListElement\":[{\"@type\":\"ListItem\",\"position\":1,\"name\":\"Portada\",\"item\":\"https:\\\/\\\/reporteroshoy.mx\\\/noticias\\\/\"},{\"@type\":\"ListItem\",\"position\":2,\"name\":\"Sexagenario cae de un \u00e1rbol y por poco se cercena una mano en Kinchil\"}]},{\"@type\":\"WebSite\",\"@id\":\"https:\\\/\\\/reporteroshoy.mx\\\/noticias\\\/#website\",\"url\":\"https:\\\/\\\/reporteroshoy.mx\\\/noticias\\\/\",\"name\":\"Reporteros Hoy | Noticias de Yucat\u00e1n\",\"description\":\"Peri\u00f3dico digital con noticias diarias desde M\u00e9rida, Yucat\u00e1n para el mundo.\",\"potentialAction\":[{\"@type\":\"SearchAction\",\"target\":{\"@type\":\"EntryPoint\",\"urlTemplate\":\"https:\\\/\\\/reporteroshoy.mx\\\/noticias\\\/?s={search_term_string}\"},\"query-input\":{\"@type\":\"PropertyValueSpecification\",\"valueRequired\":true,\"valueName\":\"search_term_string\"}}],\"inLanguage\":\"es\"},{\"@type\":\"Person\",\"@id\":\"https:\\\/\\\/reporteroshoy.mx\\\/noticias\\\/#\\\/schema\\\/person\\\/d32189074678a9d41498d4248e29aac3\",\"name\":\"Reporteros Hoy HY\",\"image\":{\"@type\":\"ImageObject\",\"inLanguage\":\"es\",\"@id\":\"https:\\\/\\\/secure.gravatar.com\\\/avatar\\\/c539a82770f256437b35bda44650bb50f5fd4b7017f8b29672ed9f27a43cec47?s=96&d=mm&r=g\",\"url\":\"https:\\\/\\\/secure.gravatar.com\\\/avatar\\\/c539a82770f256437b35bda44650bb50f5fd4b7017f8b29672ed9f27a43cec47?s=96&d=mm&r=g\",\"contentUrl\":\"https:\\\/\\\/secure.gravatar.com\\\/avatar\\\/c539a82770f256437b35bda44650bb50f5fd4b7017f8b29672ed9f27a43cec47?s=96&d=mm&r=g\",\"caption\":\"Reporteros Hoy HY\"},\"url\":\"https:\\\/\\\/reporteroshoy.mx\\\/noticias\\\/author\\\/thelmo\\\/\"}]}<\/script>\n<!-- \/ Yoast SEO plugin. -->","yoast_head_json":{"title":"Sexagenario cae de un \u00e1rbol y por poco se cercena una mano en Kinchil","description":"Don Mariano estaba d\u00e1ndole al chapeo de un \u00e1rbol cuando por un descuido cay\u00f3 y se reban\u00f3 la mu\u00f1eca izquierda, por lo que fue trasladado grave al hospital O'Hor\u00e1n.","robots":{"index":"index","follow":"follow","max-snippet":"max-snippet:-1","max-image-preview":"max-image-preview:large","max-video-preview":"max-video-preview:-1"},"canonical":"https:\/\/reporteroshoy.mx\/noticias\/sexagenario-cae-de-un-arbol-y-por-poco-se-cercena-una-mano-en-kinchil\/","og_locale":"es_ES","og_type":"article","og_title":"Sexagenario cae de un \u00e1rbol y por poco se cercena una mano en Kinchil","og_description":"Don Mariano estaba d\u00e1ndole al chapeo de un \u00e1rbol cuando por un descuido cay\u00f3 y se reban\u00f3 la mu\u00f1eca izquierda, por lo que fue trasladado grave al hospital O'Hor\u00e1n.","og_url":"https:\/\/reporteroshoy.mx\/noticias\/sexagenario-cae-de-un-arbol-y-por-poco-se-cercena-una-mano-en-kinchil\/","og_site_name":"Reporteros Hoy | Noticias de Yucat\u00e1n","article_publisher":"http:\/\/www.facebook.com\/reporteroshoymx","article_published_time":"2022-08-24T02:26:00+00:00","og_image":[{"width":768,"height":432,"url":"https:\/\/reporteroshoy.mx\/noticias\/wp-content\/uploads\/2022\/08\/kinchil-poli-notas3-scaled.jpg","type":"image\/jpeg"}],"author":"Reporteros Hoy HY","twitter_card":"summary_large_image","twitter_creator":"@reporteroshoy","twitter_site":"@reporteroshoy","twitter_misc":{"Escrito por":"Reporteros Hoy HY","Tiempo de lectura":"3 minutos"},"schema":{"@context":"https:\/\/schema.org","@graph":[{"@type":"Article","@id":"https:\/\/reporteroshoy.mx\/noticias\/sexagenario-cae-de-un-arbol-y-por-poco-se-cercena-una-mano-en-kinchil\/#article","isPartOf":{"@id":"https:\/\/reporteroshoy.mx\/noticias\/sexagenario-cae-de-un-arbol-y-por-poco-se-cercena-una-mano-en-kinchil\/"},"author":{"name":"Reporteros Hoy HY","@id":"https:\/\/reporteroshoy.mx\/noticias\/#\/schema\/person\/d32189074678a9d41498d4248e29aac3"},"headline":"Sexagenario cae de un \u00e1rbol y por poco se cercena una mano en Kinchil","datePublished":"2022-08-24T02:26:00+00:00","mainEntityOfPage":{"@id":"https:\/\/reporteroshoy.mx\/noticias\/sexagenario-cae-de-un-arbol-y-por-poco-se-cercena-una-mano-en-kinchil\/"},"wordCount":342,"commentCount":0,"image":{"@id":"https:\/\/reporteroshoy.mx\/noticias\/sexagenario-cae-de-un-arbol-y-por-poco-se-cercena-una-mano-en-kinchil\/#primaryimage"},"thumbnailUrl":"https:\/\/reporteroshoy.mx\/noticias\/wp-content\/uploads\/2022\/08\/kinchil-poli-notas3-scaled.jpg","keywords":["choque en Kinchil","Kinchil","lesionado en Kinchil","Yucatan Poniente"],"articleSection":["Municipios"],"inLanguage":"es","potentialAction":[{"@type":"CommentAction","name":"Comment","target":["https:\/\/reporteroshoy.mx\/noticias\/sexagenario-cae-de-un-arbol-y-por-poco-se-cercena-una-mano-en-kinchil\/#respond"]}]},{"@type":"WebPage","@id":"https:\/\/reporteroshoy.mx\/noticias\/sexagenario-cae-de-un-arbol-y-por-poco-se-cercena-una-mano-en-kinchil\/","url":"https:\/\/reporteroshoy.mx\/noticias\/sexagenario-cae-de-un-arbol-y-por-poco-se-cercena-una-mano-en-kinchil\/","name":"Sexagenario cae de un \u00e1rbol y por poco se cercena una mano en Kinchil","isPartOf":{"@id":"https:\/\/reporteroshoy.mx\/noticias\/#website"},"primaryImageOfPage":{"@id":"https:\/\/reporteroshoy.mx\/noticias\/sexagenario-cae-de-un-arbol-y-por-poco-se-cercena-una-mano-en-kinchil\/#primaryimage"},"image":{"@id":"https:\/\/reporteroshoy.mx\/noticias\/sexagenario-cae-de-un-arbol-y-por-poco-se-cercena-una-mano-en-kinchil\/#primaryimage"},"thumbnailUrl":"https:\/\/reporteroshoy.mx\/noticias\/wp-content\/uploads\/2022\/08\/kinchil-poli-notas3-scaled.jpg","datePublished":"2022-08-24T02:26:00+00:00","author":{"@id":"https:\/\/reporteroshoy.mx\/noticias\/#\/schema\/person\/d32189074678a9d41498d4248e29aac3"},"description":"Don Mariano estaba d\u00e1ndole al chapeo de un \u00e1rbol cuando por un descuido cay\u00f3 y se reban\u00f3 la mu\u00f1eca izquierda, por lo que fue trasladado grave al hospital O'Hor\u00e1n.","breadcrumb":{"@id":"https:\/\/reporteroshoy.mx\/noticias\/sexagenario-cae-de-un-arbol-y-por-poco-se-cercena-una-mano-en-kinchil\/#breadcrumb"},"inLanguage":"es","potentialAction":[{"@type":"ReadAction","target":["https:\/\/reporteroshoy.mx\/noticias\/sexagenario-cae-de-un-arbol-y-por-poco-se-cercena-una-mano-en-kinchil\/"]}]},{"@type":"ImageObject","inLanguage":"es","@id":"https:\/\/reporteroshoy.mx\/noticias\/sexagenario-cae-de-un-arbol-y-por-poco-se-cercena-una-mano-en-kinchil\/#primaryimage","url":"https:\/\/reporteroshoy.mx\/noticias\/wp-content\/uploads\/2022\/08\/kinchil-poli-notas3-scaled.jpg","contentUrl":"https:\/\/reporteroshoy.mx\/noticias\/wp-content\/uploads\/2022\/08\/kinchil-poli-notas3-scaled.jpg","width":768,"height":432},{"@type":"BreadcrumbList","@id":"https:\/\/reporteroshoy.mx\/noticias\/sexagenario-cae-de-un-arbol-y-por-poco-se-cercena-una-mano-en-kinchil\/#breadcrumb","itemListElement":[{"@type":"ListItem","position":1,"name":"Portada","item":"https:\/\/reporteroshoy.mx\/noticias\/"},{"@type":"ListItem","position":2,"name":"Sexagenario cae de un \u00e1rbol y por poco se cercena una mano en Kinchil"}]},{"@type":"WebSite","@id":"https:\/\/reporteroshoy.mx\/noticias\/#website","url":"https:\/\/reporteroshoy.mx\/noticias\/","name":"Reporteros Hoy | Noticias de Yucat\u00e1n","description":"Peri\u00f3dico digital con noticias diarias desde M\u00e9rida, Yucat\u00e1n para el mundo.","potentialAction":[{"@type":"SearchAction","target":{"@type":"EntryPoint","urlTemplate":"https:\/\/reporteroshoy.mx\/noticias\/?s={search_term_string}"},"query-input":{"@type":"PropertyValueSpecification","valueRequired":true,"valueName":"search_term_string"}}],"inLanguage":"es"},{"@type":"Person","@id":"https:\/\/reporteroshoy.mx\/noticias\/#\/schema\/person\/d32189074678a9d41498d4248e29aac3","name":"Reporteros Hoy HY","image":{"@type":"ImageObject","inLanguage":"es","@id":"https:\/\/secure.gravatar.com\/avatar\/c539a82770f256437b35bda44650bb50f5fd4b7017f8b29672ed9f27a43cec47?s=96&d=mm&r=g","url":"https:\/\/secure.gravatar.com\/avatar\/c539a82770f256437b35bda44650bb50f5fd4b7017f8b29672ed9f27a43cec47?s=96&d=mm&r=g","contentUrl":"https:\/\/secure.gravatar.com\/avatar\/c539a82770f256437b35bda44650bb50f5fd4b7017f8b29672ed9f27a43cec47?s=96&d=mm&r=g","caption":"Reporteros Hoy HY"},"url":"https:\/\/reporteroshoy.mx\/noticias\/author\/thelmo\/"}]}},"_links":{"self":[{"href":"https:\/\/reporteroshoy.mx\/noticias\/wp-json\/wp\/v2\/posts\/91144","targetHints":{"allow":["GET"]}}],"collection":[{"href":"https:\/\/reporteroshoy.mx\/noticias\/wp-json\/wp\/v2\/posts"}],"about":[{"href":"https:\/\/reporteroshoy.mx\/noticias\/wp-json\/wp\/v2\/types\/post"}],"author":[{"embeddable":true,"href":"https:\/\/reporteroshoy.mx\/noticias\/wp-json\/wp\/v2\/users\/2"}],"replies":[{"embeddable":true,"href":"https:\/\/reporteroshoy.mx\/noticias\/wp-json\/wp\/v2\/comments?post=91144"}],"version-history":[{"count":0,"href":"https:\/\/reporteroshoy.mx\/noticias\/wp-json\/wp\/v2\/posts\/91144\/revisions"}],"wp:featuredmedia":[{"embeddable":true,"href":"https:\/\/reporteroshoy.mx\/noticias\/wp-json\/wp\/v2\/media\/91151"}],"wp:attachment":[{"href":"https:\/\/reporteroshoy.mx\/noticias\/wp-json\/wp\/v2\/media?parent=91144"}],"wp:term":[{"taxonomy":"category","embeddable":true,"href":"https:\/\/reporteroshoy.mx\/noticias\/wp-json\/wp\/v2\/categories?post=91144"},{"taxonomy":"post_tag","embeddable":true,"href":"https:\/\/reporteroshoy.mx\/noticias\/wp-json\/wp\/v2\/tags?post=91144"}],"curies":[{"name":"wp","href":"https:\/\/api.w.org\/{rel}","templated":true}]}}