{"id":91452,"date":"2022-08-31T11:19:16","date_gmt":"2022-08-31T16:19:16","guid":{"rendered":"https:\/\/reporteroshoy.mx\/noticias\/?p=91452"},"modified":"2022-08-31T11:19:16","modified_gmt":"2022-08-31T16:19:16","slug":"el-86-6-de-los-mexicanos-desempleados-son-profesionistas","status":"publish","type":"post","link":"https:\/\/reporteroshoy.mx\/noticias\/el-86-6-de-los-mexicanos-desempleados-son-profesionistas\/","title":{"rendered":"El 86.6% de los mexicanos desempleados son profesionistas"},"content":{"rendered":"<p style=\"text-align: justify;\">Ciudad de M\u00e9xico; 31 de agosto de 2022 (Exc\u00e9lsior).- En julio la tasa de desempleo abierto en el pa\u00eds se situ\u00f3 en 3.4%, un punto porcentual por debajo de la reportada en el mismo periodo del a\u00f1o pasado, de acuerdo con la Encuesta Nacional de Ocupaci\u00f3n y Empleo, elaborada por el Instituto Nacional de Estad\u00edstica y Geograf\u00eda (Inegi).<\/p>\n<p style=\"text-align: justify;\">De esta manera, la poblaci\u00f3n desocupada durante el s\u00e9ptimo mes del a\u00f1o en curso lleg\u00f3 a dos millones 42 mil personas, cantidad por debajo de la reportada en el mismo periodo de 2021 cuando ascendi\u00f3 a dos millones 584 mil.<\/p>\n<p style=\"text-align: justify;\">Sin embargo,\u00a0en julio de este a\u00f1o, 13.4% de los desocupados no contaba con estudios completos de secundaria, en tanto que aquellos con mayor nivel de instrucci\u00f3n representaron 86.6 por ciento.<\/p>\n<p><img loading=\"lazy\" decoding=\"async\" class=\"wp-image-91453 aligncenter\" src=\"https:\/\/reporteroshoy.mx\/noticias\/wp-content\/uploads\/2022\/08\/Desempleo-1-scaled.jpg\" alt=\"\" width=\"602\" height=\"339\" \/><\/p>\n<p style=\"text-align: justify;\">De acuerdo con especialistas laborales, este fen\u00f3meno responde a que las empresas han eliminado posiciones de gerencia media con el objetivo de ahorrar costos y se han concentrado en generar puestos operativos, que son los que tienen compensaciones m\u00e1s bajas.<\/p>\n<p style=\"text-align: justify;\">Miguel \u00c1ngel Medrano, catedr\u00e1tico de la Universidad Nacional Aut\u00f3noma de M\u00e9xico (UNAM), explic\u00f3 que el bajo crecimiento del pa\u00eds provoca que se generen plazas laborales principalmente para personas con baja preparaci\u00f3n acad\u00e9mica.<\/p>\n<p style=\"text-align: justify;\">\u00abEste fen\u00f3meno se desencadena por el aumento de la presi\u00f3n demogr\u00e1fica en un ambiente donde el crecimiento econ\u00f3mico es insuficiente, lo que hace que los mexicanos con mayor preparaci\u00f3n acad\u00e9mica lleguen a mayor velocidad al mercado laboral que el proceso de generaci\u00f3n de empleos de alto nivel\u201d.<\/p>\n<p style=\"text-align: justify;\">Refiri\u00f3 que esto explica que ocho de cada 10 desocupados en el pa\u00eds cuenten con instrucci\u00f3n acad\u00e9mica de nivel medio superior y superior.<\/p>\n<h4 style=\"text-align: justify;\"><strong>Ocupados repuntan\u00a0<\/strong><\/h4>\n<p style=\"text-align: justify;\">Durante julio continu\u00f3 la recuperaci\u00f3n de mercado laboral. Los mexicanos con alguna ocupaci\u00f3n sumaron a 57 millones 435 mil, cantidad por encima de los reportados en el mismo mes de 2021 cuando llegaron a 56 millones 401 mil.<\/p>\n<p style=\"text-align: justify;\">Del total de ocupados, 39 millones 119 mil personas, es decir, 68.1% operaron como trabajadores subordinados y remunerados, mientras que 12 millones 831 mil, equivalentes a 22.3%, trabajaron de manera independiente o por su cuenta.<\/p>\n<p style=\"text-align: justify;\">Por lo que toca a la poblaci\u00f3n ocupada en condiciones de informal, que comprende tanto a los ocupados que son laboralmente vulnerables por la naturaleza de la unidad econ\u00f3mica para la que trabajan, como aquellos cuyo v\u00ednculo o dependencia laboral no es reconocido por su fuente de trabajo, aument\u00f3 en el \u00faltimo a\u00f1o.<\/p>\n<p style=\"text-align: justify;\">En julio 31 millones 825 mil personas trabajaban en condiciones de informalidad, mientras que el mismo periodo del a\u00f1o pasado ascend\u00edan a 31 millones 800 mil personas.<\/p>\n","protected":false},"excerpt":{"rendered":"<p>La poblaci\u00f3n desocupada durante el s\u00e9ptimo mes del 2022 lleg\u00f3 a dos millones 42 mil personas.<\/p>\n","protected":false},"author":9,"featured_media":91453,"comment_status":"open","ping_status":"closed","sticky":false,"template":"","format":"standard","meta":{"footnotes":""},"categories":[9],"tags":[3152,22521],"class_list":["post-91452","post","type-post","status-publish","format-standard","has-post-thumbnail","hentry","category-mexico","tag-desempleo","tag-profesionales"],"yoast_head":"<!-- This site is optimized with the Yoast SEO plugin v28.4 - https:\/\/yoast.com\/product\/yoast-seo-wordpress\/ -->\n<title>El 86.6% de los mexicanos desempleados son profesionistas<\/title>\n<meta name=\"description\" content=\"La poblaci\u00f3n desocupada durante el s\u00e9ptimo mes del 2022 lleg\u00f3 a dos millones 42 mil personas.\" \/>\n<meta name=\"robots\" content=\"index, follow, max-snippet:-1, max-image-preview:large, max-video-preview:-1\" \/>\n<link rel=\"canonical\" href=\"https:\/\/reporteroshoy.mx\/noticias\/el-86-6-de-los-mexicanos-desempleados-son-profesionistas\/\" \/>\n<meta property=\"og:locale\" content=\"es_ES\" \/>\n<meta property=\"og:type\" content=\"article\" \/>\n<meta property=\"og:title\" content=\"El 86.6% de los mexicanos desempleados son profesionistas\" \/>\n<meta property=\"og:description\" content=\"La poblaci\u00f3n desocupada durante el s\u00e9ptimo mes del 2022 lleg\u00f3 a dos millones 42 mil personas.\" \/>\n<meta property=\"og:url\" content=\"https:\/\/reporteroshoy.mx\/noticias\/el-86-6-de-los-mexicanos-desempleados-son-profesionistas\/\" \/>\n<meta property=\"og:site_name\" content=\"Reporteros Hoy | Noticias de Yucat\u00e1n\" \/>\n<meta property=\"article:publisher\" content=\"http:\/\/www.facebook.com\/reporteroshoymx\" \/>\n<meta property=\"article:published_time\" content=\"2022-08-31T16:19:16+00:00\" \/>\n<meta property=\"og:image\" content=\"https:\/\/reporteroshoy.mx\/noticias\/wp-content\/uploads\/2022\/08\/Desempleo-1-scaled.jpg\" \/>\n\t<meta property=\"og:image:width\" content=\"768\" \/>\n\t<meta property=\"og:image:height\" content=\"432\" \/>\n\t<meta property=\"og:image:type\" content=\"image\/jpeg\" \/>\n<meta name=\"author\" content=\"Reporteros Hoy WP\" \/>\n<meta name=\"twitter:card\" content=\"summary_large_image\" \/>\n<meta name=\"twitter:creator\" content=\"@reporteroshoy\" \/>\n<meta name=\"twitter:site\" content=\"@reporteroshoy\" \/>\n<meta name=\"twitter:label1\" content=\"Escrito por\" \/>\n\t<meta name=\"twitter:data1\" content=\"Reporteros Hoy WP\" \/>\n\t<meta name=\"twitter:label2\" content=\"Tiempo de lectura\" \/>\n\t<meta name=\"twitter:data2\" content=\"3 minutos\" \/>\n<script type=\"application\/ld+json\" class=\"yoast-schema-graph\">{\"@context\":\"https:\\\/\\\/schema.org\",\"@graph\":[{\"@type\":\"Article\",\"@id\":\"https:\\\/\\\/reporteroshoy.mx\\\/noticias\\\/el-86-6-de-los-mexicanos-desempleados-son-profesionistas\\\/#article\",\"isPartOf\":{\"@id\":\"https:\\\/\\\/reporteroshoy.mx\\\/noticias\\\/el-86-6-de-los-mexicanos-desempleados-son-profesionistas\\\/\"},\"author\":{\"name\":\"Reporteros Hoy WP\",\"@id\":\"https:\\\/\\\/reporteroshoy.mx\\\/noticias\\\/#\\\/schema\\\/person\\\/c977527e57c958a62c5cefe8fe47876e\"},\"headline\":\"El 86.6% de los mexicanos desempleados son profesionistas\",\"datePublished\":\"2022-08-31T16:19:16+00:00\",\"mainEntityOfPage\":{\"@id\":\"https:\\\/\\\/reporteroshoy.mx\\\/noticias\\\/el-86-6-de-los-mexicanos-desempleados-son-profesionistas\\\/\"},\"wordCount\":448,\"commentCount\":0,\"image\":{\"@id\":\"https:\\\/\\\/reporteroshoy.mx\\\/noticias\\\/el-86-6-de-los-mexicanos-desempleados-son-profesionistas\\\/#primaryimage\"},\"thumbnailUrl\":\"https:\\\/\\\/reporteroshoy.mx\\\/noticias\\\/wp-content\\\/uploads\\\/2022\\\/08\\\/Desempleo-1-scaled.jpg\",\"keywords\":[\"Desempleo\",\"Profesionales\"],\"articleSection\":[\"M\u00e9xico\"],\"inLanguage\":\"es\",\"potentialAction\":[{\"@type\":\"CommentAction\",\"name\":\"Comment\",\"target\":[\"https:\\\/\\\/reporteroshoy.mx\\\/noticias\\\/el-86-6-de-los-mexicanos-desempleados-son-profesionistas\\\/#respond\"]}]},{\"@type\":\"WebPage\",\"@id\":\"https:\\\/\\\/reporteroshoy.mx\\\/noticias\\\/el-86-6-de-los-mexicanos-desempleados-son-profesionistas\\\/\",\"url\":\"https:\\\/\\\/reporteroshoy.mx\\\/noticias\\\/el-86-6-de-los-mexicanos-desempleados-son-profesionistas\\\/\",\"name\":\"El 86.6% de los mexicanos desempleados son profesionistas\",\"isPartOf\":{\"@id\":\"https:\\\/\\\/reporteroshoy.mx\\\/noticias\\\/#website\"},\"primaryImageOfPage\":{\"@id\":\"https:\\\/\\\/reporteroshoy.mx\\\/noticias\\\/el-86-6-de-los-mexicanos-desempleados-son-profesionistas\\\/#primaryimage\"},\"image\":{\"@id\":\"https:\\\/\\\/reporteroshoy.mx\\\/noticias\\\/el-86-6-de-los-mexicanos-desempleados-son-profesionistas\\\/#primaryimage\"},\"thumbnailUrl\":\"https:\\\/\\\/reporteroshoy.mx\\\/noticias\\\/wp-content\\\/uploads\\\/2022\\\/08\\\/Desempleo-1-scaled.jpg\",\"datePublished\":\"2022-08-31T16:19:16+00:00\",\"author\":{\"@id\":\"https:\\\/\\\/reporteroshoy.mx\\\/noticias\\\/#\\\/schema\\\/person\\\/c977527e57c958a62c5cefe8fe47876e\"},\"description\":\"La poblaci\u00f3n desocupada durante el s\u00e9ptimo mes del 2022 lleg\u00f3 a dos millones 42 mil personas.\",\"breadcrumb\":{\"@id\":\"https:\\\/\\\/reporteroshoy.mx\\\/noticias\\\/el-86-6-de-los-mexicanos-desempleados-son-profesionistas\\\/#breadcrumb\"},\"inLanguage\":\"es\",\"potentialAction\":[{\"@type\":\"ReadAction\",\"target\":[\"https:\\\/\\\/reporteroshoy.mx\\\/noticias\\\/el-86-6-de-los-mexicanos-desempleados-son-profesionistas\\\/\"]}]},{\"@type\":\"ImageObject\",\"inLanguage\":\"es\",\"@id\":\"https:\\\/\\\/reporteroshoy.mx\\\/noticias\\\/el-86-6-de-los-mexicanos-desempleados-son-profesionistas\\\/#primaryimage\",\"url\":\"https:\\\/\\\/reporteroshoy.mx\\\/noticias\\\/wp-content\\\/uploads\\\/2022\\\/08\\\/Desempleo-1-scaled.jpg\",\"contentUrl\":\"https:\\\/\\\/reporteroshoy.mx\\\/noticias\\\/wp-content\\\/uploads\\\/2022\\\/08\\\/Desempleo-1-scaled.jpg\",\"width\":768,\"height\":432},{\"@type\":\"BreadcrumbList\",\"@id\":\"https:\\\/\\\/reporteroshoy.mx\\\/noticias\\\/el-86-6-de-los-mexicanos-desempleados-son-profesionistas\\\/#breadcrumb\",\"itemListElement\":[{\"@type\":\"ListItem\",\"position\":1,\"name\":\"Portada\",\"item\":\"https:\\\/\\\/reporteroshoy.mx\\\/noticias\\\/\"},{\"@type\":\"ListItem\",\"position\":2,\"name\":\"El 86.6% de los mexicanos desempleados son profesionistas\"}]},{\"@type\":\"WebSite\",\"@id\":\"https:\\\/\\\/reporteroshoy.mx\\\/noticias\\\/#website\",\"url\":\"https:\\\/\\\/reporteroshoy.mx\\\/noticias\\\/\",\"name\":\"Reporteros Hoy | Noticias de Yucat\u00e1n\",\"description\":\"Peri\u00f3dico digital con noticias diarias desde M\u00e9rida, Yucat\u00e1n para el mundo.\",\"potentialAction\":[{\"@type\":\"SearchAction\",\"target\":{\"@type\":\"EntryPoint\",\"urlTemplate\":\"https:\\\/\\\/reporteroshoy.mx\\\/noticias\\\/?s={search_term_string}\"},\"query-input\":{\"@type\":\"PropertyValueSpecification\",\"valueRequired\":true,\"valueName\":\"search_term_string\"}}],\"inLanguage\":\"es\"},{\"@type\":\"Person\",\"@id\":\"https:\\\/\\\/reporteroshoy.mx\\\/noticias\\\/#\\\/schema\\\/person\\\/c977527e57c958a62c5cefe8fe47876e\",\"name\":\"Reporteros Hoy WP\",\"image\":{\"@type\":\"ImageObject\",\"inLanguage\":\"es\",\"@id\":\"https:\\\/\\\/secure.gravatar.com\\\/avatar\\\/fd2917f79a7dae30f8ac9ddc2f35e1756bb59e25e01d1cd09deaa64df7b2f73e?s=96&d=mm&r=g\",\"url\":\"https:\\\/\\\/secure.gravatar.com\\\/avatar\\\/fd2917f79a7dae30f8ac9ddc2f35e1756bb59e25e01d1cd09deaa64df7b2f73e?s=96&d=mm&r=g\",\"contentUrl\":\"https:\\\/\\\/secure.gravatar.com\\\/avatar\\\/fd2917f79a7dae30f8ac9ddc2f35e1756bb59e25e01d1cd09deaa64df7b2f73e?s=96&d=mm&r=g\",\"caption\":\"Reporteros Hoy WP\"},\"url\":\"https:\\\/\\\/reporteroshoy.mx\\\/noticias\\\/author\\\/walfer\\\/\"}]}<\/script>\n<!-- \/ Yoast SEO plugin. -->","yoast_head_json":{"title":"El 86.6% de los mexicanos desempleados son profesionistas","description":"La poblaci\u00f3n desocupada durante el s\u00e9ptimo mes del 2022 lleg\u00f3 a dos millones 42 mil personas.","robots":{"index":"index","follow":"follow","max-snippet":"max-snippet:-1","max-image-preview":"max-image-preview:large","max-video-preview":"max-video-preview:-1"},"canonical":"https:\/\/reporteroshoy.mx\/noticias\/el-86-6-de-los-mexicanos-desempleados-son-profesionistas\/","og_locale":"es_ES","og_type":"article","og_title":"El 86.6% de los mexicanos desempleados son profesionistas","og_description":"La poblaci\u00f3n desocupada durante el s\u00e9ptimo mes del 2022 lleg\u00f3 a dos millones 42 mil personas.","og_url":"https:\/\/reporteroshoy.mx\/noticias\/el-86-6-de-los-mexicanos-desempleados-son-profesionistas\/","og_site_name":"Reporteros Hoy | Noticias de Yucat\u00e1n","article_publisher":"http:\/\/www.facebook.com\/reporteroshoymx","article_published_time":"2022-08-31T16:19:16+00:00","og_image":[{"width":768,"height":432,"url":"https:\/\/reporteroshoy.mx\/noticias\/wp-content\/uploads\/2022\/08\/Desempleo-1-scaled.jpg","type":"image\/jpeg"}],"author":"Reporteros Hoy WP","twitter_card":"summary_large_image","twitter_creator":"@reporteroshoy","twitter_site":"@reporteroshoy","twitter_misc":{"Escrito por":"Reporteros Hoy WP","Tiempo de lectura":"3 minutos"},"schema":{"@context":"https:\/\/schema.org","@graph":[{"@type":"Article","@id":"https:\/\/reporteroshoy.mx\/noticias\/el-86-6-de-los-mexicanos-desempleados-son-profesionistas\/#article","isPartOf":{"@id":"https:\/\/reporteroshoy.mx\/noticias\/el-86-6-de-los-mexicanos-desempleados-son-profesionistas\/"},"author":{"name":"Reporteros Hoy WP","@id":"https:\/\/reporteroshoy.mx\/noticias\/#\/schema\/person\/c977527e57c958a62c5cefe8fe47876e"},"headline":"El 86.6% de los mexicanos desempleados son profesionistas","datePublished":"2022-08-31T16:19:16+00:00","mainEntityOfPage":{"@id":"https:\/\/reporteroshoy.mx\/noticias\/el-86-6-de-los-mexicanos-desempleados-son-profesionistas\/"},"wordCount":448,"commentCount":0,"image":{"@id":"https:\/\/reporteroshoy.mx\/noticias\/el-86-6-de-los-mexicanos-desempleados-son-profesionistas\/#primaryimage"},"thumbnailUrl":"https:\/\/reporteroshoy.mx\/noticias\/wp-content\/uploads\/2022\/08\/Desempleo-1-scaled.jpg","keywords":["Desempleo","Profesionales"],"articleSection":["M\u00e9xico"],"inLanguage":"es","potentialAction":[{"@type":"CommentAction","name":"Comment","target":["https:\/\/reporteroshoy.mx\/noticias\/el-86-6-de-los-mexicanos-desempleados-son-profesionistas\/#respond"]}]},{"@type":"WebPage","@id":"https:\/\/reporteroshoy.mx\/noticias\/el-86-6-de-los-mexicanos-desempleados-son-profesionistas\/","url":"https:\/\/reporteroshoy.mx\/noticias\/el-86-6-de-los-mexicanos-desempleados-son-profesionistas\/","name":"El 86.6% de los mexicanos desempleados son profesionistas","isPartOf":{"@id":"https:\/\/reporteroshoy.mx\/noticias\/#website"},"primaryImageOfPage":{"@id":"https:\/\/reporteroshoy.mx\/noticias\/el-86-6-de-los-mexicanos-desempleados-son-profesionistas\/#primaryimage"},"image":{"@id":"https:\/\/reporteroshoy.mx\/noticias\/el-86-6-de-los-mexicanos-desempleados-son-profesionistas\/#primaryimage"},"thumbnailUrl":"https:\/\/reporteroshoy.mx\/noticias\/wp-content\/uploads\/2022\/08\/Desempleo-1-scaled.jpg","datePublished":"2022-08-31T16:19:16+00:00","author":{"@id":"https:\/\/reporteroshoy.mx\/noticias\/#\/schema\/person\/c977527e57c958a62c5cefe8fe47876e"},"description":"La poblaci\u00f3n desocupada durante el s\u00e9ptimo mes del 2022 lleg\u00f3 a dos millones 42 mil personas.","breadcrumb":{"@id":"https:\/\/reporteroshoy.mx\/noticias\/el-86-6-de-los-mexicanos-desempleados-son-profesionistas\/#breadcrumb"},"inLanguage":"es","potentialAction":[{"@type":"ReadAction","target":["https:\/\/reporteroshoy.mx\/noticias\/el-86-6-de-los-mexicanos-desempleados-son-profesionistas\/"]}]},{"@type":"ImageObject","inLanguage":"es","@id":"https:\/\/reporteroshoy.mx\/noticias\/el-86-6-de-los-mexicanos-desempleados-son-profesionistas\/#primaryimage","url":"https:\/\/reporteroshoy.mx\/noticias\/wp-content\/uploads\/2022\/08\/Desempleo-1-scaled.jpg","contentUrl":"https:\/\/reporteroshoy.mx\/noticias\/wp-content\/uploads\/2022\/08\/Desempleo-1-scaled.jpg","width":768,"height":432},{"@type":"BreadcrumbList","@id":"https:\/\/reporteroshoy.mx\/noticias\/el-86-6-de-los-mexicanos-desempleados-son-profesionistas\/#breadcrumb","itemListElement":[{"@type":"ListItem","position":1,"name":"Portada","item":"https:\/\/reporteroshoy.mx\/noticias\/"},{"@type":"ListItem","position":2,"name":"El 86.6% de los mexicanos desempleados son profesionistas"}]},{"@type":"WebSite","@id":"https:\/\/reporteroshoy.mx\/noticias\/#website","url":"https:\/\/reporteroshoy.mx\/noticias\/","name":"Reporteros Hoy | Noticias de Yucat\u00e1n","description":"Peri\u00f3dico digital con noticias diarias desde M\u00e9rida, Yucat\u00e1n para el mundo.","potentialAction":[{"@type":"SearchAction","target":{"@type":"EntryPoint","urlTemplate":"https:\/\/reporteroshoy.mx\/noticias\/?s={search_term_string}"},"query-input":{"@type":"PropertyValueSpecification","valueRequired":true,"valueName":"search_term_string"}}],"inLanguage":"es"},{"@type":"Person","@id":"https:\/\/reporteroshoy.mx\/noticias\/#\/schema\/person\/c977527e57c958a62c5cefe8fe47876e","name":"Reporteros Hoy WP","image":{"@type":"ImageObject","inLanguage":"es","@id":"https:\/\/secure.gravatar.com\/avatar\/fd2917f79a7dae30f8ac9ddc2f35e1756bb59e25e01d1cd09deaa64df7b2f73e?s=96&d=mm&r=g","url":"https:\/\/secure.gravatar.com\/avatar\/fd2917f79a7dae30f8ac9ddc2f35e1756bb59e25e01d1cd09deaa64df7b2f73e?s=96&d=mm&r=g","contentUrl":"https:\/\/secure.gravatar.com\/avatar\/fd2917f79a7dae30f8ac9ddc2f35e1756bb59e25e01d1cd09deaa64df7b2f73e?s=96&d=mm&r=g","caption":"Reporteros Hoy WP"},"url":"https:\/\/reporteroshoy.mx\/noticias\/author\/walfer\/"}]}},"_links":{"self":[{"href":"https:\/\/reporteroshoy.mx\/noticias\/wp-json\/wp\/v2\/posts\/91452","targetHints":{"allow":["GET"]}}],"collection":[{"href":"https:\/\/reporteroshoy.mx\/noticias\/wp-json\/wp\/v2\/posts"}],"about":[{"href":"https:\/\/reporteroshoy.mx\/noticias\/wp-json\/wp\/v2\/types\/post"}],"author":[{"embeddable":true,"href":"https:\/\/reporteroshoy.mx\/noticias\/wp-json\/wp\/v2\/users\/9"}],"replies":[{"embeddable":true,"href":"https:\/\/reporteroshoy.mx\/noticias\/wp-json\/wp\/v2\/comments?post=91452"}],"version-history":[{"count":0,"href":"https:\/\/reporteroshoy.mx\/noticias\/wp-json\/wp\/v2\/posts\/91452\/revisions"}],"wp:featuredmedia":[{"embeddable":true,"href":"https:\/\/reporteroshoy.mx\/noticias\/wp-json\/wp\/v2\/media\/91453"}],"wp:attachment":[{"href":"https:\/\/reporteroshoy.mx\/noticias\/wp-json\/wp\/v2\/media?parent=91452"}],"wp:term":[{"taxonomy":"category","embeddable":true,"href":"https:\/\/reporteroshoy.mx\/noticias\/wp-json\/wp\/v2\/categories?post=91452"},{"taxonomy":"post_tag","embeddable":true,"href":"https:\/\/reporteroshoy.mx\/noticias\/wp-json\/wp\/v2\/tags?post=91452"}],"curies":[{"name":"wp","href":"https:\/\/api.w.org\/{rel}","templated":true}]}}